{"id":9523,"date":"2020-07-14T16:10:54","date_gmt":"2020-07-14T16:10:54","guid":{"rendered":"https:\/\/thecloud.group\/?p=9523"},"modified":"2020-12-10T15:01:47","modified_gmt":"2020-12-10T15:01:47","slug":"gestao-de-redes-sociais-em-madrid","status":"publish","type":"post","link":"https:\/\/thecloud.group\/pt\/gestion-de-redes-sociales-en-madrid\/","title":{"rendered":"Sua empresa n\u00e3o tem presen\u00e7a nas redes sociais? POIS DEVERIA TER!"},"content":{"rendered":"<div data-elementor-type=\"wp-post\" data-elementor-id=\"9523\" class=\"elementor elementor-9523\" data-elementor-post-type=\"post\">\n\t\t\t\t\t\t<section class=\"elementor-section elementor-top-section elementor-element elementor-element-7bc54993 elementor-section-stretched elementor-section-boxed elementor-section-height-default elementor-section-height-default\" data-id=\"7bc54993\" data-element_type=\"section\" data-e-type=\"section\" data-settings=\"{&quot;stretch_section&quot;:&quot;section-stretched&quot;,&quot;background_background&quot;:&quot;classic&quot;}\">\n\t\t\t\t\t\t\t<div class=\"elementor-background-overlay\"><\/div>\n\t\t\t\t\t\t\t<div class=\"elementor-container elementor-column-gap-default\">\n\t\t\t\t\t<div class=\"elementor-column elementor-col-100 elementor-top-column elementor-element elementor-element-60b66625\" data-id=\"60b66625\" data-element_type=\"column\" data-e-type=\"column\" data-settings=\"{&quot;background_background&quot;:&quot;classic&quot;}\">\n\t\t\t<div class=\"elementor-widget-wrap elementor-element-populated\">\n\t\t\t\t\t\t<div class=\"elementor-element elementor-element-433d3b43 elementor-widget elementor-widget-image\" data-id=\"433d3b43\" data-element_type=\"widget\" data-e-type=\"widget\" data-widget_type=\"image.default\">\n\t\t\t\t<div class=\"elementor-widget-container\">\n\t\t\t\t\t\t\t\t\t\t\t\t\t\t\t<img decoding=\"async\" src=\"https:\/\/thecloud.group\/wp-content\/uploads\/elementor\/thumbs\/LogoHor-osf66wqrs0q6z5scsi4c0cpaz4hmv3cdo16ybda1og.png\" title=\"Logotipo da The Cloud Group\" alt=\"O Cloud Group \u00e9 uma holding empresarial focada na transforma\u00e7\u00e3o digital global.\" loading=\"lazy\" \/>\t\t\t\t\t\t\t\t\t\t\t\t\t\t\t<\/div>\n\t\t\t\t<\/div>\n\t\t\t\t<section class=\"elementor-section elementor-inner-section elementor-element elementor-element-298f2a55 elementor-section-boxed elementor-section-height-default elementor-section-height-default\" data-id=\"298f2a55\" data-element_type=\"section\" data-e-type=\"section\">\n\t\t\t\t\t\t<div class=\"elementor-container elementor-column-gap-default\">\n\t\t\t\t\t<div class=\"elementor-column elementor-col-33 elementor-inner-column elementor-element elementor-element-b558877\" data-id=\"b558877\" data-element_type=\"column\" data-e-type=\"column\">\n\t\t\t<div class=\"elementor-widget-wrap\">\n\t\t\t\t\t\t\t<\/div>\n\t\t<\/div>\n\t\t\t\t<div class=\"elementor-column elementor-col-33 elementor-inner-column elementor-element elementor-element-13f24357\" data-id=\"13f24357\" data-element_type=\"column\" data-e-type=\"column\">\n\t\t\t<div class=\"elementor-widget-wrap elementor-element-populated\">\n\t\t\t\t\t\t<div class=\"elementor-element elementor-element-56ed3f3 elementor-widget elementor-widget-heading\" data-id=\"56ed3f3\" data-element_type=\"widget\" data-e-type=\"widget\" data-widget_type=\"heading.default\">\n\t\t\t\t<div class=\"elementor-widget-container\">\n\t\t\t\t\t<h1 class=\"elementor-heading-title elementor-size-default\">Sua empresa n\u00e3o tem presen\u00e7a nas redes sociais? POIS DEVERIA TER!<\/h1>\t\t\t\t<\/div>\n\t\t\t\t<\/div>\n\t\t\t\t\t<\/div>\n\t\t<\/div>\n\t\t\t\t<div class=\"elementor-column elementor-col-33 elementor-inner-column elementor-element elementor-element-28905f44\" data-id=\"28905f44\" data-element_type=\"column\" data-e-type=\"column\">\n\t\t\t<div class=\"elementor-widget-wrap\">\n\t\t\t\t\t\t\t<\/div>\n\t\t<\/div>\n\t\t\t\t\t<\/div>\n\t\t<\/section>\n\t\t\t\t<section class=\"elementor-section elementor-inner-section elementor-element elementor-element-1fc78478 elementor-section-boxed elementor-section-height-default elementor-section-height-default\" data-id=\"1fc78478\" data-element_type=\"section\" data-e-type=\"section\">\n\t\t\t\t\t\t<div class=\"elementor-container elementor-column-gap-default\">\n\t\t\t\t\t<div class=\"elementor-column elementor-col-25 elementor-inner-column elementor-element elementor-element-69c01eb1\" data-id=\"69c01eb1\" data-element_type=\"column\" data-e-type=\"column\">\n\t\t\t<div class=\"elementor-widget-wrap\">\n\t\t\t\t\t\t\t<\/div>\n\t\t<\/div>\n\t\t\t\t<div class=\"elementor-column elementor-col-25 elementor-inner-column elementor-element elementor-element-61dbee8c\" data-id=\"61dbee8c\" data-element_type=\"column\" data-e-type=\"column\">\n\t\t\t<div class=\"elementor-widget-wrap\">\n\t\t\t\t\t\t\t<\/div>\n\t\t<\/div>\n\t\t\t\t<div class=\"elementor-column elementor-col-25 elementor-inner-column elementor-element elementor-element-7b028e2\" data-id=\"7b028e2\" data-element_type=\"column\" data-e-type=\"column\">\n\t\t\t<div class=\"elementor-widget-wrap\">\n\t\t\t\t\t\t\t<\/div>\n\t\t<\/div>\n\t\t\t\t<div class=\"elementor-column elementor-col-25 elementor-inner-column elementor-element elementor-element-482f2000\" data-id=\"482f2000\" data-element_type=\"column\" data-e-type=\"column\">\n\t\t\t<div class=\"elementor-widget-wrap\">\n\t\t\t\t\t\t\t<\/div>\n\t\t<\/div>\n\t\t\t\t\t<\/div>\n\t\t<\/section>\n\t\t\t\t\t<\/div>\n\t\t<\/div>\n\t\t\t\t\t<\/div>\n\t\t<\/section>\n\t\t\t\t<section class=\"elementor-section elementor-top-section elementor-element elementor-element-12468da1 elementor-section-boxed elementor-section-height-default elementor-section-height-default\" data-id=\"12468da1\" data-element_type=\"section\" data-e-type=\"section\">\n\t\t\t\t\t\t<div class=\"elementor-container elementor-column-gap-default\">\n\t\t\t\t\t<div class=\"elementor-column elementor-col-100 elementor-top-column elementor-element elementor-element-266bf82c\" data-id=\"266bf82c\" data-element_type=\"column\" data-e-type=\"column\">\n\t\t\t<div class=\"elementor-widget-wrap elementor-element-populated\">\n\t\t\t\t\t\t<div class=\"elementor-element elementor-element-7c6a9353 elementor-widget elementor-widget-text-editor\" data-id=\"7c6a9353\" data-element_type=\"widget\" data-e-type=\"widget\" data-widget_type=\"text-editor.default\">\n\t\t\t\t<div class=\"elementor-widget-container\">\n\t\t\t\t\t\t\t\t\t<div class=\"elementor-element elementor-element-6e60d0f elementor-widget elementor-widget-text-editor\" data-id=\"6e60d0f\" data-element_type=\"widget\" data-widget_type=\"text-editor.default\"><div class=\"elementor-widget-container\"><div class=\"elementor-text-editor elementor-clearfix\"><p>Seja sua empresa um pequeno neg\u00f3cio ou uma grande corpora\u00e7\u00e3o, hoje em dia, se voc\u00ea n\u00e3o est\u00e1 online \u2014 e nas redes sociais \u2014 voc\u00ea \u00e9 praticamente invis\u00edvel! Voc\u00ea est\u00e1 perdendo a oportunidade de ser encontrado por milh\u00f5es de clientes em potencial enquanto eles est\u00e3o se divertindo nas redes sociais mais populares. As redes sociais s\u00e3o agora um componente essencial de qualquer estrat\u00e9gia de marketing no mundo todo, inclusive para empresas. Voc\u00ea pode se conectar com seus clientes atuais, interagir com eles, divulgar sua marca e, como resultado, suas vendas aumentar\u00e3o.<\/p><\/div><\/div><\/div>\t\t\t\t\t\t\t\t<\/div>\n\t\t\t\t<\/div>\n\t\t\t\t<section class=\"elementor-section elementor-inner-section elementor-element elementor-element-3ec2896b elementor-section-boxed elementor-section-height-default elementor-section-height-default\" data-id=\"3ec2896b\" data-element_type=\"section\" data-e-type=\"section\">\n\t\t\t\t\t\t<div class=\"elementor-container elementor-column-gap-default\">\n\t\t\t\t\t<div class=\"elementor-column elementor-col-50 elementor-inner-column elementor-element elementor-element-3ecbf016\" data-id=\"3ecbf016\" data-element_type=\"column\" data-e-type=\"column\">\n\t\t\t<div class=\"elementor-widget-wrap elementor-element-populated\">\n\t\t\t\t\t\t<div class=\"elementor-element elementor-element-2a93ecbd elementor-widget elementor-widget-heading\" data-id=\"2a93ecbd\" data-element_type=\"widget\" data-e-type=\"widget\" data-widget_type=\"heading.default\">\n\t\t\t\t<div class=\"elementor-widget-container\">\n\t\t\t\t\t<h2 class=\"elementor-heading-title elementor-size-default\">Raz\u00f5es para usar as redes sociais como um neg\u00f3cio<\/h2>\t\t\t\t<\/div>\n\t\t\t\t<\/div>\n\t\t\t\t<div class=\"elementor-element elementor-element-3fcc5512 elementor-widget elementor-widget-text-editor\" data-id=\"3fcc5512\" data-element_type=\"widget\" data-e-type=\"widget\" data-widget_type=\"text-editor.default\">\n\t\t\t\t<div class=\"elementor-widget-container\">\n\t\t\t\t\t\t\t\t\t<p><strong>1. Humanize sua marca<\/strong><\/p><p>Nas redes sociais, as marcas s\u00e3o como qualquer outro usu\u00e1rio, outra pessoa, algu\u00e9m com quem voc\u00ea pode escrever diretamente, fazer perguntas e interagir. Essa possibilidade humaniza sua marca, remove a m\u00e1scara &quot;corporativa&quot; e a torna mais pr\u00f3xima dos usu\u00e1rios.<\/p><p><strong>2. Aumentar as vendas<\/strong><\/p><p>Como mencionamos brevemente no in\u00edcio deste artigo, um dos principais benef\u00edcios de usar as redes sociais de forma eficaz para o seu neg\u00f3cio \u00e9 o aumento das vendas. Ao obter maior visibilidade, voc\u00ea pode apresentar seus produtos e servi\u00e7os a um p\u00fablico muito maior em todo o mundo com apenas alguns cliques.<\/p>\t\t\t\t\t\t\t\t<\/div>\n\t\t\t\t<\/div>\n\t\t\t\t\t<\/div>\n\t\t<\/div>\n\t\t\t\t<div class=\"elementor-column elementor-col-50 elementor-inner-column elementor-element elementor-element-561a689e\" data-id=\"561a689e\" data-element_type=\"column\" data-e-type=\"column\">\n\t\t\t<div class=\"elementor-widget-wrap elementor-element-populated\">\n\t\t\t\t\t\t<div class=\"elementor-element elementor-element-68d67fab elementor-widget elementor-widget-image\" data-id=\"68d67fab\" data-element_type=\"widget\" data-e-type=\"widget\" data-widget_type=\"image.default\">\n\t\t\t\t<div class=\"elementor-widget-container\">\n\t\t\t\t\t\t\t\t\t\t\t\t\t\t\t<img fetchpriority=\"high\" decoding=\"async\" width=\"499\" height=\"391\" src=\"https:\/\/thecloud.group\/wp-content\/uploads\/2020\/07\/SocialMedia1.jpg\" class=\"elementor-animation-hang attachment-large size-large wp-image-9529\" alt=\"Nas redes sociais, as marcas s\u00e3o como qualquer outro usu\u00e1rio, outra pessoa, algu\u00e9m com quem voc\u00ea pode escrever diretamente, fazer perguntas e interagir. Essa possibilidade humaniza sua marca, remove a m\u00e1scara &quot;corporativa&quot; e a torna mais pr\u00f3xima dos usu\u00e1rios.\" srcset=\"https:\/\/thecloud.group\/wp-content\/uploads\/2020\/07\/SocialMedia1.jpg 499w, https:\/\/thecloud.group\/wp-content\/uploads\/2020\/07\/SocialMedia1-300x235.jpg 300w, https:\/\/thecloud.group\/wp-content\/uploads\/2020\/07\/SocialMedia1-200x157.jpg 200w, https:\/\/thecloud.group\/wp-content\/uploads\/2020\/07\/SocialMedia1-400x313.jpg 400w\" sizes=\"(max-width: 499px) 100vw, 499px\" \/>\t\t\t\t\t\t\t\t\t\t\t\t\t\t\t<\/div>\n\t\t\t\t<\/div>\n\t\t\t\t\t<\/div>\n\t\t<\/div>\n\t\t\t\t\t<\/div>\n\t\t<\/section>\n\t\t\t\t<div class=\"elementor-element elementor-element-528acf0e elementor-widget elementor-widget-text-editor\" data-id=\"528acf0e\" data-element_type=\"widget\" data-e-type=\"widget\" data-widget_type=\"text-editor.default\">\n\t\t\t\t<div class=\"elementor-widget-container\">\n\t\t\t\t\t\t\t\t\t<p><strong>3. Encontre novos p\u00fablicos<\/strong><\/p><p>Ao publicar nas redes sociais, voc\u00ea tem o benef\u00edcio e o potencial de que seu conte\u00fado seja compartilhado por outras pessoas. Isso ajudar\u00e1 a aumentar o reconhecimento da sua marca, impulsionar as vendas e permitir que voc\u00ea crie e mantenha novas conex\u00f5es.<\/p><p><strong>4. Abrir um novo canal de comunica\u00e7\u00e3o<\/strong><\/p><p>Se voc\u00ea j\u00e1 oferece suporte por e-mail, telefone ou at\u00e9 mesmo fax, as m\u00eddias sociais permitem que voc\u00ea tenha mais um canal para lidar com perguntas, reclama\u00e7\u00f5es e at\u00e9 mesmo conhecer novos fornecedores ou clientes.<\/p><p><strong>5. Obtenha estat\u00edsticas reais<\/strong><\/p><p>As redes sociais tamb\u00e9m permitem mensurar tudo o que voc\u00ea faz, seu impacto e sua rela\u00e7\u00e3o com as vendas. Algumas plataformas oferecem esse servi\u00e7o at\u00e9 mesmo em tempo real, para que voc\u00ea possa ajustar suas publica\u00e7\u00f5es e\/ou campanhas publicit\u00e1rias, obter informa\u00e7\u00f5es sobre o que as pessoas mais e menos gostam e entender a composi\u00e7\u00e3o do seu p\u00fablico.<\/p><p><strong>6. Publicidade<\/strong><\/p><p>As redes sociais s\u00e3o outro canal para publicidade, oferecendo todos os tipos de an\u00fancios que podem ser incrivelmente eficazes. Al\u00e9m disso, s\u00e3o significativamente mais baratas (muito, muito mais baratas!) do que um an\u00fancio na TV ou um outdoor em rodovias.<\/p><p><strong>7. Me\u00e7a o retorno do investimento<\/strong><\/p><p>Al\u00e9m disso, as redes sociais permitir\u00e3o que voc\u00ea me\u00e7a o retorno sobre o investimento (ROI) e saiba se as suas a\u00e7\u00f5es est\u00e3o sendo eficazes ou n\u00e3o e, se necess\u00e1rio, fa\u00e7a os ajustes apropriados.<\/p>\t\t\t\t\t\t\t\t<\/div>\n\t\t\t\t<\/div>\n\t\t\t\t<section class=\"elementor-section elementor-inner-section elementor-element elementor-element-125f6dd2 elementor-section-boxed elementor-section-height-default elementor-section-height-default\" data-id=\"125f6dd2\" data-element_type=\"section\" data-e-type=\"section\">\n\t\t\t\t\t\t<div class=\"elementor-container elementor-column-gap-default\">\n\t\t\t\t\t<div class=\"elementor-column elementor-col-50 elementor-inner-column elementor-element elementor-element-1866f527\" data-id=\"1866f527\" data-element_type=\"column\" data-e-type=\"column\">\n\t\t\t<div class=\"elementor-widget-wrap elementor-element-populated\">\n\t\t\t\t\t\t<div class=\"elementor-element elementor-element-df8fe6c elementor-widget elementor-widget-image\" data-id=\"df8fe6c\" data-element_type=\"widget\" data-e-type=\"widget\" data-widget_type=\"image.default\">\n\t\t\t\t<div class=\"elementor-widget-container\">\n\t\t\t\t\t\t\t\t\t\t\t\t\t\t\t<img decoding=\"async\" width=\"330\" height=\"591\" src=\"https:\/\/thecloud.group\/wp-content\/uploads\/2020\/07\/socialMedia2.jpg\" class=\"elementor-animation-hang attachment-large size-large wp-image-9528\" alt=\"Seja sua empresa um pequeno neg\u00f3cio ou uma grande corpora\u00e7\u00e3o, hoje em dia, se voc\u00ea n\u00e3o est\u00e1 online \u2014 e nas redes sociais \u2014 voc\u00ea \u00e9 praticamente invis\u00edvel! Voc\u00ea est\u00e1 perdendo a oportunidade de ser encontrado por milh\u00f5es de clientes em potencial enquanto eles est\u00e3o se divertindo nas redes sociais mais populares. As redes sociais s\u00e3o agora um componente essencial de qualquer estrat\u00e9gia de marketing no mundo todo, inclusive para empresas. Voc\u00ea pode se conectar com seus clientes atuais, interagir com eles, divulgar sua marca e, como resultado, suas vendas aumentar\u00e3o.\" srcset=\"https:\/\/thecloud.group\/wp-content\/uploads\/2020\/07\/socialMedia2.jpg 330w, https:\/\/thecloud.group\/wp-content\/uploads\/2020\/07\/socialMedia2-168x300.jpg 168w, https:\/\/thecloud.group\/wp-content\/uploads\/2020\/07\/socialMedia2-200x358.jpg 200w\" sizes=\"(max-width: 330px) 100vw, 330px\" \/>\t\t\t\t\t\t\t\t\t\t\t\t\t\t\t<\/div>\n\t\t\t\t<\/div>\n\t\t\t\t\t<\/div>\n\t\t<\/div>\n\t\t\t\t<div class=\"elementor-column elementor-col-50 elementor-inner-column elementor-element elementor-element-65247b16\" data-id=\"65247b16\" data-element_type=\"column\" data-e-type=\"column\">\n\t\t\t<div class=\"elementor-widget-wrap elementor-element-populated\">\n\t\t\t\t\t\t<div class=\"elementor-element elementor-element-5c9ac257 elementor-widget elementor-widget-text-editor\" data-id=\"5c9ac257\" data-element_type=\"widget\" data-e-type=\"widget\" data-widget_type=\"text-editor.default\">\n\t\t\t\t<div class=\"elementor-widget-container\">\n\t\t\t\t\t\t\t\t\t<p>Al\u00e9m dos motivos j\u00e1 mencionados acima pelos quais sua empresa deve estar presente nas redes sociais, queremos compartilhar mais 17 com voc\u00ea.<\/p><ol><li>Fortale\u00e7a sua marca.<\/li><li>Aumente o conhecimento sobre sua organiza\u00e7\u00e3o.<\/li><li>S\u00e3o plataformas comerciais alternativas.<\/li><li>Custos relativamente baixos.<\/li><li>Voc\u00ea pode segmentar seu p\u00fablico-alvo.<\/li><li>Amplie os canais de comunica\u00e7\u00e3o com seus clientes.<\/li><li>Atendimento ao cliente descomplicado.<\/li><li>Fortale\u00e7a o v\u00ednculo com seus clientes.<\/li><li>Promo\u00e7\u00f5es e ofertas podem ser amplamente divulgadas se o conte\u00fado se tornar viral.<\/li><li>Voc\u00ea pode monitorar conversas sobre sua organiza\u00e7\u00e3o.<\/li><li>Identificar novas oportunidades de neg\u00f3cio.<\/li><li>Identifique quaisquer problemas que possam existir com seus produtos e\/ou servi\u00e7os.<\/li><li>Voc\u00ea pode realizar um teste antes de lan\u00e7ar um produto.<\/li><li>\u00c9 um canal para sele\u00e7\u00e3o de pessoal.<\/li><li>Voc\u00ea pode acompanhar a concorr\u00eancia.<\/li><li>Isso permite atrair tr\u00e1fego para o seu site.<\/li><li>Isso ajuda a melhorar seu posicionamento online.<\/li><\/ol>\t\t\t\t\t\t\t\t<\/div>\n\t\t\t\t<\/div>\n\t\t\t\t\t<\/div>\n\t\t<\/div>\n\t\t\t\t\t<\/div>\n\t\t<\/section>\n\t\t\t\t<div class=\"elementor-element elementor-element-b175f3a elementor-widget elementor-widget-text-editor\" data-id=\"b175f3a\" data-element_type=\"widget\" data-e-type=\"widget\" data-widget_type=\"text-editor.default\">\n\t\t\t\t<div class=\"elementor-widget-container\">\n\t\t\t\t\t\t\t\t\t<p>O Cloud Group oferece tudo o que sua empresa precisa para se manter \u00e0 frente das tend\u00eancias no cen\u00e1rio atual de tecnologia e marketing. As m\u00eddias sociais n\u00e3o s\u00e3o exce\u00e7\u00e3o, e estamos \u00e0 sua disposi\u00e7\u00e3o caso acredite que chegou a hora de sua marca estabelecer uma presen\u00e7a marcante nas redes sociais.<\/p><p>Esperamos ter convencido voc\u00ea da import\u00e2ncia de ter presen\u00e7a nas redes sociais para o seu neg\u00f3cio hoje em dia. Se voc\u00ea gostou deste artigo, compartilhe e comente!<\/p>\t\t\t\t\t\t\t\t<\/div>\n\t\t\t\t<\/div>\n\t\t\t\t\t<\/div>\n\t\t<\/div>\n\t\t\t\t\t<\/div>\n\t\t<\/section>\n\t\t\t\t<\/div>","protected":false},"excerpt":{"rendered":"<p>Seja sua empresa um pequeno neg\u00f3cio ou uma grande corpora\u00e7\u00e3o, hoje em dia, se voc\u00ea n\u00e3o est\u00e1 online \u2014 e nas redes sociais \u2014 voc\u00ea \u00e9 praticamente invis\u00edvel! Voc\u00ea est\u00e1 perdendo a oportunidade de ser encontrado por milh\u00f5es de clientes em potencial enquanto eles est\u00e3o se divertindo nas redes sociais mais populares. As redes sociais s\u00e3o agora um componente essencial de qualquer estrat\u00e9gia de marketing no mundo todo, inclusive para empresas. Voc\u00ea pode se conectar com seus clientes atuais, interagir com eles, divulgar sua marca e, como resultado, suas vendas aumentar\u00e3o.<\/p>","protected":false},"author":1,"featured_media":9530,"comment_status":"closed","ping_status":"closed","sticky":false,"template":"elementor_header_footer","format":"standard","meta":{"footnotes":""},"categories":[162],"tags":[],"class_list":["post-9523","post","type-post","status-publish","format-standard","has-post-thumbnail","hentry","category-sin-categorizar"],"yoast_head":"<!-- This site is optimized with the Yoast SEO Premium plugin v27.4 (Yoast SEO v27.5) - https:\/\/yoast.com\/product\/yoast-seo-premium-wordpress\/ -->\n<title>\u00bfTu empresa no tiene redes sociales? PUES DEBER\u00cdA! | The Cloud Group<\/title>\n<meta name=\"description\" content=\"En el siguiente post pondremos a t\u00fa consideraci\u00f3n cinco tendencias del SEO para este 2020 que no podr\u00e1s pasar por alto para aparecer en las primeras p\u00e1ginas\" \/>\n<meta name=\"robots\" content=\"index, follow, max-snippet:-1, max-image-preview:large, max-video-preview:-1\" \/>\n<link rel=\"canonical\" href=\"https:\/\/thecloud.group\/pt\/gestao-de-redes-sociais-em-madrid\/\" \/>\n<meta property=\"og:locale\" content=\"pt_PT\" \/>\n<meta property=\"og:type\" content=\"article\" \/>\n<meta property=\"og:title\" content=\"\u00bfTu empresa no tiene redes sociales? PUES DEBER\u00cdA!\" \/>\n<meta property=\"og:description\" content=\"En el siguiente post pondremos a t\u00fa consideraci\u00f3n cinco tendencias del SEO para este 2020 que no podr\u00e1s pasar por alto para aparecer en las primeras p\u00e1ginas\" \/>\n<meta property=\"og:url\" content=\"https:\/\/thecloud.group\/pt\/gestao-de-redes-sociais-em-madrid\/\" \/>\n<meta property=\"og:site_name\" content=\"The Cloud Group\" \/>\n<meta property=\"article:publisher\" content=\"https:\/\/www.facebook.com\/thecloudgroupglobal\" \/>\n<meta property=\"article:published_time\" content=\"2020-07-14T16:10:54+00:00\" \/>\n<meta property=\"article:modified_time\" content=\"2020-12-10T15:01:47+00:00\" \/>\n<meta property=\"og:image\" content=\"https:\/\/thecloud.group\/wp-content\/uploads\/2020\/07\/socialMedia0.jpg\" \/>\n\t<meta property=\"og:image:width\" content=\"950\" \/>\n\t<meta property=\"og:image:height\" content=\"633\" \/>\n\t<meta property=\"og:image:type\" content=\"image\/jpeg\" \/>\n<meta name=\"author\" content=\"admin\" \/>\n<meta name=\"twitter:card\" content=\"summary_large_image\" \/>\n<meta name=\"twitter:label1\" content=\"Escrito por\" \/>\n\t<meta name=\"twitter:data1\" content=\"admin\" \/>\n\t<meta name=\"twitter:label2\" content=\"Tempo estimado de leitura\" \/>\n\t<meta name=\"twitter:data2\" content=\"4 minutos\" \/>\n<script type=\"application\/ld+json\" class=\"yoast-schema-graph\">{\"@context\":\"https:\\\/\\\/schema.org\",\"@graph\":[{\"@type\":\"Article\",\"@id\":\"https:\\\/\\\/thecloud.group\\\/gestion-de-redes-sociales-en-madrid\\\/#article\",\"isPartOf\":{\"@id\":\"https:\\\/\\\/thecloud.group\\\/gestion-de-redes-sociales-en-madrid\\\/\"},\"author\":{\"name\":\"admin\",\"@id\":\"https:\\\/\\\/thecloud.group\\\/#\\\/schema\\\/person\\\/96af9c910256c8762bee808ba76fc3b3\"},\"headline\":\"\u00bfTu empresa no tiene redes sociales? PUES DEBER\u00cdA!\",\"datePublished\":\"2020-07-14T16:10:54+00:00\",\"dateModified\":\"2020-12-10T15:01:47+00:00\",\"mainEntityOfPage\":{\"@id\":\"https:\\\/\\\/thecloud.group\\\/gestion-de-redes-sociales-en-madrid\\\/\"},\"wordCount\":731,\"publisher\":{\"@id\":\"https:\\\/\\\/thecloud.group\\\/#organization\"},\"image\":{\"@id\":\"https:\\\/\\\/thecloud.group\\\/gestion-de-redes-sociales-en-madrid\\\/#primaryimage\"},\"thumbnailUrl\":\"https:\\\/\\\/thecloud.group\\\/wp-content\\\/uploads\\\/2020\\\/07\\\/socialMedia0.jpg\",\"articleSection\":[\"Sin categorizar\"],\"inLanguage\":\"pt-PT\"},{\"@type\":\"WebPage\",\"@id\":\"https:\\\/\\\/thecloud.group\\\/gestion-de-redes-sociales-en-madrid\\\/\",\"url\":\"https:\\\/\\\/thecloud.group\\\/gestion-de-redes-sociales-en-madrid\\\/\",\"name\":\"\u00bfTu empresa no tiene redes sociales? PUES DEBER\u00cdA! | The Cloud Group\",\"isPartOf\":{\"@id\":\"https:\\\/\\\/thecloud.group\\\/#website\"},\"primaryImageOfPage\":{\"@id\":\"https:\\\/\\\/thecloud.group\\\/gestion-de-redes-sociales-en-madrid\\\/#primaryimage\"},\"image\":{\"@id\":\"https:\\\/\\\/thecloud.group\\\/gestion-de-redes-sociales-en-madrid\\\/#primaryimage\"},\"thumbnailUrl\":\"https:\\\/\\\/thecloud.group\\\/wp-content\\\/uploads\\\/2020\\\/07\\\/socialMedia0.jpg\",\"datePublished\":\"2020-07-14T16:10:54+00:00\",\"dateModified\":\"2020-12-10T15:01:47+00:00\",\"description\":\"En el siguiente post pondremos a t\u00fa consideraci\u00f3n cinco tendencias del SEO para este 2020 que no podr\u00e1s pasar por alto para aparecer en las primeras p\u00e1ginas\",\"breadcrumb\":{\"@id\":\"https:\\\/\\\/thecloud.group\\\/gestion-de-redes-sociales-en-madrid\\\/#breadcrumb\"},\"inLanguage\":\"pt-PT\",\"potentialAction\":[{\"@type\":\"ReadAction\",\"target\":[\"https:\\\/\\\/thecloud.group\\\/gestion-de-redes-sociales-en-madrid\\\/\"]}]},{\"@type\":\"ImageObject\",\"inLanguage\":\"pt-PT\",\"@id\":\"https:\\\/\\\/thecloud.group\\\/gestion-de-redes-sociales-en-madrid\\\/#primaryimage\",\"url\":\"https:\\\/\\\/thecloud.group\\\/wp-content\\\/uploads\\\/2020\\\/07\\\/socialMedia0.jpg\",\"contentUrl\":\"https:\\\/\\\/thecloud.group\\\/wp-content\\\/uploads\\\/2020\\\/07\\\/socialMedia0.jpg\",\"width\":950,\"height\":633,\"caption\":\"No importa si tu empresa es un negocio peque\u00f1o o una gran corporaci\u00f3n, hoy en d\u00eda si no est\u00e1s en internet - y en las redes sociales - \u00a1no existes! Adem\u00e1s de que est\u00e1s desaprovechando la posibilidad de que te encuentren millones de potenciales clientes mientras \u00e9stos se est\u00e1n divirtiendo en las redes sociales m\u00e1s usadas. Hoy en d\u00eda el social media es una pieza esencial en cualquier estrategia de marketing del mundo, incluso en el aspecto empresarial. Puedes conectar con tus clientes actuales, interactuar, exponer tu marca y como consecuencia tus ventas incrementar\u00e1n.\"},{\"@type\":\"BreadcrumbList\",\"@id\":\"https:\\\/\\\/thecloud.group\\\/gestion-de-redes-sociales-en-madrid\\\/#breadcrumb\",\"itemListElement\":[{\"@type\":\"ListItem\",\"position\":1,\"name\":\"Home\",\"item\":\"https:\\\/\\\/thecloud.group\\\/\"},{\"@type\":\"ListItem\",\"position\":2,\"name\":\"\u00bfTu empresa no tiene redes sociales? PUES DEBER\u00cdA!\"}]},{\"@type\":\"WebSite\",\"@id\":\"https:\\\/\\\/thecloud.group\\\/#website\",\"url\":\"https:\\\/\\\/thecloud.group\\\/\",\"name\":\"The Cloud Group\",\"description\":\"|\u00a0Holding Internacional de Servicios\",\"publisher\":{\"@id\":\"https:\\\/\\\/thecloud.group\\\/#organization\"},\"potentialAction\":[{\"@type\":\"SearchAction\",\"target\":{\"@type\":\"EntryPoint\",\"urlTemplate\":\"https:\\\/\\\/thecloud.group\\\/?s={search_term_string}\"},\"query-input\":{\"@type\":\"PropertyValueSpecification\",\"valueRequired\":true,\"valueName\":\"search_term_string\"}}],\"inLanguage\":\"pt-PT\"},{\"@type\":\"Organization\",\"@id\":\"https:\\\/\\\/thecloud.group\\\/#organization\",\"name\":\"The Cloud Group - Holding International de Servicios\",\"url\":\"https:\\\/\\\/thecloud.group\\\/\",\"logo\":{\"@type\":\"ImageObject\",\"inLanguage\":\"pt-PT\",\"@id\":\"https:\\\/\\\/thecloud.group\\\/#\\\/schema\\\/logo\\\/image\\\/\",\"url\":\"https:\\\/\\\/thecloud.group\\\/wp-content\\\/uploads\\\/2020\\\/05\\\/logoSmallFirmaCorreo.png\",\"contentUrl\":\"https:\\\/\\\/thecloud.group\\\/wp-content\\\/uploads\\\/2020\\\/05\\\/logoSmallFirmaCorreo.png\",\"width\":300,\"height\":190,\"caption\":\"The Cloud Group - Holding International de Servicios\"},\"image\":{\"@id\":\"https:\\\/\\\/thecloud.group\\\/#\\\/schema\\\/logo\\\/image\\\/\"},\"sameAs\":[\"https:\\\/\\\/www.facebook.com\\\/thecloudgroupglobal\"]},{\"@type\":\"Person\",\"@id\":\"https:\\\/\\\/thecloud.group\\\/#\\\/schema\\\/person\\\/96af9c910256c8762bee808ba76fc3b3\",\"name\":\"admin\",\"image\":{\"@type\":\"ImageObject\",\"inLanguage\":\"pt-PT\",\"@id\":\"https:\\\/\\\/secure.gravatar.com\\\/avatar\\\/4907ac288f1c97f319a5c5097e9024eb489ee94179b3b92b6fa7716b303cdc86?s=96&d=mm&r=g\",\"url\":\"https:\\\/\\\/secure.gravatar.com\\\/avatar\\\/4907ac288f1c97f319a5c5097e9024eb489ee94179b3b92b6fa7716b303cdc86?s=96&d=mm&r=g\",\"contentUrl\":\"https:\\\/\\\/secure.gravatar.com\\\/avatar\\\/4907ac288f1c97f319a5c5097e9024eb489ee94179b3b92b6fa7716b303cdc86?s=96&d=mm&r=g\",\"caption\":\"admin\"},\"sameAs\":[\"https:\\\/\\\/thecloud.group\"]}]}<\/script>\n<!-- \/ Yoast SEO Premium plugin. -->","yoast_head_json":{"title":"Sua empresa n\u00e3o tem presen\u00e7a nas redes sociais? POIS DEVERIA TER! | The Cloud Group","description":"Na postagem a seguir, apresentaremos cinco tend\u00eancias de SEO para 2020 que voc\u00ea n\u00e3o pode ignorar se quiser aparecer nas primeiras p\u00e1ginas.","robots":{"index":"index","follow":"follow","max-snippet":"max-snippet:-1","max-image-preview":"max-image-preview:large","max-video-preview":"max-video-preview:-1"},"canonical":"https:\/\/thecloud.group\/pt\/gestao-de-redes-sociais-em-madrid\/","og_locale":"pt_PT","og_type":"article","og_title":"\u00bfTu empresa no tiene redes sociales? PUES DEBER\u00cdA!","og_description":"En el siguiente post pondremos a t\u00fa consideraci\u00f3n cinco tendencias del SEO para este 2020 que no podr\u00e1s pasar por alto para aparecer en las primeras p\u00e1ginas","og_url":"https:\/\/thecloud.group\/pt\/gestao-de-redes-sociais-em-madrid\/","og_site_name":"The Cloud Group","article_publisher":"https:\/\/www.facebook.com\/thecloudgroupglobal","article_published_time":"2020-07-14T16:10:54+00:00","article_modified_time":"2020-12-10T15:01:47+00:00","og_image":[{"width":950,"height":633,"url":"https:\/\/thecloud.group\/wp-content\/uploads\/2020\/07\/socialMedia0.jpg","type":"image\/jpeg"}],"author":"admin","twitter_card":"summary_large_image","twitter_misc":{"Escrito por":"admin","Tempo estimado de leitura":"4 minutos"},"schema":{"@context":"https:\/\/schema.org","@graph":[{"@type":"Article","@id":"https:\/\/thecloud.group\/gestion-de-redes-sociales-en-madrid\/#article","isPartOf":{"@id":"https:\/\/thecloud.group\/gestion-de-redes-sociales-en-madrid\/"},"author":{"name":"admin","@id":"https:\/\/thecloud.group\/#\/schema\/person\/96af9c910256c8762bee808ba76fc3b3"},"headline":"\u00bfTu empresa no tiene redes sociales? PUES DEBER\u00cdA!","datePublished":"2020-07-14T16:10:54+00:00","dateModified":"2020-12-10T15:01:47+00:00","mainEntityOfPage":{"@id":"https:\/\/thecloud.group\/gestion-de-redes-sociales-en-madrid\/"},"wordCount":731,"publisher":{"@id":"https:\/\/thecloud.group\/#organization"},"image":{"@id":"https:\/\/thecloud.group\/gestion-de-redes-sociales-en-madrid\/#primaryimage"},"thumbnailUrl":"https:\/\/thecloud.group\/wp-content\/uploads\/2020\/07\/socialMedia0.jpg","articleSection":["Sin categorizar"],"inLanguage":"pt-PT"},{"@type":"WebPage","@id":"https:\/\/thecloud.group\/gestion-de-redes-sociales-en-madrid\/","url":"https:\/\/thecloud.group\/gestion-de-redes-sociales-en-madrid\/","name":"Sua empresa n\u00e3o tem presen\u00e7a nas redes sociais? POIS DEVERIA TER! | The Cloud Group","isPartOf":{"@id":"https:\/\/thecloud.group\/#website"},"primaryImageOfPage":{"@id":"https:\/\/thecloud.group\/gestion-de-redes-sociales-en-madrid\/#primaryimage"},"image":{"@id":"https:\/\/thecloud.group\/gestion-de-redes-sociales-en-madrid\/#primaryimage"},"thumbnailUrl":"https:\/\/thecloud.group\/wp-content\/uploads\/2020\/07\/socialMedia0.jpg","datePublished":"2020-07-14T16:10:54+00:00","dateModified":"2020-12-10T15:01:47+00:00","description":"Na postagem a seguir, apresentaremos cinco tend\u00eancias de SEO para 2020 que voc\u00ea n\u00e3o pode ignorar se quiser aparecer nas primeiras p\u00e1ginas.","breadcrumb":{"@id":"https:\/\/thecloud.group\/gestion-de-redes-sociales-en-madrid\/#breadcrumb"},"inLanguage":"pt-PT","potentialAction":[{"@type":"ReadAction","target":["https:\/\/thecloud.group\/gestion-de-redes-sociales-en-madrid\/"]}]},{"@type":"ImageObject","inLanguage":"pt-PT","@id":"https:\/\/thecloud.group\/gestion-de-redes-sociales-en-madrid\/#primaryimage","url":"https:\/\/thecloud.group\/wp-content\/uploads\/2020\/07\/socialMedia0.jpg","contentUrl":"https:\/\/thecloud.group\/wp-content\/uploads\/2020\/07\/socialMedia0.jpg","width":950,"height":633,"caption":"No importa si tu empresa es un negocio peque\u00f1o o una gran corporaci\u00f3n, hoy en d\u00eda si no est\u00e1s en internet - y en las redes sociales - \u00a1no existes! Adem\u00e1s de que est\u00e1s desaprovechando la posibilidad de que te encuentren millones de potenciales clientes mientras \u00e9stos se est\u00e1n divirtiendo en las redes sociales m\u00e1s usadas. Hoy en d\u00eda el social media es una pieza esencial en cualquier estrategia de marketing del mundo, incluso en el aspecto empresarial. Puedes conectar con tus clientes actuales, interactuar, exponer tu marca y como consecuencia tus ventas incrementar\u00e1n."},{"@type":"BreadcrumbList","@id":"https:\/\/thecloud.group\/gestion-de-redes-sociales-en-madrid\/#breadcrumb","itemListElement":[{"@type":"ListItem","position":1,"name":"Home","item":"https:\/\/thecloud.group\/"},{"@type":"ListItem","position":2,"name":"\u00bfTu empresa no tiene redes sociales? PUES DEBER\u00cdA!"}]},{"@type":"WebSite","@id":"https:\/\/thecloud.group\/#website","url":"https:\/\/thecloud.group\/","name":"O Grupo Cloud","description":"| Holding de Servi\u00e7os Internacionais","publisher":{"@id":"https:\/\/thecloud.group\/#organization"},"potentialAction":[{"@type":"SearchAction","target":{"@type":"EntryPoint","urlTemplate":"https:\/\/thecloud.group\/?s={search_term_string}"},"query-input":{"@type":"PropertyValueSpecification","valueRequired":true,"valueName":"search_term_string"}}],"inLanguage":"pt-PT"},{"@type":"Organization","@id":"https:\/\/thecloud.group\/#organization","name":"The Cloud Group - Holding de Servi\u00e7os Internacionais","url":"https:\/\/thecloud.group\/","logo":{"@type":"ImageObject","inLanguage":"pt-PT","@id":"https:\/\/thecloud.group\/#\/schema\/logo\/image\/","url":"https:\/\/thecloud.group\/wp-content\/uploads\/2020\/05\/logoSmallFirmaCorreo.png","contentUrl":"https:\/\/thecloud.group\/wp-content\/uploads\/2020\/05\/logoSmallFirmaCorreo.png","width":300,"height":190,"caption":"The Cloud Group - Holding International de Servicios"},"image":{"@id":"https:\/\/thecloud.group\/#\/schema\/logo\/image\/"},"sameAs":["https:\/\/www.facebook.com\/thecloudgroupglobal"]},{"@type":"Person","@id":"https:\/\/thecloud.group\/#\/schema\/person\/96af9c910256c8762bee808ba76fc3b3","name":"administrador","image":{"@type":"ImageObject","inLanguage":"pt-PT","@id":"https:\/\/secure.gravatar.com\/avatar\/4907ac288f1c97f319a5c5097e9024eb489ee94179b3b92b6fa7716b303cdc86?s=96&d=mm&r=g","url":"https:\/\/secure.gravatar.com\/avatar\/4907ac288f1c97f319a5c5097e9024eb489ee94179b3b92b6fa7716b303cdc86?s=96&d=mm&r=g","contentUrl":"https:\/\/secure.gravatar.com\/avatar\/4907ac288f1c97f319a5c5097e9024eb489ee94179b3b92b6fa7716b303cdc86?s=96&d=mm&r=g","caption":"admin"},"sameAs":["https:\/\/thecloud.group"]}]}},"_links":{"self":[{"href":"https:\/\/thecloud.group\/pt\/wp-json\/wp\/v2\/posts\/9523","targetHints":{"allow":["GET"]}}],"collection":[{"href":"https:\/\/thecloud.group\/pt\/wp-json\/wp\/v2\/posts"}],"about":[{"href":"https:\/\/thecloud.group\/pt\/wp-json\/wp\/v2\/types\/post"}],"author":[{"embeddable":true,"href":"https:\/\/thecloud.group\/pt\/wp-json\/wp\/v2\/users\/1"}],"replies":[{"embeddable":true,"href":"https:\/\/thecloud.group\/pt\/wp-json\/wp\/v2\/comments?post=9523"}],"version-history":[{"count":6,"href":"https:\/\/thecloud.group\/pt\/wp-json\/wp\/v2\/posts\/9523\/revisions"}],"predecessor-version":[{"id":13078,"href":"https:\/\/thecloud.group\/pt\/wp-json\/wp\/v2\/posts\/9523\/revisions\/13078"}],"wp:featuredmedia":[{"embeddable":true,"href":"https:\/\/thecloud.group\/pt\/wp-json\/wp\/v2\/media\/9530"}],"wp:attachment":[{"href":"https:\/\/thecloud.group\/pt\/wp-json\/wp\/v2\/media?parent=9523"}],"wp:term":[{"taxonomy":"category","embeddable":true,"href":"https:\/\/thecloud.group\/pt\/wp-json\/wp\/v2\/categories?post=9523"},{"taxonomy":"post_tag","embeddable":true,"href":"https:\/\/thecloud.group\/pt\/wp-json\/wp\/v2\/tags?post=9523"}],"curies":[{"name":"wp","href":"https:\/\/api.w.org\/{rel}","templated":true}]}}