{"id":11758,"date":"2020-11-11T10:00:00","date_gmt":"2020-11-11T10:00:00","guid":{"rendered":"https:\/\/thecloud.group\/?p=11758"},"modified":"2020-12-10T16:16:38","modified_gmt":"2020-12-10T16:16:38","slug":"inteligencia-artificial-o-fim-do-mundo-3-aspectos","status":"publish","type":"post","link":"https:\/\/thecloud.group\/pt\/inteligencia-artificial-el-fin-del-mundo-3-aspectos\/","title":{"rendered":"Intelig\u00eancia artificial e o fim do mundo\u2026 ser\u00e1 poss\u00edvel?"},"content":{"rendered":"<div data-elementor-type=\"wp-post\" data-elementor-id=\"11758\" class=\"elementor elementor-11758\" data-elementor-post-type=\"post\">\n\t\t\t\t\t\t<section class=\"elementor-section elementor-top-section elementor-element elementor-element-2ef2c8e8 elementor-section-stretched elementor-section-boxed elementor-section-height-default elementor-section-height-default\" data-id=\"2ef2c8e8\" data-element_type=\"section\" data-e-type=\"section\" data-settings=\"{&quot;stretch_section&quot;:&quot;section-stretched&quot;,&quot;background_background&quot;:&quot;classic&quot;}\">\n\t\t\t\t\t\t\t<div class=\"elementor-background-overlay\"><\/div>\n\t\t\t\t\t\t\t<div class=\"elementor-container elementor-column-gap-default\">\n\t\t\t\t\t<div class=\"elementor-column elementor-col-100 elementor-top-column elementor-element elementor-element-d739d2c\" data-id=\"d739d2c\" data-element_type=\"column\" data-e-type=\"column\" data-settings=\"{&quot;background_background&quot;:&quot;classic&quot;}\">\n\t\t\t<div class=\"elementor-widget-wrap elementor-element-populated\">\n\t\t\t\t\t\t<div class=\"elementor-element elementor-element-404dd832 elementor-widget elementor-widget-image\" data-id=\"404dd832\" data-element_type=\"widget\" data-e-type=\"widget\" data-widget_type=\"image.default\">\n\t\t\t\t<div class=\"elementor-widget-container\">\n\t\t\t\t\t\t\t\t\t\t\t\t\t\t\t<img decoding=\"async\" src=\"https:\/\/thecloud.group\/wp-content\/uploads\/elementor\/thumbs\/LogoHor-osf66wqrs0q6z5scsi4c0cpaz4hmv3cdo16ybda1og.png\" title=\"Logotipo da The Cloud Group\" alt=\"O Cloud Group \u00e9 uma holding empresarial focada na transforma\u00e7\u00e3o digital global.\" loading=\"lazy\" \/>\t\t\t\t\t\t\t\t\t\t\t\t\t\t\t<\/div>\n\t\t\t\t<\/div>\n\t\t\t\t<section class=\"elementor-section elementor-inner-section elementor-element elementor-element-1fbf369d elementor-section-boxed elementor-section-height-default elementor-section-height-default\" data-id=\"1fbf369d\" data-element_type=\"section\" data-e-type=\"section\">\n\t\t\t\t\t\t<div class=\"elementor-container elementor-column-gap-default\">\n\t\t\t\t\t<div class=\"elementor-column elementor-col-33 elementor-inner-column elementor-element elementor-element-548a1935\" data-id=\"548a1935\" data-element_type=\"column\" data-e-type=\"column\">\n\t\t\t<div class=\"elementor-widget-wrap\">\n\t\t\t\t\t\t\t<\/div>\n\t\t<\/div>\n\t\t\t\t<div class=\"elementor-column elementor-col-33 elementor-inner-column elementor-element elementor-element-5dabe83e\" data-id=\"5dabe83e\" data-element_type=\"column\" data-e-type=\"column\">\n\t\t\t<div class=\"elementor-widget-wrap elementor-element-populated\">\n\t\t\t\t\t\t<div class=\"elementor-element elementor-element-b1c9fe2 elementor-widget elementor-widget-heading\" data-id=\"b1c9fe2\" data-element_type=\"widget\" data-e-type=\"widget\" data-widget_type=\"heading.default\">\n\t\t\t\t<div class=\"elementor-widget-container\">\n\t\t\t\t\t<h1 class=\"elementor-heading-title elementor-size-default\">Intelig\u00eancia artificial e o fim do mundo... ser\u00e1 poss\u00edvel?<\/h1>\t\t\t\t<\/div>\n\t\t\t\t<\/div>\n\t\t\t\t\t<\/div>\n\t\t<\/div>\n\t\t\t\t<div class=\"elementor-column elementor-col-33 elementor-inner-column elementor-element elementor-element-1e3d8282\" data-id=\"1e3d8282\" data-element_type=\"column\" data-e-type=\"column\">\n\t\t\t<div class=\"elementor-widget-wrap\">\n\t\t\t\t\t\t\t<\/div>\n\t\t<\/div>\n\t\t\t\t\t<\/div>\n\t\t<\/section>\n\t\t\t\t<section class=\"elementor-section elementor-inner-section elementor-element elementor-element-31659dc5 elementor-section-boxed elementor-section-height-default elementor-section-height-default\" data-id=\"31659dc5\" data-element_type=\"section\" data-e-type=\"section\">\n\t\t\t\t\t\t<div class=\"elementor-container elementor-column-gap-default\">\n\t\t\t\t\t<div class=\"elementor-column elementor-col-25 elementor-inner-column elementor-element elementor-element-b56144a\" data-id=\"b56144a\" data-element_type=\"column\" data-e-type=\"column\">\n\t\t\t<div class=\"elementor-widget-wrap\">\n\t\t\t\t\t\t\t<\/div>\n\t\t<\/div>\n\t\t\t\t<div class=\"elementor-column elementor-col-25 elementor-inner-column elementor-element elementor-element-6418020e\" data-id=\"6418020e\" data-element_type=\"column\" data-e-type=\"column\">\n\t\t\t<div class=\"elementor-widget-wrap\">\n\t\t\t\t\t\t\t<\/div>\n\t\t<\/div>\n\t\t\t\t<div class=\"elementor-column elementor-col-25 elementor-inner-column elementor-element elementor-element-35b156ef\" data-id=\"35b156ef\" data-element_type=\"column\" data-e-type=\"column\">\n\t\t\t<div class=\"elementor-widget-wrap\">\n\t\t\t\t\t\t\t<\/div>\n\t\t<\/div>\n\t\t\t\t<div class=\"elementor-column elementor-col-25 elementor-inner-column elementor-element elementor-element-2e715f3c\" data-id=\"2e715f3c\" data-element_type=\"column\" data-e-type=\"column\">\n\t\t\t<div class=\"elementor-widget-wrap\">\n\t\t\t\t\t\t\t<\/div>\n\t\t<\/div>\n\t\t\t\t\t<\/div>\n\t\t<\/section>\n\t\t\t\t\t<\/div>\n\t\t<\/div>\n\t\t\t\t\t<\/div>\n\t\t<\/section>\n\t\t\t\t<section class=\"elementor-section elementor-top-section elementor-element elementor-element-17a5d0b7 elementor-section-boxed elementor-section-height-default elementor-section-height-default\" data-id=\"17a5d0b7\" data-element_type=\"section\" data-e-type=\"section\">\n\t\t\t\t\t\t<div class=\"elementor-container elementor-column-gap-default\">\n\t\t\t\t\t<div class=\"elementor-column elementor-col-100 elementor-top-column elementor-element elementor-element-70a92f02\" data-id=\"70a92f02\" data-element_type=\"column\" data-e-type=\"column\">\n\t\t\t<div class=\"elementor-widget-wrap elementor-element-populated\">\n\t\t\t\t\t\t<div class=\"elementor-element elementor-element-5aa0cfaf elementor-widget elementor-widget-text-editor\" data-id=\"5aa0cfaf\" data-element_type=\"widget\" data-e-type=\"widget\" data-widget_type=\"text-editor.default\">\n\t\t\t\t<div class=\"elementor-widget-container\">\n\t\t\t\t\t\t\t\t\t<p>J\u00e1 vimos isso milhares de vezes em filmes de Hollywood: a intelig\u00eancia artificial se rebela contra a humanidade e acaba destruindo a n\u00f3s ou ao mundo. Mas qual a probabilidade disso acontecer? Segundo um especialista, a probabilidade \u00e9 de que isso realmente aconte\u00e7a. <a href=\"https:\/\/www.bbc.com\/mundo\/ultimas_noticias\/2014\/12\/141202_ultnot_hawking_inteligencia_artificial_riesgo_humanidad_egn\">entrevista<\/a> Em uma entrevista concedida \u00e0 BBC em 2014, o falecido f\u00edsico Stephen Hawking afirmou que &quot;o desenvolvimento da intelig\u00eancia artificial (IA) completa poderia significar o fim da ra\u00e7a humana&quot;.<\/p>\t\t\t\t\t\t\t\t<\/div>\n\t\t\t\t<\/div>\n\t\t\t\t<section class=\"elementor-section elementor-inner-section elementor-element elementor-element-12fb3630 elementor-section-boxed elementor-section-height-default elementor-section-height-default\" data-id=\"12fb3630\" data-element_type=\"section\" data-e-type=\"section\">\n\t\t\t\t\t\t<div class=\"elementor-container elementor-column-gap-default\">\n\t\t\t\t\t<div class=\"elementor-column elementor-col-50 elementor-inner-column elementor-element elementor-element-2f5e0d56\" data-id=\"2f5e0d56\" data-element_type=\"column\" data-e-type=\"column\">\n\t\t\t<div class=\"elementor-widget-wrap elementor-element-populated\">\n\t\t\t\t\t\t<div class=\"elementor-element elementor-element-2d7a4886 elementor-widget elementor-widget-text-editor\" data-id=\"2d7a4886\" data-element_type=\"widget\" data-e-type=\"widget\" data-widget_type=\"text-editor.default\">\n\t\t\t\t<div class=\"elementor-widget-container\">\n\t\t\t\t\t\t\t\t\t<p>Segundo Hawking, na entrevista mencionada anteriormente, a intelig\u00eancia artificial provou ser muito \u00fatil para os humanos atualmente. No entanto, se uma IA capaz de se redesenhar for desenvolvida no futuro, a humanidade poder\u00e1 se encontrar em uma situa\u00e7\u00e3o desesperadora.<\/p>\t\t\t\t\t\t\t\t<\/div>\n\t\t\t\t<\/div>\n\t\t\t\t<div class=\"elementor-element elementor-element-47aeec80 elementor-widget elementor-widget-text-editor\" data-id=\"47aeec80\" data-element_type=\"widget\" data-e-type=\"widget\" data-widget_type=\"text-editor.default\">\n\t\t\t\t<div class=\"elementor-widget-container\">\n\t\t\t\t\t\t\t\t\t<p>Se isso acontecesse, os humanos, ao contr\u00e1rio da intelig\u00eancia artificial, n\u00e3o poderiam ser modificados na mesma velocidade que as m\u00e1quinas e, portanto, estar\u00edamos em desvantagem. Algo como em O Exterminador do Futuro, Matrix e tantos outros filmes famosos.<\/p>\t\t\t\t\t\t\t\t<\/div>\n\t\t\t\t<\/div>\n\t\t\t\t<div class=\"elementor-element elementor-element-8a31a7b elementor-widget elementor-widget-text-editor\" data-id=\"8a31a7b\" data-element_type=\"widget\" data-e-type=\"widget\" data-widget_type=\"text-editor.default\">\n\t\t\t\t<div class=\"elementor-widget-container\">\n\t\t\t\t\t\t\t\t\t<p>Outros s\u00e3o mais otimistas quanto \u00e0 amea\u00e7a que a IA pode representar. Rollo Carpenter, criador do Cleverbot, disse \u00e0 BBC que acredita que a humanidade sempre ser\u00e1 capaz de controlar a tecnologia e resolver problemas \u00e0 medida que surgirem no mundo.<\/p>\t\t\t\t\t\t\t\t<\/div>\n\t\t\t\t<\/div>\n\t\t\t\t\t<\/div>\n\t\t<\/div>\n\t\t\t\t<div class=\"elementor-column elementor-col-50 elementor-inner-column elementor-element elementor-element-58307261\" data-id=\"58307261\" data-element_type=\"column\" data-e-type=\"column\">\n\t\t\t<div class=\"elementor-widget-wrap elementor-element-populated\">\n\t\t\t\t\t\t<div class=\"elementor-element elementor-element-7b222756 elementor-widget elementor-widget-image\" data-id=\"7b222756\" data-element_type=\"widget\" data-e-type=\"widget\" data-widget_type=\"image.default\">\n\t\t\t\t<div class=\"elementor-widget-container\">\n\t\t\t\t\t\t\t\t\t\t\t\t\t\t\t<img fetchpriority=\"high\" decoding=\"async\" width=\"800\" height=\"585\" src=\"https:\/\/thecloud.group\/wp-content\/uploads\/2020\/10\/inteligenciaArtificial.jpg\" class=\"elementor-animation-hang attachment-large size-large wp-image-11768\" alt=\"Intelig\u00eancia artificial\" srcset=\"https:\/\/thecloud.group\/wp-content\/uploads\/2020\/10\/inteligenciaArtificial.jpg 950w, https:\/\/thecloud.group\/wp-content\/uploads\/2020\/10\/inteligenciaArtificial-300x219.jpg 300w, https:\/\/thecloud.group\/wp-content\/uploads\/2020\/10\/inteligenciaArtificial-768x562.jpg 768w\" sizes=\"(max-width: 800px) 100vw, 800px\" \/>\t\t\t\t\t\t\t\t\t\t\t\t\t\t\t<\/div>\n\t\t\t\t<\/div>\n\t\t\t\t\t<\/div>\n\t\t<\/div>\n\t\t\t\t\t<\/div>\n\t\t<\/section>\n\t\t\t\t<div class=\"elementor-element elementor-element-623c0962 elementor-widget elementor-widget-text-editor\" data-id=\"623c0962\" data-element_type=\"widget\" data-e-type=\"widget\" data-widget_type=\"text-editor.default\">\n\t\t\t\t<div class=\"elementor-widget-container\">\n\t\t\t\t\t\t\t\t\t<p>Segundo ele, a humanidade ainda est\u00e1 longe de ser capaz de desenvolver os algoritmos necess\u00e1rios para alcan\u00e7ar a intelig\u00eancia artificial plena. No entanto, ele tamb\u00e9m acredita que n\u00e3o demorar\u00e1 muitas d\u00e9cadas para que a alcancemos.<\/p>\t\t\t\t\t\t\t\t<\/div>\n\t\t\t\t<\/div>\n\t\t\t\t<div class=\"elementor-element elementor-element-4b720c0 elementor-widget elementor-widget-heading\" data-id=\"4b720c0\" data-element_type=\"widget\" data-e-type=\"widget\" data-widget_type=\"heading.default\">\n\t\t\t\t<div class=\"elementor-widget-container\">\n\t\t\t\t\t<h2 class=\"elementor-heading-title elementor-size-default\">O fundador e CEO da Tesla acredita que \u00e9 necess\u00e1rio regulamentar a intelig\u00eancia artificial.<\/h2>\t\t\t\t<\/div>\n\t\t\t\t<\/div>\n\t\t\t\t<div class=\"elementor-element elementor-element-67dde59 elementor-widget elementor-widget-text-editor\" data-id=\"67dde59\" data-element_type=\"widget\" data-e-type=\"widget\" data-widget_type=\"text-editor.default\">\n\t\t\t\t<div class=\"elementor-widget-container\">\n\t\t\t\t\t\t\t\t\t<p>A Tesla \u00e9 uma empresa que produz carros el\u00e9tricos e continua a nos surpreender. Este ano, mesmo com a pandemia global da Covid-19, ela continuou a crescer. Seu CEO, Elon Musk, tamb\u00e9m compartilhou sua opini\u00e3o sobre intelig\u00eancia artificial.<\/p>\t\t\t\t\t\t\t\t<\/div>\n\t\t\t\t<\/div>\n\t\t\t\t<div class=\"elementor-element elementor-element-9a2681b elementor-widget elementor-widget-text-editor\" data-id=\"9a2681b\" data-element_type=\"widget\" data-e-type=\"widget\" data-widget_type=\"text-editor.default\">\n\t\t\t\t<div class=\"elementor-widget-container\">\n\t\t\t\t\t\t\t\t\t<p>Em um <a href=\"https:\/\/www.lavanguardia.com\/tecnologia\/20200219\/473655175810\/elon-musk-alerta-peligro-leyes-inteligencia-artificial-singularidad-tecnologica-aprendizaje-profundo-fin-del-mundo-extincion-transhumanismo.html\">artigo<\/a> Publicado pelo jornal La Vanguardia em fevereiro de 2020, o artigo explica que Musk defendeu a regulamenta\u00e7\u00e3o legislativa da IA, inclusive da IA que sua pr\u00f3pria empresa possa produzir. &quot;A verdade \u00e9 que o principal perigo apontado pelos cr\u00edticos dessa tecnologia, como Musk, \u00e9 a chamada singularidade tecnol\u00f3gica&quot;, afirma o artigo.<\/p>\t\t\t\t\t\t\t\t<\/div>\n\t\t\t\t<\/div>\n\t\t\t\t<div class=\"elementor-element elementor-element-27badd25 elementor-widget elementor-widget-text-editor\" data-id=\"27badd25\" data-element_type=\"widget\" data-e-type=\"widget\" data-widget_type=\"text-editor.default\">\n\t\t\t\t<div class=\"elementor-widget-container\">\n\t\t\t\t\t\t\t\t\t<p>A singularidade tecnol\u00f3gica refere-se ao momento em que a intelig\u00eancia artificial se torna t\u00e3o inteligente quanto um ser humano. \u00c9 nesse momento que a humanidade talvez deva come\u00e7ar a temer.<\/p>\t\t\t\t\t\t\t\t<\/div>\n\t\t\t\t<\/div>\n\t\t\t\t<div class=\"elementor-element elementor-element-4e5656b elementor-widget elementor-widget-text-editor\" data-id=\"4e5656b\" data-element_type=\"widget\" data-e-type=\"widget\" data-widget_type=\"text-editor.default\">\n\t\t\t\t<div class=\"elementor-widget-container\">\n\t\t\t\t\t\t\t\t\t<p>\u201cA partir desse momento, e considerando a r\u00e1pida evolu\u00e7\u00e3o da tecnologia \u2014 lembremos que a Lei de Moore indica que o poder computacional dos computadores dobra a cada dois anos \u2014 haveria um crescimento exponencial na intelig\u00eancia artificial. Um dos cen\u00e1rios em considera\u00e7\u00e3o \u00e9 o de que ela se aprimoraria rapidamente, criando uma superintelig\u00eancia\u201d, escreveu o jornal La Vanguardia.<\/p>\t\t\t\t\t\t\t\t<\/div>\n\t\t\t\t<\/div>\n\t\t\t\t<div class=\"elementor-element elementor-element-dbf0f34 elementor-widget elementor-widget-text-editor\" data-id=\"dbf0f34\" data-element_type=\"widget\" data-e-type=\"widget\" data-widget_type=\"text-editor.default\">\n\t\t\t\t<div class=\"elementor-widget-container\">\n\t\t\t\t\t\t\t\t\t<p>Musk tamb\u00e9m alertou para o perigo que o mundo enfrenta caso armas nucleares caiam nas m\u00e3os de uma IA que saia do controle. Por esse motivo, h\u00e1 alguns anos, o Google patenteou a ideia de criar uma esp\u00e9cie de &quot;bot\u00e3o vermelho de emerg\u00eancia&quot; para o caso de uma intelig\u00eancia artificial come\u00e7ar a se comportar de forma err\u00e1tica.<\/p>\t\t\t\t\t\t\t\t<\/div>\n\t\t\t\t<\/div>\n\t\t\t\t<section class=\"elementor-section elementor-inner-section elementor-element elementor-element-4b222578 elementor-section-boxed elementor-section-height-default elementor-section-height-default\" data-id=\"4b222578\" data-element_type=\"section\" data-e-type=\"section\">\n\t\t\t\t\t\t<div class=\"elementor-container elementor-column-gap-default\">\n\t\t\t\t\t<div class=\"elementor-column elementor-col-50 elementor-inner-column elementor-element elementor-element-321d2e65\" data-id=\"321d2e65\" data-element_type=\"column\" data-e-type=\"column\">\n\t\t\t<div class=\"elementor-widget-wrap elementor-element-populated\">\n\t\t\t\t\t\t<div class=\"elementor-element elementor-element-772a08d7 elementor-widget elementor-widget-heading\" data-id=\"772a08d7\" data-element_type=\"widget\" data-e-type=\"widget\" data-widget_type=\"heading.default\">\n\t\t\t\t<div class=\"elementor-widget-container\">\n\t\t\t\t\t<h2 class=\"elementor-heading-title elementor-size-default\">O que aconteceria se ocorresse uma singularidade tecnol\u00f3gica?<\/h2>\t\t\t\t<\/div>\n\t\t\t\t<\/div>\n\t\t\t\t<div class=\"elementor-element elementor-element-776021d5 elementor-widget elementor-widget-text-editor\" data-id=\"776021d5\" data-element_type=\"widget\" data-e-type=\"widget\" data-widget_type=\"text-editor.default\">\n\t\t\t\t<div class=\"elementor-widget-container\">\n\t\t\t\t\t\t\t\t\t<p>Muitas pessoas ao redor do mundo est\u00e3o tentando responder a esta pergunta. Embora a tecnologia melhore a qualidade de vida humana, ela tamb\u00e9m poderia levar \u00e0 nossa extin\u00e7\u00e3o?<\/p>\t\t\t\t\t\t\t\t<\/div>\n\t\t\t\t<\/div>\n\t\t\t\t<div class=\"elementor-element elementor-element-f935094 elementor-widget elementor-widget-text-editor\" data-id=\"f935094\" data-element_type=\"widget\" data-e-type=\"widget\" data-widget_type=\"text-editor.default\">\n\t\t\t\t<div class=\"elementor-widget-container\">\n\t\t\t\t\t\t\t\t\t<p>O artigo mencionado anteriormente no jornal La Vanguardia afirma que isso n\u00e3o \u00e9 necessariamente verdade, mas tamb\u00e9m n\u00e3o pode ser descartado. \u00c9 poss\u00edvel que uma superintelig\u00eancia surja, mas n\u00e3o com a inten\u00e7\u00e3o de atacar a ra\u00e7a humana, como nos filmes de fic\u00e7\u00e3o cient\u00edfica.<\/p>\t\t\t\t\t\t\t\t<\/div>\n\t\t\t\t<\/div>\n\t\t\t\t<div class=\"elementor-element elementor-element-f4df2e1 elementor-widget elementor-widget-heading\" data-id=\"f4df2e1\" data-element_type=\"widget\" data-e-type=\"widget\" data-widget_type=\"heading.default\">\n\t\t\t\t<div class=\"elementor-widget-container\">\n\t\t\t\t\t<h2 class=\"elementor-heading-title elementor-size-default\">Impacto na vida di\u00e1ria<\/h2>\t\t\t\t<\/div>\n\t\t\t\t<\/div>\n\t\t\t\t<div class=\"elementor-element elementor-element-69bf593b elementor-widget elementor-widget-text-editor\" data-id=\"69bf593b\" data-element_type=\"widget\" data-e-type=\"widget\" data-widget_type=\"text-editor.default\">\n\t\t\t\t<div class=\"elementor-widget-container\">\n\t\t\t\t\t\t\t\t\t<p>Atualmente, a intelig\u00eancia artificial n\u00e3o representa uma amea\u00e7a para a ra\u00e7a humana, mas temos observado, h\u00e1 algum tempo, como ela vem impactando negativamente a vida de algumas pessoas. Com isso, queremos dizer... <a href=\"https:\/\/thecloud.group\/pt\/inteligencia-artificial-9-profesiones-sustituidas\/\">empregos que foram substitu\u00eddos por rob\u00f4s<\/a> e aqueles que est\u00e3o amea\u00e7ados pelo mesmo em um futuro pr\u00f3ximo.<\/p>\t\t\t\t\t\t\t\t<\/div>\n\t\t\t\t<\/div>\n\t\t\t\t\t<\/div>\n\t\t<\/div>\n\t\t\t\t<div class=\"elementor-column elementor-col-50 elementor-inner-column elementor-element elementor-element-ca21b2c\" data-id=\"ca21b2c\" data-element_type=\"column\" data-e-type=\"column\">\n\t\t\t<div class=\"elementor-widget-wrap elementor-element-populated\">\n\t\t\t\t\t\t<div class=\"elementor-element elementor-element-673788cb elementor-widget elementor-widget-image\" data-id=\"673788cb\" data-element_type=\"widget\" data-e-type=\"widget\" data-widget_type=\"image.default\">\n\t\t\t\t<div class=\"elementor-widget-container\">\n\t\t\t\t\t\t\t\t\t\t\t\t\t\t\t<img decoding=\"async\" width=\"800\" height=\"623\" src=\"https:\/\/thecloud.group\/wp-content\/uploads\/2020\/10\/inteligenciaArtificialElFin.jpg\" class=\"elementor-animation-hang attachment-large size-large wp-image-11770\" alt=\"Intelig\u00eancia artificial: o futuro\" srcset=\"https:\/\/thecloud.group\/wp-content\/uploads\/2020\/10\/inteligenciaArtificialElFin.jpg 950w, https:\/\/thecloud.group\/wp-content\/uploads\/2020\/10\/inteligenciaArtificialElFin-300x234.jpg 300w, https:\/\/thecloud.group\/wp-content\/uploads\/2020\/10\/inteligenciaArtificialElFin-768x598.jpg 768w\" sizes=\"(max-width: 800px) 100vw, 800px\" \/>\t\t\t\t\t\t\t\t\t\t\t\t\t\t\t<\/div>\n\t\t\t\t<\/div>\n\t\t\t\t\t<\/div>\n\t\t<\/div>\n\t\t\t\t\t<\/div>\n\t\t<\/section>\n\t\t\t\t<div class=\"elementor-element elementor-element-97ba6ed elementor-widget elementor-widget-text-editor\" data-id=\"97ba6ed\" data-element_type=\"widget\" data-e-type=\"widget\" data-widget_type=\"text-editor.default\">\n\t\t\t\t<div class=\"elementor-widget-container\">\n\t\t\t\t\t\t\t\t\t<p>Gostou deste artigo? Leia outros artigos interessantes em <a href=\"https:\/\/thecloud.group\/pt\/blog\/\">nosso blog<\/a>. Al\u00e9m disso, se voc\u00ea \u00e9 apaixonado pelo mundo da intelig\u00eancia artificial e por como ela j\u00e1 est\u00e1 sendo utilizada em diversas empresas ao redor do mundo, especialmente na forma de chatbots, entre em contato conosco. <a href=\"https:\/\/thecloud.group\/pt\/\">O Grupo Cloud<\/a> Para obter mais informa\u00e7\u00f5es, estamos prontos para ajud\u00e1-lo!<\/p>\t\t\t\t\t\t\t\t<\/div>\n\t\t\t\t<\/div>\n\t\t\t\t\t<\/div>\n\t\t<\/div>\n\t\t\t\t\t<\/div>\n\t\t<\/section>\n\t\t\t\t<section class=\"elementor-section elementor-top-section elementor-element elementor-element-ae1d0e9 elementor-section-boxed elementor-section-height-default elementor-section-height-default\" data-id=\"ae1d0e9\" data-element_type=\"section\" data-e-type=\"section\" data-settings=\"{&quot;background_background&quot;:&quot;classic&quot;}\">\n\t\t\t\t\t\t<div class=\"elementor-container elementor-column-gap-default\">\n\t\t\t\t\t<div class=\"elementor-column elementor-col-100 elementor-top-column elementor-element elementor-element-37dc0515\" data-id=\"37dc0515\" data-element_type=\"column\" data-e-type=\"column\" data-settings=\"{&quot;background_background&quot;:&quot;classic&quot;}\">\n\t\t\t<div class=\"elementor-widget-wrap\">\n\t\t\t\t\t\t\t<\/div>\n\t\t<\/div>\n\t\t\t\t\t<\/div>\n\t\t<\/section>\n\t\t\t\t<\/div>","protected":false},"excerpt":{"rendered":"<p>Lo hemos visto miles de veces en las pel\u00edculas de Hollywood: la inteligencia artificial se rebela contra la humanidad y acaba o con nosotros o con el mundo. Pero, \u00bfqu\u00e9 tan posible puede llegar a ser esto? Seg\u00fan una entrevista que la BBC le realiz\u00f3 al ya fallecido f\u00edsico Stephen Hawking en 2014, este afirm\u00f3 que \u00abel desarrollo de una completa inteligencia artificial (IA) podr\u00eda traducirse en el fin de la raza humana\u00bb.<\/p>","protected":false},"author":1,"featured_media":11768,"comment_status":"closed","ping_status":"closed","sticky":false,"template":"elementor_header_footer","format":"standard","meta":{"footnotes":""},"categories":[162],"tags":[],"class_list":["post-11758","post","type-post","status-publish","format-standard","has-post-thumbnail","hentry","category-sin-categorizar"],"yoast_head":"<!-- This site is optimized with the Yoast SEO Premium plugin v27.4 (Yoast SEO v27.5) - https:\/\/yoast.com\/product\/yoast-seo-premium-wordpress\/ -->\n<title>Inteligencia artificial y el fin del mundo... \u00bfes posible? | The Cloud Group<\/title>\n<meta name=\"robots\" content=\"index, follow, max-snippet:-1, max-image-preview:large, max-video-preview:-1\" \/>\n<link rel=\"canonical\" href=\"https:\/\/thecloud.group\/pt\/inteligencia-artificial-o-fim-do-mundo-3-aspectos\/\" \/>\n<meta property=\"og:locale\" content=\"pt_PT\" \/>\n<meta property=\"og:type\" content=\"article\" \/>\n<meta property=\"og:title\" content=\"Inteligencia artificial y el fin del mundo... \u00bfes posible?\" \/>\n<meta property=\"og:description\" content=\"Lo hemos visto miles de veces en las pel\u00edculas de Hollywood: la inteligencia artificial se rebela contra la humanidad y acaba o con nosotros o con el mundo. Pero, \u00bfqu\u00e9 tan posible puede llegar a ser esto? Seg\u00fan una entrevista que la BBC le realiz\u00f3 al ya fallecido f\u00edsico Stephen Hawking en 2014, este afirm\u00f3 que &quot;el desarrollo de una completa inteligencia artificial (IA) podr\u00eda traducirse en el fin de la raza humana&quot;.\" \/>\n<meta property=\"og:url\" content=\"https:\/\/thecloud.group\/pt\/inteligencia-artificial-o-fim-do-mundo-3-aspectos\/\" \/>\n<meta property=\"og:site_name\" content=\"The Cloud Group\" \/>\n<meta property=\"article:publisher\" content=\"https:\/\/www.facebook.com\/thecloudgroupglobal\" \/>\n<meta property=\"article:published_time\" content=\"2020-11-11T10:00:00+00:00\" \/>\n<meta property=\"article:modified_time\" content=\"2020-12-10T16:16:38+00:00\" \/>\n<meta property=\"og:image\" content=\"https:\/\/thecloud.group\/wp-content\/uploads\/2020\/10\/inteligenciaArtificial.jpg\" \/>\n\t<meta property=\"og:image:width\" content=\"950\" \/>\n\t<meta property=\"og:image:height\" content=\"695\" \/>\n\t<meta property=\"og:image:type\" content=\"image\/jpeg\" \/>\n<meta name=\"author\" content=\"admin\" \/>\n<meta name=\"twitter:card\" content=\"summary_large_image\" \/>\n<meta name=\"twitter:label1\" content=\"Escrito por\" \/>\n\t<meta name=\"twitter:data1\" content=\"admin\" \/>\n\t<meta name=\"twitter:label2\" content=\"Tempo estimado de leitura\" \/>\n\t<meta name=\"twitter:data2\" content=\"4 minutos\" \/>\n<script type=\"application\/ld+json\" class=\"yoast-schema-graph\">{\"@context\":\"https:\\\/\\\/schema.org\",\"@graph\":[{\"@type\":\"Article\",\"@id\":\"https:\\\/\\\/thecloud.group\\\/inteligencia-artificial-el-fin-del-mundo-3-aspectos\\\/#article\",\"isPartOf\":{\"@id\":\"https:\\\/\\\/thecloud.group\\\/inteligencia-artificial-el-fin-del-mundo-3-aspectos\\\/\"},\"author\":{\"name\":\"admin\",\"@id\":\"https:\\\/\\\/thecloud.group\\\/#\\\/schema\\\/person\\\/96af9c910256c8762bee808ba76fc3b3\"},\"headline\":\"Inteligencia artificial y el fin del mundo&#8230; \u00bfes posible?\",\"datePublished\":\"2020-11-11T10:00:00+00:00\",\"dateModified\":\"2020-12-10T16:16:38+00:00\",\"mainEntityOfPage\":{\"@id\":\"https:\\\/\\\/thecloud.group\\\/inteligencia-artificial-el-fin-del-mundo-3-aspectos\\\/\"},\"wordCount\":790,\"publisher\":{\"@id\":\"https:\\\/\\\/thecloud.group\\\/#organization\"},\"image\":{\"@id\":\"https:\\\/\\\/thecloud.group\\\/inteligencia-artificial-el-fin-del-mundo-3-aspectos\\\/#primaryimage\"},\"thumbnailUrl\":\"https:\\\/\\\/thecloud.group\\\/wp-content\\\/uploads\\\/2020\\\/10\\\/inteligenciaArtificial.jpg\",\"articleSection\":[\"Sin categorizar\"],\"inLanguage\":\"pt-PT\"},{\"@type\":\"WebPage\",\"@id\":\"https:\\\/\\\/thecloud.group\\\/inteligencia-artificial-el-fin-del-mundo-3-aspectos\\\/\",\"url\":\"https:\\\/\\\/thecloud.group\\\/inteligencia-artificial-el-fin-del-mundo-3-aspectos\\\/\",\"name\":\"Inteligencia artificial y el fin del mundo... \u00bfes posible? | The Cloud Group\",\"isPartOf\":{\"@id\":\"https:\\\/\\\/thecloud.group\\\/#website\"},\"primaryImageOfPage\":{\"@id\":\"https:\\\/\\\/thecloud.group\\\/inteligencia-artificial-el-fin-del-mundo-3-aspectos\\\/#primaryimage\"},\"image\":{\"@id\":\"https:\\\/\\\/thecloud.group\\\/inteligencia-artificial-el-fin-del-mundo-3-aspectos\\\/#primaryimage\"},\"thumbnailUrl\":\"https:\\\/\\\/thecloud.group\\\/wp-content\\\/uploads\\\/2020\\\/10\\\/inteligenciaArtificial.jpg\",\"datePublished\":\"2020-11-11T10:00:00+00:00\",\"dateModified\":\"2020-12-10T16:16:38+00:00\",\"breadcrumb\":{\"@id\":\"https:\\\/\\\/thecloud.group\\\/inteligencia-artificial-el-fin-del-mundo-3-aspectos\\\/#breadcrumb\"},\"inLanguage\":\"pt-PT\",\"potentialAction\":[{\"@type\":\"ReadAction\",\"target\":[\"https:\\\/\\\/thecloud.group\\\/inteligencia-artificial-el-fin-del-mundo-3-aspectos\\\/\"]}]},{\"@type\":\"ImageObject\",\"inLanguage\":\"pt-PT\",\"@id\":\"https:\\\/\\\/thecloud.group\\\/inteligencia-artificial-el-fin-del-mundo-3-aspectos\\\/#primaryimage\",\"url\":\"https:\\\/\\\/thecloud.group\\\/wp-content\\\/uploads\\\/2020\\\/10\\\/inteligenciaArtificial.jpg\",\"contentUrl\":\"https:\\\/\\\/thecloud.group\\\/wp-content\\\/uploads\\\/2020\\\/10\\\/inteligenciaArtificial.jpg\",\"width\":950,\"height\":695,\"caption\":\"Lo hemos visto miles de veces en las pel\u00edculas de Hollywood: la inteligencia artificial se rebela contra la humanidad y acaba o con nosotros o con el mundo.\"},{\"@type\":\"BreadcrumbList\",\"@id\":\"https:\\\/\\\/thecloud.group\\\/inteligencia-artificial-el-fin-del-mundo-3-aspectos\\\/#breadcrumb\",\"itemListElement\":[{\"@type\":\"ListItem\",\"position\":1,\"name\":\"Home\",\"item\":\"https:\\\/\\\/thecloud.group\\\/\"},{\"@type\":\"ListItem\",\"position\":2,\"name\":\"Inteligencia artificial y el fin del mundo&#8230; \u00bfes posible?\"}]},{\"@type\":\"WebSite\",\"@id\":\"https:\\\/\\\/thecloud.group\\\/#website\",\"url\":\"https:\\\/\\\/thecloud.group\\\/\",\"name\":\"The Cloud Group\",\"description\":\"|\u00a0Holding Internacional de Servicios\",\"publisher\":{\"@id\":\"https:\\\/\\\/thecloud.group\\\/#organization\"},\"potentialAction\":[{\"@type\":\"SearchAction\",\"target\":{\"@type\":\"EntryPoint\",\"urlTemplate\":\"https:\\\/\\\/thecloud.group\\\/?s={search_term_string}\"},\"query-input\":{\"@type\":\"PropertyValueSpecification\",\"valueRequired\":true,\"valueName\":\"search_term_string\"}}],\"inLanguage\":\"pt-PT\"},{\"@type\":\"Organization\",\"@id\":\"https:\\\/\\\/thecloud.group\\\/#organization\",\"name\":\"The Cloud Group - Holding International de Servicios\",\"url\":\"https:\\\/\\\/thecloud.group\\\/\",\"logo\":{\"@type\":\"ImageObject\",\"inLanguage\":\"pt-PT\",\"@id\":\"https:\\\/\\\/thecloud.group\\\/#\\\/schema\\\/logo\\\/image\\\/\",\"url\":\"https:\\\/\\\/thecloud.group\\\/wp-content\\\/uploads\\\/2020\\\/05\\\/logoSmallFirmaCorreo.png\",\"contentUrl\":\"https:\\\/\\\/thecloud.group\\\/wp-content\\\/uploads\\\/2020\\\/05\\\/logoSmallFirmaCorreo.png\",\"width\":300,\"height\":190,\"caption\":\"The Cloud Group - Holding International de Servicios\"},\"image\":{\"@id\":\"https:\\\/\\\/thecloud.group\\\/#\\\/schema\\\/logo\\\/image\\\/\"},\"sameAs\":[\"https:\\\/\\\/www.facebook.com\\\/thecloudgroupglobal\"]},{\"@type\":\"Person\",\"@id\":\"https:\\\/\\\/thecloud.group\\\/#\\\/schema\\\/person\\\/96af9c910256c8762bee808ba76fc3b3\",\"name\":\"admin\",\"image\":{\"@type\":\"ImageObject\",\"inLanguage\":\"pt-PT\",\"@id\":\"https:\\\/\\\/secure.gravatar.com\\\/avatar\\\/4907ac288f1c97f319a5c5097e9024eb489ee94179b3b92b6fa7716b303cdc86?s=96&d=mm&r=g\",\"url\":\"https:\\\/\\\/secure.gravatar.com\\\/avatar\\\/4907ac288f1c97f319a5c5097e9024eb489ee94179b3b92b6fa7716b303cdc86?s=96&d=mm&r=g\",\"contentUrl\":\"https:\\\/\\\/secure.gravatar.com\\\/avatar\\\/4907ac288f1c97f319a5c5097e9024eb489ee94179b3b92b6fa7716b303cdc86?s=96&d=mm&r=g\",\"caption\":\"admin\"},\"sameAs\":[\"https:\\\/\\\/thecloud.group\"]}]}<\/script>\n<!-- \/ Yoast SEO Premium plugin. -->","yoast_head_json":{"title":"Intelig\u00eancia artificial e o fim do mundo... ser\u00e1 poss\u00edvel? | The Cloud Group","robots":{"index":"index","follow":"follow","max-snippet":"max-snippet:-1","max-image-preview":"max-image-preview:large","max-video-preview":"max-video-preview:-1"},"canonical":"https:\/\/thecloud.group\/pt\/inteligencia-artificial-o-fim-do-mundo-3-aspectos\/","og_locale":"pt_PT","og_type":"article","og_title":"Inteligencia artificial y el fin del mundo... \u00bfes posible?","og_description":"Lo hemos visto miles de veces en las pel\u00edculas de Hollywood: la inteligencia artificial se rebela contra la humanidad y acaba o con nosotros o con el mundo. Pero, \u00bfqu\u00e9 tan posible puede llegar a ser esto? Seg\u00fan una entrevista que la BBC le realiz\u00f3 al ya fallecido f\u00edsico Stephen Hawking en 2014, este afirm\u00f3 que \"el desarrollo de una completa inteligencia artificial (IA) podr\u00eda traducirse en el fin de la raza humana\".","og_url":"https:\/\/thecloud.group\/pt\/inteligencia-artificial-o-fim-do-mundo-3-aspectos\/","og_site_name":"The Cloud Group","article_publisher":"https:\/\/www.facebook.com\/thecloudgroupglobal","article_published_time":"2020-11-11T10:00:00+00:00","article_modified_time":"2020-12-10T16:16:38+00:00","og_image":[{"width":950,"height":695,"url":"https:\/\/thecloud.group\/wp-content\/uploads\/2020\/10\/inteligenciaArtificial.jpg","type":"image\/jpeg"}],"author":"admin","twitter_card":"summary_large_image","twitter_misc":{"Escrito por":"admin","Tempo estimado de leitura":"4 minutos"},"schema":{"@context":"https:\/\/schema.org","@graph":[{"@type":"Article","@id":"https:\/\/thecloud.group\/inteligencia-artificial-el-fin-del-mundo-3-aspectos\/#article","isPartOf":{"@id":"https:\/\/thecloud.group\/inteligencia-artificial-el-fin-del-mundo-3-aspectos\/"},"author":{"name":"admin","@id":"https:\/\/thecloud.group\/#\/schema\/person\/96af9c910256c8762bee808ba76fc3b3"},"headline":"Inteligencia artificial y el fin del mundo&#8230; \u00bfes posible?","datePublished":"2020-11-11T10:00:00+00:00","dateModified":"2020-12-10T16:16:38+00:00","mainEntityOfPage":{"@id":"https:\/\/thecloud.group\/inteligencia-artificial-el-fin-del-mundo-3-aspectos\/"},"wordCount":790,"publisher":{"@id":"https:\/\/thecloud.group\/#organization"},"image":{"@id":"https:\/\/thecloud.group\/inteligencia-artificial-el-fin-del-mundo-3-aspectos\/#primaryimage"},"thumbnailUrl":"https:\/\/thecloud.group\/wp-content\/uploads\/2020\/10\/inteligenciaArtificial.jpg","articleSection":["Sin categorizar"],"inLanguage":"pt-PT"},{"@type":"WebPage","@id":"https:\/\/thecloud.group\/inteligencia-artificial-el-fin-del-mundo-3-aspectos\/","url":"https:\/\/thecloud.group\/inteligencia-artificial-el-fin-del-mundo-3-aspectos\/","name":"Intelig\u00eancia artificial e o fim do mundo... ser\u00e1 poss\u00edvel? | The Cloud Group","isPartOf":{"@id":"https:\/\/thecloud.group\/#website"},"primaryImageOfPage":{"@id":"https:\/\/thecloud.group\/inteligencia-artificial-el-fin-del-mundo-3-aspectos\/#primaryimage"},"image":{"@id":"https:\/\/thecloud.group\/inteligencia-artificial-el-fin-del-mundo-3-aspectos\/#primaryimage"},"thumbnailUrl":"https:\/\/thecloud.group\/wp-content\/uploads\/2020\/10\/inteligenciaArtificial.jpg","datePublished":"2020-11-11T10:00:00+00:00","dateModified":"2020-12-10T16:16:38+00:00","breadcrumb":{"@id":"https:\/\/thecloud.group\/inteligencia-artificial-el-fin-del-mundo-3-aspectos\/#breadcrumb"},"inLanguage":"pt-PT","potentialAction":[{"@type":"ReadAction","target":["https:\/\/thecloud.group\/inteligencia-artificial-el-fin-del-mundo-3-aspectos\/"]}]},{"@type":"ImageObject","inLanguage":"pt-PT","@id":"https:\/\/thecloud.group\/inteligencia-artificial-el-fin-del-mundo-3-aspectos\/#primaryimage","url":"https:\/\/thecloud.group\/wp-content\/uploads\/2020\/10\/inteligenciaArtificial.jpg","contentUrl":"https:\/\/thecloud.group\/wp-content\/uploads\/2020\/10\/inteligenciaArtificial.jpg","width":950,"height":695,"caption":"Lo hemos visto miles de veces en las pel\u00edculas de Hollywood: la inteligencia artificial se rebela contra la humanidad y acaba o con nosotros o con el mundo."},{"@type":"BreadcrumbList","@id":"https:\/\/thecloud.group\/inteligencia-artificial-el-fin-del-mundo-3-aspectos\/#breadcrumb","itemListElement":[{"@type":"ListItem","position":1,"name":"Home","item":"https:\/\/thecloud.group\/"},{"@type":"ListItem","position":2,"name":"Inteligencia artificial y el fin del mundo&#8230; \u00bfes posible?"}]},{"@type":"WebSite","@id":"https:\/\/thecloud.group\/#website","url":"https:\/\/thecloud.group\/","name":"O Grupo Cloud","description":"| Holding de Servi\u00e7os Internacionais","publisher":{"@id":"https:\/\/thecloud.group\/#organization"},"potentialAction":[{"@type":"SearchAction","target":{"@type":"EntryPoint","urlTemplate":"https:\/\/thecloud.group\/?s={search_term_string}"},"query-input":{"@type":"PropertyValueSpecification","valueRequired":true,"valueName":"search_term_string"}}],"inLanguage":"pt-PT"},{"@type":"Organization","@id":"https:\/\/thecloud.group\/#organization","name":"The Cloud Group - Holding de Servi\u00e7os Internacionais","url":"https:\/\/thecloud.group\/","logo":{"@type":"ImageObject","inLanguage":"pt-PT","@id":"https:\/\/thecloud.group\/#\/schema\/logo\/image\/","url":"https:\/\/thecloud.group\/wp-content\/uploads\/2020\/05\/logoSmallFirmaCorreo.png","contentUrl":"https:\/\/thecloud.group\/wp-content\/uploads\/2020\/05\/logoSmallFirmaCorreo.png","width":300,"height":190,"caption":"The Cloud Group - Holding International de Servicios"},"image":{"@id":"https:\/\/thecloud.group\/#\/schema\/logo\/image\/"},"sameAs":["https:\/\/www.facebook.com\/thecloudgroupglobal"]},{"@type":"Person","@id":"https:\/\/thecloud.group\/#\/schema\/person\/96af9c910256c8762bee808ba76fc3b3","name":"administrador","image":{"@type":"ImageObject","inLanguage":"pt-PT","@id":"https:\/\/secure.gravatar.com\/avatar\/4907ac288f1c97f319a5c5097e9024eb489ee94179b3b92b6fa7716b303cdc86?s=96&d=mm&r=g","url":"https:\/\/secure.gravatar.com\/avatar\/4907ac288f1c97f319a5c5097e9024eb489ee94179b3b92b6fa7716b303cdc86?s=96&d=mm&r=g","contentUrl":"https:\/\/secure.gravatar.com\/avatar\/4907ac288f1c97f319a5c5097e9024eb489ee94179b3b92b6fa7716b303cdc86?s=96&d=mm&r=g","caption":"admin"},"sameAs":["https:\/\/thecloud.group"]}]}},"_links":{"self":[{"href":"https:\/\/thecloud.group\/pt\/wp-json\/wp\/v2\/posts\/11758","targetHints":{"allow":["GET"]}}],"collection":[{"href":"https:\/\/thecloud.group\/pt\/wp-json\/wp\/v2\/posts"}],"about":[{"href":"https:\/\/thecloud.group\/pt\/wp-json\/wp\/v2\/types\/post"}],"author":[{"embeddable":true,"href":"https:\/\/thecloud.group\/pt\/wp-json\/wp\/v2\/users\/1"}],"replies":[{"embeddable":true,"href":"https:\/\/thecloud.group\/pt\/wp-json\/wp\/v2\/comments?post=11758"}],"version-history":[{"count":17,"href":"https:\/\/thecloud.group\/pt\/wp-json\/wp\/v2\/posts\/11758\/revisions"}],"predecessor-version":[{"id":13202,"href":"https:\/\/thecloud.group\/pt\/wp-json\/wp\/v2\/posts\/11758\/revisions\/13202"}],"wp:featuredmedia":[{"embeddable":true,"href":"https:\/\/thecloud.group\/pt\/wp-json\/wp\/v2\/media\/11768"}],"wp:attachment":[{"href":"https:\/\/thecloud.group\/pt\/wp-json\/wp\/v2\/media?parent=11758"}],"wp:term":[{"taxonomy":"category","embeddable":true,"href":"https:\/\/thecloud.group\/pt\/wp-json\/wp\/v2\/categories?post=11758"},{"taxonomy":"post_tag","embeddable":true,"href":"https:\/\/thecloud.group\/pt\/wp-json\/wp\/v2\/tags?post=11758"}],"curies":[{"name":"wp","href":"https:\/\/api.w.org\/{rel}","templated":true}]}}