{"id":28341,"date":"2026-02-05T20:00:09","date_gmt":"2026-02-05T20:00:09","guid":{"rendered":"https:\/\/thecloud.group\/?p=28341"},"modified":"2026-02-05T20:11:41","modified_gmt":"2026-02-05T20:11:41","slug":"il-progresso-economico-tra-la-guinea-equatoriale-e-il-camerun-rappresenta-unopportunita-strategica-per-lintera-regione","status":"publish","type":"post","link":"https:\/\/thecloud.group\/it\/los-avances-economicos-entre-guinea-ecuatorial-y-camerun-una-oportunidad-estrategica-para-toda-la-region\/","title":{"rendered":"Progresso economico tra Guinea Equatoriale e Camerun: un&#039;opportunit\u00e0 strategica per l&#039;intera regione."},"content":{"rendered":"<div data-elementor-type=\"wp-post\" data-elementor-id=\"28341\" class=\"elementor elementor-28341\" data-elementor-post-type=\"post\">\n\t\t\t\t\t\t<section class=\"elementor-section elementor-top-section elementor-element elementor-element-376e7ba3 elementor-section-stretched elementor-section-boxed elementor-section-height-default elementor-section-height-default\" data-id=\"376e7ba3\" data-element_type=\"section\" data-e-type=\"section\" data-settings=\"{&quot;stretch_section&quot;:&quot;section-stretched&quot;,&quot;background_background&quot;:&quot;classic&quot;}\">\n\t\t\t\t\t\t\t<div class=\"elementor-background-overlay\"><\/div>\n\t\t\t\t\t\t\t<div class=\"elementor-container elementor-column-gap-default\">\n\t\t\t\t\t<div class=\"elementor-column elementor-col-100 elementor-top-column elementor-element elementor-element-282dfd6e\" data-id=\"282dfd6e\" data-element_type=\"column\" data-e-type=\"column\" data-settings=\"{&quot;background_background&quot;:&quot;classic&quot;}\">\n\t\t\t<div class=\"elementor-widget-wrap elementor-element-populated\">\n\t\t\t\t\t\t<div class=\"elementor-element elementor-element-1f031e5a elementor-widget elementor-widget-image\" data-id=\"1f031e5a\" data-element_type=\"widget\" data-e-type=\"widget\" data-widget_type=\"image.default\">\n\t\t\t\t<div class=\"elementor-widget-container\">\n\t\t\t\t\t\t\t\t\t\t\t\t\t\t\t<img decoding=\"async\" src=\"https:\/\/thecloud.group\/wp-content\/uploads\/elementor\/thumbs\/logo-pd8scx7e21qrxkwrdlcuh7c8eeq4vmzqsjri81k6ps.png\" title=\"logo\" alt=\"logo\" loading=\"lazy\" \/>\t\t\t\t\t\t\t\t\t\t\t\t\t\t\t<\/div>\n\t\t\t\t<\/div>\n\t\t\t\t<section class=\"elementor-section elementor-inner-section elementor-element elementor-element-6cb5a9a0 elementor-section-boxed elementor-section-height-default elementor-section-height-default\" data-id=\"6cb5a9a0\" data-element_type=\"section\" data-e-type=\"section\">\n\t\t\t\t\t\t<div class=\"elementor-container elementor-column-gap-default\">\n\t\t\t\t\t<div class=\"elementor-column elementor-col-33 elementor-inner-column elementor-element elementor-element-13ae91dd\" data-id=\"13ae91dd\" data-element_type=\"column\" data-e-type=\"column\">\n\t\t\t<div class=\"elementor-widget-wrap\">\n\t\t\t\t\t\t\t<\/div>\n\t\t<\/div>\n\t\t\t\t<div class=\"elementor-column elementor-col-33 elementor-inner-column elementor-element elementor-element-18a53d0b\" data-id=\"18a53d0b\" data-element_type=\"column\" data-e-type=\"column\">\n\t\t\t<div class=\"elementor-widget-wrap elementor-element-populated\">\n\t\t\t\t\t\t<div class=\"elementor-element elementor-element-5afb5859 elementor-widget elementor-widget-heading\" data-id=\"5afb5859\" data-element_type=\"widget\" data-e-type=\"widget\" data-widget_type=\"heading.default\">\n\t\t\t\t<div class=\"elementor-widget-container\">\n\t\t\t\t\t<h1 class=\"elementor-heading-title elementor-size-default\">Progresso economico tra Guinea Equatoriale e Camerun: un&#039;opportunit\u00e0 strategica per l&#039;intera regione.<\/h1>\t\t\t\t<\/div>\n\t\t\t\t<\/div>\n\t\t\t\t\t<\/div>\n\t\t<\/div>\n\t\t\t\t<div class=\"elementor-column elementor-col-33 elementor-inner-column elementor-element elementor-element-395a2c18\" data-id=\"395a2c18\" data-element_type=\"column\" data-e-type=\"column\">\n\t\t\t<div class=\"elementor-widget-wrap\">\n\t\t\t\t\t\t\t<\/div>\n\t\t<\/div>\n\t\t\t\t\t<\/div>\n\t\t<\/section>\n\t\t\t\t<section class=\"elementor-section elementor-inner-section elementor-element elementor-element-a6d2174 elementor-section-boxed elementor-section-height-default elementor-section-height-default\" data-id=\"a6d2174\" data-element_type=\"section\" data-e-type=\"section\">\n\t\t\t\t\t\t<div class=\"elementor-container elementor-column-gap-default\">\n\t\t\t\t\t<div class=\"elementor-column elementor-col-25 elementor-inner-column elementor-element elementor-element-3f865388\" data-id=\"3f865388\" data-element_type=\"column\" data-e-type=\"column\">\n\t\t\t<div class=\"elementor-widget-wrap\">\n\t\t\t\t\t\t\t<\/div>\n\t\t<\/div>\n\t\t\t\t<div class=\"elementor-column elementor-col-25 elementor-inner-column elementor-element elementor-element-496c9107\" data-id=\"496c9107\" data-element_type=\"column\" data-e-type=\"column\">\n\t\t\t<div class=\"elementor-widget-wrap\">\n\t\t\t\t\t\t\t<\/div>\n\t\t<\/div>\n\t\t\t\t<div class=\"elementor-column elementor-col-25 elementor-inner-column elementor-element elementor-element-632a6465\" data-id=\"632a6465\" data-element_type=\"column\" data-e-type=\"column\">\n\t\t\t<div class=\"elementor-widget-wrap\">\n\t\t\t\t\t\t\t<\/div>\n\t\t<\/div>\n\t\t\t\t<div class=\"elementor-column elementor-col-25 elementor-inner-column elementor-element elementor-element-2293a1de\" data-id=\"2293a1de\" data-element_type=\"column\" data-e-type=\"column\">\n\t\t\t<div class=\"elementor-widget-wrap\">\n\t\t\t\t\t\t\t<\/div>\n\t\t<\/div>\n\t\t\t\t\t<\/div>\n\t\t<\/section>\n\t\t\t\t\t<\/div>\n\t\t<\/div>\n\t\t\t\t\t<\/div>\n\t\t<\/section>\n\t\t\t\t<section class=\"elementor-section elementor-top-section elementor-element elementor-element-2f9856da elementor-section-boxed elementor-section-height-default elementor-section-height-default\" data-id=\"2f9856da\" data-element_type=\"section\" data-e-type=\"section\">\n\t\t\t\t\t\t<div class=\"elementor-container elementor-column-gap-default\">\n\t\t\t\t\t<div class=\"elementor-column elementor-col-100 elementor-top-column elementor-element elementor-element-12b89ad8\" data-id=\"12b89ad8\" data-element_type=\"column\" data-e-type=\"column\">\n\t\t\t<div class=\"elementor-widget-wrap elementor-element-populated\">\n\t\t\t\t\t\t<div class=\"elementor-element elementor-element-32209c27 elementor-widget elementor-widget-text-editor\" data-id=\"32209c27\" data-element_type=\"widget\" data-e-type=\"widget\" data-widget_type=\"text-editor.default\">\n\t\t\t\t<div class=\"elementor-widget-container\">\n\t\t\t\t\t\t\t\t\t<p data-start=\"385\" data-end=\"742\">Recenti progressi economici e accordi di cooperazione tra <strong data-start=\"450\" data-end=\"481\">Guinea Equatoriale e Camerun<\/strong> Essi segnano un punto di svolta per lo sviluppo dell&#039;Africa centrale. Non si tratta solo di accordi bilaterali o progetti energetici condivisi, ma di un <strong data-start=\"646\" data-end=\"741\">un chiaro segno di maturit\u00e0 istituzionale, visione strategica e volont\u00e0 di crescere insieme<\/strong>.<\/p><p data-start=\"744\" data-end=\"1073\">Quando due Paesi si impegnano a collaborare in settori chiave come l&#039;energia, le infrastrutture e gli investimenti internazionali, l&#039;impatto si estende ben oltre i loro confini. Queste decisioni rafforzano la stabilit\u00e0 regionale, accrescono la fiducia del mercato e creano un ambiente pi\u00f9 favorevole allo sviluppo economico sostenibile.<\/p><p data-start=\"1075\" data-end=\"1179\">Oggi pi\u00f9 che mai, il progresso della Guinea Equatoriale e del Camerun \u00e8 anche il progresso dell&#039;intera regione.<\/p>\t\t\t\t\t\t\t\t<\/div>\n\t\t\t\t<\/div>\n\t\t\t\t<div class=\"elementor-element elementor-element-dff5a6f elementor-widget elementor-widget-heading\" data-id=\"dff5a6f\" data-element_type=\"widget\" data-e-type=\"widget\" data-widget_type=\"heading.default\">\n\t\t\t\t<div class=\"elementor-widget-container\">\n\t\t\t\t\t<h2 class=\"elementor-heading-title elementor-size-default\">La cooperazione regionale come motore di crescita sostenibile<\/h2>\t\t\t\t<\/div>\n\t\t\t\t<\/div>\n\t\t\t\t<div class=\"elementor-element elementor-element-8c34bb9 elementor-widget elementor-widget-text-editor\" data-id=\"8c34bb9\" data-element_type=\"widget\" data-e-type=\"widget\" data-widget_type=\"text-editor.default\">\n\t\t\t\t<div class=\"elementor-widget-container\">\n\t\t\t\t\t\t\t\t\t<p data-start=\"1248\" data-end=\"1523\">La cooperazione tra paesi confinanti consente l&#039;ottimizzazione delle risorse, la condivisione delle conoscenze e un&#039;attrazione pi\u00f9 efficace degli investimenti esteri. Nel caso della Guinea Equatoriale e del Camerun, questa alleanza rappresenta un&#039;opportunit\u00e0 per consolidare un modello di crescita basato su:<\/p><ul data-start=\"1525\" data-end=\"1736\"><li data-start=\"1525\" data-end=\"1582\"><p data-start=\"1527\" data-end=\"1582\">Uso responsabile delle risorse naturali<\/p><\/li><li data-start=\"1583\" data-end=\"1626\"><p data-start=\"1585\" data-end=\"1626\">Rafforzare l&#039;economia regionale<\/p><\/li><li data-start=\"1627\" data-end=\"1681\"><p data-start=\"1629\" data-end=\"1681\">Creazione di posti di lavoro e trasferimento di conoscenze<\/p><\/li><li data-start=\"1682\" data-end=\"1736\"><p data-start=\"1684\" data-end=\"1736\">Attrarre investimenti internazionali a lungo termine<\/p><\/li><\/ul><p data-start=\"1738\" data-end=\"1955\">Questi tipi di accordi non solo danno impulso ai settori tradizionali come quello energetico, ma aprono anche le porte a uno sviluppo pi\u00f9 ampio che comprende tecnologia, innovazione, formazione e modernizzazione dei processi produttivi.<\/p>\t\t\t\t\t\t\t\t<\/div>\n\t\t\t\t<\/div>\n\t\t\t\t<section class=\"elementor-section elementor-inner-section elementor-element elementor-element-30fd7bef elementor-section-boxed elementor-section-height-default elementor-section-height-default\" data-id=\"30fd7bef\" data-element_type=\"section\" data-e-type=\"section\">\n\t\t\t\t\t\t<div class=\"elementor-container elementor-column-gap-default\">\n\t\t\t\t\t<div class=\"elementor-column elementor-col-50 elementor-inner-column elementor-element elementor-element-826ab8a\" data-id=\"826ab8a\" data-element_type=\"column\" data-e-type=\"column\">\n\t\t\t<div class=\"elementor-widget-wrap elementor-element-populated\">\n\t\t\t\t\t\t<div class=\"elementor-element elementor-element-d10199a elementor-widget__width-initial elementor-widget elementor-widget-image\" data-id=\"d10199a\" data-element_type=\"widget\" data-e-type=\"widget\" data-widget_type=\"image.default\">\n\t\t\t\t<div class=\"elementor-widget-container\">\n\t\t\t\t\t\t\t\t\t\t\t\t\t\t\t<img fetchpriority=\"high\" decoding=\"async\" width=\"800\" height=\"1000\" src=\"https:\/\/thecloud.group\/wp-content\/uploads\/2026\/02\/tcg-15-819x1024.png\" class=\"elementor-animation-hang attachment-large size-large wp-image-28344\" alt=\"\" srcset=\"https:\/\/thecloud.group\/wp-content\/uploads\/2026\/02\/tcg-15-819x1024.png 819w, https:\/\/thecloud.group\/wp-content\/uploads\/2026\/02\/tcg-15-240x300.png 240w, https:\/\/thecloud.group\/wp-content\/uploads\/2026\/02\/tcg-15-768x960.png 768w, https:\/\/thecloud.group\/wp-content\/uploads\/2026\/02\/tcg-15-10x12.png 10w, https:\/\/thecloud.group\/wp-content\/uploads\/2026\/02\/tcg-15.png 1080w\" sizes=\"(max-width: 800px) 100vw, 800px\" \/>\t\t\t\t\t\t\t\t\t\t\t\t\t\t\t<\/div>\n\t\t\t\t<\/div>\n\t\t\t\t\t<\/div>\n\t\t<\/div>\n\t\t\t\t<div class=\"elementor-column elementor-col-50 elementor-inner-column elementor-element elementor-element-54308f1a\" data-id=\"54308f1a\" data-element_type=\"column\" data-e-type=\"column\">\n\t\t\t<div class=\"elementor-widget-wrap elementor-element-populated\">\n\t\t\t\t\t\t<div class=\"elementor-element elementor-element-561f661 elementor-widget elementor-widget-heading\" data-id=\"561f661\" data-element_type=\"widget\" data-e-type=\"widget\" data-widget_type=\"heading.default\">\n\t\t\t\t<div class=\"elementor-widget-container\">\n\t\t\t\t\t<h2 class=\"elementor-heading-title elementor-size-default\">Il ruolo chiave della trasformazione digitale nello sviluppo economico<\/h2>\t\t\t\t<\/div>\n\t\t\t\t<\/div>\n\t\t\t\t<div class=\"elementor-element elementor-element-4ec288ca elementor-widget elementor-widget-text-editor\" data-id=\"4ec288ca\" data-element_type=\"widget\" data-e-type=\"widget\" data-widget_type=\"text-editor.default\">\n\t\t\t\t<div class=\"elementor-widget-container\">\n\t\t\t\t\t\t\t\t\t<p data-start=\"2037\" data-end=\"2332\">Nel contesto attuale, <strong data-start=\"2060\" data-end=\"2132\">Non esiste sviluppo economico sostenibile senza trasformazione digitale.<\/strong>. La digitalizzazione \u00e8 diventata un pilastro fondamentale per migliorare l&#039;efficienza delle istituzioni, modernizzare le imprese e rafforzare la competitivit\u00e0 dei paesi in un contesto globale.<\/p><p data-start=\"2334\" data-end=\"2368\">La trasformazione digitale consente:<\/p><ul data-start=\"2370\" data-end=\"2637\"><li data-start=\"2370\" data-end=\"2424\"><p data-start=\"2372\" data-end=\"2424\">Ottimizzare i processi amministrativi e aziendali<\/p><\/li><li data-start=\"2425\" data-end=\"2471\"><p data-start=\"2427\" data-end=\"2471\">Migliorare la trasparenza e la tracciabilit\u00e0<\/p><\/li><li data-start=\"2472\" data-end=\"2524\"><p data-start=\"2474\" data-end=\"2524\">Facilitare il processo decisionale basato sui dati<\/p><\/li><li data-start=\"2525\" data-end=\"2569\"><p data-start=\"2527\" data-end=\"2569\">Promuovere l&#039;innovazione tecnologica locale<\/p><\/li><li data-start=\"2570\" data-end=\"2637\"><p data-start=\"2572\" data-end=\"2637\">Preparare i paesi a competere sui mercati internazionali<\/p><\/li><\/ul><p data-start=\"2639\" data-end=\"2788\">Per le economie emergenti, la digitalizzazione non \u00e8 solo un vantaggio competitivo: \u00e8 un <strong data-start=\"2731\" data-end=\"2787\">strumento strategico per la crescita e la stabilit\u00e0<\/strong>.<\/p>\t\t\t\t\t\t\t\t<\/div>\n\t\t\t\t<\/div>\n\t\t\t\t\t<\/div>\n\t\t<\/div>\n\t\t\t\t\t<\/div>\n\t\t<\/section>\n\t\t\t\t<div class=\"elementor-element elementor-element-cdba2fb elementor-widget elementor-widget-heading\" data-id=\"cdba2fb\" data-element_type=\"widget\" data-e-type=\"widget\" data-widget_type=\"heading.default\">\n\t\t\t\t<div class=\"elementor-widget-container\">\n\t\t\t\t\t<h2 class=\"elementor-heading-title elementor-size-default\">Il Gruppo Cloud e il suo impegno in Guinea Equatoriale<\/h2>\t\t\t\t<\/div>\n\t\t\t\t<\/div>\n\t\t\t\t<section class=\"elementor-section elementor-inner-section elementor-element elementor-element-7bd42c5 elementor-section-boxed elementor-section-height-default elementor-section-height-default\" data-id=\"7bd42c5\" data-element_type=\"section\" data-e-type=\"section\">\n\t\t\t\t\t\t<div class=\"elementor-container elementor-column-gap-default\">\n\t\t\t\t\t<div class=\"elementor-column elementor-col-50 elementor-inner-column elementor-element elementor-element-50c25f4\" data-id=\"50c25f4\" data-element_type=\"column\" data-e-type=\"column\">\n\t\t\t<div class=\"elementor-widget-wrap elementor-element-populated\">\n\t\t\t\t\t\t<div class=\"elementor-element elementor-element-a922a20 elementor-widget elementor-widget-image\" data-id=\"a922a20\" data-element_type=\"widget\" data-e-type=\"widget\" data-widget_type=\"image.default\">\n\t\t\t\t<div class=\"elementor-widget-container\">\n\t\t\t\t\t\t\t\t\t\t\t\t\t\t\t<img decoding=\"async\" width=\"212\" height=\"212\" src=\"https:\/\/thecloud.group\/wp-content\/uploads\/2021\/09\/logo.png\" class=\"elementor-animation-hang attachment-large size-large wp-image-16052\" alt=\"\" srcset=\"https:\/\/thecloud.group\/wp-content\/uploads\/2021\/09\/logo.png 212w, https:\/\/thecloud.group\/wp-content\/uploads\/2021\/09\/logo-150x150.png 150w, https:\/\/thecloud.group\/wp-content\/uploads\/2021\/09\/logo-12x12.png 12w\" sizes=\"(max-width: 212px) 100vw, 212px\" \/>\t\t\t\t\t\t\t\t\t\t\t\t\t\t\t<\/div>\n\t\t\t\t<\/div>\n\t\t\t\t\t<\/div>\n\t\t<\/div>\n\t\t\t\t<div class=\"elementor-column elementor-col-50 elementor-inner-column elementor-element elementor-element-827e335\" data-id=\"827e335\" data-element_type=\"column\" data-e-type=\"column\">\n\t\t\t<div class=\"elementor-widget-wrap elementor-element-populated\">\n\t\t\t\t\t\t<div class=\"elementor-element elementor-element-56a7526 elementor-widget elementor-widget-text-editor\" data-id=\"56a7526\" data-element_type=\"widget\" data-e-type=\"widget\" data-widget_type=\"text-editor.default\">\n\t\t\t\t<div class=\"elementor-widget-container\">\n\t\t\t\t\t\t\t\t\t<p data-start=\"2853\" data-end=\"3215\">Per <strong data-start=\"2858\" data-end=\"2899\"><span class=\"hover:entity-accent entity-underline inline cursor-pointer align-baseline\"><span class=\"whitespace-normal\">Il Gruppo Cloud<\/span><\/span><\/strong>, Il progresso economico della Guinea Equatoriale riveste un&#039;importanza particolare. La nostra presenza nel Paese non \u00e8 n\u00e9 recente n\u00e9 superficiale. Collaboriamo con loro da anni. <strong data-start=\"3066\" data-end=\"3096\">struttura operativa locale<\/strong>, squadre sul campo e partecipazione attiva a progetti di <strong data-start=\"3163\" data-end=\"3214\">Trasformazione digitale e sviluppo tecnologico<\/strong>.<\/p><p data-start=\"3217\" data-end=\"3392\">Non seguiamo la crescita da lontano.<br \/>Noi lavoriamo <strong data-start=\"3278\" data-end=\"3294\">dall&#039;interno<\/strong>, Comprendere il contesto locale, le sfide reali e le opportunit\u00e0 di sviluppo a lungo termine.<\/p><p data-start=\"3394\" data-end=\"3584\">Questo approccio ci ha permesso di contribuire direttamente alla modernizzazione dei processi, all&#039;implementazione di soluzioni tecnologiche e al rafforzamento dell&#039;ecosistema digitale del Paese.<\/p>\t\t\t\t\t\t\t\t<\/div>\n\t\t\t\t<\/div>\n\t\t\t\t\t<\/div>\n\t\t<\/div>\n\t\t\t\t\t<\/div>\n\t\t<\/section>\n\t\t\t\t<section class=\"elementor-section elementor-inner-section elementor-element elementor-element-57e4765 elementor-section-boxed elementor-section-height-default elementor-section-height-default\" data-id=\"57e4765\" data-element_type=\"section\" data-e-type=\"section\">\n\t\t\t\t\t\t<div class=\"elementor-container elementor-column-gap-default\">\n\t\t\t\t\t<div class=\"elementor-column elementor-col-50 elementor-inner-column elementor-element elementor-element-728c7d8\" data-id=\"728c7d8\" data-element_type=\"column\" data-e-type=\"column\">\n\t\t\t<div class=\"elementor-widget-wrap elementor-element-populated\">\n\t\t\t\t\t\t<div class=\"elementor-element elementor-element-0c7d662 elementor-widget elementor-widget-heading\" data-id=\"0c7d662\" data-element_type=\"widget\" data-e-type=\"widget\" data-widget_type=\"heading.default\">\n\t\t\t\t<div class=\"elementor-widget-container\">\n\t\t\t\t\t<h2 class=\"elementor-heading-title elementor-size-default\">Sviluppo tecnologico con un impatto reale<\/h2>\t\t\t\t<\/div>\n\t\t\t\t<\/div>\n\t\t\t\t<div class=\"elementor-element elementor-element-f60b027 elementor-widget elementor-widget-text-editor\" data-id=\"f60b027\" data-element_type=\"widget\" data-e-type=\"widget\" data-widget_type=\"text-editor.default\">\n\t\t\t\t<div class=\"elementor-widget-container\">\n\t\t\t\t\t\t\t\t\t<p data-start=\"3635\" data-end=\"3862\">La nostra visione dello sviluppo tecnologico va oltre l&#039;implementazione degli strumenti. Crediamo in una trasformazione digitale che ha <strong data-start=\"3775\" data-end=\"3791\">impatto reale<\/strong>, che genera valore sostenibile e rafforza le capacit\u00e0 locali.<\/p><p data-start=\"3864\" data-end=\"3877\">Ci\u00f2 implica:<\/p>\t\t\t\t\t\t\t\t<\/div>\n\t\t\t\t<\/div>\n\t\t\t\t\t<\/div>\n\t\t<\/div>\n\t\t\t\t<div class=\"elementor-column elementor-col-50 elementor-inner-column elementor-element elementor-element-7500c37\" data-id=\"7500c37\" data-element_type=\"column\" data-e-type=\"column\">\n\t\t\t<div class=\"elementor-widget-wrap elementor-element-populated\">\n\t\t\t\t\t\t<div class=\"elementor-element elementor-element-8ec8f09 elementor-widget elementor-widget-text-editor\" data-id=\"8ec8f09\" data-element_type=\"widget\" data-e-type=\"widget\" data-widget_type=\"text-editor.default\">\n\t\t\t\t<div class=\"elementor-widget-container\">\n\t\t\t\t\t\t\t\t\t<ul data-start=\"3879\" data-end=\"4171\"><li data-start=\"3879\" data-end=\"3945\"><p data-start=\"3881\" data-end=\"3945\">Progettare soluzioni tecnologiche adattate al contesto del paese.<\/p><\/li><li data-start=\"3946\" data-end=\"4004\"><p data-start=\"3948\" data-end=\"4004\">Supportare le organizzazioni nella loro evoluzione digitale<\/p><\/li><li data-start=\"4005\" data-end=\"4052\"><p data-start=\"4007\" data-end=\"4052\">Investire nella formazione e nei talenti locali<\/p><\/li><li data-start=\"4053\" data-end=\"4114\"><p data-start=\"4055\" data-end=\"4114\">Creazione di infrastrutture digitali robuste e scalabili<\/p><\/li><li data-start=\"4115\" data-end=\"4171\"><p data-start=\"4117\" data-end=\"4171\">Promuovere una cultura dell&#039;innovazione e del miglioramento continuo<\/p><\/li><\/ul><p data-start=\"4173\" data-end=\"4339\">La tecnologia, se implementata strategicamente, diventa un catalizzatore per la crescita economica, l&#039;efficienza istituzionale e la competitivit\u00e0 regionale.<\/p>\t\t\t\t\t\t\t\t<\/div>\n\t\t\t\t<\/div>\n\t\t\t\t\t<\/div>\n\t\t<\/div>\n\t\t\t\t\t<\/div>\n\t\t<\/section>\n\t\t\t\t<div class=\"elementor-element elementor-element-b612313 elementor-widget elementor-widget-heading\" data-id=\"b612313\" data-element_type=\"widget\" data-e-type=\"widget\" data-widget_type=\"heading.default\">\n\t\t\t\t<div class=\"elementor-widget-container\">\n\t\t\t\t\t<h2 class=\"elementor-heading-title elementor-size-default\">Investire nel futuro digitale della regione<\/h2>\t\t\t\t<\/div>\n\t\t\t\t<\/div>\n\t\t\t\t<div class=\"elementor-element elementor-element-ce044d9 elementor-widget elementor-widget-text-editor\" data-id=\"ce044d9\" data-element_type=\"widget\" data-e-type=\"widget\" data-widget_type=\"text-editor.default\">\n\t\t\t\t<div class=\"elementor-widget-container\">\n\t\t\t\t\t\t\t\t\t<p data-start=\"4393\" data-end=\"4627\">Gli accordi economici tra la Guinea Equatoriale e il Camerun inaugurano una nuova era per la regione. Un&#039;era in cui la crescita energetica, la cooperazione internazionale e la trasformazione digitale devono procedere in modo coordinato.<\/p><p data-start=\"4629\" data-end=\"4780\">Noi di The Cloud Group continuiamo a credere in questa visione per il futuro:<br \/>una regione pi\u00f9 connessa, pi\u00f9 efficiente e meglio preparata ad affrontare le sfide globali.<\/p><p data-start=\"4782\" data-end=\"4915\">Il nostro impegno non \u00e8 temporaneo.<br \/>Si tratta di un impegno a lungo termine per lo sviluppo tecnologico, l&#039;innovazione e il progresso sostenibile.<\/p>\t\t\t\t\t\t\t\t<\/div>\n\t\t\t\t<\/div>\n\t\t\t\t<div class=\"elementor-element elementor-element-64792c2 elementor-widget elementor-widget-heading\" data-id=\"64792c2\" data-element_type=\"widget\" data-e-type=\"widget\" data-widget_type=\"heading.default\">\n\t\t\t\t<div class=\"elementor-widget-container\">\n\t\t\t\t\t<h2 class=\"elementor-heading-title elementor-size-default\">Guardando al futuro<\/h2>\t\t\t\t<\/div>\n\t\t\t\t<\/div>\n\t\t\t\t<div class=\"elementor-element elementor-element-b3f5b10 elementor-widget elementor-widget-text-editor\" data-id=\"b3f5b10\" data-element_type=\"widget\" data-e-type=\"widget\" data-widget_type=\"text-editor.default\">\n\t\t\t\t<div class=\"elementor-widget-container\">\n\t\t\t\t\t\t\t\t\t<p data-start=\"4949\" data-end=\"5184\">Il futuro dell&#039;Africa centrale dipende dalla cooperazione, dalla stabilit\u00e0 e dalla modernizzazione. Il progresso economico odierno \u00e8 il fondamento dello sviluppo di domani e la trasformazione digitale sar\u00e0 un fattore chiave di questo processo.<\/p><p data-start=\"5186\" data-end=\"5313\">Continuiamo a credere nella Guinea Equatoriale.<br data-start=\"5225\" data-end=\"5228\" \/>Continuiamo a lavorare dall&#039;interno.<br data-start=\"5261\" data-end=\"5264\" \/>Continuiamo a investire nel tuo futuro digitale.<\/p>\t\t\t\t\t\t\t\t<\/div>\n\t\t\t\t<\/div>\n\t\t\t\t\t<\/div>\n\t\t<\/div>\n\t\t\t\t\t<\/div>\n\t\t<\/section>\n\t\t\t\t<\/div>","protected":false},"excerpt":{"rendered":"<p>Nel vasto panorama digitale del XXI secolo, la sicurezza \u00e8 la pietra angolare di qualsiasi attivit\u00e0 commerciale. Le vulnerabilit\u00e0 della sicurezza informatica non fanno distinzione tra colossi aziendali e promettenti startup.<\/p>","protected":false},"author":20,"featured_media":28330,"comment_status":"closed","ping_status":"closed","sticky":false,"template":"elementor_header_footer","format":"standard","meta":{"footnotes":""},"categories":[1],"tags":[843],"class_list":["post-28341","post","type-post","status-publish","format-standard","has-post-thumbnail","hentry","category-sin-categoria","tag-deuda-tecnica"],"yoast_head":"<!-- This site is optimized with the Yoast SEO Premium plugin v27.4 (Yoast SEO v27.5) - https:\/\/yoast.com\/product\/yoast-seo-premium-wordpress\/ -->\n<title>Los avances econ\u00f3micos entre Guinea Ecuatorial y Camer\u00fan: una oportunidad estrat\u00e9gica para toda la regi\u00f3n | The Cloud Group<\/title>\n<meta name=\"robots\" content=\"index, follow, max-snippet:-1, max-image-preview:large, max-video-preview:-1\" \/>\n<link rel=\"canonical\" href=\"https:\/\/thecloud.group\/it\/il-progresso-economico-tra-la-guinea-equatoriale-e-il-camerun-rappresenta-unopportunita-strategica-per-lintera-regione\/\" \/>\n<meta property=\"og:locale\" content=\"it_IT\" \/>\n<meta property=\"og:type\" content=\"article\" \/>\n<meta property=\"og:title\" content=\"Los avances econ\u00f3micos entre Guinea Ecuatorial y Camer\u00fan: una oportunidad estrat\u00e9gica para toda la regi\u00f3n\" \/>\n<meta property=\"og:description\" content=\"En el vasto paisaje digital del siglo XXI, la seguridad es la piedra angular de cualquier empresa. La vulnerabilidad cibern\u00e9tica no distingue entre gigantes corporativos y startups prometedoras.\" \/>\n<meta property=\"og:url\" content=\"https:\/\/thecloud.group\/it\/il-progresso-economico-tra-la-guinea-equatoriale-e-il-camerun-rappresenta-unopportunita-strategica-per-lintera-regione\/\" \/>\n<meta property=\"og:site_name\" content=\"The Cloud Group\" \/>\n<meta property=\"article:publisher\" content=\"https:\/\/www.facebook.com\/thecloudgroupglobal\" \/>\n<meta property=\"article:published_time\" content=\"2026-02-05T20:00:09+00:00\" \/>\n<meta property=\"article:modified_time\" content=\"2026-02-05T20:11:41+00:00\" \/>\n<meta property=\"og:image\" content=\"https:\/\/thecloud.group\/wp-content\/uploads\/2026\/01\/arquitectura.png\" \/>\n\t<meta property=\"og:image:width\" content=\"1024\" \/>\n\t<meta property=\"og:image:height\" content=\"1024\" \/>\n\t<meta property=\"og:image:type\" content=\"image\/png\" \/>\n<meta name=\"author\" content=\"Paula Franco\" \/>\n<meta name=\"twitter:card\" content=\"summary_large_image\" \/>\n<meta name=\"twitter:label1\" content=\"Scritto da\" \/>\n\t<meta name=\"twitter:data1\" content=\"Paula Franco\" \/>\n\t<meta name=\"twitter:label2\" content=\"Tempo di lettura stimato\" \/>\n\t<meta name=\"twitter:data2\" content=\"4 minuti\" \/>\n<script type=\"application\/ld+json\" class=\"yoast-schema-graph\">{\"@context\":\"https:\\\/\\\/schema.org\",\"@graph\":[{\"@type\":\"Article\",\"@id\":\"https:\\\/\\\/thecloud.group\\\/los-avances-economicos-entre-guinea-ecuatorial-y-camerun-una-oportunidad-estrategica-para-toda-la-region\\\/#article\",\"isPartOf\":{\"@id\":\"https:\\\/\\\/thecloud.group\\\/los-avances-economicos-entre-guinea-ecuatorial-y-camerun-una-oportunidad-estrategica-para-toda-la-region\\\/\"},\"author\":{\"name\":\"Paula Franco\",\"@id\":\"https:\\\/\\\/thecloud.group\\\/#\\\/schema\\\/person\\\/9292d905a1c98ea7345e5e71a5fe341f\"},\"headline\":\"Los avances econ\u00f3micos entre Guinea Ecuatorial y Camer\u00fan: una oportunidad estrat\u00e9gica para toda la regi\u00f3n\",\"datePublished\":\"2026-02-05T20:00:09+00:00\",\"dateModified\":\"2026-02-05T20:11:41+00:00\",\"mainEntityOfPage\":{\"@id\":\"https:\\\/\\\/thecloud.group\\\/los-avances-economicos-entre-guinea-ecuatorial-y-camerun-una-oportunidad-estrategica-para-toda-la-region\\\/\"},\"wordCount\":811,\"publisher\":{\"@id\":\"https:\\\/\\\/thecloud.group\\\/#organization\"},\"image\":{\"@id\":\"https:\\\/\\\/thecloud.group\\\/los-avances-economicos-entre-guinea-ecuatorial-y-camerun-una-oportunidad-estrategica-para-toda-la-region\\\/#primaryimage\"},\"thumbnailUrl\":\"https:\\\/\\\/thecloud.group\\\/wp-content\\\/uploads\\\/2026\\\/01\\\/arquitectura.png\",\"keywords\":[\"deuda tecnica\"],\"articleSection\":[\"Sin categor\u00eda\"],\"inLanguage\":\"it-IT\"},{\"@type\":\"WebPage\",\"@id\":\"https:\\\/\\\/thecloud.group\\\/los-avances-economicos-entre-guinea-ecuatorial-y-camerun-una-oportunidad-estrategica-para-toda-la-region\\\/\",\"url\":\"https:\\\/\\\/thecloud.group\\\/los-avances-economicos-entre-guinea-ecuatorial-y-camerun-una-oportunidad-estrategica-para-toda-la-region\\\/\",\"name\":\"Los avances econ\u00f3micos entre Guinea Ecuatorial y Camer\u00fan: una oportunidad estrat\u00e9gica para toda la regi\u00f3n | The Cloud Group\",\"isPartOf\":{\"@id\":\"https:\\\/\\\/thecloud.group\\\/#website\"},\"primaryImageOfPage\":{\"@id\":\"https:\\\/\\\/thecloud.group\\\/los-avances-economicos-entre-guinea-ecuatorial-y-camerun-una-oportunidad-estrategica-para-toda-la-region\\\/#primaryimage\"},\"image\":{\"@id\":\"https:\\\/\\\/thecloud.group\\\/los-avances-economicos-entre-guinea-ecuatorial-y-camerun-una-oportunidad-estrategica-para-toda-la-region\\\/#primaryimage\"},\"thumbnailUrl\":\"https:\\\/\\\/thecloud.group\\\/wp-content\\\/uploads\\\/2026\\\/01\\\/arquitectura.png\",\"datePublished\":\"2026-02-05T20:00:09+00:00\",\"dateModified\":\"2026-02-05T20:11:41+00:00\",\"breadcrumb\":{\"@id\":\"https:\\\/\\\/thecloud.group\\\/los-avances-economicos-entre-guinea-ecuatorial-y-camerun-una-oportunidad-estrategica-para-toda-la-region\\\/#breadcrumb\"},\"inLanguage\":\"it-IT\",\"potentialAction\":[{\"@type\":\"ReadAction\",\"target\":[\"https:\\\/\\\/thecloud.group\\\/los-avances-economicos-entre-guinea-ecuatorial-y-camerun-una-oportunidad-estrategica-para-toda-la-region\\\/\"]}]},{\"@type\":\"ImageObject\",\"inLanguage\":\"it-IT\",\"@id\":\"https:\\\/\\\/thecloud.group\\\/los-avances-economicos-entre-guinea-ecuatorial-y-camerun-una-oportunidad-estrategica-para-toda-la-region\\\/#primaryimage\",\"url\":\"https:\\\/\\\/thecloud.group\\\/wp-content\\\/uploads\\\/2026\\\/01\\\/arquitectura.png\",\"contentUrl\":\"https:\\\/\\\/thecloud.group\\\/wp-content\\\/uploads\\\/2026\\\/01\\\/arquitectura.png\",\"width\":1024,\"height\":1024},{\"@type\":\"BreadcrumbList\",\"@id\":\"https:\\\/\\\/thecloud.group\\\/los-avances-economicos-entre-guinea-ecuatorial-y-camerun-una-oportunidad-estrategica-para-toda-la-region\\\/#breadcrumb\",\"itemListElement\":[{\"@type\":\"ListItem\",\"position\":1,\"name\":\"Home\",\"item\":\"https:\\\/\\\/thecloud.group\\\/\"},{\"@type\":\"ListItem\",\"position\":2,\"name\":\"Los avances econ\u00f3micos entre Guinea Ecuatorial y Camer\u00fan: una oportunidad estrat\u00e9gica para toda la regi\u00f3n\"}]},{\"@type\":\"WebSite\",\"@id\":\"https:\\\/\\\/thecloud.group\\\/#website\",\"url\":\"https:\\\/\\\/thecloud.group\\\/\",\"name\":\"The Cloud Group\",\"description\":\"|\u00a0Holding Internacional de Servicios\",\"publisher\":{\"@id\":\"https:\\\/\\\/thecloud.group\\\/#organization\"},\"potentialAction\":[{\"@type\":\"SearchAction\",\"target\":{\"@type\":\"EntryPoint\",\"urlTemplate\":\"https:\\\/\\\/thecloud.group\\\/?s={search_term_string}\"},\"query-input\":{\"@type\":\"PropertyValueSpecification\",\"valueRequired\":true,\"valueName\":\"search_term_string\"}}],\"inLanguage\":\"it-IT\"},{\"@type\":\"Organization\",\"@id\":\"https:\\\/\\\/thecloud.group\\\/#organization\",\"name\":\"The Cloud Group - Holding International de Servicios\",\"url\":\"https:\\\/\\\/thecloud.group\\\/\",\"logo\":{\"@type\":\"ImageObject\",\"inLanguage\":\"it-IT\",\"@id\":\"https:\\\/\\\/thecloud.group\\\/#\\\/schema\\\/logo\\\/image\\\/\",\"url\":\"https:\\\/\\\/thecloud.group\\\/wp-content\\\/uploads\\\/2020\\\/05\\\/logoSmallFirmaCorreo.png\",\"contentUrl\":\"https:\\\/\\\/thecloud.group\\\/wp-content\\\/uploads\\\/2020\\\/05\\\/logoSmallFirmaCorreo.png\",\"width\":300,\"height\":190,\"caption\":\"The Cloud Group - Holding International de Servicios\"},\"image\":{\"@id\":\"https:\\\/\\\/thecloud.group\\\/#\\\/schema\\\/logo\\\/image\\\/\"},\"sameAs\":[\"https:\\\/\\\/www.facebook.com\\\/thecloudgroupglobal\"]},{\"@type\":\"Person\",\"@id\":\"https:\\\/\\\/thecloud.group\\\/#\\\/schema\\\/person\\\/9292d905a1c98ea7345e5e71a5fe341f\",\"name\":\"Paula Franco\",\"image\":{\"@type\":\"ImageObject\",\"inLanguage\":\"it-IT\",\"@id\":\"https:\\\/\\\/secure.gravatar.com\\\/avatar\\\/8622dc6801e07daa51e09fd706fb55b2bdf9cada1ade4ab996fb3b4549e9214c?s=96&d=mm&r=g\",\"url\":\"https:\\\/\\\/secure.gravatar.com\\\/avatar\\\/8622dc6801e07daa51e09fd706fb55b2bdf9cada1ade4ab996fb3b4549e9214c?s=96&d=mm&r=g\",\"contentUrl\":\"https:\\\/\\\/secure.gravatar.com\\\/avatar\\\/8622dc6801e07daa51e09fd706fb55b2bdf9cada1ade4ab996fb3b4549e9214c?s=96&d=mm&r=g\",\"caption\":\"Paula Franco\"}}]}<\/script>\n<!-- \/ Yoast SEO Premium plugin. -->","yoast_head_json":{"title":"Progresso economico tra Guinea Equatoriale e Camerun: un&#039;opportunit\u00e0 strategica per l&#039;intera regione | The Cloud Group","robots":{"index":"index","follow":"follow","max-snippet":"max-snippet:-1","max-image-preview":"max-image-preview:large","max-video-preview":"max-video-preview:-1"},"canonical":"https:\/\/thecloud.group\/it\/il-progresso-economico-tra-la-guinea-equatoriale-e-il-camerun-rappresenta-unopportunita-strategica-per-lintera-regione\/","og_locale":"it_IT","og_type":"article","og_title":"Los avances econ\u00f3micos entre Guinea Ecuatorial y Camer\u00fan: una oportunidad estrat\u00e9gica para toda la regi\u00f3n","og_description":"En el vasto paisaje digital del siglo XXI, la seguridad es la piedra angular de cualquier empresa. La vulnerabilidad cibern\u00e9tica no distingue entre gigantes corporativos y startups prometedoras.","og_url":"https:\/\/thecloud.group\/it\/il-progresso-economico-tra-la-guinea-equatoriale-e-il-camerun-rappresenta-unopportunita-strategica-per-lintera-regione\/","og_site_name":"The Cloud Group","article_publisher":"https:\/\/www.facebook.com\/thecloudgroupglobal","article_published_time":"2026-02-05T20:00:09+00:00","article_modified_time":"2026-02-05T20:11:41+00:00","og_image":[{"width":1024,"height":1024,"url":"https:\/\/thecloud.group\/wp-content\/uploads\/2026\/01\/arquitectura.png","type":"image\/png"}],"author":"Paula Franco","twitter_card":"summary_large_image","twitter_misc":{"Scritto da":"Paula Franco","Tempo di lettura stimato":"4 minuti"},"schema":{"@context":"https:\/\/schema.org","@graph":[{"@type":"Article","@id":"https:\/\/thecloud.group\/los-avances-economicos-entre-guinea-ecuatorial-y-camerun-una-oportunidad-estrategica-para-toda-la-region\/#article","isPartOf":{"@id":"https:\/\/thecloud.group\/los-avances-economicos-entre-guinea-ecuatorial-y-camerun-una-oportunidad-estrategica-para-toda-la-region\/"},"author":{"name":"Paula Franco","@id":"https:\/\/thecloud.group\/#\/schema\/person\/9292d905a1c98ea7345e5e71a5fe341f"},"headline":"Los avances econ\u00f3micos entre Guinea Ecuatorial y Camer\u00fan: una oportunidad estrat\u00e9gica para toda la regi\u00f3n","datePublished":"2026-02-05T20:00:09+00:00","dateModified":"2026-02-05T20:11:41+00:00","mainEntityOfPage":{"@id":"https:\/\/thecloud.group\/los-avances-economicos-entre-guinea-ecuatorial-y-camerun-una-oportunidad-estrategica-para-toda-la-region\/"},"wordCount":811,"publisher":{"@id":"https:\/\/thecloud.group\/#organization"},"image":{"@id":"https:\/\/thecloud.group\/los-avances-economicos-entre-guinea-ecuatorial-y-camerun-una-oportunidad-estrategica-para-toda-la-region\/#primaryimage"},"thumbnailUrl":"https:\/\/thecloud.group\/wp-content\/uploads\/2026\/01\/arquitectura.png","keywords":["deuda tecnica"],"articleSection":["Sin categor\u00eda"],"inLanguage":"it-IT"},{"@type":"WebPage","@id":"https:\/\/thecloud.group\/los-avances-economicos-entre-guinea-ecuatorial-y-camerun-una-oportunidad-estrategica-para-toda-la-region\/","url":"https:\/\/thecloud.group\/los-avances-economicos-entre-guinea-ecuatorial-y-camerun-una-oportunidad-estrategica-para-toda-la-region\/","name":"Progresso economico tra Guinea Equatoriale e Camerun: un&#039;opportunit\u00e0 strategica per l&#039;intera regione | The Cloud Group","isPartOf":{"@id":"https:\/\/thecloud.group\/#website"},"primaryImageOfPage":{"@id":"https:\/\/thecloud.group\/los-avances-economicos-entre-guinea-ecuatorial-y-camerun-una-oportunidad-estrategica-para-toda-la-region\/#primaryimage"},"image":{"@id":"https:\/\/thecloud.group\/los-avances-economicos-entre-guinea-ecuatorial-y-camerun-una-oportunidad-estrategica-para-toda-la-region\/#primaryimage"},"thumbnailUrl":"https:\/\/thecloud.group\/wp-content\/uploads\/2026\/01\/arquitectura.png","datePublished":"2026-02-05T20:00:09+00:00","dateModified":"2026-02-05T20:11:41+00:00","breadcrumb":{"@id":"https:\/\/thecloud.group\/los-avances-economicos-entre-guinea-ecuatorial-y-camerun-una-oportunidad-estrategica-para-toda-la-region\/#breadcrumb"},"inLanguage":"it-IT","potentialAction":[{"@type":"ReadAction","target":["https:\/\/thecloud.group\/los-avances-economicos-entre-guinea-ecuatorial-y-camerun-una-oportunidad-estrategica-para-toda-la-region\/"]}]},{"@type":"ImageObject","inLanguage":"it-IT","@id":"https:\/\/thecloud.group\/los-avances-economicos-entre-guinea-ecuatorial-y-camerun-una-oportunidad-estrategica-para-toda-la-region\/#primaryimage","url":"https:\/\/thecloud.group\/wp-content\/uploads\/2026\/01\/arquitectura.png","contentUrl":"https:\/\/thecloud.group\/wp-content\/uploads\/2026\/01\/arquitectura.png","width":1024,"height":1024},{"@type":"BreadcrumbList","@id":"https:\/\/thecloud.group\/los-avances-economicos-entre-guinea-ecuatorial-y-camerun-una-oportunidad-estrategica-para-toda-la-region\/#breadcrumb","itemListElement":[{"@type":"ListItem","position":1,"name":"Home","item":"https:\/\/thecloud.group\/"},{"@type":"ListItem","position":2,"name":"Los avances econ\u00f3micos entre Guinea Ecuatorial y Camer\u00fan: una oportunidad estrat\u00e9gica para toda la regi\u00f3n"}]},{"@type":"WebSite","@id":"https:\/\/thecloud.group\/#website","url":"https:\/\/thecloud.group\/","name":"Il Gruppo Cloud","description":"| International Services Holding","publisher":{"@id":"https:\/\/thecloud.group\/#organization"},"potentialAction":[{"@type":"SearchAction","target":{"@type":"EntryPoint","urlTemplate":"https:\/\/thecloud.group\/?s={search_term_string}"},"query-input":{"@type":"PropertyValueSpecification","valueRequired":true,"valueName":"search_term_string"}}],"inLanguage":"it-IT"},{"@type":"Organization","@id":"https:\/\/thecloud.group\/#organization","name":"Cloud Group - Holding di servizi internazionali","url":"https:\/\/thecloud.group\/","logo":{"@type":"ImageObject","inLanguage":"it-IT","@id":"https:\/\/thecloud.group\/#\/schema\/logo\/image\/","url":"https:\/\/thecloud.group\/wp-content\/uploads\/2020\/05\/logoSmallFirmaCorreo.png","contentUrl":"https:\/\/thecloud.group\/wp-content\/uploads\/2020\/05\/logoSmallFirmaCorreo.png","width":300,"height":190,"caption":"The Cloud Group - Holding International de Servicios"},"image":{"@id":"https:\/\/thecloud.group\/#\/schema\/logo\/image\/"},"sameAs":["https:\/\/www.facebook.com\/thecloudgroupglobal"]},{"@type":"Person","@id":"https:\/\/thecloud.group\/#\/schema\/person\/9292d905a1c98ea7345e5e71a5fe341f","name":"Paula Franco","image":{"@type":"ImageObject","inLanguage":"it-IT","@id":"https:\/\/secure.gravatar.com\/avatar\/8622dc6801e07daa51e09fd706fb55b2bdf9cada1ade4ab996fb3b4549e9214c?s=96&d=mm&r=g","url":"https:\/\/secure.gravatar.com\/avatar\/8622dc6801e07daa51e09fd706fb55b2bdf9cada1ade4ab996fb3b4549e9214c?s=96&d=mm&r=g","contentUrl":"https:\/\/secure.gravatar.com\/avatar\/8622dc6801e07daa51e09fd706fb55b2bdf9cada1ade4ab996fb3b4549e9214c?s=96&d=mm&r=g","caption":"Paula Franco"}}]}},"_links":{"self":[{"href":"https:\/\/thecloud.group\/it\/wp-json\/wp\/v2\/posts\/28341","targetHints":{"allow":["GET"]}}],"collection":[{"href":"https:\/\/thecloud.group\/it\/wp-json\/wp\/v2\/posts"}],"about":[{"href":"https:\/\/thecloud.group\/it\/wp-json\/wp\/v2\/types\/post"}],"author":[{"embeddable":true,"href":"https:\/\/thecloud.group\/it\/wp-json\/wp\/v2\/users\/20"}],"replies":[{"embeddable":true,"href":"https:\/\/thecloud.group\/it\/wp-json\/wp\/v2\/comments?post=28341"}],"version-history":[{"count":4,"href":"https:\/\/thecloud.group\/it\/wp-json\/wp\/v2\/posts\/28341\/revisions"}],"predecessor-version":[{"id":28348,"href":"https:\/\/thecloud.group\/it\/wp-json\/wp\/v2\/posts\/28341\/revisions\/28348"}],"wp:featuredmedia":[{"embeddable":true,"href":"https:\/\/thecloud.group\/it\/wp-json\/wp\/v2\/media\/28330"}],"wp:attachment":[{"href":"https:\/\/thecloud.group\/it\/wp-json\/wp\/v2\/media?parent=28341"}],"wp:term":[{"taxonomy":"category","embeddable":true,"href":"https:\/\/thecloud.group\/it\/wp-json\/wp\/v2\/categories?post=28341"},{"taxonomy":"post_tag","embeddable":true,"href":"https:\/\/thecloud.group\/it\/wp-json\/wp\/v2\/tags?post=28341"}],"curies":[{"name":"wp","href":"https:\/\/api.w.org\/{rel}","templated":true}]}}