{"id":20898,"date":"2022-04-20T01:00:00","date_gmt":"2022-04-20T01:00:00","guid":{"rendered":"https:\/\/thecloud.group\/?p=20898"},"modified":"2022-04-19T15:18:46","modified_gmt":"2022-04-19T15:18:46","slug":"profesionales-de-marketing-digital-en-espana","status":"publish","type":"post","link":"https:\/\/thecloud.group\/it\/profesionales-de-marketing-digital-en-espana\/","title":{"rendered":"La demanda de profesionales de marketing digital en Espa\u00f1a ha incrementado 60% desde 2020"},"content":{"rendered":"<div data-elementor-type=\"wp-post\" data-elementor-id=\"20898\" class=\"elementor elementor-20898\" data-elementor-post-type=\"post\">\n\t\t\t\t\t\t<section class=\"elementor-section elementor-top-section elementor-element elementor-element-5b1dc52c elementor-section-stretched elementor-section-boxed elementor-section-height-default elementor-section-height-default\" data-id=\"5b1dc52c\" data-element_type=\"section\" data-e-type=\"section\" data-settings=\"{&quot;stretch_section&quot;:&quot;section-stretched&quot;,&quot;background_background&quot;:&quot;classic&quot;}\">\n\t\t\t\t\t\t\t<div class=\"elementor-background-overlay\"><\/div>\n\t\t\t\t\t\t\t<div class=\"elementor-container elementor-column-gap-default\">\n\t\t\t\t\t<div class=\"elementor-column elementor-col-100 elementor-top-column elementor-element elementor-element-47af5b46\" data-id=\"47af5b46\" data-element_type=\"column\" data-e-type=\"column\" data-settings=\"{&quot;background_background&quot;:&quot;classic&quot;}\">\n\t\t\t<div class=\"elementor-widget-wrap elementor-element-populated\">\n\t\t\t\t\t\t<section class=\"elementor-section elementor-inner-section elementor-element elementor-element-2ccf1343 elementor-section-boxed elementor-section-height-default elementor-section-height-default\" data-id=\"2ccf1343\" data-element_type=\"section\" data-e-type=\"section\">\n\t\t\t\t\t\t<div class=\"elementor-container elementor-column-gap-default\">\n\t\t\t\t\t<div class=\"elementor-column elementor-col-33 elementor-inner-column elementor-element elementor-element-38e618ad\" data-id=\"38e618ad\" data-element_type=\"column\" data-e-type=\"column\">\n\t\t\t<div class=\"elementor-widget-wrap\">\n\t\t\t\t\t\t\t<\/div>\n\t\t<\/div>\n\t\t\t\t<div class=\"elementor-column elementor-col-33 elementor-inner-column elementor-element elementor-element-7d8eff25\" data-id=\"7d8eff25\" data-element_type=\"column\" data-e-type=\"column\">\n\t\t\t<div class=\"elementor-widget-wrap elementor-element-populated\">\n\t\t\t\t\t\t<div class=\"elementor-element elementor-element-6bc0c454 elementor-widget elementor-widget-image\" data-id=\"6bc0c454\" data-element_type=\"widget\" data-e-type=\"widget\" data-widget_type=\"image.default\">\n\t\t\t\t<div class=\"elementor-widget-container\">\n\t\t\t\t\t\t\t\t\t\t\t\t\t\t\t<img decoding=\"async\" src=\"https:\/\/thecloud.group\/wp-content\/uploads\/elementor\/thumbs\/logo-pd8scx7e21qrxkwrdlcuh7c8eeq4vmzqsjri81k6ps.png\" title=\"logo\" alt=\"logo\" loading=\"lazy\" \/>\t\t\t\t\t\t\t\t\t\t\t\t\t\t\t<\/div>\n\t\t\t\t<\/div>\n\t\t\t\t<div class=\"elementor-element elementor-element-feea69b elementor-widget elementor-widget-heading\" data-id=\"feea69b\" data-element_type=\"widget\" data-e-type=\"widget\" data-widget_type=\"heading.default\">\n\t\t\t\t<div class=\"elementor-widget-container\">\n\t\t\t\t\t<h1 class=\"elementor-heading-title elementor-size-default\">La demanda de profesionales de marketing digital en Espa\u00f1a ha incrementado 60% desde 2020<\/h1>\t\t\t\t<\/div>\n\t\t\t\t<\/div>\n\t\t\t\t\t<\/div>\n\t\t<\/div>\n\t\t\t\t<div class=\"elementor-column elementor-col-33 elementor-inner-column elementor-element elementor-element-526240f\" data-id=\"526240f\" data-element_type=\"column\" data-e-type=\"column\">\n\t\t\t<div class=\"elementor-widget-wrap\">\n\t\t\t\t\t\t\t<\/div>\n\t\t<\/div>\n\t\t\t\t\t<\/div>\n\t\t<\/section>\n\t\t\t\t<section class=\"elementor-section elementor-inner-section elementor-element elementor-element-544b84c4 elementor-section-boxed elementor-section-height-default elementor-section-height-default\" data-id=\"544b84c4\" data-element_type=\"section\" data-e-type=\"section\">\n\t\t\t\t\t\t<div class=\"elementor-container elementor-column-gap-default\">\n\t\t\t\t\t<div class=\"elementor-column elementor-col-25 elementor-inner-column elementor-element elementor-element-7796e859\" data-id=\"7796e859\" data-element_type=\"column\" data-e-type=\"column\">\n\t\t\t<div class=\"elementor-widget-wrap\">\n\t\t\t\t\t\t\t<\/div>\n\t\t<\/div>\n\t\t\t\t<div class=\"elementor-column elementor-col-25 elementor-inner-column elementor-element elementor-element-1726d2f9\" data-id=\"1726d2f9\" data-element_type=\"column\" data-e-type=\"column\">\n\t\t\t<div class=\"elementor-widget-wrap\">\n\t\t\t\t\t\t\t<\/div>\n\t\t<\/div>\n\t\t\t\t<div class=\"elementor-column elementor-col-25 elementor-inner-column elementor-element elementor-element-41da368b\" data-id=\"41da368b\" data-element_type=\"column\" data-e-type=\"column\">\n\t\t\t<div class=\"elementor-widget-wrap\">\n\t\t\t\t\t\t\t<\/div>\n\t\t<\/div>\n\t\t\t\t<div class=\"elementor-column elementor-col-25 elementor-inner-column elementor-element elementor-element-7e8ff17d\" data-id=\"7e8ff17d\" data-element_type=\"column\" data-e-type=\"column\">\n\t\t\t<div class=\"elementor-widget-wrap\">\n\t\t\t\t\t\t\t<\/div>\n\t\t<\/div>\n\t\t\t\t\t<\/div>\n\t\t<\/section>\n\t\t\t\t\t<\/div>\n\t\t<\/div>\n\t\t\t\t\t<\/div>\n\t\t<\/section>\n\t\t\t\t<section class=\"elementor-section elementor-top-section elementor-element elementor-element-6f28b8e4 elementor-section-boxed elementor-section-height-default elementor-section-height-default\" data-id=\"6f28b8e4\" data-element_type=\"section\" data-e-type=\"section\">\n\t\t\t\t\t\t<div class=\"elementor-container elementor-column-gap-default\">\n\t\t\t\t\t<div class=\"elementor-column elementor-col-100 elementor-top-column elementor-element elementor-element-1c2a5590\" data-id=\"1c2a5590\" data-element_type=\"column\" data-e-type=\"column\">\n\t\t\t<div class=\"elementor-widget-wrap elementor-element-populated\">\n\t\t\t\t\t\t<div class=\"elementor-element elementor-element-52a082e elementor-widget elementor-widget-text-editor\" data-id=\"52a082e\" data-element_type=\"widget\" data-e-type=\"widget\" data-widget_type=\"text-editor.default\">\n\t\t\t\t<div class=\"elementor-widget-container\">\n\t\t\t\t\t\t\t\t\t<p><span style=\"font-weight: 400;\">El marketing digital en Espa\u00f1a representa en la actualidad m\u00e1s que una opci\u00f3n para las grandes empresas y aut\u00f3nomos; es clave para adaptarse y competir en este mercado voraz.<\/span><\/p>\n<p><span style=\"font-weight: 400;\">De hecho el marketing digital es importante en cada uno de los departamentos de publicidad y ventas de las compa\u00f1\u00edas, logrando as\u00ed mejorar la imagen corporativa de la empresa y atraer nuevos clientes.<\/span><\/p>\n<p><span style=\"font-weight: 400;\">As\u00ed que, si t\u00fa quieres aprovechar la oportunidad de negocio que tienes a tu alcance, potenciar tus habilidades y empezar a tener una econom\u00eda estable, aprende marketing digital.<\/span><\/p>\n<p><span style=\"font-weight: 400;\">La buena noticia es que la demanda de profesionales en marketing ha crecido en un 60% desde 2020, lo que significa que no te quedar\u00e1s sin trabajo si te formas.<\/span><\/p>\n<p><span style=\"font-weight: 400;\">Estamos convencidos de que habr\u00e1n empresas que necesiten tus servicios para ayudarles a <\/span><a href=\"https:\/\/thecloud.group\/it\/posicionamiento-online-profesional\/\"><span style=\"font-weight: 400;\">posicionar en Google y vender<\/span><\/a><span style=\"font-weight: 400;\">.<\/span><\/p>\n<p><span style=\"font-weight: 400;\">En este post, te ense\u00f1amos las formaciones disponibles para que le des un punto de inflexi\u00f3n a tu carrera profesional desde ya.<\/span><\/p>\t\t\t\t\t\t\t\t<\/div>\n\t\t\t\t<\/div>\n\t\t\t\t<section class=\"elementor-section elementor-inner-section elementor-element elementor-element-2b932d12 elementor-section-boxed elementor-section-height-default elementor-section-height-default\" data-id=\"2b932d12\" data-element_type=\"section\" data-e-type=\"section\">\n\t\t\t\t\t\t<div class=\"elementor-container elementor-column-gap-default\">\n\t\t\t\t\t<div class=\"elementor-column elementor-col-50 elementor-inner-column elementor-element elementor-element-3c92329\" data-id=\"3c92329\" data-element_type=\"column\" data-e-type=\"column\">\n\t\t\t<div class=\"elementor-widget-wrap elementor-element-populated\">\n\t\t\t\t\t\t<div class=\"elementor-element elementor-element-749f52d elementor-widget elementor-widget-heading\" data-id=\"749f52d\" data-element_type=\"widget\" data-e-type=\"widget\" data-widget_type=\"heading.default\">\n\t\t\t\t<div class=\"elementor-widget-container\">\n\t\t\t\t\t<h2 class=\"elementor-heading-title elementor-size-default\">Aprovecha el boom del marketing digital en Espa\u00f1a y f\u00f3rmate para crecer como profesional\n<\/h2>\t\t\t\t<\/div>\n\t\t\t\t<\/div>\n\t\t\t\t<div class=\"elementor-element elementor-element-184c039 elementor-widget elementor-widget-text-editor\" data-id=\"184c039\" data-element_type=\"widget\" data-e-type=\"widget\" data-widget_type=\"text-editor.default\">\n\t\t\t\t<div class=\"elementor-widget-container\">\n\t\t\t\t\t\t\t\t\t<p><span style=\"font-weight: 400;\">Cada d\u00eda que pasa son m\u00e1s los profesionales que deciden aprender marketing digital para obtener nuevas habilidades y competencias que les brinden mejores oportunidades de trabajo.<\/span><\/p><p>\u00a0<\/p><p><span style=\"font-weight: 400;\">El mundo comercial se orienta al marketing en redes sociales y otros canales digitales que permiten m\u00e1s ventas, m\u00e1s clientes y m\u00e1s alcance de una marca.<\/span><\/p><p><span style=\"font-weight: 400;\">Por lo tanto, la formaci\u00f3n en marketing es, sin lugar a dudas, la forma perfecta de crecer a nivel laboral y personal. \u00bfQuieres saber qu\u00e9 formaciones te esperan?<\/span><\/p>\t\t\t\t\t\t\t\t<\/div>\n\t\t\t\t<\/div>\n\t\t\t\t\t<\/div>\n\t\t<\/div>\n\t\t\t\t<div class=\"elementor-column elementor-col-50 elementor-inner-column elementor-element elementor-element-28b57b08\" data-id=\"28b57b08\" data-element_type=\"column\" data-e-type=\"column\">\n\t\t\t<div class=\"elementor-widget-wrap elementor-element-populated\">\n\t\t\t\t\t\t<div class=\"elementor-element elementor-element-4fd82bd0 elementor-widget elementor-widget-image\" data-id=\"4fd82bd0\" data-element_type=\"widget\" data-e-type=\"widget\" data-widget_type=\"image.default\">\n\t\t\t\t<div class=\"elementor-widget-container\">\n\t\t\t\t\t\t\t\t\t\t\t\t\t\t\t\t<a href=\"https:\/\/www.canva.com\/\">\n\t\t\t\t\t\t\t<img fetchpriority=\"high\" decoding=\"async\" width=\"800\" height=\"600\" src=\"https:\/\/thecloud.group\/wp-content\/uploads\/2022\/03\/La-demanda-de-profesionales-de-marketing-digital-en-1024x768.jpg\" class=\"elementor-animation-hang attachment-large size-large wp-image-20905\" alt=\"marketing digitale\" srcset=\"https:\/\/thecloud.group\/wp-content\/uploads\/2022\/03\/La-demanda-de-profesionales-de-marketing-digital-en-1024x768.jpg 1024w, https:\/\/thecloud.group\/wp-content\/uploads\/2022\/03\/La-demanda-de-profesionales-de-marketing-digital-en-300x225.jpg 300w, https:\/\/thecloud.group\/wp-content\/uploads\/2022\/03\/La-demanda-de-profesionales-de-marketing-digital-en-768x576.jpg 768w, https:\/\/thecloud.group\/wp-content\/uploads\/2022\/03\/La-demanda-de-profesionales-de-marketing-digital-en-1536x1152.jpg 1536w, https:\/\/thecloud.group\/wp-content\/uploads\/2022\/03\/La-demanda-de-profesionales-de-marketing-digital-en-2048x1536.jpg 2048w, https:\/\/thecloud.group\/wp-content\/uploads\/2022\/03\/La-demanda-de-profesionales-de-marketing-digital-en-16x12.jpg 16w\" sizes=\"(max-width: 800px) 100vw, 800px\" \/>\t\t\t\t\t\t\t\t<\/a>\n\t\t\t\t\t\t\t\t\t\t\t\t\t\t\t<\/div>\n\t\t\t\t<\/div>\n\t\t\t\t\t<\/div>\n\t\t<\/div>\n\t\t\t\t\t<\/div>\n\t\t<\/section>\n\t\t\t\t<section class=\"elementor-section elementor-inner-section elementor-element elementor-element-4f4c5e2 elementor-section-boxed elementor-section-height-default elementor-section-height-default\" data-id=\"4f4c5e2\" data-element_type=\"section\" data-e-type=\"section\">\n\t\t\t\t\t\t<div class=\"elementor-container elementor-column-gap-default\">\n\t\t\t\t\t<div class=\"elementor-column elementor-col-50 elementor-inner-column elementor-element elementor-element-7add0ea\" data-id=\"7add0ea\" data-element_type=\"column\" data-e-type=\"column\">\n\t\t\t<div class=\"elementor-widget-wrap elementor-element-populated\">\n\t\t\t\t\t\t<div class=\"elementor-element elementor-element-a3e1b26 elementor-widget elementor-widget-image\" data-id=\"a3e1b26\" data-element_type=\"widget\" data-e-type=\"widget\" data-widget_type=\"image.default\">\n\t\t\t\t<div class=\"elementor-widget-container\">\n\t\t\t\t\t\t\t\t\t\t\t\t\t\t\t<img decoding=\"async\" width=\"800\" height=\"534\" src=\"https:\/\/thecloud.group\/wp-content\/uploads\/2022\/03\/La-demanda-de-profesionales-de-marketing-digital-en-Espana-ha-incrementad-1024x683.jpg\" class=\"elementor-animation-hang attachment-large size-large wp-image-20906\" alt=\"\" srcset=\"https:\/\/thecloud.group\/wp-content\/uploads\/2022\/03\/La-demanda-de-profesionales-de-marketing-digital-en-Espana-ha-incrementad-1024x683.jpg 1024w, https:\/\/thecloud.group\/wp-content\/uploads\/2022\/03\/La-demanda-de-profesionales-de-marketing-digital-en-Espana-ha-incrementad-300x200.jpg 300w, https:\/\/thecloud.group\/wp-content\/uploads\/2022\/03\/La-demanda-de-profesionales-de-marketing-digital-en-Espana-ha-incrementad-768x512.jpg 768w, https:\/\/thecloud.group\/wp-content\/uploads\/2022\/03\/La-demanda-de-profesionales-de-marketing-digital-en-Espana-ha-incrementad-1536x1024.jpg 1536w, https:\/\/thecloud.group\/wp-content\/uploads\/2022\/03\/La-demanda-de-profesionales-de-marketing-digital-en-Espana-ha-incrementad-2048x1365.jpg 2048w, https:\/\/thecloud.group\/wp-content\/uploads\/2022\/03\/La-demanda-de-profesionales-de-marketing-digital-en-Espana-ha-incrementad-18x12.jpg 18w\" sizes=\"(max-width: 800px) 100vw, 800px\" \/>\t\t\t\t\t\t\t\t\t\t\t\t\t\t\t<\/div>\n\t\t\t\t<\/div>\n\t\t\t\t\t<\/div>\n\t\t<\/div>\n\t\t\t\t<div class=\"elementor-column elementor-col-50 elementor-inner-column elementor-element elementor-element-511f20c\" data-id=\"511f20c\" data-element_type=\"column\" data-e-type=\"column\">\n\t\t\t<div class=\"elementor-widget-wrap elementor-element-populated\">\n\t\t\t\t\t\t<div class=\"elementor-element elementor-element-d8d1525 elementor-widget elementor-widget-heading\" data-id=\"d8d1525\" data-element_type=\"widget\" data-e-type=\"widget\" data-widget_type=\"heading.default\">\n\t\t\t\t<div class=\"elementor-widget-container\">\n\t\t\t\t\t<h2 class=\"elementor-heading-title elementor-size-default\">\u00bfQu\u00e9 formaci\u00f3n hay disponible para ti?<\/h2>\t\t\t\t<\/div>\n\t\t\t\t<\/div>\n\t\t\t\t<div class=\"elementor-element elementor-element-242310e elementor-widget elementor-widget-text-editor\" data-id=\"242310e\" data-element_type=\"widget\" data-e-type=\"widget\" data-widget_type=\"text-editor.default\">\n\t\t\t\t<div class=\"elementor-widget-container\">\n\t\t\t\t\t\t\t\t\t<p><span style=\"font-weight: 400;\">Puedes optar por un curso de marketing digital o por un m\u00e1ster de marketing digital.\u00a0<\/span><\/p><p><span style=\"font-weight: 400;\">La diferencia entre una formaci\u00f3n y otra es la profundizaci\u00f3n del aprendizaje y las capacidades que obtendr\u00e1s. Veamos a detalle cada instrucci\u00f3n.<\/span><\/p>\t\t\t\t\t\t\t\t<\/div>\n\t\t\t\t<\/div>\n\t\t\t\t<div class=\"elementor-element elementor-element-198d98f elementor-widget elementor-widget-text-editor\" data-id=\"198d98f\" data-element_type=\"widget\" data-e-type=\"widget\" data-widget_type=\"text-editor.default\">\n\t\t\t\t<div class=\"elementor-widget-container\">\n\t\t\t\t\t\t\t\t\t<p><strong>Curso online de marketing digital<\/strong><\/p><p>Puedes empezar por adquirir conocimientos b\u00e1sicos que sienten las bases del marketing en tu mente, como lo hace el curso de marketing digital.<\/p>\t\t\t\t\t\t\t\t<\/div>\n\t\t\t\t<\/div>\n\t\t\t\t\t<\/div>\n\t\t<\/div>\n\t\t\t\t\t<\/div>\n\t\t<\/section>\n\t\t\t\t<div class=\"elementor-element elementor-element-922f22b elementor-widget elementor-widget-text-editor\" data-id=\"922f22b\" data-element_type=\"widget\" data-e-type=\"widget\" data-widget_type=\"text-editor.default\">\n\t\t\t\t<div class=\"elementor-widget-container\">\n\t\t\t\t\t\t\t\t\t<p><span style=\"font-weight: 400;\">Claro, este curso tambi\u00e9n te ense\u00f1ar\u00e1 a dominar el \u00e1rea y conocer el mundo digital a la perfecci\u00f3n.\u00a0<\/span><span style=\"color: var( --e-global-color-text ); font-family: var( --e-global-typography-text-font-family ), roboto; font-size: var( --e-global-typography-text-font-size );\">Pero, adem\u00e1s, te ense\u00f1ar\u00e1 a conocer las herramientas adecuadas para empezar y dirigir proyectos de marketing digital.\u00a0<\/span><span style=\"color: var( --e-global-color-text ); font-family: var( --e-global-typography-text-font-family ), roboto; font-size: var( --e-global-typography-text-font-size );\">Por otro lado, aprender\u00e1s a elaborar un plan de marketing, conocer las funciones precisas del Community manager y c\u00f3mo gestionar una tienda e-commerce por medio del marketing.\u00a0<\/span><span style=\"color: var( --e-global-color-text ); font-family: var( --e-global-typography-text-font-family ), roboto; font-size: var( --e-global-typography-text-font-size );\">Cabe destacar que, despu\u00e9s de hacer este curso, muchos alumnos pasan al siguiente nivel, el m\u00e1ster online de marketing. Y es lo que te recomendamos.<\/span><\/p>\t\t\t\t\t\t\t\t<\/div>\n\t\t\t\t<\/div>\n\t\t\t\t<section class=\"elementor-section elementor-inner-section elementor-element elementor-element-68e2ec73 elementor-section-boxed elementor-section-height-default elementor-section-height-default\" data-id=\"68e2ec73\" data-element_type=\"section\" data-e-type=\"section\">\n\t\t\t\t\t\t<div class=\"elementor-container elementor-column-gap-default\">\n\t\t\t\t\t<div class=\"elementor-column elementor-col-50 elementor-inner-column elementor-element elementor-element-29b16e75\" data-id=\"29b16e75\" data-element_type=\"column\" data-e-type=\"column\">\n\t\t\t<div class=\"elementor-widget-wrap elementor-element-populated\">\n\t\t\t\t\t\t<div class=\"elementor-element elementor-element-b629c99 elementor-widget elementor-widget-heading\" data-id=\"b629c99\" data-element_type=\"widget\" data-e-type=\"widget\" data-widget_type=\"heading.default\">\n\t\t\t\t<div class=\"elementor-widget-container\">\n\t\t\t\t\t<h2 class=\"elementor-heading-title elementor-size-default\">M\u00e1ster online de marketing digital\n<\/h2>\t\t\t\t<\/div>\n\t\t\t\t<\/div>\n\t\t\t\t<div class=\"elementor-element elementor-element-7464ec4a elementor-widget elementor-widget-text-editor\" data-id=\"7464ec4a\" data-element_type=\"widget\" data-e-type=\"widget\" data-widget_type=\"text-editor.default\">\n\t\t\t\t<div class=\"elementor-widget-container\">\n\t\t\t\t\t\t\t\t\t<p><span style=\"font-weight: 400;\">Un m\u00e1ster en marketing digital te ayudar\u00e1 a conocer cada detalle de esta profesi\u00f3n, aprender\u00e1s de manera te\u00f3rica y pr\u00e1ctica c\u00f3mo defender un departamento de marketing de una empresa.<\/span><\/p><p><span style=\"font-weight: 400;\">Esto te permitir\u00e1 optar a trabajos mucho m\u00e1s exigentes y mejor remunerados en las m\u00e1s grandes empresas.<\/span><\/p><p><span style=\"font-weight: 400;\">Pero, si quieres trabajar como aut\u00f3nomo, tambi\u00e9n podr\u00e1s tener clientes grandes que te dejen buenas ganancias.<\/span><\/p><p><span style=\"font-weight: 400;\">El m\u00e1ster de marketing digital te capacita para aprender todo lo que engloba el curso mencionado y mucho m\u00e1s.<\/span><\/p><p><span style=\"font-weight: 400;\">Por ejemplo, saldr\u00e1s preparado para investigar estrategias e innovar toda una empresa en funci\u00f3n de las oportunidades que analices.<\/span><\/p>\t\t\t\t\t\t\t\t<\/div>\n\t\t\t\t<\/div>\n\t\t\t\t\t<\/div>\n\t\t<\/div>\n\t\t\t\t<div class=\"elementor-column elementor-col-50 elementor-inner-column elementor-element elementor-element-93b60fd\" data-id=\"93b60fd\" data-element_type=\"column\" data-e-type=\"column\">\n\t\t\t<div class=\"elementor-widget-wrap elementor-element-populated\">\n\t\t\t\t\t\t<div class=\"elementor-element elementor-element-4f6056f5 elementor-widget elementor-widget-image\" data-id=\"4f6056f5\" data-element_type=\"widget\" data-e-type=\"widget\" data-widget_type=\"image.default\">\n\t\t\t\t<div class=\"elementor-widget-container\">\n\t\t\t\t\t\t\t\t\t\t\t\t\t\t\t<img decoding=\"async\" width=\"800\" height=\"534\" src=\"https:\/\/thecloud.group\/wp-content\/uploads\/2022\/03\/La-demanda-de-profesionales-de-marketing-digital-en-Espana-ha-incrementado-60-desde-2020-1024x683.jpg\" class=\"elementor-animation-hang attachment-large size-large wp-image-20907\" alt=\"\" srcset=\"https:\/\/thecloud.group\/wp-content\/uploads\/2022\/03\/La-demanda-de-profesionales-de-marketing-digital-en-Espana-ha-incrementado-60-desde-2020-1024x683.jpg 1024w, https:\/\/thecloud.group\/wp-content\/uploads\/2022\/03\/La-demanda-de-profesionales-de-marketing-digital-en-Espana-ha-incrementado-60-desde-2020-300x200.jpg 300w, https:\/\/thecloud.group\/wp-content\/uploads\/2022\/03\/La-demanda-de-profesionales-de-marketing-digital-en-Espana-ha-incrementado-60-desde-2020-768x512.jpg 768w, https:\/\/thecloud.group\/wp-content\/uploads\/2022\/03\/La-demanda-de-profesionales-de-marketing-digital-en-Espana-ha-incrementado-60-desde-2020-1536x1024.jpg 1536w, https:\/\/thecloud.group\/wp-content\/uploads\/2022\/03\/La-demanda-de-profesionales-de-marketing-digital-en-Espana-ha-incrementado-60-desde-2020-2048x1365.jpg 2048w, https:\/\/thecloud.group\/wp-content\/uploads\/2022\/03\/La-demanda-de-profesionales-de-marketing-digital-en-Espana-ha-incrementado-60-desde-2020-18x12.jpg 18w\" sizes=\"(max-width: 800px) 100vw, 800px\" \/>\t\t\t\t\t\t\t\t\t\t\t\t\t\t\t<\/div>\n\t\t\t\t<\/div>\n\t\t\t\t\t<\/div>\n\t\t<\/div>\n\t\t\t\t\t<\/div>\n\t\t<\/section>\n\t\t\t\t<div class=\"elementor-element elementor-element-5e31aab elementor-widget elementor-widget-text-editor\" data-id=\"5e31aab\" data-element_type=\"widget\" data-e-type=\"widget\" data-widget_type=\"text-editor.default\">\n\t\t\t\t<div class=\"elementor-widget-container\">\n\t\t\t\t\t\t\t\t\t<p><span style=\"font-weight: 400;\">Aprender\u00e1s a dirigir departamentos con liderazgo, a conocer a profundidad sobre el inbound y el outbound marketing y a ser un publicista especializado.<\/span><\/p><p><span style=\"font-weight: 400;\">Manejar\u00e1s Google Adwords como un experto y podr\u00e1s crear, dirigir y controlar las mejores campa\u00f1as de marketing que te imagines.<\/span><\/p><p><span style=\"font-weight: 400;\">Un detalle clave de esta disciplina es conocer a tu buyer persona, es decir, al cliente ideal. El m\u00e1ster en marketing lo logra a rajatabla.<\/span><\/p><p><span style=\"font-weight: 400;\">Por lo tanto, te invitamos a que des un vuelco en tu vida laboral y empieces a aprovechar las oportunidades digitales con el m\u00e1ster online de marketing digital.<\/span><\/p>\t\t\t\t\t\t\t\t<\/div>\n\t\t\t\t<\/div>\n\t\t\t\t<section class=\"elementor-section elementor-inner-section elementor-element elementor-element-17b60e2 elementor-section-boxed elementor-section-height-default elementor-section-height-default\" data-id=\"17b60e2\" data-element_type=\"section\" data-e-type=\"section\">\n\t\t\t\t\t\t<div class=\"elementor-container elementor-column-gap-default\">\n\t\t\t\t\t<div class=\"elementor-column elementor-col-50 elementor-inner-column elementor-element elementor-element-182533e\" data-id=\"182533e\" data-element_type=\"column\" data-e-type=\"column\">\n\t\t\t<div class=\"elementor-widget-wrap elementor-element-populated\">\n\t\t\t\t\t\t<div class=\"elementor-element elementor-element-08671a4 elementor-widget elementor-widget-heading\" data-id=\"08671a4\" data-element_type=\"widget\" data-e-type=\"widget\" data-widget_type=\"heading.default\">\n\t\t\t\t<div class=\"elementor-widget-container\">\n\t\t\t\t\t<h2 class=\"elementor-heading-title elementor-size-default\">Empieza a vender online aprovechando los servicios de la mejor agencia de marketing digital<\/h2>\t\t\t\t<\/div>\n\t\t\t\t<\/div>\n\t\t\t\t<div class=\"elementor-element elementor-element-fd87a87 elementor-widget elementor-widget-text-editor\" data-id=\"fd87a87\" data-element_type=\"widget\" data-e-type=\"widget\" data-widget_type=\"text-editor.default\">\n\t\t\t\t<div class=\"elementor-widget-container\">\n\t\t\t\t\t\t\t\t\t<p><span style=\"font-weight: 400;\">S\u00ed, el mundo actual gira en torno a lo digital. Y tu progreso laboral y profesional, tambi\u00e9n.<\/span><\/p><p><span style=\"font-weight: 400;\">Y si quieres llegar a m\u00e1s personas con una campa\u00f1a de marketing digital en Espa\u00f1a de calidad, tanto si eres empresa como si eres aut\u00f3nomo, podemos ayudarte.<\/span><\/p><p><span style=\"font-weight: 400;\">Te damos presencia online en redes sociales, Google, por email marketing, etc.<\/span><\/p><p><span style=\"font-weight: 400;\">Ayudamos a que tu negocio tenga m\u00e1s clientes y m\u00e1s ventas que nunca.<\/span><\/p><p><span style=\"font-weight: 400;\">En resumen, te animamos a <\/span><a href=\"https:\/\/thecloud.group\/it\/agencia-de-marketing-digital-integral\/\"><span style=\"font-weight: 400;\">Contatta The Cloud Group<\/span><\/a><span style=\"font-weight: 400;\"> para obtener servicios de marketing digital.<\/span><\/p><p><span style=\"font-weight: 400;\">Somos una agencia de marketing de trayectoria, calidad y experiencia en el mercado, donde te garantizamos resultados.<\/span><\/p>\t\t\t\t\t\t\t\t<\/div>\n\t\t\t\t<\/div>\n\t\t\t\t\t<\/div>\n\t\t<\/div>\n\t\t\t\t<div class=\"elementor-column elementor-col-50 elementor-inner-column elementor-element elementor-element-ddc345a\" data-id=\"ddc345a\" data-element_type=\"column\" data-e-type=\"column\">\n\t\t\t<div class=\"elementor-widget-wrap elementor-element-populated\">\n\t\t\t\t\t\t<div class=\"elementor-element elementor-element-b41a7f9 elementor-widget elementor-widget-spacer\" data-id=\"b41a7f9\" data-element_type=\"widget\" data-e-type=\"widget\" data-widget_type=\"spacer.default\">\n\t\t\t\t<div class=\"elementor-widget-container\">\n\t\t\t\t\t\t\t<div class=\"elementor-spacer\">\n\t\t\t<div class=\"elementor-spacer-inner\"><\/div>\n\t\t<\/div>\n\t\t\t\t\t\t<\/div>\n\t\t\t\t<\/div>\n\t\t\t\t<div class=\"elementor-element elementor-element-ff7e238 elementor-widget elementor-widget-video\" data-id=\"ff7e238\" data-element_type=\"widget\" data-e-type=\"widget\" data-settings=\"{&quot;youtube_url&quot;:&quot;https:\\\/\\\/youtu.be\\\/phhbgNXc9ao&quot;,&quot;video_type&quot;:&quot;youtube&quot;,&quot;controls&quot;:&quot;yes&quot;}\" data-widget_type=\"video.default\">\n\t\t\t\t<div class=\"elementor-widget-container\">\n\t\t\t\t\t\t\t<div class=\"elementor-wrapper elementor-open-inline\">\n\t\t\t<div class=\"elementor-video\"><\/div>\t\t<\/div>\n\t\t\t\t\t\t<\/div>\n\t\t\t\t<\/div>\n\t\t\t\t\t<\/div>\n\t\t<\/div>\n\t\t\t\t\t<\/div>\n\t\t<\/section>\n\t\t\t\t\t<\/div>\n\t\t<\/div>\n\t\t\t\t\t<\/div>\n\t\t<\/section>\n\t\t\t\t<\/div>","protected":false},"excerpt":{"rendered":"<p>La demanda de profesionales de marketing digital en Espa\u00f1a ha incrementado 60% desde 2020 El marketing digital en Espa\u00f1a representa en la actualidad m\u00e1s que una opci\u00f3n para las grandes empresas y aut\u00f3nomos; es clave para adaptarse y competir en este mercado voraz. De hecho el marketing digital es importante en cada uno de los [&hellip;]<\/p>\n","protected":false},"author":20,"featured_media":20905,"comment_status":"closed","ping_status":"closed","sticky":false,"template":"elementor_header_footer","format":"standard","meta":{"footnotes":""},"categories":[1],"tags":[736],"class_list":["post-20898","post","type-post","status-publish","format-standard","has-post-thumbnail","hentry","category-sin-categoria","tag-marketing-digital"],"yoast_head":"<!-- This site is optimized with the Yoast SEO Premium plugin v27.4 (Yoast SEO v27.5) - https:\/\/yoast.com\/product\/yoast-seo-premium-wordpress\/ -->\n<title>La demanda de profesionales de marketing digital en Espa\u00f1a ha incrementado 60% desde 2020 | The Cloud Group<\/title>\n<meta name=\"robots\" content=\"index, follow, max-snippet:-1, max-image-preview:large, max-video-preview:-1\" \/>\n<link rel=\"canonical\" href=\"https:\/\/thecloud.group\/it\/profesionales-de-marketing-digital-en-espana\/\" \/>\n<meta property=\"og:locale\" content=\"it_IT\" \/>\n<meta property=\"og:type\" content=\"article\" \/>\n<meta property=\"og:title\" content=\"La demanda de profesionales de marketing digital en Espa\u00f1a ha incrementado 60% desde 2020\" \/>\n<meta property=\"og:description\" content=\"La demanda de profesionales de marketing digital en Espa\u00f1a ha incrementado 60% desde 2020 El marketing digital en Espa\u00f1a representa en la actualidad m\u00e1s que una opci\u00f3n para las grandes empresas y aut\u00f3nomos; es clave para adaptarse y competir en este mercado voraz. De hecho el marketing digital es importante en cada uno de los [&hellip;]\" \/>\n<meta property=\"og:url\" content=\"https:\/\/thecloud.group\/it\/profesionales-de-marketing-digital-en-espana\/\" \/>\n<meta property=\"og:site_name\" content=\"The Cloud Group\" \/>\n<meta property=\"article:publisher\" content=\"https:\/\/www.facebook.com\/thecloudgroupglobal\" \/>\n<meta property=\"article:published_time\" content=\"2022-04-20T01:00:00+00:00\" \/>\n<meta property=\"og:image\" content=\"https:\/\/thecloud.group\/wp-content\/uploads\/2022\/03\/La-demanda-de-profesionales-de-marketing-digital-en-scaled.jpg\" \/>\n\t<meta property=\"og:image:width\" content=\"2560\" \/>\n\t<meta property=\"og:image:height\" content=\"1920\" \/>\n\t<meta property=\"og:image:type\" content=\"image\/jpeg\" \/>\n<meta name=\"author\" content=\"Paula Franco\" \/>\n<meta name=\"twitter:card\" content=\"summary_large_image\" \/>\n<meta name=\"twitter:label1\" content=\"Scritto da\" \/>\n\t<meta name=\"twitter:data1\" content=\"Paula Franco\" \/>\n\t<meta name=\"twitter:label2\" content=\"Tempo di lettura stimato\" \/>\n\t<meta name=\"twitter:data2\" content=\"4 minuti\" \/>\n<script type=\"application\/ld+json\" class=\"yoast-schema-graph\">{\"@context\":\"https:\\\/\\\/schema.org\",\"@graph\":[{\"@type\":\"Article\",\"@id\":\"https:\\\/\\\/thecloud.group\\\/profesionales-de-marketing-digital-en-espana\\\/#article\",\"isPartOf\":{\"@id\":\"https:\\\/\\\/thecloud.group\\\/profesionales-de-marketing-digital-en-espana\\\/\"},\"author\":{\"name\":\"Paula Franco\",\"@id\":\"https:\\\/\\\/thecloud.group\\\/#\\\/schema\\\/person\\\/9292d905a1c98ea7345e5e71a5fe341f\"},\"headline\":\"La demanda de profesionales de marketing digital en Espa\u00f1a ha incrementado 60% desde 2020\",\"datePublished\":\"2022-04-20T01:00:00+00:00\",\"mainEntityOfPage\":{\"@id\":\"https:\\\/\\\/thecloud.group\\\/profesionales-de-marketing-digital-en-espana\\\/\"},\"wordCount\":821,\"publisher\":{\"@id\":\"https:\\\/\\\/thecloud.group\\\/#organization\"},\"image\":{\"@id\":\"https:\\\/\\\/thecloud.group\\\/profesionales-de-marketing-digital-en-espana\\\/#primaryimage\"},\"thumbnailUrl\":\"https:\\\/\\\/thecloud.group\\\/wp-content\\\/uploads\\\/2022\\\/03\\\/La-demanda-de-profesionales-de-marketing-digital-en-scaled.jpg\",\"keywords\":[\"marketing digital\"],\"articleSection\":[\"Sin categor\u00eda\"],\"inLanguage\":\"it-IT\"},{\"@type\":\"WebPage\",\"@id\":\"https:\\\/\\\/thecloud.group\\\/profesionales-de-marketing-digital-en-espana\\\/\",\"url\":\"https:\\\/\\\/thecloud.group\\\/profesionales-de-marketing-digital-en-espana\\\/\",\"name\":\"La demanda de profesionales de marketing digital en Espa\u00f1a ha incrementado 60% desde 2020 | The Cloud Group\",\"isPartOf\":{\"@id\":\"https:\\\/\\\/thecloud.group\\\/#website\"},\"primaryImageOfPage\":{\"@id\":\"https:\\\/\\\/thecloud.group\\\/profesionales-de-marketing-digital-en-espana\\\/#primaryimage\"},\"image\":{\"@id\":\"https:\\\/\\\/thecloud.group\\\/profesionales-de-marketing-digital-en-espana\\\/#primaryimage\"},\"thumbnailUrl\":\"https:\\\/\\\/thecloud.group\\\/wp-content\\\/uploads\\\/2022\\\/03\\\/La-demanda-de-profesionales-de-marketing-digital-en-scaled.jpg\",\"datePublished\":\"2022-04-20T01:00:00+00:00\",\"breadcrumb\":{\"@id\":\"https:\\\/\\\/thecloud.group\\\/profesionales-de-marketing-digital-en-espana\\\/#breadcrumb\"},\"inLanguage\":\"it-IT\",\"potentialAction\":[{\"@type\":\"ReadAction\",\"target\":[\"https:\\\/\\\/thecloud.group\\\/profesionales-de-marketing-digital-en-espana\\\/\"]}]},{\"@type\":\"ImageObject\",\"inLanguage\":\"it-IT\",\"@id\":\"https:\\\/\\\/thecloud.group\\\/profesionales-de-marketing-digital-en-espana\\\/#primaryimage\",\"url\":\"https:\\\/\\\/thecloud.group\\\/wp-content\\\/uploads\\\/2022\\\/03\\\/La-demanda-de-profesionales-de-marketing-digital-en-scaled.jpg\",\"contentUrl\":\"https:\\\/\\\/thecloud.group\\\/wp-content\\\/uploads\\\/2022\\\/03\\\/La-demanda-de-profesionales-de-marketing-digital-en-scaled.jpg\",\"width\":2560,\"height\":1920,\"caption\":\"marketing digital\"},{\"@type\":\"BreadcrumbList\",\"@id\":\"https:\\\/\\\/thecloud.group\\\/profesionales-de-marketing-digital-en-espana\\\/#breadcrumb\",\"itemListElement\":[{\"@type\":\"ListItem\",\"position\":1,\"name\":\"Home\",\"item\":\"https:\\\/\\\/thecloud.group\\\/\"},{\"@type\":\"ListItem\",\"position\":2,\"name\":\"La demanda de profesionales de marketing digital en Espa\u00f1a ha incrementado 60% desde 2020\"}]},{\"@type\":\"WebSite\",\"@id\":\"https:\\\/\\\/thecloud.group\\\/#website\",\"url\":\"https:\\\/\\\/thecloud.group\\\/\",\"name\":\"The Cloud Group\",\"description\":\"|\u00a0Holding Internacional de Servicios\",\"publisher\":{\"@id\":\"https:\\\/\\\/thecloud.group\\\/#organization\"},\"potentialAction\":[{\"@type\":\"SearchAction\",\"target\":{\"@type\":\"EntryPoint\",\"urlTemplate\":\"https:\\\/\\\/thecloud.group\\\/?s={search_term_string}\"},\"query-input\":{\"@type\":\"PropertyValueSpecification\",\"valueRequired\":true,\"valueName\":\"search_term_string\"}}],\"inLanguage\":\"it-IT\"},{\"@type\":\"Organization\",\"@id\":\"https:\\\/\\\/thecloud.group\\\/#organization\",\"name\":\"The Cloud Group - Holding International de Servicios\",\"url\":\"https:\\\/\\\/thecloud.group\\\/\",\"logo\":{\"@type\":\"ImageObject\",\"inLanguage\":\"it-IT\",\"@id\":\"https:\\\/\\\/thecloud.group\\\/#\\\/schema\\\/logo\\\/image\\\/\",\"url\":\"https:\\\/\\\/thecloud.group\\\/wp-content\\\/uploads\\\/2020\\\/05\\\/logoSmallFirmaCorreo.png\",\"contentUrl\":\"https:\\\/\\\/thecloud.group\\\/wp-content\\\/uploads\\\/2020\\\/05\\\/logoSmallFirmaCorreo.png\",\"width\":300,\"height\":190,\"caption\":\"The Cloud Group - Holding International de Servicios\"},\"image\":{\"@id\":\"https:\\\/\\\/thecloud.group\\\/#\\\/schema\\\/logo\\\/image\\\/\"},\"sameAs\":[\"https:\\\/\\\/www.facebook.com\\\/thecloudgroupglobal\"]},{\"@type\":\"Person\",\"@id\":\"https:\\\/\\\/thecloud.group\\\/#\\\/schema\\\/person\\\/9292d905a1c98ea7345e5e71a5fe341f\",\"name\":\"Paula Franco\",\"image\":{\"@type\":\"ImageObject\",\"inLanguage\":\"it-IT\",\"@id\":\"https:\\\/\\\/secure.gravatar.com\\\/avatar\\\/8622dc6801e07daa51e09fd706fb55b2bdf9cada1ade4ab996fb3b4549e9214c?s=96&d=mm&r=g\",\"url\":\"https:\\\/\\\/secure.gravatar.com\\\/avatar\\\/8622dc6801e07daa51e09fd706fb55b2bdf9cada1ade4ab996fb3b4549e9214c?s=96&d=mm&r=g\",\"contentUrl\":\"https:\\\/\\\/secure.gravatar.com\\\/avatar\\\/8622dc6801e07daa51e09fd706fb55b2bdf9cada1ade4ab996fb3b4549e9214c?s=96&d=mm&r=g\",\"caption\":\"Paula Franco\"}}]}<\/script>\n<!-- \/ Yoast SEO Premium plugin. -->","yoast_head_json":{"title":"La demanda de profesionales de marketing digital en Espa\u00f1a ha incrementado 60% desde 2020 | The Cloud Group","robots":{"index":"index","follow":"follow","max-snippet":"max-snippet:-1","max-image-preview":"max-image-preview:large","max-video-preview":"max-video-preview:-1"},"canonical":"https:\/\/thecloud.group\/it\/profesionales-de-marketing-digital-en-espana\/","og_locale":"it_IT","og_type":"article","og_title":"La demanda de profesionales de marketing digital en Espa\u00f1a ha incrementado 60% desde 2020","og_description":"La demanda de profesionales de marketing digital en Espa\u00f1a ha incrementado 60% desde 2020 El marketing digital en Espa\u00f1a representa en la actualidad m\u00e1s que una opci\u00f3n para las grandes empresas y aut\u00f3nomos; es clave para adaptarse y competir en este mercado voraz. De hecho el marketing digital es importante en cada uno de los [&hellip;]","og_url":"https:\/\/thecloud.group\/it\/profesionales-de-marketing-digital-en-espana\/","og_site_name":"The Cloud Group","article_publisher":"https:\/\/www.facebook.com\/thecloudgroupglobal","article_published_time":"2022-04-20T01:00:00+00:00","og_image":[{"width":2560,"height":1920,"url":"https:\/\/thecloud.group\/wp-content\/uploads\/2022\/03\/La-demanda-de-profesionales-de-marketing-digital-en-scaled.jpg","type":"image\/jpeg"}],"author":"Paula Franco","twitter_card":"summary_large_image","twitter_misc":{"Scritto da":"Paula Franco","Tempo di lettura stimato":"4 minuti"},"schema":{"@context":"https:\/\/schema.org","@graph":[{"@type":"Article","@id":"https:\/\/thecloud.group\/profesionales-de-marketing-digital-en-espana\/#article","isPartOf":{"@id":"https:\/\/thecloud.group\/profesionales-de-marketing-digital-en-espana\/"},"author":{"name":"Paula Franco","@id":"https:\/\/thecloud.group\/#\/schema\/person\/9292d905a1c98ea7345e5e71a5fe341f"},"headline":"La demanda de profesionales de marketing digital en Espa\u00f1a ha incrementado 60% desde 2020","datePublished":"2022-04-20T01:00:00+00:00","mainEntityOfPage":{"@id":"https:\/\/thecloud.group\/profesionales-de-marketing-digital-en-espana\/"},"wordCount":821,"publisher":{"@id":"https:\/\/thecloud.group\/#organization"},"image":{"@id":"https:\/\/thecloud.group\/profesionales-de-marketing-digital-en-espana\/#primaryimage"},"thumbnailUrl":"https:\/\/thecloud.group\/wp-content\/uploads\/2022\/03\/La-demanda-de-profesionales-de-marketing-digital-en-scaled.jpg","keywords":["marketing digital"],"articleSection":["Sin categor\u00eda"],"inLanguage":"it-IT"},{"@type":"WebPage","@id":"https:\/\/thecloud.group\/profesionales-de-marketing-digital-en-espana\/","url":"https:\/\/thecloud.group\/profesionales-de-marketing-digital-en-espana\/","name":"La demanda de profesionales de marketing digital en Espa\u00f1a ha incrementado 60% desde 2020 | The Cloud Group","isPartOf":{"@id":"https:\/\/thecloud.group\/#website"},"primaryImageOfPage":{"@id":"https:\/\/thecloud.group\/profesionales-de-marketing-digital-en-espana\/#primaryimage"},"image":{"@id":"https:\/\/thecloud.group\/profesionales-de-marketing-digital-en-espana\/#primaryimage"},"thumbnailUrl":"https:\/\/thecloud.group\/wp-content\/uploads\/2022\/03\/La-demanda-de-profesionales-de-marketing-digital-en-scaled.jpg","datePublished":"2022-04-20T01:00:00+00:00","breadcrumb":{"@id":"https:\/\/thecloud.group\/profesionales-de-marketing-digital-en-espana\/#breadcrumb"},"inLanguage":"it-IT","potentialAction":[{"@type":"ReadAction","target":["https:\/\/thecloud.group\/profesionales-de-marketing-digital-en-espana\/"]}]},{"@type":"ImageObject","inLanguage":"it-IT","@id":"https:\/\/thecloud.group\/profesionales-de-marketing-digital-en-espana\/#primaryimage","url":"https:\/\/thecloud.group\/wp-content\/uploads\/2022\/03\/La-demanda-de-profesionales-de-marketing-digital-en-scaled.jpg","contentUrl":"https:\/\/thecloud.group\/wp-content\/uploads\/2022\/03\/La-demanda-de-profesionales-de-marketing-digital-en-scaled.jpg","width":2560,"height":1920,"caption":"marketing digital"},{"@type":"BreadcrumbList","@id":"https:\/\/thecloud.group\/profesionales-de-marketing-digital-en-espana\/#breadcrumb","itemListElement":[{"@type":"ListItem","position":1,"name":"Home","item":"https:\/\/thecloud.group\/"},{"@type":"ListItem","position":2,"name":"La demanda de profesionales de marketing digital en Espa\u00f1a ha incrementado 60% desde 2020"}]},{"@type":"WebSite","@id":"https:\/\/thecloud.group\/#website","url":"https:\/\/thecloud.group\/","name":"Il Gruppo Cloud","description":"| International Services Holding","publisher":{"@id":"https:\/\/thecloud.group\/#organization"},"potentialAction":[{"@type":"SearchAction","target":{"@type":"EntryPoint","urlTemplate":"https:\/\/thecloud.group\/?s={search_term_string}"},"query-input":{"@type":"PropertyValueSpecification","valueRequired":true,"valueName":"search_term_string"}}],"inLanguage":"it-IT"},{"@type":"Organization","@id":"https:\/\/thecloud.group\/#organization","name":"Cloud Group - Holding di servizi internazionali","url":"https:\/\/thecloud.group\/","logo":{"@type":"ImageObject","inLanguage":"it-IT","@id":"https:\/\/thecloud.group\/#\/schema\/logo\/image\/","url":"https:\/\/thecloud.group\/wp-content\/uploads\/2020\/05\/logoSmallFirmaCorreo.png","contentUrl":"https:\/\/thecloud.group\/wp-content\/uploads\/2020\/05\/logoSmallFirmaCorreo.png","width":300,"height":190,"caption":"The Cloud Group - Holding International de Servicios"},"image":{"@id":"https:\/\/thecloud.group\/#\/schema\/logo\/image\/"},"sameAs":["https:\/\/www.facebook.com\/thecloudgroupglobal"]},{"@type":"Person","@id":"https:\/\/thecloud.group\/#\/schema\/person\/9292d905a1c98ea7345e5e71a5fe341f","name":"Paula Franco","image":{"@type":"ImageObject","inLanguage":"it-IT","@id":"https:\/\/secure.gravatar.com\/avatar\/8622dc6801e07daa51e09fd706fb55b2bdf9cada1ade4ab996fb3b4549e9214c?s=96&d=mm&r=g","url":"https:\/\/secure.gravatar.com\/avatar\/8622dc6801e07daa51e09fd706fb55b2bdf9cada1ade4ab996fb3b4549e9214c?s=96&d=mm&r=g","contentUrl":"https:\/\/secure.gravatar.com\/avatar\/8622dc6801e07daa51e09fd706fb55b2bdf9cada1ade4ab996fb3b4549e9214c?s=96&d=mm&r=g","caption":"Paula Franco"}}]}},"_links":{"self":[{"href":"https:\/\/thecloud.group\/it\/wp-json\/wp\/v2\/posts\/20898","targetHints":{"allow":["GET"]}}],"collection":[{"href":"https:\/\/thecloud.group\/it\/wp-json\/wp\/v2\/posts"}],"about":[{"href":"https:\/\/thecloud.group\/it\/wp-json\/wp\/v2\/types\/post"}],"author":[{"embeddable":true,"href":"https:\/\/thecloud.group\/it\/wp-json\/wp\/v2\/users\/20"}],"replies":[{"embeddable":true,"href":"https:\/\/thecloud.group\/it\/wp-json\/wp\/v2\/comments?post=20898"}],"version-history":[{"count":29,"href":"https:\/\/thecloud.group\/it\/wp-json\/wp\/v2\/posts\/20898\/revisions"}],"predecessor-version":[{"id":21429,"href":"https:\/\/thecloud.group\/it\/wp-json\/wp\/v2\/posts\/20898\/revisions\/21429"}],"wp:featuredmedia":[{"embeddable":true,"href":"https:\/\/thecloud.group\/it\/wp-json\/wp\/v2\/media\/20905"}],"wp:attachment":[{"href":"https:\/\/thecloud.group\/it\/wp-json\/wp\/v2\/media?parent=20898"}],"wp:term":[{"taxonomy":"category","embeddable":true,"href":"https:\/\/thecloud.group\/it\/wp-json\/wp\/v2\/categories?post=20898"},{"taxonomy":"post_tag","embeddable":true,"href":"https:\/\/thecloud.group\/it\/wp-json\/wp\/v2\/tags?post=20898"}],"curies":[{"name":"wp","href":"https:\/\/api.w.org\/{rel}","templated":true}]}}