{"id":11758,"date":"2020-11-11T10:00:00","date_gmt":"2020-11-11T10:00:00","guid":{"rendered":"https:\/\/thecloud.group\/?p=11758"},"modified":"2020-12-10T16:16:38","modified_gmt":"2020-12-10T16:16:38","slug":"inteligencia-artificial-el-fin-del-mundo-3-aspectos","status":"publish","type":"post","link":"https:\/\/thecloud.group\/it\/inteligencia-artificial-el-fin-del-mundo-3-aspectos\/","title":{"rendered":"Inteligencia artificial y el fin del mundo&#8230; \u00bfes posible?"},"content":{"rendered":"<div data-elementor-type=\"wp-post\" data-elementor-id=\"11758\" class=\"elementor elementor-11758\" data-elementor-post-type=\"post\">\n\t\t\t\t\t\t<section class=\"elementor-section elementor-top-section elementor-element elementor-element-2ef2c8e8 elementor-section-stretched elementor-section-boxed elementor-section-height-default elementor-section-height-default\" data-id=\"2ef2c8e8\" data-element_type=\"section\" data-e-type=\"section\" data-settings=\"{&quot;stretch_section&quot;:&quot;section-stretched&quot;,&quot;background_background&quot;:&quot;classic&quot;}\">\n\t\t\t\t\t\t\t<div class=\"elementor-background-overlay\"><\/div>\n\t\t\t\t\t\t\t<div class=\"elementor-container elementor-column-gap-default\">\n\t\t\t\t\t<div class=\"elementor-column elementor-col-100 elementor-top-column elementor-element elementor-element-d739d2c\" data-id=\"d739d2c\" data-element_type=\"column\" data-e-type=\"column\" data-settings=\"{&quot;background_background&quot;:&quot;classic&quot;}\">\n\t\t\t<div class=\"elementor-widget-wrap elementor-element-populated\">\n\t\t\t\t\t\t<div class=\"elementor-element elementor-element-404dd832 elementor-widget elementor-widget-image\" data-id=\"404dd832\" data-element_type=\"widget\" data-e-type=\"widget\" data-widget_type=\"image.default\">\n\t\t\t\t<div class=\"elementor-widget-container\">\n\t\t\t\t\t\t\t\t\t\t\t\t\t\t\t<img decoding=\"async\" src=\"https:\/\/thecloud.group\/wp-content\/uploads\/elementor\/thumbs\/LogoHor-osf66wqrs0q6z5scsi4c0cpaz4hmv3cdo16ybda1og.png\" title=\"Logo dell&#039;immagine The Cloud Group\" alt=\"Cloud Group \u00e8 una holding aziendale focalizzata sulla trasformazione digitale globale.\" loading=\"lazy\" \/>\t\t\t\t\t\t\t\t\t\t\t\t\t\t\t<\/div>\n\t\t\t\t<\/div>\n\t\t\t\t<section class=\"elementor-section elementor-inner-section elementor-element elementor-element-1fbf369d elementor-section-boxed elementor-section-height-default elementor-section-height-default\" data-id=\"1fbf369d\" data-element_type=\"section\" data-e-type=\"section\">\n\t\t\t\t\t\t<div class=\"elementor-container elementor-column-gap-default\">\n\t\t\t\t\t<div class=\"elementor-column elementor-col-33 elementor-inner-column elementor-element elementor-element-548a1935\" data-id=\"548a1935\" data-element_type=\"column\" data-e-type=\"column\">\n\t\t\t<div class=\"elementor-widget-wrap\">\n\t\t\t\t\t\t\t<\/div>\n\t\t<\/div>\n\t\t\t\t<div class=\"elementor-column elementor-col-33 elementor-inner-column elementor-element elementor-element-5dabe83e\" data-id=\"5dabe83e\" data-element_type=\"column\" data-e-type=\"column\">\n\t\t\t<div class=\"elementor-widget-wrap elementor-element-populated\">\n\t\t\t\t\t\t<div class=\"elementor-element elementor-element-b1c9fe2 elementor-widget elementor-widget-heading\" data-id=\"b1c9fe2\" data-element_type=\"widget\" data-e-type=\"widget\" data-widget_type=\"heading.default\">\n\t\t\t\t<div class=\"elementor-widget-container\">\n\t\t\t\t\t<h1 class=\"elementor-heading-title elementor-size-default\">Inteligencia artificial y el fin del mundo... \u00bfes posible?<\/h1>\t\t\t\t<\/div>\n\t\t\t\t<\/div>\n\t\t\t\t\t<\/div>\n\t\t<\/div>\n\t\t\t\t<div class=\"elementor-column elementor-col-33 elementor-inner-column elementor-element elementor-element-1e3d8282\" data-id=\"1e3d8282\" data-element_type=\"column\" data-e-type=\"column\">\n\t\t\t<div class=\"elementor-widget-wrap\">\n\t\t\t\t\t\t\t<\/div>\n\t\t<\/div>\n\t\t\t\t\t<\/div>\n\t\t<\/section>\n\t\t\t\t<section class=\"elementor-section elementor-inner-section elementor-element elementor-element-31659dc5 elementor-section-boxed elementor-section-height-default elementor-section-height-default\" data-id=\"31659dc5\" data-element_type=\"section\" data-e-type=\"section\">\n\t\t\t\t\t\t<div class=\"elementor-container elementor-column-gap-default\">\n\t\t\t\t\t<div class=\"elementor-column elementor-col-25 elementor-inner-column elementor-element elementor-element-b56144a\" data-id=\"b56144a\" data-element_type=\"column\" data-e-type=\"column\">\n\t\t\t<div class=\"elementor-widget-wrap\">\n\t\t\t\t\t\t\t<\/div>\n\t\t<\/div>\n\t\t\t\t<div class=\"elementor-column elementor-col-25 elementor-inner-column elementor-element elementor-element-6418020e\" data-id=\"6418020e\" data-element_type=\"column\" data-e-type=\"column\">\n\t\t\t<div class=\"elementor-widget-wrap\">\n\t\t\t\t\t\t\t<\/div>\n\t\t<\/div>\n\t\t\t\t<div class=\"elementor-column elementor-col-25 elementor-inner-column elementor-element elementor-element-35b156ef\" data-id=\"35b156ef\" data-element_type=\"column\" data-e-type=\"column\">\n\t\t\t<div class=\"elementor-widget-wrap\">\n\t\t\t\t\t\t\t<\/div>\n\t\t<\/div>\n\t\t\t\t<div class=\"elementor-column elementor-col-25 elementor-inner-column elementor-element elementor-element-2e715f3c\" data-id=\"2e715f3c\" data-element_type=\"column\" data-e-type=\"column\">\n\t\t\t<div class=\"elementor-widget-wrap\">\n\t\t\t\t\t\t\t<\/div>\n\t\t<\/div>\n\t\t\t\t\t<\/div>\n\t\t<\/section>\n\t\t\t\t\t<\/div>\n\t\t<\/div>\n\t\t\t\t\t<\/div>\n\t\t<\/section>\n\t\t\t\t<section class=\"elementor-section elementor-top-section elementor-element elementor-element-17a5d0b7 elementor-section-boxed elementor-section-height-default elementor-section-height-default\" data-id=\"17a5d0b7\" data-element_type=\"section\" data-e-type=\"section\">\n\t\t\t\t\t\t<div class=\"elementor-container elementor-column-gap-default\">\n\t\t\t\t\t<div class=\"elementor-column elementor-col-100 elementor-top-column elementor-element elementor-element-70a92f02\" data-id=\"70a92f02\" data-element_type=\"column\" data-e-type=\"column\">\n\t\t\t<div class=\"elementor-widget-wrap elementor-element-populated\">\n\t\t\t\t\t\t<div class=\"elementor-element elementor-element-5aa0cfaf elementor-widget elementor-widget-text-editor\" data-id=\"5aa0cfaf\" data-element_type=\"widget\" data-e-type=\"widget\" data-widget_type=\"text-editor.default\">\n\t\t\t\t<div class=\"elementor-widget-container\">\n\t\t\t\t\t\t\t\t\t<p>Lo hemos visto miles de veces en las pel\u00edculas de Hollywood: la inteligencia artificial se rebela contra la humanidad y acaba o con nosotros o con el mundo. Pero, \u00bfqu\u00e9 tan posible puede llegar a ser esto? Seg\u00fan una <a href=\"https:\/\/www.bbc.com\/mundo\/ultimas_noticias\/2014\/12\/141202_ultnot_hawking_inteligencia_artificial_riesgo_humanidad_egn\">entrevista<\/a> que la BBC le realiz\u00f3 al ya fallecido f\u00edsico Stephen Hawking en 2014, este afirm\u00f3 que \u00abel desarrollo de una completa inteligencia artificial (IA) podr\u00eda traducirse en el fin de la raza humana\u00bb.<\/p>\t\t\t\t\t\t\t\t<\/div>\n\t\t\t\t<\/div>\n\t\t\t\t<section class=\"elementor-section elementor-inner-section elementor-element elementor-element-12fb3630 elementor-section-boxed elementor-section-height-default elementor-section-height-default\" data-id=\"12fb3630\" data-element_type=\"section\" data-e-type=\"section\">\n\t\t\t\t\t\t<div class=\"elementor-container elementor-column-gap-default\">\n\t\t\t\t\t<div class=\"elementor-column elementor-col-50 elementor-inner-column elementor-element elementor-element-2f5e0d56\" data-id=\"2f5e0d56\" data-element_type=\"column\" data-e-type=\"column\">\n\t\t\t<div class=\"elementor-widget-wrap elementor-element-populated\">\n\t\t\t\t\t\t<div class=\"elementor-element elementor-element-2d7a4886 elementor-widget elementor-widget-text-editor\" data-id=\"2d7a4886\" data-element_type=\"widget\" data-e-type=\"widget\" data-widget_type=\"text-editor.default\">\n\t\t\t\t<div class=\"elementor-widget-container\">\n\t\t\t\t\t\t\t\t\t<p>De acuerdo con Hawking en la mencionada entrevista, hoy en d\u00eda la inteligencia artificial ha resultado muy \u00fatil para los humanos. Sin embargo, si se llega a desarrollar en el futuro una IA capaz de redise\u00f1arse por cuenta propia, la humanidad podr\u00eda verse en aprietos.<\/p>\t\t\t\t\t\t\t\t<\/div>\n\t\t\t\t<\/div>\n\t\t\t\t<div class=\"elementor-element elementor-element-47aeec80 elementor-widget elementor-widget-text-editor\" data-id=\"47aeec80\" data-element_type=\"widget\" data-e-type=\"widget\" data-widget_type=\"text-editor.default\">\n\t\t\t\t<div class=\"elementor-widget-container\">\n\t\t\t\t\t\t\t\t\t<p>Si eso llegase a ocurrir, los humanos, a diferencia de la inteligencia artificial, no pueden modificarse a la misma velocidad que las m\u00e1quinas y por lo tanto estar\u00edamos en desventaja. Algo a modo de Terminator, Matrix y tantas otras pel\u00edculas famosas.<\/p>\t\t\t\t\t\t\t\t<\/div>\n\t\t\t\t<\/div>\n\t\t\t\t<div class=\"elementor-element elementor-element-8a31a7b elementor-widget elementor-widget-text-editor\" data-id=\"8a31a7b\" data-element_type=\"widget\" data-e-type=\"widget\" data-widget_type=\"text-editor.default\">\n\t\t\t\t<div class=\"elementor-widget-container\">\n\t\t\t\t\t\t\t\t\t<p>Otras personas son m\u00e1s optimistas con respecto a la amenaza que pudiese presentar la IA. Rollo Carpenter, creador de Cleverbot, le dijo por su parte a la BBC que \u00e9l cree que la humanidad siempre va a poder controlar la tecnolog\u00eda, as\u00ed como resolver problemas que se vayan presentando en el mundo.<\/p>\t\t\t\t\t\t\t\t<\/div>\n\t\t\t\t<\/div>\n\t\t\t\t\t<\/div>\n\t\t<\/div>\n\t\t\t\t<div class=\"elementor-column elementor-col-50 elementor-inner-column elementor-element elementor-element-58307261\" data-id=\"58307261\" data-element_type=\"column\" data-e-type=\"column\">\n\t\t\t<div class=\"elementor-widget-wrap elementor-element-populated\">\n\t\t\t\t\t\t<div class=\"elementor-element elementor-element-7b222756 elementor-widget elementor-widget-image\" data-id=\"7b222756\" data-element_type=\"widget\" data-e-type=\"widget\" data-widget_type=\"image.default\">\n\t\t\t\t<div class=\"elementor-widget-container\">\n\t\t\t\t\t\t\t\t\t\t\t\t\t\t\t<img fetchpriority=\"high\" decoding=\"async\" width=\"800\" height=\"585\" src=\"https:\/\/thecloud.group\/wp-content\/uploads\/2020\/10\/inteligenciaArtificial.jpg\" class=\"elementor-animation-hang attachment-large size-large wp-image-11768\" alt=\"Intelligenza artificiale\" srcset=\"https:\/\/thecloud.group\/wp-content\/uploads\/2020\/10\/inteligenciaArtificial.jpg 950w, https:\/\/thecloud.group\/wp-content\/uploads\/2020\/10\/inteligenciaArtificial-300x219.jpg 300w, https:\/\/thecloud.group\/wp-content\/uploads\/2020\/10\/inteligenciaArtificial-768x562.jpg 768w\" sizes=\"(max-width: 800px) 100vw, 800px\" \/>\t\t\t\t\t\t\t\t\t\t\t\t\t\t\t<\/div>\n\t\t\t\t<\/div>\n\t\t\t\t\t<\/div>\n\t\t<\/div>\n\t\t\t\t\t<\/div>\n\t\t<\/section>\n\t\t\t\t<div class=\"elementor-element elementor-element-623c0962 elementor-widget elementor-widget-text-editor\" data-id=\"623c0962\" data-element_type=\"widget\" data-e-type=\"widget\" data-widget_type=\"text-editor.default\">\n\t\t\t\t<div class=\"elementor-widget-container\">\n\t\t\t\t\t\t\t\t\t<p>Seg\u00fan \u00e9l, la humanidad est\u00e1 todav\u00eda muy lejos de poder desarrollar los algoritmos que har\u00edan falta para lograr la completa inteligencia artificial. De la misma manera, tambi\u00e9n cree que no faltan muchas d\u00e9cadas para lograrlo.<\/p>\t\t\t\t\t\t\t\t<\/div>\n\t\t\t\t<\/div>\n\t\t\t\t<div class=\"elementor-element elementor-element-4b720c0 elementor-widget elementor-widget-heading\" data-id=\"4b720c0\" data-element_type=\"widget\" data-e-type=\"widget\" data-widget_type=\"heading.default\">\n\t\t\t\t<div class=\"elementor-widget-container\">\n\t\t\t\t\t<h2 class=\"elementor-heading-title elementor-size-default\">El fundador y CEO de TESLA considera necesario regular a la inteligencia artificial<\/h2>\t\t\t\t<\/div>\n\t\t\t\t<\/div>\n\t\t\t\t<div class=\"elementor-element elementor-element-67dde59 elementor-widget elementor-widget-text-editor\" data-id=\"67dde59\" data-element_type=\"widget\" data-e-type=\"widget\" data-widget_type=\"text-editor.default\">\n\t\t\t\t<div class=\"elementor-widget-container\">\n\t\t\t\t\t\t\t\t\t<p>Tesla es una empresa que produce autom\u00f3viles el\u00e9ctricos y que no ha dejado de sorprendernos cada vez m\u00e1s. Este a\u00f1o, incluso, a pesar de la situaci\u00f3n con el Covid-19 en el mundo, ha seguido creciendo. Su CEO, Elon Musk, es alguien que tambi\u00e9n ha opinado sobre la inteligencia artificial.<\/p>\t\t\t\t\t\t\t\t<\/div>\n\t\t\t\t<\/div>\n\t\t\t\t<div class=\"elementor-element elementor-element-9a2681b elementor-widget elementor-widget-text-editor\" data-id=\"9a2681b\" data-element_type=\"widget\" data-e-type=\"widget\" data-widget_type=\"text-editor.default\">\n\t\t\t\t<div class=\"elementor-widget-container\">\n\t\t\t\t\t\t\t\t\t<p>En un <a href=\"https:\/\/www.lavanguardia.com\/tecnologia\/20200219\/473655175810\/elon-musk-alerta-peligro-leyes-inteligencia-artificial-singularidad-tecnologica-aprendizaje-profundo-fin-del-mundo-extincion-transhumanismo.html\">art\u00edculo<\/a> publicado por La Vanguardia en febrero de 2020, explican que Musk ha solicitado una regulaci\u00f3n legislativa de la IA, incluso para la que pudiese producir su propia empresa. \u201cLo cierto es que el principal peligro al que apuntan los cr\u00edticos de esta tecnolog\u00eda, como Musk, es la denominada singularidad tecnol\u00f3gica\u201d, dice la nota.<\/p>\t\t\t\t\t\t\t\t<\/div>\n\t\t\t\t<\/div>\n\t\t\t\t<div class=\"elementor-element elementor-element-27badd25 elementor-widget elementor-widget-text-editor\" data-id=\"27badd25\" data-element_type=\"widget\" data-e-type=\"widget\" data-widget_type=\"text-editor.default\">\n\t\t\t\t<div class=\"elementor-widget-container\">\n\t\t\t\t\t\t\t\t\t<p>La singularidad tecnol\u00f3gica se refiere al momento en que una inteligencia artificial se convierte tan inteligente como un humano. Es all\u00ed cuando quiz\u00e1s la humanidad deber\u00eda comenzar a temblar.<\/p>\t\t\t\t\t\t\t\t<\/div>\n\t\t\t\t<\/div>\n\t\t\t\t<div class=\"elementor-element elementor-element-4e5656b elementor-widget elementor-widget-text-editor\" data-id=\"4e5656b\" data-element_type=\"widget\" data-e-type=\"widget\" data-widget_type=\"text-editor.default\">\n\t\t\t\t<div class=\"elementor-widget-container\">\n\t\t\t\t\t\t\t\t\t<p>\u201cA partir de ese momento y si nos atenemos a la r\u00e1pida evoluci\u00f3n de la tecnolog\u00eda, recordemos que la ley de Moore indica que cada dos a\u00f1os se duplica la potencia de c\u00e1lculo de los ordenadores, se producir\u00eda un crecimiento exponencial de la tecnolog\u00eda artificial. Uno de los escenarios que se contemplan es que mejorar\u00eda r\u00e1pidamente as\u00ed misma creando una superinteligencia\u201d, escribi\u00f3 La Vanguardia.<\/p>\t\t\t\t\t\t\t\t<\/div>\n\t\t\t\t<\/div>\n\t\t\t\t<div class=\"elementor-element elementor-element-dbf0f34 elementor-widget elementor-widget-text-editor\" data-id=\"dbf0f34\" data-element_type=\"widget\" data-e-type=\"widget\" data-widget_type=\"text-editor.default\">\n\t\t\t\t<div class=\"elementor-widget-container\">\n\t\t\t\t\t\t\t\t\t<p>Musk tambi\u00e9n alert\u00f3 del peligro que presenta el mundo si las armas nucleares llegasen a estar en manos de una IA que se salga de control. Por esta raz\u00f3n, hace unos a\u00f1os Google patent\u00f3 la idea de la creaci\u00f3n de una especie de \u201cbot\u00f3n rojo de emergencia\u201d en caso de que una inteligencia artificial se comience a comportar de forma aberrante.<\/p>\t\t\t\t\t\t\t\t<\/div>\n\t\t\t\t<\/div>\n\t\t\t\t<section class=\"elementor-section elementor-inner-section elementor-element elementor-element-4b222578 elementor-section-boxed elementor-section-height-default elementor-section-height-default\" data-id=\"4b222578\" data-element_type=\"section\" data-e-type=\"section\">\n\t\t\t\t\t\t<div class=\"elementor-container elementor-column-gap-default\">\n\t\t\t\t\t<div class=\"elementor-column elementor-col-50 elementor-inner-column elementor-element elementor-element-321d2e65\" data-id=\"321d2e65\" data-element_type=\"column\" data-e-type=\"column\">\n\t\t\t<div class=\"elementor-widget-wrap elementor-element-populated\">\n\t\t\t\t\t\t<div class=\"elementor-element elementor-element-772a08d7 elementor-widget elementor-widget-heading\" data-id=\"772a08d7\" data-element_type=\"widget\" data-e-type=\"widget\" data-widget_type=\"heading.default\">\n\t\t\t\t<div class=\"elementor-widget-container\">\n\t\t\t\t\t<h2 class=\"elementor-heading-title elementor-size-default\">\u00bfQue suceder\u00eda si se da la singularidad tecnol\u00f3gica?<\/h2>\t\t\t\t<\/div>\n\t\t\t\t<\/div>\n\t\t\t\t<div class=\"elementor-element elementor-element-776021d5 elementor-widget elementor-widget-text-editor\" data-id=\"776021d5\" data-element_type=\"widget\" data-e-type=\"widget\" data-widget_type=\"text-editor.default\">\n\t\t\t\t<div class=\"elementor-widget-container\">\n\t\t\t\t\t\t\t\t\t<p>Muchas personas en todas partes del mundo est\u00e1n intentando responder esta interrogante. Si bien la tecnolog\u00eda mejora la calidad de vida del hombre, \u00bfpodr\u00eda tambi\u00e9n provocar su extinci\u00f3n?<\/p>\t\t\t\t\t\t\t\t<\/div>\n\t\t\t\t<\/div>\n\t\t\t\t<div class=\"elementor-element elementor-element-f935094 elementor-widget elementor-widget-text-editor\" data-id=\"f935094\" data-element_type=\"widget\" data-e-type=\"widget\" data-widget_type=\"text-editor.default\">\n\t\t\t\t<div class=\"elementor-widget-container\">\n\t\t\t\t\t\t\t\t\t<p>En el art\u00edculo citado anteriormente de La Vanguardia se dice que no necesariamente tiene que ocurrir esto, pero tampoco se puede descartar. Pudiese suceder que una superinteligencia surja pero no desee atacar a la raza humana, como en la ciencia ficci\u00f3n.<\/p>\t\t\t\t\t\t\t\t<\/div>\n\t\t\t\t<\/div>\n\t\t\t\t<div class=\"elementor-element elementor-element-f4df2e1 elementor-widget elementor-widget-heading\" data-id=\"f4df2e1\" data-element_type=\"widget\" data-e-type=\"widget\" data-widget_type=\"heading.default\">\n\t\t\t\t<div class=\"elementor-widget-container\">\n\t\t\t\t\t<h2 class=\"elementor-heading-title elementor-size-default\">Impacto en la vida cotidiana<\/h2>\t\t\t\t<\/div>\n\t\t\t\t<\/div>\n\t\t\t\t<div class=\"elementor-element elementor-element-69bf593b elementor-widget elementor-widget-text-editor\" data-id=\"69bf593b\" data-element_type=\"widget\" data-e-type=\"widget\" data-widget_type=\"text-editor.default\">\n\t\t\t\t<div class=\"elementor-widget-container\">\n\t\t\t\t\t\t\t\t\t<p>Actualmente la inteligencia artificial no presenta una amenaza para la raza humana, pero s\u00ed hemos podido ver c\u00f3mo desde hace un tiempo s\u00ed ha tenido un impacto negativo en la vida de algunos. Con esto nos referimos a los <a href=\"https:\/\/thecloud.group\/it\/inteligencia-artificial-9-profesiones-sustituidas\/\">puestos de trabajo que han sido sustituidos por robots<\/a> y los que se ven amenazados de lo mismo en un futuro pr\u00f3ximo.<\/p>\t\t\t\t\t\t\t\t<\/div>\n\t\t\t\t<\/div>\n\t\t\t\t\t<\/div>\n\t\t<\/div>\n\t\t\t\t<div class=\"elementor-column elementor-col-50 elementor-inner-column elementor-element elementor-element-ca21b2c\" data-id=\"ca21b2c\" data-element_type=\"column\" data-e-type=\"column\">\n\t\t\t<div class=\"elementor-widget-wrap elementor-element-populated\">\n\t\t\t\t\t\t<div class=\"elementor-element elementor-element-673788cb elementor-widget elementor-widget-image\" data-id=\"673788cb\" data-element_type=\"widget\" data-e-type=\"widget\" data-widget_type=\"image.default\">\n\t\t\t\t<div class=\"elementor-widget-container\">\n\t\t\t\t\t\t\t\t\t\t\t\t\t\t\t<img decoding=\"async\" width=\"800\" height=\"623\" src=\"https:\/\/thecloud.group\/wp-content\/uploads\/2020\/10\/inteligenciaArtificialElFin.jpg\" class=\"elementor-animation-hang attachment-large size-large wp-image-11770\" alt=\"Inteligencia artificial el futuro\" srcset=\"https:\/\/thecloud.group\/wp-content\/uploads\/2020\/10\/inteligenciaArtificialElFin.jpg 950w, https:\/\/thecloud.group\/wp-content\/uploads\/2020\/10\/inteligenciaArtificialElFin-300x234.jpg 300w, https:\/\/thecloud.group\/wp-content\/uploads\/2020\/10\/inteligenciaArtificialElFin-768x598.jpg 768w\" sizes=\"(max-width: 800px) 100vw, 800px\" \/>\t\t\t\t\t\t\t\t\t\t\t\t\t\t\t<\/div>\n\t\t\t\t<\/div>\n\t\t\t\t\t<\/div>\n\t\t<\/div>\n\t\t\t\t\t<\/div>\n\t\t<\/section>\n\t\t\t\t<div class=\"elementor-element elementor-element-97ba6ed elementor-widget elementor-widget-text-editor\" data-id=\"97ba6ed\" data-element_type=\"widget\" data-e-type=\"widget\" data-widget_type=\"text-editor.default\">\n\t\t\t\t<div class=\"elementor-widget-container\">\n\t\t\t\t\t\t\t\t\t<p>\u00bfTe gust\u00f3 este art\u00edculo? Ven a leer otros de inter\u00e9s en <a href=\"https:\/\/thecloud.group\/it\/blog\/\">il nostro blog<\/a>. Adem\u00e1s, si te apasiona el mundo de la inteligencia artificial y c\u00f3mo ya se utiliza en diversas empresas en el mundo, especialmente en modo de chatbots, contacta a <a href=\"https:\/\/thecloud.group\/it\/\">Il Gruppo Cloud<\/a> para m\u00e1s informaci\u00f3n. \u00a1Estamos listos para atenderte!<\/p>\t\t\t\t\t\t\t\t<\/div>\n\t\t\t\t<\/div>\n\t\t\t\t\t<\/div>\n\t\t<\/div>\n\t\t\t\t\t<\/div>\n\t\t<\/section>\n\t\t\t\t<section class=\"elementor-section elementor-top-section elementor-element elementor-element-ae1d0e9 elementor-section-boxed elementor-section-height-default elementor-section-height-default\" data-id=\"ae1d0e9\" data-element_type=\"section\" data-e-type=\"section\" data-settings=\"{&quot;background_background&quot;:&quot;classic&quot;}\">\n\t\t\t\t\t\t<div class=\"elementor-container elementor-column-gap-default\">\n\t\t\t\t\t<div class=\"elementor-column elementor-col-100 elementor-top-column elementor-element elementor-element-37dc0515\" data-id=\"37dc0515\" data-element_type=\"column\" data-e-type=\"column\" data-settings=\"{&quot;background_background&quot;:&quot;classic&quot;}\">\n\t\t\t<div class=\"elementor-widget-wrap\">\n\t\t\t\t\t\t\t<\/div>\n\t\t<\/div>\n\t\t\t\t\t<\/div>\n\t\t<\/section>\n\t\t\t\t<\/div>","protected":false},"excerpt":{"rendered":"<p>Lo hemos visto miles de veces en las pel\u00edculas de Hollywood: la inteligencia artificial se rebela contra la humanidad y acaba o con nosotros o con el mundo. Pero, \u00bfqu\u00e9 tan posible puede llegar a ser esto? Seg\u00fan una entrevista que la BBC le realiz\u00f3 al ya fallecido f\u00edsico Stephen Hawking en 2014, este afirm\u00f3 que \u00abel desarrollo de una completa inteligencia artificial (IA) podr\u00eda traducirse en el fin de la raza humana\u00bb.<\/p>","protected":false},"author":1,"featured_media":11768,"comment_status":"closed","ping_status":"closed","sticky":false,"template":"elementor_header_footer","format":"standard","meta":{"footnotes":""},"categories":[162],"tags":[],"class_list":["post-11758","post","type-post","status-publish","format-standard","has-post-thumbnail","hentry","category-sin-categorizar"],"yoast_head":"<!-- This site is optimized with the Yoast SEO Premium plugin v27.4 (Yoast SEO v27.5) - https:\/\/yoast.com\/product\/yoast-seo-premium-wordpress\/ -->\n<title>Inteligencia artificial y el fin del mundo... \u00bfes posible? | The Cloud Group<\/title>\n<meta name=\"robots\" content=\"index, follow, max-snippet:-1, max-image-preview:large, max-video-preview:-1\" \/>\n<link rel=\"canonical\" href=\"https:\/\/thecloud.group\/it\/inteligencia-artificial-el-fin-del-mundo-3-aspectos\/\" \/>\n<meta property=\"og:locale\" content=\"it_IT\" \/>\n<meta property=\"og:type\" content=\"article\" \/>\n<meta property=\"og:title\" content=\"Inteligencia artificial y el fin del mundo... \u00bfes posible?\" \/>\n<meta property=\"og:description\" content=\"Lo hemos visto miles de veces en las pel\u00edculas de Hollywood: la inteligencia artificial se rebela contra la humanidad y acaba o con nosotros o con el mundo. Pero, \u00bfqu\u00e9 tan posible puede llegar a ser esto? Seg\u00fan una entrevista que la BBC le realiz\u00f3 al ya fallecido f\u00edsico Stephen Hawking en 2014, este afirm\u00f3 que &quot;el desarrollo de una completa inteligencia artificial (IA) podr\u00eda traducirse en el fin de la raza humana&quot;.\" \/>\n<meta property=\"og:url\" content=\"https:\/\/thecloud.group\/it\/inteligencia-artificial-el-fin-del-mundo-3-aspectos\/\" \/>\n<meta property=\"og:site_name\" content=\"The Cloud Group\" \/>\n<meta property=\"article:publisher\" content=\"https:\/\/www.facebook.com\/thecloudgroupglobal\" \/>\n<meta property=\"article:published_time\" content=\"2020-11-11T10:00:00+00:00\" \/>\n<meta property=\"article:modified_time\" content=\"2020-12-10T16:16:38+00:00\" \/>\n<meta property=\"og:image\" content=\"https:\/\/thecloud.group\/wp-content\/uploads\/2020\/10\/inteligenciaArtificial.jpg\" \/>\n\t<meta property=\"og:image:width\" content=\"950\" \/>\n\t<meta property=\"og:image:height\" content=\"695\" \/>\n\t<meta property=\"og:image:type\" content=\"image\/jpeg\" \/>\n<meta name=\"author\" content=\"admin\" \/>\n<meta name=\"twitter:card\" content=\"summary_large_image\" \/>\n<meta name=\"twitter:label1\" content=\"Scritto da\" \/>\n\t<meta name=\"twitter:data1\" content=\"admin\" \/>\n\t<meta name=\"twitter:label2\" content=\"Tempo di lettura stimato\" \/>\n\t<meta name=\"twitter:data2\" content=\"4 minuti\" \/>\n<script type=\"application\/ld+json\" class=\"yoast-schema-graph\">{\"@context\":\"https:\\\/\\\/schema.org\",\"@graph\":[{\"@type\":\"Article\",\"@id\":\"https:\\\/\\\/thecloud.group\\\/inteligencia-artificial-el-fin-del-mundo-3-aspectos\\\/#article\",\"isPartOf\":{\"@id\":\"https:\\\/\\\/thecloud.group\\\/inteligencia-artificial-el-fin-del-mundo-3-aspectos\\\/\"},\"author\":{\"name\":\"admin\",\"@id\":\"https:\\\/\\\/thecloud.group\\\/#\\\/schema\\\/person\\\/96af9c910256c8762bee808ba76fc3b3\"},\"headline\":\"Inteligencia artificial y el fin del mundo&#8230; \u00bfes posible?\",\"datePublished\":\"2020-11-11T10:00:00+00:00\",\"dateModified\":\"2020-12-10T16:16:38+00:00\",\"mainEntityOfPage\":{\"@id\":\"https:\\\/\\\/thecloud.group\\\/inteligencia-artificial-el-fin-del-mundo-3-aspectos\\\/\"},\"wordCount\":790,\"publisher\":{\"@id\":\"https:\\\/\\\/thecloud.group\\\/#organization\"},\"image\":{\"@id\":\"https:\\\/\\\/thecloud.group\\\/inteligencia-artificial-el-fin-del-mundo-3-aspectos\\\/#primaryimage\"},\"thumbnailUrl\":\"https:\\\/\\\/thecloud.group\\\/wp-content\\\/uploads\\\/2020\\\/10\\\/inteligenciaArtificial.jpg\",\"articleSection\":[\"Sin categorizar\"],\"inLanguage\":\"it-IT\"},{\"@type\":\"WebPage\",\"@id\":\"https:\\\/\\\/thecloud.group\\\/inteligencia-artificial-el-fin-del-mundo-3-aspectos\\\/\",\"url\":\"https:\\\/\\\/thecloud.group\\\/inteligencia-artificial-el-fin-del-mundo-3-aspectos\\\/\",\"name\":\"Inteligencia artificial y el fin del mundo... \u00bfes posible? | The Cloud Group\",\"isPartOf\":{\"@id\":\"https:\\\/\\\/thecloud.group\\\/#website\"},\"primaryImageOfPage\":{\"@id\":\"https:\\\/\\\/thecloud.group\\\/inteligencia-artificial-el-fin-del-mundo-3-aspectos\\\/#primaryimage\"},\"image\":{\"@id\":\"https:\\\/\\\/thecloud.group\\\/inteligencia-artificial-el-fin-del-mundo-3-aspectos\\\/#primaryimage\"},\"thumbnailUrl\":\"https:\\\/\\\/thecloud.group\\\/wp-content\\\/uploads\\\/2020\\\/10\\\/inteligenciaArtificial.jpg\",\"datePublished\":\"2020-11-11T10:00:00+00:00\",\"dateModified\":\"2020-12-10T16:16:38+00:00\",\"breadcrumb\":{\"@id\":\"https:\\\/\\\/thecloud.group\\\/inteligencia-artificial-el-fin-del-mundo-3-aspectos\\\/#breadcrumb\"},\"inLanguage\":\"it-IT\",\"potentialAction\":[{\"@type\":\"ReadAction\",\"target\":[\"https:\\\/\\\/thecloud.group\\\/inteligencia-artificial-el-fin-del-mundo-3-aspectos\\\/\"]}]},{\"@type\":\"ImageObject\",\"inLanguage\":\"it-IT\",\"@id\":\"https:\\\/\\\/thecloud.group\\\/inteligencia-artificial-el-fin-del-mundo-3-aspectos\\\/#primaryimage\",\"url\":\"https:\\\/\\\/thecloud.group\\\/wp-content\\\/uploads\\\/2020\\\/10\\\/inteligenciaArtificial.jpg\",\"contentUrl\":\"https:\\\/\\\/thecloud.group\\\/wp-content\\\/uploads\\\/2020\\\/10\\\/inteligenciaArtificial.jpg\",\"width\":950,\"height\":695,\"caption\":\"Lo hemos visto miles de veces en las pel\u00edculas de Hollywood: la inteligencia artificial se rebela contra la humanidad y acaba o con nosotros o con el mundo.\"},{\"@type\":\"BreadcrumbList\",\"@id\":\"https:\\\/\\\/thecloud.group\\\/inteligencia-artificial-el-fin-del-mundo-3-aspectos\\\/#breadcrumb\",\"itemListElement\":[{\"@type\":\"ListItem\",\"position\":1,\"name\":\"Home\",\"item\":\"https:\\\/\\\/thecloud.group\\\/\"},{\"@type\":\"ListItem\",\"position\":2,\"name\":\"Inteligencia artificial y el fin del mundo&#8230; \u00bfes posible?\"}]},{\"@type\":\"WebSite\",\"@id\":\"https:\\\/\\\/thecloud.group\\\/#website\",\"url\":\"https:\\\/\\\/thecloud.group\\\/\",\"name\":\"The Cloud Group\",\"description\":\"|\u00a0Holding Internacional de Servicios\",\"publisher\":{\"@id\":\"https:\\\/\\\/thecloud.group\\\/#organization\"},\"potentialAction\":[{\"@type\":\"SearchAction\",\"target\":{\"@type\":\"EntryPoint\",\"urlTemplate\":\"https:\\\/\\\/thecloud.group\\\/?s={search_term_string}\"},\"query-input\":{\"@type\":\"PropertyValueSpecification\",\"valueRequired\":true,\"valueName\":\"search_term_string\"}}],\"inLanguage\":\"it-IT\"},{\"@type\":\"Organization\",\"@id\":\"https:\\\/\\\/thecloud.group\\\/#organization\",\"name\":\"The Cloud Group - Holding International de Servicios\",\"url\":\"https:\\\/\\\/thecloud.group\\\/\",\"logo\":{\"@type\":\"ImageObject\",\"inLanguage\":\"it-IT\",\"@id\":\"https:\\\/\\\/thecloud.group\\\/#\\\/schema\\\/logo\\\/image\\\/\",\"url\":\"https:\\\/\\\/thecloud.group\\\/wp-content\\\/uploads\\\/2020\\\/05\\\/logoSmallFirmaCorreo.png\",\"contentUrl\":\"https:\\\/\\\/thecloud.group\\\/wp-content\\\/uploads\\\/2020\\\/05\\\/logoSmallFirmaCorreo.png\",\"width\":300,\"height\":190,\"caption\":\"The Cloud Group - Holding International de Servicios\"},\"image\":{\"@id\":\"https:\\\/\\\/thecloud.group\\\/#\\\/schema\\\/logo\\\/image\\\/\"},\"sameAs\":[\"https:\\\/\\\/www.facebook.com\\\/thecloudgroupglobal\"]},{\"@type\":\"Person\",\"@id\":\"https:\\\/\\\/thecloud.group\\\/#\\\/schema\\\/person\\\/96af9c910256c8762bee808ba76fc3b3\",\"name\":\"admin\",\"image\":{\"@type\":\"ImageObject\",\"inLanguage\":\"it-IT\",\"@id\":\"https:\\\/\\\/secure.gravatar.com\\\/avatar\\\/4907ac288f1c97f319a5c5097e9024eb489ee94179b3b92b6fa7716b303cdc86?s=96&d=mm&r=g\",\"url\":\"https:\\\/\\\/secure.gravatar.com\\\/avatar\\\/4907ac288f1c97f319a5c5097e9024eb489ee94179b3b92b6fa7716b303cdc86?s=96&d=mm&r=g\",\"contentUrl\":\"https:\\\/\\\/secure.gravatar.com\\\/avatar\\\/4907ac288f1c97f319a5c5097e9024eb489ee94179b3b92b6fa7716b303cdc86?s=96&d=mm&r=g\",\"caption\":\"admin\"},\"sameAs\":[\"https:\\\/\\\/thecloud.group\"]}]}<\/script>\n<!-- \/ Yoast SEO Premium plugin. -->","yoast_head_json":{"title":"Inteligencia artificial y el fin del mundo... \u00bfes posible? | The Cloud Group","robots":{"index":"index","follow":"follow","max-snippet":"max-snippet:-1","max-image-preview":"max-image-preview:large","max-video-preview":"max-video-preview:-1"},"canonical":"https:\/\/thecloud.group\/it\/inteligencia-artificial-el-fin-del-mundo-3-aspectos\/","og_locale":"it_IT","og_type":"article","og_title":"Inteligencia artificial y el fin del mundo... \u00bfes posible?","og_description":"Lo hemos visto miles de veces en las pel\u00edculas de Hollywood: la inteligencia artificial se rebela contra la humanidad y acaba o con nosotros o con el mundo. Pero, \u00bfqu\u00e9 tan posible puede llegar a ser esto? Seg\u00fan una entrevista que la BBC le realiz\u00f3 al ya fallecido f\u00edsico Stephen Hawking en 2014, este afirm\u00f3 que \"el desarrollo de una completa inteligencia artificial (IA) podr\u00eda traducirse en el fin de la raza humana\".","og_url":"https:\/\/thecloud.group\/it\/inteligencia-artificial-el-fin-del-mundo-3-aspectos\/","og_site_name":"The Cloud Group","article_publisher":"https:\/\/www.facebook.com\/thecloudgroupglobal","article_published_time":"2020-11-11T10:00:00+00:00","article_modified_time":"2020-12-10T16:16:38+00:00","og_image":[{"width":950,"height":695,"url":"https:\/\/thecloud.group\/wp-content\/uploads\/2020\/10\/inteligenciaArtificial.jpg","type":"image\/jpeg"}],"author":"admin","twitter_card":"summary_large_image","twitter_misc":{"Scritto da":"admin","Tempo di lettura stimato":"4 minuti"},"schema":{"@context":"https:\/\/schema.org","@graph":[{"@type":"Article","@id":"https:\/\/thecloud.group\/inteligencia-artificial-el-fin-del-mundo-3-aspectos\/#article","isPartOf":{"@id":"https:\/\/thecloud.group\/inteligencia-artificial-el-fin-del-mundo-3-aspectos\/"},"author":{"name":"admin","@id":"https:\/\/thecloud.group\/#\/schema\/person\/96af9c910256c8762bee808ba76fc3b3"},"headline":"Inteligencia artificial y el fin del mundo&#8230; \u00bfes posible?","datePublished":"2020-11-11T10:00:00+00:00","dateModified":"2020-12-10T16:16:38+00:00","mainEntityOfPage":{"@id":"https:\/\/thecloud.group\/inteligencia-artificial-el-fin-del-mundo-3-aspectos\/"},"wordCount":790,"publisher":{"@id":"https:\/\/thecloud.group\/#organization"},"image":{"@id":"https:\/\/thecloud.group\/inteligencia-artificial-el-fin-del-mundo-3-aspectos\/#primaryimage"},"thumbnailUrl":"https:\/\/thecloud.group\/wp-content\/uploads\/2020\/10\/inteligenciaArtificial.jpg","articleSection":["Sin categorizar"],"inLanguage":"it-IT"},{"@type":"WebPage","@id":"https:\/\/thecloud.group\/inteligencia-artificial-el-fin-del-mundo-3-aspectos\/","url":"https:\/\/thecloud.group\/inteligencia-artificial-el-fin-del-mundo-3-aspectos\/","name":"Inteligencia artificial y el fin del mundo... \u00bfes posible? | The Cloud Group","isPartOf":{"@id":"https:\/\/thecloud.group\/#website"},"primaryImageOfPage":{"@id":"https:\/\/thecloud.group\/inteligencia-artificial-el-fin-del-mundo-3-aspectos\/#primaryimage"},"image":{"@id":"https:\/\/thecloud.group\/inteligencia-artificial-el-fin-del-mundo-3-aspectos\/#primaryimage"},"thumbnailUrl":"https:\/\/thecloud.group\/wp-content\/uploads\/2020\/10\/inteligenciaArtificial.jpg","datePublished":"2020-11-11T10:00:00+00:00","dateModified":"2020-12-10T16:16:38+00:00","breadcrumb":{"@id":"https:\/\/thecloud.group\/inteligencia-artificial-el-fin-del-mundo-3-aspectos\/#breadcrumb"},"inLanguage":"it-IT","potentialAction":[{"@type":"ReadAction","target":["https:\/\/thecloud.group\/inteligencia-artificial-el-fin-del-mundo-3-aspectos\/"]}]},{"@type":"ImageObject","inLanguage":"it-IT","@id":"https:\/\/thecloud.group\/inteligencia-artificial-el-fin-del-mundo-3-aspectos\/#primaryimage","url":"https:\/\/thecloud.group\/wp-content\/uploads\/2020\/10\/inteligenciaArtificial.jpg","contentUrl":"https:\/\/thecloud.group\/wp-content\/uploads\/2020\/10\/inteligenciaArtificial.jpg","width":950,"height":695,"caption":"Lo hemos visto miles de veces en las pel\u00edculas de Hollywood: la inteligencia artificial se rebela contra la humanidad y acaba o con nosotros o con el mundo."},{"@type":"BreadcrumbList","@id":"https:\/\/thecloud.group\/inteligencia-artificial-el-fin-del-mundo-3-aspectos\/#breadcrumb","itemListElement":[{"@type":"ListItem","position":1,"name":"Home","item":"https:\/\/thecloud.group\/"},{"@type":"ListItem","position":2,"name":"Inteligencia artificial y el fin del mundo&#8230; \u00bfes posible?"}]},{"@type":"WebSite","@id":"https:\/\/thecloud.group\/#website","url":"https:\/\/thecloud.group\/","name":"Il Gruppo Cloud","description":"| International Services Holding","publisher":{"@id":"https:\/\/thecloud.group\/#organization"},"potentialAction":[{"@type":"SearchAction","target":{"@type":"EntryPoint","urlTemplate":"https:\/\/thecloud.group\/?s={search_term_string}"},"query-input":{"@type":"PropertyValueSpecification","valueRequired":true,"valueName":"search_term_string"}}],"inLanguage":"it-IT"},{"@type":"Organization","@id":"https:\/\/thecloud.group\/#organization","name":"Cloud Group - Holding di servizi internazionali","url":"https:\/\/thecloud.group\/","logo":{"@type":"ImageObject","inLanguage":"it-IT","@id":"https:\/\/thecloud.group\/#\/schema\/logo\/image\/","url":"https:\/\/thecloud.group\/wp-content\/uploads\/2020\/05\/logoSmallFirmaCorreo.png","contentUrl":"https:\/\/thecloud.group\/wp-content\/uploads\/2020\/05\/logoSmallFirmaCorreo.png","width":300,"height":190,"caption":"The Cloud Group - Holding International de Servicios"},"image":{"@id":"https:\/\/thecloud.group\/#\/schema\/logo\/image\/"},"sameAs":["https:\/\/www.facebook.com\/thecloudgroupglobal"]},{"@type":"Person","@id":"https:\/\/thecloud.group\/#\/schema\/person\/96af9c910256c8762bee808ba76fc3b3","name":"amministratore","image":{"@type":"ImageObject","inLanguage":"it-IT","@id":"https:\/\/secure.gravatar.com\/avatar\/4907ac288f1c97f319a5c5097e9024eb489ee94179b3b92b6fa7716b303cdc86?s=96&d=mm&r=g","url":"https:\/\/secure.gravatar.com\/avatar\/4907ac288f1c97f319a5c5097e9024eb489ee94179b3b92b6fa7716b303cdc86?s=96&d=mm&r=g","contentUrl":"https:\/\/secure.gravatar.com\/avatar\/4907ac288f1c97f319a5c5097e9024eb489ee94179b3b92b6fa7716b303cdc86?s=96&d=mm&r=g","caption":"admin"},"sameAs":["https:\/\/thecloud.group"]}]}},"_links":{"self":[{"href":"https:\/\/thecloud.group\/it\/wp-json\/wp\/v2\/posts\/11758","targetHints":{"allow":["GET"]}}],"collection":[{"href":"https:\/\/thecloud.group\/it\/wp-json\/wp\/v2\/posts"}],"about":[{"href":"https:\/\/thecloud.group\/it\/wp-json\/wp\/v2\/types\/post"}],"author":[{"embeddable":true,"href":"https:\/\/thecloud.group\/it\/wp-json\/wp\/v2\/users\/1"}],"replies":[{"embeddable":true,"href":"https:\/\/thecloud.group\/it\/wp-json\/wp\/v2\/comments?post=11758"}],"version-history":[{"count":17,"href":"https:\/\/thecloud.group\/it\/wp-json\/wp\/v2\/posts\/11758\/revisions"}],"predecessor-version":[{"id":13202,"href":"https:\/\/thecloud.group\/it\/wp-json\/wp\/v2\/posts\/11758\/revisions\/13202"}],"wp:featuredmedia":[{"embeddable":true,"href":"https:\/\/thecloud.group\/it\/wp-json\/wp\/v2\/media\/11768"}],"wp:attachment":[{"href":"https:\/\/thecloud.group\/it\/wp-json\/wp\/v2\/media?parent=11758"}],"wp:term":[{"taxonomy":"category","embeddable":true,"href":"https:\/\/thecloud.group\/it\/wp-json\/wp\/v2\/categories?post=11758"},{"taxonomy":"post_tag","embeddable":true,"href":"https:\/\/thecloud.group\/it\/wp-json\/wp\/v2\/tags?post=11758"}],"curies":[{"name":"wp","href":"https:\/\/api.w.org\/{rel}","templated":true}]}}