{"id":11689,"date":"2020-10-28T10:00:00","date_gmt":"2020-10-28T10:00:00","guid":{"rendered":"https:\/\/thecloud.group\/?p=11689"},"modified":"2020-12-10T16:09:01","modified_gmt":"2020-12-10T16:09:01","slug":"diseno-grafico-8-razones-que-te-convenceran","status":"publish","type":"post","link":"https:\/\/thecloud.group\/it\/diseno-grafico-8-razones-que-te-convenceran\/","title":{"rendered":"Dise\u00f1o gr\u00e1fico: 8 razones que te convencer\u00e1n de que lo necesitas"},"content":{"rendered":"<div data-elementor-type=\"wp-post\" data-elementor-id=\"11689\" class=\"elementor elementor-11689\" data-elementor-post-type=\"post\">\n\t\t\t\t\t\t<section class=\"elementor-section elementor-top-section elementor-element elementor-element-41a57ec9 elementor-section-stretched elementor-section-boxed elementor-section-height-default elementor-section-height-default\" data-id=\"41a57ec9\" data-element_type=\"section\" data-e-type=\"section\" data-settings=\"{&quot;stretch_section&quot;:&quot;section-stretched&quot;,&quot;background_background&quot;:&quot;classic&quot;}\">\n\t\t\t\t\t\t\t<div class=\"elementor-background-overlay\"><\/div>\n\t\t\t\t\t\t\t<div class=\"elementor-container elementor-column-gap-default\">\n\t\t\t\t\t<div class=\"elementor-column elementor-col-100 elementor-top-column elementor-element elementor-element-226b43a6\" data-id=\"226b43a6\" data-element_type=\"column\" data-e-type=\"column\" data-settings=\"{&quot;background_background&quot;:&quot;classic&quot;}\">\n\t\t\t<div class=\"elementor-widget-wrap elementor-element-populated\">\n\t\t\t\t\t\t<div class=\"elementor-element elementor-element-481d637f elementor-widget elementor-widget-image\" data-id=\"481d637f\" data-element_type=\"widget\" data-e-type=\"widget\" data-widget_type=\"image.default\">\n\t\t\t\t<div class=\"elementor-widget-container\">\n\t\t\t\t\t\t\t\t\t\t\t\t\t\t\t<img decoding=\"async\" src=\"https:\/\/thecloud.group\/wp-content\/uploads\/elementor\/thumbs\/LogoHor-osf66wqrs0q6z5scsi4c0cpaz4hmv3cdo16ybda1og.png\" title=\"Logo dell&#039;immagine The Cloud Group\" alt=\"Cloud Group \u00e8 una holding aziendale focalizzata sulla trasformazione digitale globale.\" loading=\"lazy\" \/>\t\t\t\t\t\t\t\t\t\t\t\t\t\t\t<\/div>\n\t\t\t\t<\/div>\n\t\t\t\t<section class=\"elementor-section elementor-inner-section elementor-element elementor-element-4e980991 elementor-section-boxed elementor-section-height-default elementor-section-height-default\" data-id=\"4e980991\" data-element_type=\"section\" data-e-type=\"section\">\n\t\t\t\t\t\t<div class=\"elementor-container elementor-column-gap-default\">\n\t\t\t\t\t<div class=\"elementor-column elementor-col-33 elementor-inner-column elementor-element elementor-element-13b3a734\" data-id=\"13b3a734\" data-element_type=\"column\" data-e-type=\"column\">\n\t\t\t<div class=\"elementor-widget-wrap\">\n\t\t\t\t\t\t\t<\/div>\n\t\t<\/div>\n\t\t\t\t<div class=\"elementor-column elementor-col-33 elementor-inner-column elementor-element elementor-element-7f25a6bf\" data-id=\"7f25a6bf\" data-element_type=\"column\" data-e-type=\"column\">\n\t\t\t<div class=\"elementor-widget-wrap elementor-element-populated\">\n\t\t\t\t\t\t<div class=\"elementor-element elementor-element-2671031 elementor-widget elementor-widget-heading\" data-id=\"2671031\" data-element_type=\"widget\" data-e-type=\"widget\" data-widget_type=\"heading.default\">\n\t\t\t\t<div class=\"elementor-widget-container\">\n\t\t\t\t\t<h1 class=\"elementor-heading-title elementor-size-default\">Dise\u00f1o gr\u00e1fico: 8 razones que te convencer\u00e1n de que lo necesitas<\/h1>\t\t\t\t<\/div>\n\t\t\t\t<\/div>\n\t\t\t\t\t<\/div>\n\t\t<\/div>\n\t\t\t\t<div class=\"elementor-column elementor-col-33 elementor-inner-column elementor-element elementor-element-680ee111\" data-id=\"680ee111\" data-element_type=\"column\" data-e-type=\"column\">\n\t\t\t<div class=\"elementor-widget-wrap\">\n\t\t\t\t\t\t\t<\/div>\n\t\t<\/div>\n\t\t\t\t\t<\/div>\n\t\t<\/section>\n\t\t\t\t<section class=\"elementor-section elementor-inner-section elementor-element elementor-element-cf112af elementor-section-boxed elementor-section-height-default elementor-section-height-default\" data-id=\"cf112af\" data-element_type=\"section\" data-e-type=\"section\">\n\t\t\t\t\t\t<div class=\"elementor-container elementor-column-gap-default\">\n\t\t\t\t\t<div class=\"elementor-column elementor-col-25 elementor-inner-column elementor-element elementor-element-697faab7\" data-id=\"697faab7\" data-element_type=\"column\" data-e-type=\"column\">\n\t\t\t<div class=\"elementor-widget-wrap\">\n\t\t\t\t\t\t\t<\/div>\n\t\t<\/div>\n\t\t\t\t<div class=\"elementor-column elementor-col-25 elementor-inner-column elementor-element elementor-element-66e02f9f\" data-id=\"66e02f9f\" data-element_type=\"column\" data-e-type=\"column\">\n\t\t\t<div class=\"elementor-widget-wrap\">\n\t\t\t\t\t\t\t<\/div>\n\t\t<\/div>\n\t\t\t\t<div class=\"elementor-column elementor-col-25 elementor-inner-column elementor-element elementor-element-31f74d24\" data-id=\"31f74d24\" data-element_type=\"column\" data-e-type=\"column\">\n\t\t\t<div class=\"elementor-widget-wrap\">\n\t\t\t\t\t\t\t<\/div>\n\t\t<\/div>\n\t\t\t\t<div class=\"elementor-column elementor-col-25 elementor-inner-column elementor-element elementor-element-2043ba45\" data-id=\"2043ba45\" data-element_type=\"column\" data-e-type=\"column\">\n\t\t\t<div class=\"elementor-widget-wrap\">\n\t\t\t\t\t\t\t<\/div>\n\t\t<\/div>\n\t\t\t\t\t<\/div>\n\t\t<\/section>\n\t\t\t\t\t<\/div>\n\t\t<\/div>\n\t\t\t\t\t<\/div>\n\t\t<\/section>\n\t\t\t\t<section class=\"elementor-section elementor-top-section elementor-element elementor-element-27c5e19a elementor-section-boxed elementor-section-height-default elementor-section-height-default\" data-id=\"27c5e19a\" data-element_type=\"section\" data-e-type=\"section\">\n\t\t\t\t\t\t<div class=\"elementor-container elementor-column-gap-default\">\n\t\t\t\t\t<div class=\"elementor-column elementor-col-100 elementor-top-column elementor-element elementor-element-4bea878a\" data-id=\"4bea878a\" data-element_type=\"column\" data-e-type=\"column\">\n\t\t\t<div class=\"elementor-widget-wrap elementor-element-populated\">\n\t\t\t\t\t\t<div class=\"elementor-element elementor-element-68562ec5 elementor-widget elementor-widget-text-editor\" data-id=\"68562ec5\" data-element_type=\"widget\" data-e-type=\"widget\" data-widget_type=\"text-editor.default\">\n\t\t\t\t<div class=\"elementor-widget-container\">\n\t\t\t\t\t\t\t\t\t<p>Quiz\u00e1s nunca le hayas dado importancia al dise\u00f1o gr\u00e1fico en tu empresa. \u201c\u00bfPara qu\u00e9?\u201d Seguramente dir\u00e1s. Bueno, la verdad es que s\u00ed deber\u00eda importarte un poquito este tema, independientemente del ramo o sector al que pertenezca tu negocio. Vamos a proceder a explicarte por qu\u00e9 y estamos seguros de que quedar\u00e1s convencido al terminar de leer este art\u00edculo de lo relevante que es el tema visual para cualquier proyecto y\/o emprendimiento.<\/p>\t\t\t\t\t\t\t\t<\/div>\n\t\t\t\t<\/div>\n\t\t\t\t<section class=\"elementor-section elementor-inner-section elementor-element elementor-element-10e7854f elementor-section-boxed elementor-section-height-default elementor-section-height-default\" data-id=\"10e7854f\" data-element_type=\"section\" data-e-type=\"section\">\n\t\t\t\t\t\t<div class=\"elementor-container elementor-column-gap-default\">\n\t\t\t\t\t<div class=\"elementor-column elementor-col-50 elementor-inner-column elementor-element elementor-element-52d929dd\" data-id=\"52d929dd\" data-element_type=\"column\" data-e-type=\"column\">\n\t\t\t<div class=\"elementor-widget-wrap elementor-element-populated\">\n\t\t\t\t\t\t<div class=\"elementor-element elementor-element-4a8381c5 elementor-widget elementor-widget-heading\" data-id=\"4a8381c5\" data-element_type=\"widget\" data-e-type=\"widget\" data-widget_type=\"heading.default\">\n\t\t\t\t<div class=\"elementor-widget-container\">\n\t\t\t\t\t<h2 class=\"elementor-heading-title elementor-size-default\">1.\tAyuda con la reputaci\u00f3n corporativa<\/h2>\t\t\t\t<\/div>\n\t\t\t\t<\/div>\n\t\t\t\t<div class=\"elementor-element elementor-element-27e52eab elementor-widget elementor-widget-text-editor\" data-id=\"27e52eab\" data-element_type=\"widget\" data-e-type=\"widget\" data-widget_type=\"text-editor.default\">\n\t\t\t\t<div class=\"elementor-widget-container\">\n\t\t\t\t\t\t\t\t\t<p>No importa el tama\u00f1o de tu empresa, la reputaci\u00f3n de tu negocio es una de las cosas m\u00e1s importantes. Parte de tu identidad se ve reflejada en tu reputaci\u00f3n, de la misma manera que lo hace un logotipo.<\/p>\t\t\t\t\t\t\t\t<\/div>\n\t\t\t\t<\/div>\n\t\t\t\t<div class=\"elementor-element elementor-element-11f1806e elementor-widget elementor-widget-text-editor\" data-id=\"11f1806e\" data-element_type=\"widget\" data-e-type=\"widget\" data-widget_type=\"text-editor.default\">\n\t\t\t\t<div class=\"elementor-widget-container\">\n\t\t\t\t\t\t\t\t\t<p>El logotipo es el elemento visual de tu marca m\u00e1s importante y un buen dise\u00f1o gr\u00e1fico debe comunicar los valores y el mensaje del logo a trav\u00e9s del color, tipograf\u00eda y elementos visuales que se utilicen en el mismo.<\/p>\t\t\t\t\t\t\t\t<\/div>\n\t\t\t\t<\/div>\n\t\t\t\t\t<\/div>\n\t\t<\/div>\n\t\t\t\t<div class=\"elementor-column elementor-col-50 elementor-inner-column elementor-element elementor-element-19f7be93\" data-id=\"19f7be93\" data-element_type=\"column\" data-e-type=\"column\">\n\t\t\t<div class=\"elementor-widget-wrap elementor-element-populated\">\n\t\t\t\t\t\t<div class=\"elementor-element elementor-element-781121a2 elementor-widget elementor-widget-image\" data-id=\"781121a2\" data-element_type=\"widget\" data-e-type=\"widget\" data-widget_type=\"image.default\">\n\t\t\t\t<div class=\"elementor-widget-container\">\n\t\t\t\t\t\t\t\t\t\t\t\t\t\t\t<img fetchpriority=\"high\" decoding=\"async\" width=\"800\" height=\"536\" src=\"https:\/\/thecloud.group\/wp-content\/uploads\/2020\/10\/disenoGraficoEmpresas.jpg\" class=\"elementor-animation-hang attachment-large size-large wp-image-11691\" alt=\"Dise\u00f1o gr\u00e1fico para tu empresa\" srcset=\"https:\/\/thecloud.group\/wp-content\/uploads\/2020\/10\/disenoGraficoEmpresas.jpg 950w, https:\/\/thecloud.group\/wp-content\/uploads\/2020\/10\/disenoGraficoEmpresas-300x201.jpg 300w, https:\/\/thecloud.group\/wp-content\/uploads\/2020\/10\/disenoGraficoEmpresas-768x515.jpg 768w\" sizes=\"(max-width: 800px) 100vw, 800px\" \/>\t\t\t\t\t\t\t\t\t\t\t\t\t\t\t<\/div>\n\t\t\t\t<\/div>\n\t\t\t\t\t<\/div>\n\t\t<\/div>\n\t\t\t\t\t<\/div>\n\t\t<\/section>\n\t\t\t\t<div class=\"elementor-element elementor-element-63116440 elementor-widget elementor-widget-heading\" data-id=\"63116440\" data-element_type=\"widget\" data-e-type=\"widget\" data-widget_type=\"heading.default\">\n\t\t\t\t<div class=\"elementor-widget-container\">\n\t\t\t\t\t<h2 class=\"elementor-heading-title elementor-size-default\">2.\tIdentidad corporativa<\/h2>\t\t\t\t<\/div>\n\t\t\t\t<\/div>\n\t\t\t\t<div class=\"elementor-element elementor-element-1dc3a341 elementor-widget elementor-widget-text-editor\" data-id=\"1dc3a341\" data-element_type=\"widget\" data-e-type=\"widget\" data-widget_type=\"text-editor.default\">\n\t\t\t\t<div class=\"elementor-widget-container\">\n\t\t\t\t\t\t\t\t\t<p>Adem\u00e1s de que el dise\u00f1o gr\u00e1fico sea necesario para crear la marca de la empresa, lo es tambi\u00e9n para generar identidad corporativa. Una forma de hacerlo es a trav\u00e9s de la elaboraci\u00f3n de un manual de marca donde se expliquen y delimiten los usos de los elementos gr\u00e1ficos para cualquier ocasi\u00f3n en tu negocio. Por ejemplo, usos correctos del logo, los colores, tipograf\u00edas, im\u00e1genes para las redes sociales y otros m\u00e1s.<\/p>\t\t\t\t\t\t\t\t<\/div>\n\t\t\t\t<\/div>\n\t\t\t\t<div class=\"elementor-element elementor-element-3bf2ab4 elementor-widget elementor-widget-heading\" data-id=\"3bf2ab4\" data-element_type=\"widget\" data-e-type=\"widget\" data-widget_type=\"heading.default\">\n\t\t\t\t<div class=\"elementor-widget-container\">\n\t\t\t\t\t<h2 class=\"elementor-heading-title elementor-size-default\">3.\tCapta la atenci\u00f3n de potenciales clientes<\/h2>\t\t\t\t<\/div>\n\t\t\t\t<\/div>\n\t\t\t\t<div class=\"elementor-element elementor-element-e7460f6 elementor-widget elementor-widget-text-editor\" data-id=\"e7460f6\" data-element_type=\"widget\" data-e-type=\"widget\" data-widget_type=\"text-editor.default\">\n\t\t\t\t<div class=\"elementor-widget-container\">\n\t\t\t\t\t\t\t\t\t<p>El dise\u00f1o gr\u00e1fico ayuda a captar la atenci\u00f3n de potenciales clientes. A trav\u00e9s de dise\u00f1os creativos y visualmente atractivos en redes sociales, material POP, sitio web, etc., se puede lograr llamar la atenci\u00f3n de las personas y destacar frente a la competencia.<\/p>\t\t\t\t\t\t\t\t<\/div>\n\t\t\t\t<\/div>\n\t\t\t\t<div class=\"elementor-element elementor-element-a64e5a4 elementor-widget elementor-widget-heading\" data-id=\"a64e5a4\" data-element_type=\"widget\" data-e-type=\"widget\" data-widget_type=\"heading.default\">\n\t\t\t\t<div class=\"elementor-widget-container\">\n\t\t\t\t\t<h2 class=\"elementor-heading-title elementor-size-default\">4.\tMejora el posicionamiento en el mercado<\/h2>\t\t\t\t<\/div>\n\t\t\t\t<\/div>\n\t\t\t\t<div class=\"elementor-element elementor-element-46616d1 elementor-widget elementor-widget-text-editor\" data-id=\"46616d1\" data-element_type=\"widget\" data-e-type=\"widget\" data-widget_type=\"text-editor.default\">\n\t\t\t\t<div class=\"elementor-widget-container\">\n\t\t\t\t\t\t\t\t\t<p>El dise\u00f1o gr\u00e1fico te ayudar\u00e1 enormemente con tus ventas. La principal raz\u00f3n es que un buen dise\u00f1o genera confianza en las personas, de la misma manera que un dise\u00f1o de baja calidad har\u00e1 que los potenciales clientes duden de la seriedad y transparencia del negocio.<\/p>\t\t\t\t\t\t\t\t<\/div>\n\t\t\t\t<\/div>\n\t\t\t\t<div class=\"elementor-element elementor-element-129e856 elementor-widget elementor-widget-heading\" data-id=\"129e856\" data-element_type=\"widget\" data-e-type=\"widget\" data-widget_type=\"heading.default\">\n\t\t\t\t<div class=\"elementor-widget-container\">\n\t\t\t\t\t<h2 class=\"elementor-heading-title elementor-size-default\">5.\tUn envoltorio bonito<\/h2>\t\t\t\t<\/div>\n\t\t\t\t<\/div>\n\t\t\t\t<div class=\"elementor-element elementor-element-201c200 elementor-widget elementor-widget-text-editor\" data-id=\"201c200\" data-element_type=\"widget\" data-e-type=\"widget\" data-widget_type=\"text-editor.default\">\n\t\t\t\t<div class=\"elementor-widget-container\">\n\t\t\t\t\t\t\t\t\t<p>En el caso de la venta de productos, querr\u00e1s que tu empresa tenga envoltorios bonitos y esto solo es posible de la mejor manera gracias a un dise\u00f1o gr\u00e1fico profesional. En el mundo web, el envoltorio bonito es tu sitio web, son tus redes sociales, es tu logotipo. Nuevamente, la forma correcta de lograrlo con \u00e9xito es con el apoyo del dise\u00f1o gr\u00e1fico realizado por alguien que sabe lo que est\u00e1 haciendo.<\/p>\t\t\t\t\t\t\t\t<\/div>\n\t\t\t\t<\/div>\n\t\t\t\t<div class=\"elementor-element elementor-element-8d3b77b elementor-widget elementor-widget-heading\" data-id=\"8d3b77b\" data-element_type=\"widget\" data-e-type=\"widget\" data-widget_type=\"heading.default\">\n\t\t\t\t<div class=\"elementor-widget-container\">\n\t\t\t\t\t<h2 class=\"elementor-heading-title elementor-size-default\">6.\tMejora en el ranking del mercado<\/h2>\t\t\t\t<\/div>\n\t\t\t\t<\/div>\n\t\t\t\t<div class=\"elementor-element elementor-element-261cb2c6 elementor-widget elementor-widget-text-editor\" data-id=\"261cb2c6\" data-element_type=\"widget\" data-e-type=\"widget\" data-widget_type=\"text-editor.default\">\n\t\t\t\t<div class=\"elementor-widget-container\">\n\t\t\t\t\t\t\t\t\t<p>Tu marca podr\u00e1 mejorar en los rankings del mercado si puedes vender m\u00e1s productos, lo que tambi\u00e9n puede ser una consecuencia de un buen dise\u00f1o gr\u00e1fico. Si tu empresa logra vender m\u00e1s productos que tu competencia, subir\u00e1s en los rankings de popularidad.<\/p>\t\t\t\t\t\t\t\t<\/div>\n\t\t\t\t<\/div>\n\t\t\t\t<div class=\"elementor-element elementor-element-40a0490 elementor-widget elementor-widget-heading\" data-id=\"40a0490\" data-element_type=\"widget\" data-e-type=\"widget\" data-widget_type=\"heading.default\">\n\t\t\t\t<div class=\"elementor-widget-container\">\n\t\t\t\t\t<h2 class=\"elementor-heading-title elementor-size-default\">7.\tEs una inversi\u00f3n estrat\u00e9gica<\/h2>\t\t\t\t<\/div>\n\t\t\t\t<\/div>\n\t\t\t\t<div class=\"elementor-element elementor-element-e33ee79 elementor-widget elementor-widget-text-editor\" data-id=\"e33ee79\" data-element_type=\"widget\" data-e-type=\"widget\" data-widget_type=\"text-editor.default\">\n\t\t\t\t<div class=\"elementor-widget-container\">\n\t\t\t\t\t\t\t\t\t<p>Hoy en d\u00eda el mundo est\u00e1 cada vez m\u00e1s impulsado por lo visual y destacar entre la multitud se ha vuelto muy dif\u00edcil. Un buen dise\u00f1o gr\u00e1fico nos permite conseguir nuestro espacio en el mercado para evitar que nuestra marca pase desapercibida entre el mont\u00f3n.<\/p>\t\t\t\t\t\t\t\t<\/div>\n\t\t\t\t<\/div>\n\t\t\t\t<section class=\"elementor-section elementor-inner-section elementor-element elementor-element-140e0770 elementor-section-boxed elementor-section-height-default elementor-section-height-default\" data-id=\"140e0770\" data-element_type=\"section\" data-e-type=\"section\">\n\t\t\t\t\t\t<div class=\"elementor-container elementor-column-gap-default\">\n\t\t\t\t\t<div class=\"elementor-column elementor-col-50 elementor-inner-column elementor-element elementor-element-6582a6c\" data-id=\"6582a6c\" data-element_type=\"column\" data-e-type=\"column\">\n\t\t\t<div class=\"elementor-widget-wrap elementor-element-populated\">\n\t\t\t\t\t\t<div class=\"elementor-element elementor-element-3cf7e386 elementor-widget elementor-widget-heading\" data-id=\"3cf7e386\" data-element_type=\"widget\" data-e-type=\"widget\" data-widget_type=\"heading.default\">\n\t\t\t\t<div class=\"elementor-widget-container\">\n\t\t\t\t\t<h2 class=\"elementor-heading-title elementor-size-default\">8.\tMejora la lealtad de tu equipo de trabajo<\/h2>\t\t\t\t<\/div>\n\t\t\t\t<\/div>\n\t\t\t\t<div class=\"elementor-element elementor-element-5d3db3b7 elementor-widget elementor-widget-text-editor\" data-id=\"5d3db3b7\" data-element_type=\"widget\" data-e-type=\"widget\" data-widget_type=\"text-editor.default\">\n\t\t\t\t<div class=\"elementor-widget-container\">\n\t\t\t\t\t\t\t\t\t<p>Parecer\u00e1 incre\u00edble pero el dise\u00f1o gr\u00e1fico de tu marca tiene un impacto en tu equipo de trabajo. Una oficina bonita y bien dise\u00f1ada har\u00e1 que las personas se sientan a gusto en su lugar de trabajo con \u00e1nimos de comenzar su jornada laboral.<\/p>\t\t\t\t\t\t\t\t<\/div>\n\t\t\t\t<\/div>\n\t\t\t\t<div class=\"elementor-element elementor-element-e3abfe6 elementor-widget elementor-widget-text-editor\" data-id=\"e3abfe6\" data-element_type=\"widget\" data-e-type=\"widget\" data-widget_type=\"text-editor.default\">\n\t\t\t\t<div class=\"elementor-widget-container\">\n\t\t\t\t\t\t\t\t\t<p>Tambi\u00e9n, los colores que se utilicen pueden ayudar con la concentraci\u00f3n y a que todos den lo mejor de s\u00ed mismos. Adicionalmente, les permitir\u00e1 conectar con la propia imagen de la empresa y sentirse parte de un todo, lo que ayudar\u00e1 a alcanzar el \u00e9xito.<\/p>\t\t\t\t\t\t\t\t<\/div>\n\t\t\t\t<\/div>\n\t\t\t\t\t<\/div>\n\t\t<\/div>\n\t\t\t\t<div class=\"elementor-column elementor-col-50 elementor-inner-column elementor-element elementor-element-34c5ddce\" data-id=\"34c5ddce\" data-element_type=\"column\" data-e-type=\"column\">\n\t\t\t<div class=\"elementor-widget-wrap elementor-element-populated\">\n\t\t\t\t\t\t<div class=\"elementor-element elementor-element-64b4172e elementor-widget elementor-widget-image\" data-id=\"64b4172e\" data-element_type=\"widget\" data-e-type=\"widget\" data-widget_type=\"image.default\">\n\t\t\t\t<div class=\"elementor-widget-container\">\n\t\t\t\t\t\t\t\t\t\t\t\t\t\t\t<img decoding=\"async\" width=\"800\" height=\"533\" src=\"https:\/\/thecloud.group\/wp-content\/uploads\/2020\/10\/disEmpresas.jpg\" class=\"elementor-animation-hang attachment-large size-large wp-image-11694\" alt=\"Dise\u00f1o gr\u00e1fico y las razones para tu empresa\" srcset=\"https:\/\/thecloud.group\/wp-content\/uploads\/2020\/10\/disEmpresas.jpg 950w, https:\/\/thecloud.group\/wp-content\/uploads\/2020\/10\/disEmpresas-300x200.jpg 300w, https:\/\/thecloud.group\/wp-content\/uploads\/2020\/10\/disEmpresas-768x512.jpg 768w\" sizes=\"(max-width: 800px) 100vw, 800px\" \/>\t\t\t\t\t\t\t\t\t\t\t\t\t\t\t<\/div>\n\t\t\t\t<\/div>\n\t\t\t\t\t<\/div>\n\t\t<\/div>\n\t\t\t\t\t<\/div>\n\t\t<\/section>\n\t\t\t\t<div class=\"elementor-element elementor-element-35400728 elementor-widget elementor-widget-text-editor\" data-id=\"35400728\" data-element_type=\"widget\" data-e-type=\"widget\" data-widget_type=\"text-editor.default\">\n\t\t\t\t<div class=\"elementor-widget-container\">\n\t\t\t\t\t\t\t\t\t<p>Si quieres conocer otros tips que hemos preparado para que puedas alcanzar el \u00e9xito con tu negocio no dejes de leer <a href=\"https:\/\/thecloud.group\/it\/blog\/\">il nostro blog<\/a> donde semanalmente estamos compartiendo art\u00edculos de inter\u00e9s de los cuales estamos seguros que podr\u00e1s sacarles enorme provecho para tus propios proyectos.<\/p>\t\t\t\t\t\t\t\t<\/div>\n\t\t\t\t<\/div>\n\t\t\t\t<div class=\"elementor-element elementor-element-3b63a924 elementor-widget elementor-widget-text-editor\" data-id=\"3b63a924\" data-element_type=\"widget\" data-e-type=\"widget\" data-widget_type=\"text-editor.default\">\n\t\t\t\t<div class=\"elementor-widget-container\">\n\t\t\t\t\t\t\t\t\t<p>No olvides que, si buscas apoyo de una agencia de marketing con conocimiento de dise\u00f1o gr\u00e1fico, <a href=\"https:\/\/thecloud.group\/it\/\">Il Gruppo Cloud<\/a> Siamo pronti a servirvi. Vi aspettiamo!<\/p>\t\t\t\t\t\t\t\t<\/div>\n\t\t\t\t<\/div>\n\t\t\t\t\t<\/div>\n\t\t<\/div>\n\t\t\t\t\t<\/div>\n\t\t<\/section>\n\t\t\t\t<section class=\"elementor-section elementor-top-section elementor-element elementor-element-76619795 elementor-section-boxed elementor-section-height-default elementor-section-height-default\" data-id=\"76619795\" data-element_type=\"section\" data-e-type=\"section\" data-settings=\"{&quot;background_background&quot;:&quot;classic&quot;}\">\n\t\t\t\t\t\t<div class=\"elementor-container elementor-column-gap-default\">\n\t\t\t\t\t<div class=\"elementor-column elementor-col-100 elementor-top-column elementor-element elementor-element-77e4d1ef\" data-id=\"77e4d1ef\" data-element_type=\"column\" data-e-type=\"column\" data-settings=\"{&quot;background_background&quot;:&quot;classic&quot;}\">\n\t\t\t<div class=\"elementor-widget-wrap\">\n\t\t\t\t\t\t\t<\/div>\n\t\t<\/div>\n\t\t\t\t\t<\/div>\n\t\t<\/section>\n\t\t\t\t<\/div>","protected":false},"excerpt":{"rendered":"<p>Desde hace ya varios a\u00f1os la inteligencia artificial est\u00e1 cada vez m\u00e1s presente en nuestro d\u00eda a d\u00eda, quiz\u00e1s sin que te hayas dado cuenta de ello. Incluso ya han llegado a sustituir algunos puestos de trabajo que antes realizaban personas. Una implementaci\u00f3n muy popular hoy en d\u00eda es el de los chatbots, por ejemplo, a trav\u00e9s del cual las empresas han sustituido al personal de atenci\u00f3n al cliente por un robot para atender incidencias y preguntas menores. Dado todo esto, quiz\u00e1s te est\u00e9s preguntando si otros empleos est\u00e1n en peligro tambi\u00e9n por la inteligencia artificial.<\/p>","protected":false},"author":1,"featured_media":11691,"comment_status":"closed","ping_status":"closed","sticky":false,"template":"elementor_header_footer","format":"standard","meta":{"footnotes":""},"categories":[162],"tags":[],"class_list":["post-11689","post","type-post","status-publish","format-standard","has-post-thumbnail","hentry","category-sin-categorizar"],"yoast_head":"<!-- This site is optimized with the Yoast SEO Premium plugin v27.4 (Yoast SEO v27.5) - https:\/\/yoast.com\/product\/yoast-seo-premium-wordpress\/ -->\n<title>Dise\u00f1o gr\u00e1fico: 8 razones que te convencer\u00e1n de que lo necesitas | The Cloud Group<\/title>\n<meta name=\"robots\" content=\"index, follow, max-snippet:-1, max-image-preview:large, max-video-preview:-1\" \/>\n<link rel=\"canonical\" href=\"https:\/\/thecloud.group\/it\/diseno-grafico-8-razones-que-te-convenceran\/\" \/>\n<meta property=\"og:locale\" content=\"it_IT\" \/>\n<meta property=\"og:type\" content=\"article\" \/>\n<meta property=\"og:title\" content=\"Dise\u00f1o gr\u00e1fico: 8 razones que te convencer\u00e1n de que lo necesitas\" \/>\n<meta property=\"og:description\" content=\"Desde hace ya varios a\u00f1os la inteligencia artificial est\u00e1 cada vez m\u00e1s presente en nuestro d\u00eda a d\u00eda, quiz\u00e1s sin que te hayas dado cuenta de ello. Incluso ya han llegado a sustituir algunos puestos de trabajo que antes realizaban personas. Una implementaci\u00f3n muy popular hoy en d\u00eda es el de los chatbots, por ejemplo, a trav\u00e9s del cual las empresas han sustituido al personal de atenci\u00f3n al cliente por un robot para atender incidencias y preguntas menores. Dado todo esto, quiz\u00e1s te est\u00e9s preguntando si otros empleos est\u00e1n en peligro tambi\u00e9n por la inteligencia artificial.\" \/>\n<meta property=\"og:url\" content=\"https:\/\/thecloud.group\/it\/diseno-grafico-8-razones-que-te-convenceran\/\" \/>\n<meta property=\"og:site_name\" content=\"The Cloud Group\" \/>\n<meta property=\"article:publisher\" content=\"https:\/\/www.facebook.com\/thecloudgroupglobal\" \/>\n<meta property=\"article:published_time\" content=\"2020-10-28T10:00:00+00:00\" \/>\n<meta property=\"article:modified_time\" content=\"2020-12-10T16:09:01+00:00\" \/>\n<meta property=\"og:image\" content=\"https:\/\/thecloud.group\/wp-content\/uploads\/2020\/10\/disenoGraficoEmpresas.jpg\" \/>\n\t<meta property=\"og:image:width\" content=\"950\" \/>\n\t<meta property=\"og:image:height\" content=\"637\" \/>\n\t<meta property=\"og:image:type\" content=\"image\/jpeg\" \/>\n<meta name=\"author\" content=\"admin\" \/>\n<meta name=\"twitter:card\" content=\"summary_large_image\" \/>\n<meta name=\"twitter:label1\" content=\"Scritto da\" \/>\n\t<meta name=\"twitter:data1\" content=\"admin\" \/>\n\t<meta name=\"twitter:label2\" content=\"Tempo di lettura stimato\" \/>\n\t<meta name=\"twitter:data2\" content=\"4 minuti\" \/>\n<script type=\"application\/ld+json\" class=\"yoast-schema-graph\">{\"@context\":\"https:\\\/\\\/schema.org\",\"@graph\":[{\"@type\":\"Article\",\"@id\":\"https:\\\/\\\/thecloud.group\\\/diseno-grafico-8-razones-que-te-convenceran\\\/#article\",\"isPartOf\":{\"@id\":\"https:\\\/\\\/thecloud.group\\\/diseno-grafico-8-razones-que-te-convenceran\\\/\"},\"author\":{\"name\":\"admin\",\"@id\":\"https:\\\/\\\/thecloud.group\\\/#\\\/schema\\\/person\\\/96af9c910256c8762bee808ba76fc3b3\"},\"headline\":\"Dise\u00f1o gr\u00e1fico: 8 razones que te convencer\u00e1n de que lo necesitas\",\"datePublished\":\"2020-10-28T10:00:00+00:00\",\"dateModified\":\"2020-12-10T16:09:01+00:00\",\"mainEntityOfPage\":{\"@id\":\"https:\\\/\\\/thecloud.group\\\/diseno-grafico-8-razones-que-te-convenceran\\\/\"},\"wordCount\":759,\"publisher\":{\"@id\":\"https:\\\/\\\/thecloud.group\\\/#organization\"},\"image\":{\"@id\":\"https:\\\/\\\/thecloud.group\\\/diseno-grafico-8-razones-que-te-convenceran\\\/#primaryimage\"},\"thumbnailUrl\":\"https:\\\/\\\/thecloud.group\\\/wp-content\\\/uploads\\\/2020\\\/10\\\/disenoGraficoEmpresas.jpg\",\"articleSection\":[\"Sin categorizar\"],\"inLanguage\":\"it-IT\"},{\"@type\":\"WebPage\",\"@id\":\"https:\\\/\\\/thecloud.group\\\/diseno-grafico-8-razones-que-te-convenceran\\\/\",\"url\":\"https:\\\/\\\/thecloud.group\\\/diseno-grafico-8-razones-que-te-convenceran\\\/\",\"name\":\"Dise\u00f1o gr\u00e1fico: 8 razones que te convencer\u00e1n de que lo necesitas | The Cloud Group\",\"isPartOf\":{\"@id\":\"https:\\\/\\\/thecloud.group\\\/#website\"},\"primaryImageOfPage\":{\"@id\":\"https:\\\/\\\/thecloud.group\\\/diseno-grafico-8-razones-que-te-convenceran\\\/#primaryimage\"},\"image\":{\"@id\":\"https:\\\/\\\/thecloud.group\\\/diseno-grafico-8-razones-que-te-convenceran\\\/#primaryimage\"},\"thumbnailUrl\":\"https:\\\/\\\/thecloud.group\\\/wp-content\\\/uploads\\\/2020\\\/10\\\/disenoGraficoEmpresas.jpg\",\"datePublished\":\"2020-10-28T10:00:00+00:00\",\"dateModified\":\"2020-12-10T16:09:01+00:00\",\"breadcrumb\":{\"@id\":\"https:\\\/\\\/thecloud.group\\\/diseno-grafico-8-razones-que-te-convenceran\\\/#breadcrumb\"},\"inLanguage\":\"it-IT\",\"potentialAction\":[{\"@type\":\"ReadAction\",\"target\":[\"https:\\\/\\\/thecloud.group\\\/diseno-grafico-8-razones-que-te-convenceran\\\/\"]}]},{\"@type\":\"ImageObject\",\"inLanguage\":\"it-IT\",\"@id\":\"https:\\\/\\\/thecloud.group\\\/diseno-grafico-8-razones-que-te-convenceran\\\/#primaryimage\",\"url\":\"https:\\\/\\\/thecloud.group\\\/wp-content\\\/uploads\\\/2020\\\/10\\\/disenoGraficoEmpresas.jpg\",\"contentUrl\":\"https:\\\/\\\/thecloud.group\\\/wp-content\\\/uploads\\\/2020\\\/10\\\/disenoGraficoEmpresas.jpg\",\"width\":950,\"height\":637,\"caption\":\"Quiz\u00e1s nunca le hayas dado importancia al dise\u00f1o gr\u00e1fico en tu empresa.\"},{\"@type\":\"BreadcrumbList\",\"@id\":\"https:\\\/\\\/thecloud.group\\\/diseno-grafico-8-razones-que-te-convenceran\\\/#breadcrumb\",\"itemListElement\":[{\"@type\":\"ListItem\",\"position\":1,\"name\":\"Home\",\"item\":\"https:\\\/\\\/thecloud.group\\\/\"},{\"@type\":\"ListItem\",\"position\":2,\"name\":\"Dise\u00f1o gr\u00e1fico: 8 razones que te convencer\u00e1n de que lo necesitas\"}]},{\"@type\":\"WebSite\",\"@id\":\"https:\\\/\\\/thecloud.group\\\/#website\",\"url\":\"https:\\\/\\\/thecloud.group\\\/\",\"name\":\"The Cloud Group\",\"description\":\"|\u00a0Holding Internacional de Servicios\",\"publisher\":{\"@id\":\"https:\\\/\\\/thecloud.group\\\/#organization\"},\"potentialAction\":[{\"@type\":\"SearchAction\",\"target\":{\"@type\":\"EntryPoint\",\"urlTemplate\":\"https:\\\/\\\/thecloud.group\\\/?s={search_term_string}\"},\"query-input\":{\"@type\":\"PropertyValueSpecification\",\"valueRequired\":true,\"valueName\":\"search_term_string\"}}],\"inLanguage\":\"it-IT\"},{\"@type\":\"Organization\",\"@id\":\"https:\\\/\\\/thecloud.group\\\/#organization\",\"name\":\"The Cloud Group - Holding International de Servicios\",\"url\":\"https:\\\/\\\/thecloud.group\\\/\",\"logo\":{\"@type\":\"ImageObject\",\"inLanguage\":\"it-IT\",\"@id\":\"https:\\\/\\\/thecloud.group\\\/#\\\/schema\\\/logo\\\/image\\\/\",\"url\":\"https:\\\/\\\/thecloud.group\\\/wp-content\\\/uploads\\\/2020\\\/05\\\/logoSmallFirmaCorreo.png\",\"contentUrl\":\"https:\\\/\\\/thecloud.group\\\/wp-content\\\/uploads\\\/2020\\\/05\\\/logoSmallFirmaCorreo.png\",\"width\":300,\"height\":190,\"caption\":\"The Cloud Group - Holding International de Servicios\"},\"image\":{\"@id\":\"https:\\\/\\\/thecloud.group\\\/#\\\/schema\\\/logo\\\/image\\\/\"},\"sameAs\":[\"https:\\\/\\\/www.facebook.com\\\/thecloudgroupglobal\"]},{\"@type\":\"Person\",\"@id\":\"https:\\\/\\\/thecloud.group\\\/#\\\/schema\\\/person\\\/96af9c910256c8762bee808ba76fc3b3\",\"name\":\"admin\",\"image\":{\"@type\":\"ImageObject\",\"inLanguage\":\"it-IT\",\"@id\":\"https:\\\/\\\/secure.gravatar.com\\\/avatar\\\/4907ac288f1c97f319a5c5097e9024eb489ee94179b3b92b6fa7716b303cdc86?s=96&d=mm&r=g\",\"url\":\"https:\\\/\\\/secure.gravatar.com\\\/avatar\\\/4907ac288f1c97f319a5c5097e9024eb489ee94179b3b92b6fa7716b303cdc86?s=96&d=mm&r=g\",\"contentUrl\":\"https:\\\/\\\/secure.gravatar.com\\\/avatar\\\/4907ac288f1c97f319a5c5097e9024eb489ee94179b3b92b6fa7716b303cdc86?s=96&d=mm&r=g\",\"caption\":\"admin\"},\"sameAs\":[\"https:\\\/\\\/thecloud.group\"]}]}<\/script>\n<!-- \/ Yoast SEO Premium plugin. -->","yoast_head_json":{"title":"Dise\u00f1o gr\u00e1fico: 8 razones que te convencer\u00e1n de que lo necesitas | The Cloud Group","robots":{"index":"index","follow":"follow","max-snippet":"max-snippet:-1","max-image-preview":"max-image-preview:large","max-video-preview":"max-video-preview:-1"},"canonical":"https:\/\/thecloud.group\/it\/diseno-grafico-8-razones-que-te-convenceran\/","og_locale":"it_IT","og_type":"article","og_title":"Dise\u00f1o gr\u00e1fico: 8 razones que te convencer\u00e1n de que lo necesitas","og_description":"Desde hace ya varios a\u00f1os la inteligencia artificial est\u00e1 cada vez m\u00e1s presente en nuestro d\u00eda a d\u00eda, quiz\u00e1s sin que te hayas dado cuenta de ello. Incluso ya han llegado a sustituir algunos puestos de trabajo que antes realizaban personas. Una implementaci\u00f3n muy popular hoy en d\u00eda es el de los chatbots, por ejemplo, a trav\u00e9s del cual las empresas han sustituido al personal de atenci\u00f3n al cliente por un robot para atender incidencias y preguntas menores. Dado todo esto, quiz\u00e1s te est\u00e9s preguntando si otros empleos est\u00e1n en peligro tambi\u00e9n por la inteligencia artificial.","og_url":"https:\/\/thecloud.group\/it\/diseno-grafico-8-razones-que-te-convenceran\/","og_site_name":"The Cloud Group","article_publisher":"https:\/\/www.facebook.com\/thecloudgroupglobal","article_published_time":"2020-10-28T10:00:00+00:00","article_modified_time":"2020-12-10T16:09:01+00:00","og_image":[{"width":950,"height":637,"url":"https:\/\/thecloud.group\/wp-content\/uploads\/2020\/10\/disenoGraficoEmpresas.jpg","type":"image\/jpeg"}],"author":"admin","twitter_card":"summary_large_image","twitter_misc":{"Scritto da":"admin","Tempo di lettura stimato":"4 minuti"},"schema":{"@context":"https:\/\/schema.org","@graph":[{"@type":"Article","@id":"https:\/\/thecloud.group\/diseno-grafico-8-razones-que-te-convenceran\/#article","isPartOf":{"@id":"https:\/\/thecloud.group\/diseno-grafico-8-razones-que-te-convenceran\/"},"author":{"name":"admin","@id":"https:\/\/thecloud.group\/#\/schema\/person\/96af9c910256c8762bee808ba76fc3b3"},"headline":"Dise\u00f1o gr\u00e1fico: 8 razones que te convencer\u00e1n de que lo necesitas","datePublished":"2020-10-28T10:00:00+00:00","dateModified":"2020-12-10T16:09:01+00:00","mainEntityOfPage":{"@id":"https:\/\/thecloud.group\/diseno-grafico-8-razones-que-te-convenceran\/"},"wordCount":759,"publisher":{"@id":"https:\/\/thecloud.group\/#organization"},"image":{"@id":"https:\/\/thecloud.group\/diseno-grafico-8-razones-que-te-convenceran\/#primaryimage"},"thumbnailUrl":"https:\/\/thecloud.group\/wp-content\/uploads\/2020\/10\/disenoGraficoEmpresas.jpg","articleSection":["Sin categorizar"],"inLanguage":"it-IT"},{"@type":"WebPage","@id":"https:\/\/thecloud.group\/diseno-grafico-8-razones-que-te-convenceran\/","url":"https:\/\/thecloud.group\/diseno-grafico-8-razones-que-te-convenceran\/","name":"Dise\u00f1o gr\u00e1fico: 8 razones que te convencer\u00e1n de que lo necesitas | The Cloud Group","isPartOf":{"@id":"https:\/\/thecloud.group\/#website"},"primaryImageOfPage":{"@id":"https:\/\/thecloud.group\/diseno-grafico-8-razones-que-te-convenceran\/#primaryimage"},"image":{"@id":"https:\/\/thecloud.group\/diseno-grafico-8-razones-que-te-convenceran\/#primaryimage"},"thumbnailUrl":"https:\/\/thecloud.group\/wp-content\/uploads\/2020\/10\/disenoGraficoEmpresas.jpg","datePublished":"2020-10-28T10:00:00+00:00","dateModified":"2020-12-10T16:09:01+00:00","breadcrumb":{"@id":"https:\/\/thecloud.group\/diseno-grafico-8-razones-que-te-convenceran\/#breadcrumb"},"inLanguage":"it-IT","potentialAction":[{"@type":"ReadAction","target":["https:\/\/thecloud.group\/diseno-grafico-8-razones-que-te-convenceran\/"]}]},{"@type":"ImageObject","inLanguage":"it-IT","@id":"https:\/\/thecloud.group\/diseno-grafico-8-razones-que-te-convenceran\/#primaryimage","url":"https:\/\/thecloud.group\/wp-content\/uploads\/2020\/10\/disenoGraficoEmpresas.jpg","contentUrl":"https:\/\/thecloud.group\/wp-content\/uploads\/2020\/10\/disenoGraficoEmpresas.jpg","width":950,"height":637,"caption":"Quiz\u00e1s nunca le hayas dado importancia al dise\u00f1o gr\u00e1fico en tu empresa."},{"@type":"BreadcrumbList","@id":"https:\/\/thecloud.group\/diseno-grafico-8-razones-que-te-convenceran\/#breadcrumb","itemListElement":[{"@type":"ListItem","position":1,"name":"Home","item":"https:\/\/thecloud.group\/"},{"@type":"ListItem","position":2,"name":"Dise\u00f1o gr\u00e1fico: 8 razones que te convencer\u00e1n de que lo necesitas"}]},{"@type":"WebSite","@id":"https:\/\/thecloud.group\/#website","url":"https:\/\/thecloud.group\/","name":"Il Gruppo Cloud","description":"| International Services Holding","publisher":{"@id":"https:\/\/thecloud.group\/#organization"},"potentialAction":[{"@type":"SearchAction","target":{"@type":"EntryPoint","urlTemplate":"https:\/\/thecloud.group\/?s={search_term_string}"},"query-input":{"@type":"PropertyValueSpecification","valueRequired":true,"valueName":"search_term_string"}}],"inLanguage":"it-IT"},{"@type":"Organization","@id":"https:\/\/thecloud.group\/#organization","name":"Cloud Group - Holding di servizi internazionali","url":"https:\/\/thecloud.group\/","logo":{"@type":"ImageObject","inLanguage":"it-IT","@id":"https:\/\/thecloud.group\/#\/schema\/logo\/image\/","url":"https:\/\/thecloud.group\/wp-content\/uploads\/2020\/05\/logoSmallFirmaCorreo.png","contentUrl":"https:\/\/thecloud.group\/wp-content\/uploads\/2020\/05\/logoSmallFirmaCorreo.png","width":300,"height":190,"caption":"The Cloud Group - Holding International de Servicios"},"image":{"@id":"https:\/\/thecloud.group\/#\/schema\/logo\/image\/"},"sameAs":["https:\/\/www.facebook.com\/thecloudgroupglobal"]},{"@type":"Person","@id":"https:\/\/thecloud.group\/#\/schema\/person\/96af9c910256c8762bee808ba76fc3b3","name":"amministratore","image":{"@type":"ImageObject","inLanguage":"it-IT","@id":"https:\/\/secure.gravatar.com\/avatar\/4907ac288f1c97f319a5c5097e9024eb489ee94179b3b92b6fa7716b303cdc86?s=96&d=mm&r=g","url":"https:\/\/secure.gravatar.com\/avatar\/4907ac288f1c97f319a5c5097e9024eb489ee94179b3b92b6fa7716b303cdc86?s=96&d=mm&r=g","contentUrl":"https:\/\/secure.gravatar.com\/avatar\/4907ac288f1c97f319a5c5097e9024eb489ee94179b3b92b6fa7716b303cdc86?s=96&d=mm&r=g","caption":"admin"},"sameAs":["https:\/\/thecloud.group"]}]}},"_links":{"self":[{"href":"https:\/\/thecloud.group\/it\/wp-json\/wp\/v2\/posts\/11689","targetHints":{"allow":["GET"]}}],"collection":[{"href":"https:\/\/thecloud.group\/it\/wp-json\/wp\/v2\/posts"}],"about":[{"href":"https:\/\/thecloud.group\/it\/wp-json\/wp\/v2\/types\/post"}],"author":[{"embeddable":true,"href":"https:\/\/thecloud.group\/it\/wp-json\/wp\/v2\/users\/1"}],"replies":[{"embeddable":true,"href":"https:\/\/thecloud.group\/it\/wp-json\/wp\/v2\/comments?post=11689"}],"version-history":[{"count":10,"href":"https:\/\/thecloud.group\/it\/wp-json\/wp\/v2\/posts\/11689\/revisions"}],"predecessor-version":[{"id":13190,"href":"https:\/\/thecloud.group\/it\/wp-json\/wp\/v2\/posts\/11689\/revisions\/13190"}],"wp:featuredmedia":[{"embeddable":true,"href":"https:\/\/thecloud.group\/it\/wp-json\/wp\/v2\/media\/11691"}],"wp:attachment":[{"href":"https:\/\/thecloud.group\/it\/wp-json\/wp\/v2\/media?parent=11689"}],"wp:term":[{"taxonomy":"category","embeddable":true,"href":"https:\/\/thecloud.group\/it\/wp-json\/wp\/v2\/categories?post=11689"},{"taxonomy":"post_tag","embeddable":true,"href":"https:\/\/thecloud.group\/it\/wp-json\/wp\/v2\/tags?post=11689"}],"curies":[{"name":"wp","href":"https:\/\/api.w.org\/{rel}","templated":true}]}}