{"id":24429,"date":"2023-01-27T08:38:00","date_gmt":"2023-01-27T08:38:00","guid":{"rendered":"https:\/\/thecloud.group\/?p=24429"},"modified":"2023-01-26T15:45:39","modified_gmt":"2023-01-26T15:45:39","slug":"camino-a-la-realidad-mixta","status":"publish","type":"post","link":"https:\/\/thecloud.group\/fr\/chemin-vers-la-realite-mixte\/","title":{"rendered":"La voie vers la r\u00e9alit\u00e9 mixte"},"content":{"rendered":"<div data-elementor-type=\"wp-post\" data-elementor-id=\"24429\" class=\"elementor elementor-24429\" data-elementor-post-type=\"post\">\n\t\t\t\t\t\t<section class=\"elementor-section elementor-top-section elementor-element elementor-element-5b1dc52c elementor-section-stretched elementor-section-boxed elementor-section-height-default elementor-section-height-default\" data-id=\"5b1dc52c\" data-element_type=\"section\" data-e-type=\"section\" data-settings=\"{&quot;stretch_section&quot;:&quot;section-stretched&quot;,&quot;background_background&quot;:&quot;classic&quot;}\">\n\t\t\t\t\t\t\t<div class=\"elementor-background-overlay\"><\/div>\n\t\t\t\t\t\t\t<div class=\"elementor-container elementor-column-gap-default\">\n\t\t\t\t\t<div class=\"elementor-column elementor-col-100 elementor-top-column elementor-element elementor-element-47af5b46\" data-id=\"47af5b46\" data-element_type=\"column\" data-e-type=\"column\" data-settings=\"{&quot;background_background&quot;:&quot;classic&quot;}\">\n\t\t\t<div class=\"elementor-widget-wrap elementor-element-populated\">\n\t\t\t\t\t\t<div class=\"elementor-element elementor-element-6bc0c454 elementor-widget elementor-widget-image\" data-id=\"6bc0c454\" data-element_type=\"widget\" data-e-type=\"widget\" data-widget_type=\"image.default\">\n\t\t\t\t<div class=\"elementor-widget-container\">\n\t\t\t\t\t\t\t\t\t\t\t\t\t\t\t<img decoding=\"async\" src=\"https:\/\/thecloud.group\/wp-content\/uploads\/elementor\/thumbs\/logo-pd8scx7e21qrxkwrdlcuh7c8eeq4vmzqsjri81k6ps.png\" title=\"logo\" alt=\"logo\" loading=\"lazy\" \/>\t\t\t\t\t\t\t\t\t\t\t\t\t\t\t<\/div>\n\t\t\t\t<\/div>\n\t\t\t\t<section class=\"elementor-section elementor-inner-section elementor-element elementor-element-2ccf1343 elementor-section-boxed elementor-section-height-default elementor-section-height-default\" data-id=\"2ccf1343\" data-element_type=\"section\" data-e-type=\"section\">\n\t\t\t\t\t\t<div class=\"elementor-container elementor-column-gap-default\">\n\t\t\t\t\t<div class=\"elementor-column elementor-col-33 elementor-inner-column elementor-element elementor-element-38e618ad\" data-id=\"38e618ad\" data-element_type=\"column\" data-e-type=\"column\">\n\t\t\t<div class=\"elementor-widget-wrap\">\n\t\t\t\t\t\t\t<\/div>\n\t\t<\/div>\n\t\t\t\t<div class=\"elementor-column elementor-col-33 elementor-inner-column elementor-element elementor-element-7d8eff25\" data-id=\"7d8eff25\" data-element_type=\"column\" data-e-type=\"column\">\n\t\t\t<div class=\"elementor-widget-wrap elementor-element-populated\">\n\t\t\t\t\t\t<div class=\"elementor-element elementor-element-feea69b elementor-widget elementor-widget-heading\" data-id=\"feea69b\" data-element_type=\"widget\" data-e-type=\"widget\" data-widget_type=\"heading.default\">\n\t\t\t\t<div class=\"elementor-widget-container\">\n\t\t\t\t\t<h1 class=\"elementor-heading-title elementor-size-default\">La voie vers la r\u00e9alit\u00e9 mixte<\/h1>\t\t\t\t<\/div>\n\t\t\t\t<\/div>\n\t\t\t\t\t<\/div>\n\t\t<\/div>\n\t\t\t\t<div class=\"elementor-column elementor-col-33 elementor-inner-column elementor-element elementor-element-526240f\" data-id=\"526240f\" data-element_type=\"column\" data-e-type=\"column\">\n\t\t\t<div class=\"elementor-widget-wrap\">\n\t\t\t\t\t\t\t<\/div>\n\t\t<\/div>\n\t\t\t\t\t<\/div>\n\t\t<\/section>\n\t\t\t\t<section class=\"elementor-section elementor-inner-section elementor-element elementor-element-544b84c4 elementor-section-boxed elementor-section-height-default elementor-section-height-default\" data-id=\"544b84c4\" data-element_type=\"section\" data-e-type=\"section\">\n\t\t\t\t\t\t<div class=\"elementor-container elementor-column-gap-default\">\n\t\t\t\t\t<div class=\"elementor-column elementor-col-25 elementor-inner-column elementor-element elementor-element-7796e859\" data-id=\"7796e859\" data-element_type=\"column\" data-e-type=\"column\">\n\t\t\t<div class=\"elementor-widget-wrap\">\n\t\t\t\t\t\t\t<\/div>\n\t\t<\/div>\n\t\t\t\t<div class=\"elementor-column elementor-col-25 elementor-inner-column elementor-element elementor-element-1726d2f9\" data-id=\"1726d2f9\" data-element_type=\"column\" data-e-type=\"column\">\n\t\t\t<div class=\"elementor-widget-wrap\">\n\t\t\t\t\t\t\t<\/div>\n\t\t<\/div>\n\t\t\t\t<div class=\"elementor-column elementor-col-25 elementor-inner-column elementor-element elementor-element-41da368b\" data-id=\"41da368b\" data-element_type=\"column\" data-e-type=\"column\">\n\t\t\t<div class=\"elementor-widget-wrap\">\n\t\t\t\t\t\t\t<\/div>\n\t\t<\/div>\n\t\t\t\t<div class=\"elementor-column elementor-col-25 elementor-inner-column elementor-element elementor-element-7e8ff17d\" data-id=\"7e8ff17d\" data-element_type=\"column\" data-e-type=\"column\">\n\t\t\t<div class=\"elementor-widget-wrap\">\n\t\t\t\t\t\t\t<\/div>\n\t\t<\/div>\n\t\t\t\t\t<\/div>\n\t\t<\/section>\n\t\t\t\t\t<\/div>\n\t\t<\/div>\n\t\t\t\t\t<\/div>\n\t\t<\/section>\n\t\t\t\t<section class=\"elementor-section elementor-top-section elementor-element elementor-element-6f28b8e4 elementor-section-boxed elementor-section-height-default elementor-section-height-default\" data-id=\"6f28b8e4\" data-element_type=\"section\" data-e-type=\"section\">\n\t\t\t\t\t\t<div class=\"elementor-container elementor-column-gap-default\">\n\t\t\t\t\t<div class=\"elementor-column elementor-col-100 elementor-top-column elementor-element elementor-element-1c2a5590\" data-id=\"1c2a5590\" data-element_type=\"column\" data-e-type=\"column\">\n\t\t\t<div class=\"elementor-widget-wrap elementor-element-populated\">\n\t\t\t\t\t\t<div class=\"elementor-element elementor-element-52a082e elementor-widget elementor-widget-text-editor\" data-id=\"52a082e\" data-element_type=\"widget\" data-e-type=\"widget\" data-widget_type=\"text-editor.default\">\n\t\t\t\t<div class=\"elementor-widget-container\">\n\t\t\t\t\t\t\t\t\t<p>Le monde entier de la technologie attend le lancement \u00e9ventuel des nouvelles lunettes de <a href=\"https:\/\/thecloud.group\/fr\/design-minimaliste-de-pomme\/\">Manzana<\/a>, Ces casques, baptis\u00e9s Apple Reality Pro, devraient concurrencer le Meta Quest Pro de Mark Zuckerberg, lanc\u00e9 en octobre dernier. La course entre Apple et Meta pour dominer le m\u00e9tavers gr\u00e2ce \u00e0 un d\u00e9veloppement logiciel pouss\u00e9, permettant d&#039;offrir les fonctionnalit\u00e9s de ces casques, bat son plein. C&#039;est une r\u00e9alit\u00e9, certes, mais il faudra encore quelques ann\u00e9es avant que ces lunettes ne deviennent plus abordables, car elles restent on\u00e9reuses pour la plupart des passionn\u00e9s de technologie.<\/p>\t\t\t\t\t\t\t\t<\/div>\n\t\t\t\t<\/div>\n\t\t\t\t<div class=\"elementor-element elementor-element-42432b5 elementor-widget elementor-widget-heading\" data-id=\"42432b5\" data-element_type=\"widget\" data-e-type=\"widget\" data-widget_type=\"heading.default\">\n\t\t\t\t<div class=\"elementor-widget-container\">\n\t\t\t\t\t<h2 class=\"elementor-heading-title elementor-size-default\">Mais qu&#039;est-ce que la r\u00e9alit\u00e9 mixte ?<\/h2>\t\t\t\t<\/div>\n\t\t\t\t<\/div>\n\t\t\t\t<section class=\"elementor-section elementor-inner-section elementor-element elementor-element-2b932d12 elementor-section-boxed elementor-section-height-default elementor-section-height-default\" data-id=\"2b932d12\" data-element_type=\"section\" data-e-type=\"section\">\n\t\t\t\t\t\t<div class=\"elementor-container elementor-column-gap-default\">\n\t\t\t\t\t<div class=\"elementor-column elementor-col-50 elementor-inner-column elementor-element elementor-element-3c92329\" data-id=\"3c92329\" data-element_type=\"column\" data-e-type=\"column\">\n\t\t\t<div class=\"elementor-widget-wrap elementor-element-populated\">\n\t\t\t\t\t\t<div class=\"elementor-element elementor-element-4fd82bd0 elementor-widget elementor-widget-image\" data-id=\"4fd82bd0\" data-element_type=\"widget\" data-e-type=\"widget\" data-widget_type=\"image.default\">\n\t\t\t\t<div class=\"elementor-widget-container\">\n\t\t\t\t\t\t\t\t\t\t\t\t\t\t\t\t<a href=\"https:\/\/www.canva.com\/\">\n\t\t\t\t\t\t\t<img fetchpriority=\"high\" decoding=\"async\" width=\"800\" height=\"534\" src=\"https:\/\/thecloud.group\/wp-content\/uploads\/2023\/01\/realidad-Mixta-1024x683.jpg\" class=\"elementor-animation-hang attachment-large size-large wp-image-24439\" alt=\"R\u00e9alit\u00e9 mixte\" srcset=\"https:\/\/thecloud.group\/wp-content\/uploads\/2023\/01\/realidad-Mixta-1024x683.jpg 1024w, https:\/\/thecloud.group\/wp-content\/uploads\/2023\/01\/realidad-Mixta-300x200.jpg 300w, https:\/\/thecloud.group\/wp-content\/uploads\/2023\/01\/realidad-Mixta-768x512.jpg 768w, https:\/\/thecloud.group\/wp-content\/uploads\/2023\/01\/realidad-Mixta-1536x1024.jpg 1536w, https:\/\/thecloud.group\/wp-content\/uploads\/2023\/01\/realidad-Mixta-2048x1365.jpg 2048w, https:\/\/thecloud.group\/wp-content\/uploads\/2023\/01\/realidad-Mixta-18x12.jpg 18w\" sizes=\"(max-width: 800px) 100vw, 800px\" \/>\t\t\t\t\t\t\t\t<\/a>\n\t\t\t\t\t\t\t\t\t\t\t\t\t\t\t<\/div>\n\t\t\t\t<\/div>\n\t\t\t\t\t<\/div>\n\t\t<\/div>\n\t\t\t\t<div class=\"elementor-column elementor-col-50 elementor-inner-column elementor-element elementor-element-28b57b08\" data-id=\"28b57b08\" data-element_type=\"column\" data-e-type=\"column\">\n\t\t\t<div class=\"elementor-widget-wrap elementor-element-populated\">\n\t\t\t\t\t\t<div class=\"elementor-element elementor-element-a21afcf elementor-widget elementor-widget-text-editor\" data-id=\"a21afcf\" data-element_type=\"widget\" data-e-type=\"widget\" data-widget_type=\"text-editor.default\">\n\t\t\t\t<div class=\"elementor-widget-container\">\n\t\t\t\t\t\t\t\t\t<p>Eh bien, beaucoup ont v\u00e9cu ind\u00e9pendamment l&#039;exp\u00e9rience <a href=\"https:\/\/www.iberdrola.com\/innovacion\/realidad-virtual\">r\u00e9alit\u00e9 virtuelle<\/a> Beaucoup d&#039;autres ont d\u00e9couvert la r\u00e9alit\u00e9 augment\u00e9e par divers moyens, que ce soit par le biais d&#039;applications ou de jeux vid\u00e9o et de plateformes de divertissement, apprenant par eux-m\u00eames les avantages, les diff\u00e9rences et les particularit\u00e9s de son application.<\/p><p>Le terme de r\u00e9alit\u00e9 mixte, \u00e9galement appel\u00e9e r\u00e9alit\u00e9 hybride, est apparu en 1994 dans un essai intitul\u00e9 \u00ab\u00a0R\u00e9alit\u00e9 augment\u00e9e\u00a0\u00bb. Son \u00e9volution a \u00e9t\u00e9 remarquable et son plein potentiel reste \u00e0 exploiter, car la r\u00e9alit\u00e9 mixte est un m\u00e9lange d&#039;univers physique et num\u00e9rique qui permet des interactions 3D naturelles et intuitives entre les personnes, les \u00e9quipements et l&#039;environnement. C&#039;est pr\u00e9cis\u00e9ment le fondement de la r\u00e9alit\u00e9 mixte d\u00e9j\u00e0 anticip\u00e9e. <a href=\"https:\/\/thecloud.group\/fr\/metavers-nous-expliquons-tout-ce-que-vous-devez-savoir\/\">m\u00e9tavers<\/a>, un monde virtuel dans lequel nous pouvons interagir gr\u00e2ce \u00e0 la r\u00e9alit\u00e9 mixte.<\/p>\t\t\t\t\t\t\t\t<\/div>\n\t\t\t\t<\/div>\n\t\t\t\t\t<\/div>\n\t\t<\/div>\n\t\t\t\t\t<\/div>\n\t\t<\/section>\n\t\t\t\t<div class=\"elementor-element elementor-element-221501f elementor-widget elementor-widget-heading\" data-id=\"221501f\" data-element_type=\"widget\" data-e-type=\"widget\" data-widget_type=\"heading.default\">\n\t\t\t\t<div class=\"elementor-widget-container\">\n\t\t\t\t\t<h2 class=\"elementor-heading-title elementor-size-default\">O\u00f9 la r\u00e9alit\u00e9 mixte est-elle utilis\u00e9e ?<\/h2>\t\t\t\t<\/div>\n\t\t\t\t<\/div>\n\t\t\t\t<div class=\"elementor-element elementor-element-b8ee08c elementor-widget elementor-widget-text-editor\" data-id=\"b8ee08c\" data-element_type=\"widget\" data-e-type=\"widget\" data-widget_type=\"text-editor.default\">\n\t\t\t\t<div class=\"elementor-widget-container\">\n\t\t\t\t\t\t\t\t\t<p>La r\u00e9alit\u00e9 mixte est principalement utilis\u00e9e dans l&#039;industrie du divertissement en raison de ses possibilit\u00e9s \u00e9videntes ; cependant, le secteur du divertissement propose de plus en plus une exp\u00e9rience unique et immersive, non seulement \u00e0 travers les jeux vid\u00e9o, mais aussi bient\u00f4t dans les films et les \u00e9missions de t\u00e9l\u00e9vision.<\/p>\t\t\t\t\t\t\t\t<\/div>\n\t\t\t\t<\/div>\n\t\t\t\t<section class=\"elementor-section elementor-inner-section elementor-element elementor-element-68e2ec73 elementor-section-boxed elementor-section-height-default elementor-section-height-default\" data-id=\"68e2ec73\" data-element_type=\"section\" data-e-type=\"section\">\n\t\t\t\t\t\t<div class=\"elementor-container elementor-column-gap-default\">\n\t\t\t\t\t<div class=\"elementor-column elementor-col-50 elementor-inner-column elementor-element elementor-element-29b16e75\" data-id=\"29b16e75\" data-element_type=\"column\" data-e-type=\"column\">\n\t\t\t<div class=\"elementor-widget-wrap elementor-element-populated\">\n\t\t\t\t\t\t<div class=\"elementor-element elementor-element-4f6056f5 elementor-widget elementor-widget-image\" data-id=\"4f6056f5\" data-element_type=\"widget\" data-e-type=\"widget\" data-widget_type=\"image.default\">\n\t\t\t\t<div class=\"elementor-widget-container\">\n\t\t\t\t\t\t\t\t\t\t\t\t\t\t\t<img decoding=\"async\" width=\"800\" height=\"534\" src=\"https:\/\/thecloud.group\/wp-content\/uploads\/2023\/01\/realidad-Mixta-2-1024x683.jpg\" class=\"elementor-animation-hang attachment-large size-large wp-image-24441\" alt=\"\" srcset=\"https:\/\/thecloud.group\/wp-content\/uploads\/2023\/01\/realidad-Mixta-2-1024x683.jpg 1024w, https:\/\/thecloud.group\/wp-content\/uploads\/2023\/01\/realidad-Mixta-2-300x200.jpg 300w, https:\/\/thecloud.group\/wp-content\/uploads\/2023\/01\/realidad-Mixta-2-768x512.jpg 768w, https:\/\/thecloud.group\/wp-content\/uploads\/2023\/01\/realidad-Mixta-2-1536x1024.jpg 1536w, https:\/\/thecloud.group\/wp-content\/uploads\/2023\/01\/realidad-Mixta-2-2048x1365.jpg 2048w, https:\/\/thecloud.group\/wp-content\/uploads\/2023\/01\/realidad-Mixta-2-18x12.jpg 18w\" sizes=\"(max-width: 800px) 100vw, 800px\" \/>\t\t\t\t\t\t\t\t\t\t\t\t\t\t\t<\/div>\n\t\t\t\t<\/div>\n\t\t\t\t\t<\/div>\n\t\t<\/div>\n\t\t\t\t<div class=\"elementor-column elementor-col-50 elementor-inner-column elementor-element elementor-element-93b60fd\" data-id=\"93b60fd\" data-element_type=\"column\" data-e-type=\"column\">\n\t\t\t<div class=\"elementor-widget-wrap elementor-element-populated\">\n\t\t\t\t\t\t<div class=\"elementor-element elementor-element-2d37fc2 elementor-widget elementor-widget-text-editor\" data-id=\"2d37fc2\" data-element_type=\"widget\" data-e-type=\"widget\" data-widget_type=\"text-editor.default\">\n\t\t\t\t<div class=\"elementor-widget-container\">\n\t\t\t\t\t\t\t\t\t<p>L&#039;une des caract\u00e9ristiques essentielles de <a href=\"https:\/\/www.unocero.com\/vida-digital\/vr-ar-mr-xr-diferencias\/\">M<\/a> Elle nous lib\u00e8re des \u00e9crans, nous offrant une interaction avec nos espaces quotidiens et nous permettant d&#039;y inclure notre famille, nos amis et m\u00eame nos coll\u00e8gues. La plupart des utilisateurs ne connaissent peut-\u00eatre pas encore ces filtres. <a href=\"https:\/\/www.unocero.com\/vida-digital\/vr-ar-mr-xr-diferencias\/\">AR<\/a> Les exp\u00e9riences propos\u00e9es par des applications comme Instagram rel\u00e8vent de la r\u00e9alit\u00e9 mixte ; cependant, nous ne tarderons pas \u00e0 voir d&#039;incroyables repr\u00e9sentations holographiques de personnes, des mod\u00e8les 3D holographiques haute fid\u00e9lit\u00e9 et du monde r\u00e9el qui les entoure.<\/p>\t\t\t\t\t\t\t\t<\/div>\n\t\t\t\t<\/div>\n\t\t\t\t\t<\/div>\n\t\t<\/div>\n\t\t\t\t\t<\/div>\n\t\t<\/section>\n\t\t\t\t<div class=\"elementor-element elementor-element-fada9c4 elementor-widget elementor-widget-heading\" data-id=\"fada9c4\" data-element_type=\"widget\" data-e-type=\"widget\" data-widget_type=\"heading.default\">\n\t\t\t\t<div class=\"elementor-widget-container\">\n\t\t\t\t\t<h2 class=\"elementor-heading-title elementor-size-default\">Les applications de r\u00e9alit\u00e9 mixte ne se limitent plus aux \u00e9crans et incluent d\u00e9sormais\u00a0:<\/h2>\t\t\t\t<\/div>\n\t\t\t\t<\/div>\n\t\t\t\t<div class=\"elementor-element elementor-element-f0a4814 elementor-widget elementor-widget-text-editor\" data-id=\"f0a4814\" data-element_type=\"widget\" data-e-type=\"widget\" data-widget_type=\"text-editor.default\">\n\t\t\t\t<div class=\"elementor-widget-container\">\n\t\t\t\t\t\t\t\t\t<ul><li>Comprendre l&#039;environnement : cartographie spatiale et ancrage<\/li><li>Compr\u00e9hension humaine : suivi des mains, suivi des yeux et saisie vocale<\/li><li>Son spatial<\/li><li>Emplacements et positionnements dans les espaces physiques et virtuels<\/li><li>Collaboration sur les ressources 3D dans les espaces de r\u00e9alit\u00e9 mixte<\/li><\/ul>\t\t\t\t\t\t\t\t<\/div>\n\t\t\t\t<\/div>\n\t\t\t\t<section class=\"elementor-section elementor-inner-section elementor-element elementor-element-8a4bfc9 elementor-section-boxed elementor-section-height-default elementor-section-height-default\" data-id=\"8a4bfc9\" data-element_type=\"section\" data-e-type=\"section\">\n\t\t\t\t\t\t<div class=\"elementor-container elementor-column-gap-default\">\n\t\t\t\t\t<div class=\"elementor-column elementor-col-50 elementor-inner-column elementor-element elementor-element-1c07062\" data-id=\"1c07062\" data-element_type=\"column\" data-e-type=\"column\">\n\t\t\t<div class=\"elementor-widget-wrap elementor-element-populated\">\n\t\t\t\t\t\t<div class=\"elementor-element elementor-element-d3f07a2 elementor-widget elementor-widget-image\" data-id=\"d3f07a2\" data-element_type=\"widget\" data-e-type=\"widget\" data-widget_type=\"image.default\">\n\t\t\t\t<div class=\"elementor-widget-container\">\n\t\t\t\t\t\t\t\t\t\t\t\t\t\t\t<img decoding=\"async\" width=\"800\" height=\"534\" src=\"https:\/\/thecloud.group\/wp-content\/uploads\/2023\/01\/realidad-Mixta-1-1024x683.jpg\" class=\"elementor-animation-hang attachment-large size-large wp-image-24440\" alt=\"\" srcset=\"https:\/\/thecloud.group\/wp-content\/uploads\/2023\/01\/realidad-Mixta-1-1024x683.jpg 1024w, https:\/\/thecloud.group\/wp-content\/uploads\/2023\/01\/realidad-Mixta-1-300x200.jpg 300w, https:\/\/thecloud.group\/wp-content\/uploads\/2023\/01\/realidad-Mixta-1-768x512.jpg 768w, https:\/\/thecloud.group\/wp-content\/uploads\/2023\/01\/realidad-Mixta-1-1536x1024.jpg 1536w, https:\/\/thecloud.group\/wp-content\/uploads\/2023\/01\/realidad-Mixta-1-2048x1365.jpg 2048w, https:\/\/thecloud.group\/wp-content\/uploads\/2023\/01\/realidad-Mixta-1-18x12.jpg 18w\" sizes=\"(max-width: 800px) 100vw, 800px\" \/>\t\t\t\t\t\t\t\t\t\t\t\t\t\t\t<\/div>\n\t\t\t\t<\/div>\n\t\t\t\t\t<\/div>\n\t\t<\/div>\n\t\t\t\t<div class=\"elementor-column elementor-col-50 elementor-inner-column elementor-element elementor-element-0f8aca5\" data-id=\"0f8aca5\" data-element_type=\"column\" data-e-type=\"column\">\n\t\t\t<div class=\"elementor-widget-wrap elementor-element-populated\">\n\t\t\t\t\t\t<div class=\"elementor-element elementor-element-55557be elementor-widget elementor-widget-text-editor\" data-id=\"55557be\" data-element_type=\"widget\" data-e-type=\"widget\" data-widget_type=\"text-editor.default\">\n\t\t\t\t<div class=\"elementor-widget-container\">\n\t\t\t\t\t\t\t\t\t<p><strong>Avantages de la r\u00e9alit\u00e9 mixte\u00a0:<\/strong><\/p><ul><li>Elle \u00e9limine les limitations physiques. Elle nous permet de visualiser des \u00e9l\u00e9ments du pass\u00e9 ou du futur, existants ou non, et de les int\u00e9grer \u00e0 notre vie.<\/li><li>Bien que cette technologie n&#039;ait pas encore \u00e9t\u00e9 perfectionn\u00e9e, on sait qu&#039;elle pourrait avoir un impact dans de nombreux domaines gr\u00e2ce \u00e0 sa polyvalence.<\/li><li>Nouveaux produits. Leur d\u00e9veloppement peut contribuer \u00e0 la croissance des produits et services commerciaux. De plus, il peut avoir un impact significatif sur les campagnes marketing.<\/li><li>Impact positif sur l&#039;activit\u00e9. Cette technologie peut contribuer \u00e0 augmenter les ventes des entreprises et des commerces. Elle peut \u00e9galement am\u00e9liorer la performance des employ\u00e9s.<\/li><li>Cela facilite la compr\u00e9hension de l&#039;information. Cela rend l&#039;apprentissage plus stimulant et agr\u00e9able.<\/li><\/ul>\t\t\t\t\t\t\t\t<\/div>\n\t\t\t\t<\/div>\n\t\t\t\t\t<\/div>\n\t\t<\/div>\n\t\t\t\t\t<\/div>\n\t\t<\/section>\n\t\t\t\t<div class=\"elementor-element elementor-element-0afc65c elementor-widget elementor-widget-heading\" data-id=\"0afc65c\" data-element_type=\"widget\" data-e-type=\"widget\" data-widget_type=\"heading.default\">\n\t\t\t\t<div class=\"elementor-widget-container\">\n\t\t\t\t\t<h2 class=\"elementor-heading-title elementor-size-default\">Nous sommes arriv\u00e9s \u00e0 l&#039;\u00e8re du marketing 4.0.<\/h2>\t\t\t\t<\/div>\n\t\t\t\t<\/div>\n\t\t\t\t\t<\/div>\n\t\t<\/div>\n\t\t\t\t\t<\/div>\n\t\t<\/section>\n\t\t\t\t<section class=\"elementor-section elementor-top-section elementor-element elementor-element-395e5acb elementor-section-boxed elementor-section-height-default elementor-section-height-default\" data-id=\"395e5acb\" data-element_type=\"section\" data-e-type=\"section\" data-settings=\"{&quot;background_background&quot;:&quot;classic&quot;}\">\n\t\t\t\t\t\t<div class=\"elementor-container elementor-column-gap-default\">\n\t\t\t\t\t<div class=\"elementor-column elementor-col-100 elementor-top-column elementor-element elementor-element-9775eb8\" data-id=\"9775eb8\" data-element_type=\"column\" data-e-type=\"column\" data-settings=\"{&quot;background_background&quot;:&quot;classic&quot;}\">\n\t\t\t<div class=\"elementor-widget-wrap elementor-element-populated\">\n\t\t\t\t\t\t<section class=\"elementor-section elementor-inner-section elementor-element elementor-element-9604c7f elementor-section-boxed elementor-section-height-default elementor-section-height-default\" data-id=\"9604c7f\" data-element_type=\"section\" data-e-type=\"section\">\n\t\t\t\t\t\t<div class=\"elementor-container elementor-column-gap-default\">\n\t\t\t\t\t<div class=\"elementor-column elementor-col-50 elementor-inner-column elementor-element elementor-element-18a8e6a\" data-id=\"18a8e6a\" data-element_type=\"column\" data-e-type=\"column\">\n\t\t\t<div class=\"elementor-widget-wrap elementor-element-populated\">\n\t\t\t\t\t\t<div class=\"elementor-element elementor-element-9d65f05 elementor-widget elementor-widget-text-editor\" data-id=\"9d65f05\" data-element_type=\"widget\" data-e-type=\"widget\" data-widget_type=\"text-editor.default\">\n\t\t\t\t<div class=\"elementor-widget-container\">\n\t\t\t\t\t\t\t\t\t<p>Si la r\u00e9alit\u00e9 mixte vous int\u00e9resse, n&#039;oubliez pas que dans <a href=\"https:\/\/thecloud.group\/fr\/\">Le groupe Cloud<\/a> Vous b\u00e9n\u00e9ficiez de multiples services allant de la conception web, au d\u00e9veloppement de logiciels, en passant par les applications mobiles, l&#039;intelligence artificielle, le marketing digital, le r\u00e9f\u00e9rencement (SEO) et bien d&#039;autres, gr\u00e2ce auxquels vous pouvez \u00e9laborer toutes les strat\u00e9gies dont vous avez besoin, en ayant notre \u00e9quipe \u00e0 votre disposition avec un professionnalisme irr\u00e9prochable.<\/p>\t\t\t\t\t\t\t\t<\/div>\n\t\t\t\t<\/div>\n\t\t\t\t\t<\/div>\n\t\t<\/div>\n\t\t\t\t<div class=\"elementor-column elementor-col-50 elementor-inner-column elementor-element elementor-element-85147a1\" data-id=\"85147a1\" data-element_type=\"column\" data-e-type=\"column\">\n\t\t\t<div class=\"elementor-widget-wrap elementor-element-populated\">\n\t\t\t\t\t\t<div class=\"elementor-element elementor-element-84af3cc elementor-widget elementor-widget-video\" data-id=\"84af3cc\" data-element_type=\"widget\" data-e-type=\"widget\" data-settings=\"{&quot;youtube_url&quot;:&quot;https:\\\/\\\/www.youtube.com\\\/watch?v=tykz-SEWujc&quot;,&quot;video_type&quot;:&quot;youtube&quot;,&quot;controls&quot;:&quot;yes&quot;}\" data-widget_type=\"video.default\">\n\t\t\t\t<div class=\"elementor-widget-container\">\n\t\t\t\t\t\t\t<div class=\"elementor-wrapper elementor-open-inline\">\n\t\t\t<div class=\"elementor-video\"><\/div>\t\t<\/div>\n\t\t\t\t\t\t<\/div>\n\t\t\t\t<\/div>\n\t\t\t\t<div class=\"elementor-element elementor-element-49a769b elementor-widget elementor-widget-heading\" data-id=\"49a769b\" data-element_type=\"widget\" data-e-type=\"widget\" data-widget_type=\"heading.default\">\n\t\t\t\t<div class=\"elementor-widget-container\">\n\t\t\t\t\t<h2 class=\"elementor-heading-title elementor-size-default\"><a href=\"https:\/\/thecloud.group\/fr\/agence-de-marketing-numerique-integree-2\/\">Amenez votre entreprise \u00e0 un autre niveau ! ici<\/a><\/h2>\t\t\t\t<\/div>\n\t\t\t\t<\/div>\n\t\t\t\t\t<\/div>\n\t\t<\/div>\n\t\t\t\t\t<\/div>\n\t\t<\/section>\n\t\t\t\t\t<\/div>\n\t\t<\/div>\n\t\t\t\t\t<\/div>\n\t\t<\/section>\n\t\t\t\t<\/div>","protected":false},"excerpt":{"rendered":"<p>Camino a la Realidad Mixta Todo el mundo tecnol\u00f3gico se encuentra a la espera del posible lanzamiento de las nuevas gafas de Apple, las cuales ser\u00edan llamadas Apple Reality pro y que se espera que le hagan una especie de competencia a las Meta Quest Pro de Zuckerberg quien las puso en el mercado en [&hellip;]<\/p>\n","protected":false},"author":20,"featured_media":24439,"comment_status":"closed","ping_status":"closed","sticky":false,"template":"elementor_header_footer","format":"standard","meta":{"footnotes":""},"categories":[1],"tags":[824],"class_list":["post-24429","post","type-post","status-publish","format-standard","has-post-thumbnail","hentry","category-sin-categoria","tag-realidad-mixta"],"yoast_head":"<!-- This site is optimized with the Yoast SEO plugin v27.1.1 - https:\/\/yoast.com\/product\/yoast-seo-wordpress\/ -->\n<title>Camino a la Realidad Mixta | The Cloud Group<\/title>\n<meta name=\"robots\" content=\"index, follow, max-snippet:-1, max-image-preview:large, max-video-preview:-1\" \/>\n<link rel=\"canonical\" href=\"https:\/\/thecloud.group\/fr\/chemin-vers-la-realite-mixte\/\" \/>\n<meta property=\"og:locale\" content=\"fr_FR\" \/>\n<meta property=\"og:type\" content=\"article\" \/>\n<meta property=\"og:title\" content=\"Camino a la Realidad Mixta | The Cloud Group\" \/>\n<meta property=\"og:description\" content=\"Camino a la Realidad Mixta Todo el mundo tecnol\u00f3gico se encuentra a la espera del posible lanzamiento de las nuevas gafas de Apple, las cuales ser\u00edan llamadas Apple Reality pro y que se espera que le hagan una especie de competencia a las Meta Quest Pro de Zuckerberg quien las puso en el mercado en [&hellip;]\" \/>\n<meta property=\"og:url\" content=\"https:\/\/thecloud.group\/fr\/chemin-vers-la-realite-mixte\/\" \/>\n<meta property=\"og:site_name\" content=\"The Cloud Group\" \/>\n<meta property=\"article:publisher\" content=\"https:\/\/www.facebook.com\/thecloudgroupglobal\" \/>\n<meta property=\"article:published_time\" content=\"2023-01-27T08:38:00+00:00\" \/>\n<meta property=\"og:image\" content=\"https:\/\/thecloud.group\/wp-content\/uploads\/2023\/01\/realidad-Mixta-scaled.jpg\" \/>\n\t<meta property=\"og:image:width\" content=\"2560\" \/>\n\t<meta property=\"og:image:height\" content=\"1707\" \/>\n\t<meta property=\"og:image:type\" content=\"image\/jpeg\" \/>\n<meta name=\"author\" content=\"Paula Franco\" \/>\n<meta name=\"twitter:card\" content=\"summary_large_image\" \/>\n<meta name=\"twitter:label1\" content=\"\u00c9crit par\" \/>\n\t<meta name=\"twitter:data1\" content=\"Paula Franco\" \/>\n\t<meta name=\"twitter:label2\" content=\"Dur\u00e9e de lecture estim\u00e9e\" \/>\n\t<meta name=\"twitter:data2\" content=\"4 minutes\" \/>\n<script type=\"application\/ld+json\" class=\"yoast-schema-graph\">{\"@context\":\"https:\/\/schema.org\",\"@graph\":[{\"@type\":\"Article\",\"@id\":\"https:\/\/thecloud.group\/camino-a-la-realidad-mixta\/#article\",\"isPartOf\":{\"@id\":\"https:\/\/thecloud.group\/camino-a-la-realidad-mixta\/\"},\"author\":{\"name\":\"Paula Franco\",\"@id\":\"https:\/\/thecloud.group\/#\/schema\/person\/9292d905a1c98ea7345e5e71a5fe341f\"},\"headline\":\"Camino a la Realidad Mixta\",\"datePublished\":\"2023-01-27T08:38:00+00:00\",\"mainEntityOfPage\":{\"@id\":\"https:\/\/thecloud.group\/camino-a-la-realidad-mixta\/\"},\"wordCount\":710,\"publisher\":{\"@id\":\"https:\/\/thecloud.group\/#organization\"},\"image\":{\"@id\":\"https:\/\/thecloud.group\/camino-a-la-realidad-mixta\/#primaryimage\"},\"thumbnailUrl\":\"https:\/\/thecloud.group\/wp-content\/uploads\/2023\/01\/realidad-Mixta-scaled.jpg\",\"keywords\":[\"realidad Mixta\"],\"articleSection\":[\"Sin categor\u00eda\"],\"inLanguage\":\"fr-FR\"},{\"@type\":\"WebPage\",\"@id\":\"https:\/\/thecloud.group\/camino-a-la-realidad-mixta\/\",\"url\":\"https:\/\/thecloud.group\/camino-a-la-realidad-mixta\/\",\"name\":\"Camino a la Realidad Mixta | The Cloud Group\",\"isPartOf\":{\"@id\":\"https:\/\/thecloud.group\/#website\"},\"primaryImageOfPage\":{\"@id\":\"https:\/\/thecloud.group\/camino-a-la-realidad-mixta\/#primaryimage\"},\"image\":{\"@id\":\"https:\/\/thecloud.group\/camino-a-la-realidad-mixta\/#primaryimage\"},\"thumbnailUrl\":\"https:\/\/thecloud.group\/wp-content\/uploads\/2023\/01\/realidad-Mixta-scaled.jpg\",\"datePublished\":\"2023-01-27T08:38:00+00:00\",\"breadcrumb\":{\"@id\":\"https:\/\/thecloud.group\/camino-a-la-realidad-mixta\/#breadcrumb\"},\"inLanguage\":\"fr-FR\",\"potentialAction\":[{\"@type\":\"ReadAction\",\"target\":[\"https:\/\/thecloud.group\/camino-a-la-realidad-mixta\/\"]}]},{\"@type\":\"ImageObject\",\"inLanguage\":\"fr-FR\",\"@id\":\"https:\/\/thecloud.group\/camino-a-la-realidad-mixta\/#primaryimage\",\"url\":\"https:\/\/thecloud.group\/wp-content\/uploads\/2023\/01\/realidad-Mixta-scaled.jpg\",\"contentUrl\":\"https:\/\/thecloud.group\/wp-content\/uploads\/2023\/01\/realidad-Mixta-scaled.jpg\",\"width\":2560,\"height\":1707,\"caption\":\"realidad Mixta\"},{\"@type\":\"BreadcrumbList\",\"@id\":\"https:\/\/thecloud.group\/camino-a-la-realidad-mixta\/#breadcrumb\",\"itemListElement\":[{\"@type\":\"ListItem\",\"position\":1,\"name\":\"Home\",\"item\":\"https:\/\/thecloud.group\/\"},{\"@type\":\"ListItem\",\"position\":2,\"name\":\"Camino a la Realidad Mixta\"}]},{\"@type\":\"WebSite\",\"@id\":\"https:\/\/thecloud.group\/#website\",\"url\":\"https:\/\/thecloud.group\/\",\"name\":\"The Cloud Group\",\"description\":\"|\u00a0Holding Internacional de Servicios\",\"publisher\":{\"@id\":\"https:\/\/thecloud.group\/#organization\"},\"potentialAction\":[{\"@type\":\"SearchAction\",\"target\":{\"@type\":\"EntryPoint\",\"urlTemplate\":\"https:\/\/thecloud.group\/?s={search_term_string}\"},\"query-input\":{\"@type\":\"PropertyValueSpecification\",\"valueRequired\":true,\"valueName\":\"search_term_string\"}}],\"inLanguage\":\"fr-FR\"},{\"@type\":\"Organization\",\"@id\":\"https:\/\/thecloud.group\/#organization\",\"name\":\"The Cloud Group - Holding International de Servicios\",\"url\":\"https:\/\/thecloud.group\/\",\"logo\":{\"@type\":\"ImageObject\",\"inLanguage\":\"fr-FR\",\"@id\":\"https:\/\/thecloud.group\/#\/schema\/logo\/image\/\",\"url\":\"https:\/\/thecloud.group\/wp-content\/uploads\/2020\/05\/logoSmallFirmaCorreo.png\",\"contentUrl\":\"https:\/\/thecloud.group\/wp-content\/uploads\/2020\/05\/logoSmallFirmaCorreo.png\",\"width\":300,\"height\":190,\"caption\":\"The Cloud Group - Holding International de Servicios\"},\"image\":{\"@id\":\"https:\/\/thecloud.group\/#\/schema\/logo\/image\/\"},\"sameAs\":[\"https:\/\/www.facebook.com\/thecloudgroupglobal\"]},{\"@type\":\"Person\",\"@id\":\"https:\/\/thecloud.group\/#\/schema\/person\/9292d905a1c98ea7345e5e71a5fe341f\",\"name\":\"Paula Franco\",\"image\":{\"@type\":\"ImageObject\",\"inLanguage\":\"fr-FR\",\"@id\":\"https:\/\/thecloud.group\/#\/schema\/person\/image\/\",\"url\":\"https:\/\/secure.gravatar.com\/avatar\/8622dc6801e07daa51e09fd706fb55b2bdf9cada1ade4ab996fb3b4549e9214c?s=96&d=mm&r=g\",\"contentUrl\":\"https:\/\/secure.gravatar.com\/avatar\/8622dc6801e07daa51e09fd706fb55b2bdf9cada1ade4ab996fb3b4549e9214c?s=96&d=mm&r=g\",\"caption\":\"Paula Franco\"}}]}<\/script>\n<!-- \/ Yoast SEO plugin. -->","yoast_head_json":{"title":"La voie vers la r\u00e9alit\u00e9 mixte | The Cloud Group","robots":{"index":"index","follow":"follow","max-snippet":"max-snippet:-1","max-image-preview":"max-image-preview:large","max-video-preview":"max-video-preview:-1"},"canonical":"https:\/\/thecloud.group\/fr\/chemin-vers-la-realite-mixte\/","og_locale":"fr_FR","og_type":"article","og_title":"Camino a la Realidad Mixta | The Cloud Group","og_description":"Camino a la Realidad Mixta Todo el mundo tecnol\u00f3gico se encuentra a la espera del posible lanzamiento de las nuevas gafas de Apple, las cuales ser\u00edan llamadas Apple Reality pro y que se espera que le hagan una especie de competencia a las Meta Quest Pro de Zuckerberg quien las puso en el mercado en [&hellip;]","og_url":"https:\/\/thecloud.group\/fr\/chemin-vers-la-realite-mixte\/","og_site_name":"The Cloud Group","article_publisher":"https:\/\/www.facebook.com\/thecloudgroupglobal","article_published_time":"2023-01-27T08:38:00+00:00","og_image":[{"width":2560,"height":1707,"url":"https:\/\/thecloud.group\/wp-content\/uploads\/2023\/01\/realidad-Mixta-scaled.jpg","type":"image\/jpeg"}],"author":"Paula Franco","twitter_card":"summary_large_image","twitter_misc":{"\u00c9crit par":"Paula Franco","Dur\u00e9e de lecture estim\u00e9e":"4 minutes"},"schema":{"@context":"https:\/\/schema.org","@graph":[{"@type":"Article","@id":"https:\/\/thecloud.group\/camino-a-la-realidad-mixta\/#article","isPartOf":{"@id":"https:\/\/thecloud.group\/camino-a-la-realidad-mixta\/"},"author":{"name":"Paula Franco","@id":"https:\/\/thecloud.group\/#\/schema\/person\/9292d905a1c98ea7345e5e71a5fe341f"},"headline":"Camino a la Realidad Mixta","datePublished":"2023-01-27T08:38:00+00:00","mainEntityOfPage":{"@id":"https:\/\/thecloud.group\/camino-a-la-realidad-mixta\/"},"wordCount":710,"publisher":{"@id":"https:\/\/thecloud.group\/#organization"},"image":{"@id":"https:\/\/thecloud.group\/camino-a-la-realidad-mixta\/#primaryimage"},"thumbnailUrl":"https:\/\/thecloud.group\/wp-content\/uploads\/2023\/01\/realidad-Mixta-scaled.jpg","keywords":["realidad Mixta"],"articleSection":["Sin categor\u00eda"],"inLanguage":"fr-FR"},{"@type":"WebPage","@id":"https:\/\/thecloud.group\/camino-a-la-realidad-mixta\/","url":"https:\/\/thecloud.group\/camino-a-la-realidad-mixta\/","name":"La voie vers la r\u00e9alit\u00e9 mixte | The Cloud Group","isPartOf":{"@id":"https:\/\/thecloud.group\/#website"},"primaryImageOfPage":{"@id":"https:\/\/thecloud.group\/camino-a-la-realidad-mixta\/#primaryimage"},"image":{"@id":"https:\/\/thecloud.group\/camino-a-la-realidad-mixta\/#primaryimage"},"thumbnailUrl":"https:\/\/thecloud.group\/wp-content\/uploads\/2023\/01\/realidad-Mixta-scaled.jpg","datePublished":"2023-01-27T08:38:00+00:00","breadcrumb":{"@id":"https:\/\/thecloud.group\/camino-a-la-realidad-mixta\/#breadcrumb"},"inLanguage":"fr-FR","potentialAction":[{"@type":"ReadAction","target":["https:\/\/thecloud.group\/camino-a-la-realidad-mixta\/"]}]},{"@type":"ImageObject","inLanguage":"fr-FR","@id":"https:\/\/thecloud.group\/camino-a-la-realidad-mixta\/#primaryimage","url":"https:\/\/thecloud.group\/wp-content\/uploads\/2023\/01\/realidad-Mixta-scaled.jpg","contentUrl":"https:\/\/thecloud.group\/wp-content\/uploads\/2023\/01\/realidad-Mixta-scaled.jpg","width":2560,"height":1707,"caption":"realidad Mixta"},{"@type":"BreadcrumbList","@id":"https:\/\/thecloud.group\/camino-a-la-realidad-mixta\/#breadcrumb","itemListElement":[{"@type":"ListItem","position":1,"name":"Home","item":"https:\/\/thecloud.group\/"},{"@type":"ListItem","position":2,"name":"Camino a la Realidad Mixta"}]},{"@type":"WebSite","@id":"https:\/\/thecloud.group\/#website","url":"https:\/\/thecloud.group\/","name":"Le groupe Cloud","description":"| Soci\u00e9t\u00e9 de services internationaux","publisher":{"@id":"https:\/\/thecloud.group\/#organization"},"potentialAction":[{"@type":"SearchAction","target":{"@type":"EntryPoint","urlTemplate":"https:\/\/thecloud.group\/?s={search_term_string}"},"query-input":{"@type":"PropertyValueSpecification","valueRequired":true,"valueName":"search_term_string"}}],"inLanguage":"fr-FR"},{"@type":"Organization","@id":"https:\/\/thecloud.group\/#organization","name":"The Cloud Group - Soci\u00e9t\u00e9 de services internationaux","url":"https:\/\/thecloud.group\/","logo":{"@type":"ImageObject","inLanguage":"fr-FR","@id":"https:\/\/thecloud.group\/#\/schema\/logo\/image\/","url":"https:\/\/thecloud.group\/wp-content\/uploads\/2020\/05\/logoSmallFirmaCorreo.png","contentUrl":"https:\/\/thecloud.group\/wp-content\/uploads\/2020\/05\/logoSmallFirmaCorreo.png","width":300,"height":190,"caption":"The Cloud Group - Holding International de Servicios"},"image":{"@id":"https:\/\/thecloud.group\/#\/schema\/logo\/image\/"},"sameAs":["https:\/\/www.facebook.com\/thecloudgroupglobal"]},{"@type":"Person","@id":"https:\/\/thecloud.group\/#\/schema\/person\/9292d905a1c98ea7345e5e71a5fe341f","name":"Paula Franco","image":{"@type":"ImageObject","inLanguage":"fr-FR","@id":"https:\/\/thecloud.group\/#\/schema\/person\/image\/","url":"https:\/\/secure.gravatar.com\/avatar\/8622dc6801e07daa51e09fd706fb55b2bdf9cada1ade4ab996fb3b4549e9214c?s=96&d=mm&r=g","contentUrl":"https:\/\/secure.gravatar.com\/avatar\/8622dc6801e07daa51e09fd706fb55b2bdf9cada1ade4ab996fb3b4549e9214c?s=96&d=mm&r=g","caption":"Paula Franco"}}]}},"_links":{"self":[{"href":"https:\/\/thecloud.group\/fr\/wp-json\/wp\/v2\/posts\/24429","targetHints":{"allow":["GET"]}}],"collection":[{"href":"https:\/\/thecloud.group\/fr\/wp-json\/wp\/v2\/posts"}],"about":[{"href":"https:\/\/thecloud.group\/fr\/wp-json\/wp\/v2\/types\/post"}],"author":[{"embeddable":true,"href":"https:\/\/thecloud.group\/fr\/wp-json\/wp\/v2\/users\/20"}],"replies":[{"embeddable":true,"href":"https:\/\/thecloud.group\/fr\/wp-json\/wp\/v2\/comments?post=24429"}],"version-history":[{"count":26,"href":"https:\/\/thecloud.group\/fr\/wp-json\/wp\/v2\/posts\/24429\/revisions"}],"predecessor-version":[{"id":24458,"href":"https:\/\/thecloud.group\/fr\/wp-json\/wp\/v2\/posts\/24429\/revisions\/24458"}],"wp:featuredmedia":[{"embeddable":true,"href":"https:\/\/thecloud.group\/fr\/wp-json\/wp\/v2\/media\/24439"}],"wp:attachment":[{"href":"https:\/\/thecloud.group\/fr\/wp-json\/wp\/v2\/media?parent=24429"}],"wp:term":[{"taxonomy":"category","embeddable":true,"href":"https:\/\/thecloud.group\/fr\/wp-json\/wp\/v2\/categories?post=24429"},{"taxonomy":"post_tag","embeddable":true,"href":"https:\/\/thecloud.group\/fr\/wp-json\/wp\/v2\/tags?post=24429"}],"curies":[{"name":"wp","href":"https:\/\/api.w.org\/{rel}","templated":true}]}}