{"id":11689,"date":"2020-10-28T10:00:00","date_gmt":"2020-10-28T10:00:00","guid":{"rendered":"https:\/\/thecloud.group\/?p=11689"},"modified":"2020-12-10T16:09:01","modified_gmt":"2020-12-10T16:09:01","slug":"diseno-grafico-8-razones-que-te-convenceran","status":"publish","type":"post","link":"https:\/\/thecloud.group\/fr\/design-graphique-8-raisons-qui-vous-convaincront\/","title":{"rendered":"Design graphique : 8 raisons qui vous convaincront que vous en avez besoin"},"content":{"rendered":"<div data-elementor-type=\"wp-post\" data-elementor-id=\"11689\" class=\"elementor elementor-11689\" data-elementor-post-type=\"post\">\n\t\t\t\t\t\t<section class=\"elementor-section elementor-top-section elementor-element elementor-element-41a57ec9 elementor-section-stretched elementor-section-boxed elementor-section-height-default elementor-section-height-default\" data-id=\"41a57ec9\" data-element_type=\"section\" data-e-type=\"section\" data-settings=\"{&quot;stretch_section&quot;:&quot;section-stretched&quot;,&quot;background_background&quot;:&quot;classic&quot;}\">\n\t\t\t\t\t\t\t<div class=\"elementor-background-overlay\"><\/div>\n\t\t\t\t\t\t\t<div class=\"elementor-container elementor-column-gap-default\">\n\t\t\t\t\t<div class=\"elementor-column elementor-col-100 elementor-top-column elementor-element elementor-element-226b43a6\" data-id=\"226b43a6\" data-element_type=\"column\" data-e-type=\"column\" data-settings=\"{&quot;background_background&quot;:&quot;classic&quot;}\">\n\t\t\t<div class=\"elementor-widget-wrap elementor-element-populated\">\n\t\t\t\t\t\t<div class=\"elementor-element elementor-element-481d637f elementor-widget elementor-widget-image\" data-id=\"481d637f\" data-element_type=\"widget\" data-e-type=\"widget\" data-widget_type=\"image.default\">\n\t\t\t\t<div class=\"elementor-widget-container\">\n\t\t\t\t\t\t\t\t\t\t\t\t\t\t\t<img decoding=\"async\" src=\"https:\/\/thecloud.group\/wp-content\/uploads\/elementor\/thumbs\/LogoHor-osf66wqrs0q6z5scsi4c0cpaz4hmv3cdo16ybda1og.png\" title=\"Image Logo Le Groupe Cloud\" alt=\"Cloud Group est une soci\u00e9t\u00e9 holding sp\u00e9cialis\u00e9e dans la transformation num\u00e9rique mondiale.\" loading=\"lazy\" \/>\t\t\t\t\t\t\t\t\t\t\t\t\t\t\t<\/div>\n\t\t\t\t<\/div>\n\t\t\t\t<section class=\"elementor-section elementor-inner-section elementor-element elementor-element-4e980991 elementor-section-boxed elementor-section-height-default elementor-section-height-default\" data-id=\"4e980991\" data-element_type=\"section\" data-e-type=\"section\">\n\t\t\t\t\t\t<div class=\"elementor-container elementor-column-gap-default\">\n\t\t\t\t\t<div class=\"elementor-column elementor-col-33 elementor-inner-column elementor-element elementor-element-13b3a734\" data-id=\"13b3a734\" data-element_type=\"column\" data-e-type=\"column\">\n\t\t\t<div class=\"elementor-widget-wrap\">\n\t\t\t\t\t\t\t<\/div>\n\t\t<\/div>\n\t\t\t\t<div class=\"elementor-column elementor-col-33 elementor-inner-column elementor-element elementor-element-7f25a6bf\" data-id=\"7f25a6bf\" data-element_type=\"column\" data-e-type=\"column\">\n\t\t\t<div class=\"elementor-widget-wrap elementor-element-populated\">\n\t\t\t\t\t\t<div class=\"elementor-element elementor-element-2671031 elementor-widget elementor-widget-heading\" data-id=\"2671031\" data-element_type=\"widget\" data-e-type=\"widget\" data-widget_type=\"heading.default\">\n\t\t\t\t<div class=\"elementor-widget-container\">\n\t\t\t\t\t<h1 class=\"elementor-heading-title elementor-size-default\">Design graphique : 8 raisons qui vous convaincront que vous en avez besoin<\/h1>\t\t\t\t<\/div>\n\t\t\t\t<\/div>\n\t\t\t\t\t<\/div>\n\t\t<\/div>\n\t\t\t\t<div class=\"elementor-column elementor-col-33 elementor-inner-column elementor-element elementor-element-680ee111\" data-id=\"680ee111\" data-element_type=\"column\" data-e-type=\"column\">\n\t\t\t<div class=\"elementor-widget-wrap\">\n\t\t\t\t\t\t\t<\/div>\n\t\t<\/div>\n\t\t\t\t\t<\/div>\n\t\t<\/section>\n\t\t\t\t<section class=\"elementor-section elementor-inner-section elementor-element elementor-element-cf112af elementor-section-boxed elementor-section-height-default elementor-section-height-default\" data-id=\"cf112af\" data-element_type=\"section\" data-e-type=\"section\">\n\t\t\t\t\t\t<div class=\"elementor-container elementor-column-gap-default\">\n\t\t\t\t\t<div class=\"elementor-column elementor-col-25 elementor-inner-column elementor-element elementor-element-697faab7\" data-id=\"697faab7\" data-element_type=\"column\" data-e-type=\"column\">\n\t\t\t<div class=\"elementor-widget-wrap\">\n\t\t\t\t\t\t\t<\/div>\n\t\t<\/div>\n\t\t\t\t<div class=\"elementor-column elementor-col-25 elementor-inner-column elementor-element elementor-element-66e02f9f\" data-id=\"66e02f9f\" data-element_type=\"column\" data-e-type=\"column\">\n\t\t\t<div class=\"elementor-widget-wrap\">\n\t\t\t\t\t\t\t<\/div>\n\t\t<\/div>\n\t\t\t\t<div class=\"elementor-column elementor-col-25 elementor-inner-column elementor-element elementor-element-31f74d24\" data-id=\"31f74d24\" data-element_type=\"column\" data-e-type=\"column\">\n\t\t\t<div class=\"elementor-widget-wrap\">\n\t\t\t\t\t\t\t<\/div>\n\t\t<\/div>\n\t\t\t\t<div class=\"elementor-column elementor-col-25 elementor-inner-column elementor-element elementor-element-2043ba45\" data-id=\"2043ba45\" data-element_type=\"column\" data-e-type=\"column\">\n\t\t\t<div class=\"elementor-widget-wrap\">\n\t\t\t\t\t\t\t<\/div>\n\t\t<\/div>\n\t\t\t\t\t<\/div>\n\t\t<\/section>\n\t\t\t\t\t<\/div>\n\t\t<\/div>\n\t\t\t\t\t<\/div>\n\t\t<\/section>\n\t\t\t\t<section class=\"elementor-section elementor-top-section elementor-element elementor-element-27c5e19a elementor-section-boxed elementor-section-height-default elementor-section-height-default\" data-id=\"27c5e19a\" data-element_type=\"section\" data-e-type=\"section\">\n\t\t\t\t\t\t<div class=\"elementor-container elementor-column-gap-default\">\n\t\t\t\t\t<div class=\"elementor-column elementor-col-100 elementor-top-column elementor-element elementor-element-4bea878a\" data-id=\"4bea878a\" data-element_type=\"column\" data-e-type=\"column\">\n\t\t\t<div class=\"elementor-widget-wrap elementor-element-populated\">\n\t\t\t\t\t\t<div class=\"elementor-element elementor-element-68562ec5 elementor-widget elementor-widget-text-editor\" data-id=\"68562ec5\" data-element_type=\"widget\" data-e-type=\"widget\" data-widget_type=\"text-editor.default\">\n\t\t\t\t<div class=\"elementor-widget-container\">\n\t\t\t\t\t\t\t\t\t<p>Peut-\u00eatre n&#039;avez-vous jamais accord\u00e9 d&#039;importance au graphisme dans votre entreprise. &quot;Pour que?&quot; Vous direz s\u00fbrement. Eh bien, la v\u00e9rit\u00e9 est que vous devriez vous soucier un peu de ce sujet, quelle que soit la branche ou le secteur auquel appartient votre entreprise. Nous allons vous expliquer pourquoi et nous sommes s\u00fbrs que vous serez convaincu lorsque vous aurez fini de lire cet article de la pertinence du th\u00e8me visuel pour tout projet et\/ou entreprise.<\/p>\t\t\t\t\t\t\t\t<\/div>\n\t\t\t\t<\/div>\n\t\t\t\t<section class=\"elementor-section elementor-inner-section elementor-element elementor-element-10e7854f elementor-section-boxed elementor-section-height-default elementor-section-height-default\" data-id=\"10e7854f\" data-element_type=\"section\" data-e-type=\"section\">\n\t\t\t\t\t\t<div class=\"elementor-container elementor-column-gap-default\">\n\t\t\t\t\t<div class=\"elementor-column elementor-col-50 elementor-inner-column elementor-element elementor-element-52d929dd\" data-id=\"52d929dd\" data-element_type=\"column\" data-e-type=\"column\">\n\t\t\t<div class=\"elementor-widget-wrap elementor-element-populated\">\n\t\t\t\t\t\t<div class=\"elementor-element elementor-element-4a8381c5 elementor-widget elementor-widget-heading\" data-id=\"4a8381c5\" data-element_type=\"widget\" data-e-type=\"widget\" data-widget_type=\"heading.default\">\n\t\t\t\t<div class=\"elementor-widget-container\">\n\t\t\t\t\t<h2 class=\"elementor-heading-title elementor-size-default\">1. Aide \u00e0 la r\u00e9putation de l&#039;entreprise<\/h2>\t\t\t\t<\/div>\n\t\t\t\t<\/div>\n\t\t\t\t<div class=\"elementor-element elementor-element-27e52eab elementor-widget elementor-widget-text-editor\" data-id=\"27e52eab\" data-element_type=\"widget\" data-e-type=\"widget\" data-widget_type=\"text-editor.default\">\n\t\t\t\t<div class=\"elementor-widget-container\">\n\t\t\t\t\t\t\t\t\t<p>Peu importe la taille de votre entreprise, la r\u00e9putation de votre entreprise est l&#039;une des choses les plus importantes. Une partie de votre identit\u00e9 se refl\u00e8te dans votre r\u00e9putation, au m\u00eame titre qu&#039;un logo.<\/p>\t\t\t\t\t\t\t\t<\/div>\n\t\t\t\t<\/div>\n\t\t\t\t<div class=\"elementor-element elementor-element-11f1806e elementor-widget elementor-widget-text-editor\" data-id=\"11f1806e\" data-element_type=\"widget\" data-e-type=\"widget\" data-widget_type=\"text-editor.default\">\n\t\t\t\t<div class=\"elementor-widget-container\">\n\t\t\t\t\t\t\t\t\t<p>Le logo est l&#039;\u00e9l\u00e9ment visuel le plus important de votre marque et une bonne conception graphique doit communiquer les valeurs et le message du logo \u00e0 travers la couleur, la typographie et les \u00e9l\u00e9ments visuels qui y sont utilis\u00e9s.<\/p>\t\t\t\t\t\t\t\t<\/div>\n\t\t\t\t<\/div>\n\t\t\t\t\t<\/div>\n\t\t<\/div>\n\t\t\t\t<div class=\"elementor-column elementor-col-50 elementor-inner-column elementor-element elementor-element-19f7be93\" data-id=\"19f7be93\" data-element_type=\"column\" data-e-type=\"column\">\n\t\t\t<div class=\"elementor-widget-wrap elementor-element-populated\">\n\t\t\t\t\t\t<div class=\"elementor-element elementor-element-781121a2 elementor-widget elementor-widget-image\" data-id=\"781121a2\" data-element_type=\"widget\" data-e-type=\"widget\" data-widget_type=\"image.default\">\n\t\t\t\t<div class=\"elementor-widget-container\">\n\t\t\t\t\t\t\t\t\t\t\t\t\t\t\t<img fetchpriority=\"high\" decoding=\"async\" width=\"800\" height=\"536\" src=\"https:\/\/thecloud.group\/wp-content\/uploads\/2020\/10\/disenoGraficoEmpresas.jpg\" class=\"elementor-animation-hang attachment-large size-large wp-image-11691\" alt=\"Conception graphique pour votre entreprise\" srcset=\"https:\/\/thecloud.group\/wp-content\/uploads\/2020\/10\/disenoGraficoEmpresas.jpg 950w, https:\/\/thecloud.group\/wp-content\/uploads\/2020\/10\/disenoGraficoEmpresas-300x201.jpg 300w, https:\/\/thecloud.group\/wp-content\/uploads\/2020\/10\/disenoGraficoEmpresas-768x515.jpg 768w\" sizes=\"(max-width: 800px) 100vw, 800px\" \/>\t\t\t\t\t\t\t\t\t\t\t\t\t\t\t<\/div>\n\t\t\t\t<\/div>\n\t\t\t\t\t<\/div>\n\t\t<\/div>\n\t\t\t\t\t<\/div>\n\t\t<\/section>\n\t\t\t\t<div class=\"elementor-element elementor-element-63116440 elementor-widget elementor-widget-heading\" data-id=\"63116440\" data-element_type=\"widget\" data-e-type=\"widget\" data-widget_type=\"heading.default\">\n\t\t\t\t<div class=\"elementor-widget-container\">\n\t\t\t\t\t<h2 class=\"elementor-heading-title elementor-size-default\">2. Identit\u00e9 d&#039;entreprise<\/h2>\t\t\t\t<\/div>\n\t\t\t\t<\/div>\n\t\t\t\t<div class=\"elementor-element elementor-element-1dc3a341 elementor-widget elementor-widget-text-editor\" data-id=\"1dc3a341\" data-element_type=\"widget\" data-e-type=\"widget\" data-widget_type=\"text-editor.default\">\n\t\t\t\t<div class=\"elementor-widget-container\">\n\t\t\t\t\t\t\t\t\t<p>En plus de la conception graphique n\u00e9cessaire pour cr\u00e9er la marque de l&#039;entreprise, il est \u00e9galement n\u00e9cessaire de g\u00e9n\u00e9rer l&#039;identit\u00e9 de l&#039;entreprise. Une fa\u00e7on d&#039;y parvenir consiste \u00e0 \u00e9laborer un manuel de marque qui explique et d\u00e9finit les utilisations des \u00e9l\u00e9ments graphiques pour toute occasion dans votre entreprise. Par exemple, les utilisations correctes du logo, des couleurs, des polices, des images pour les r\u00e9seaux sociaux et autres.<\/p>\t\t\t\t\t\t\t\t<\/div>\n\t\t\t\t<\/div>\n\t\t\t\t<div class=\"elementor-element elementor-element-3bf2ab4 elementor-widget elementor-widget-heading\" data-id=\"3bf2ab4\" data-element_type=\"widget\" data-e-type=\"widget\" data-widget_type=\"heading.default\">\n\t\t\t\t<div class=\"elementor-widget-container\">\n\t\t\t\t\t<h2 class=\"elementor-heading-title elementor-size-default\">3. Captez l&#039;attention des clients potentiels<\/h2>\t\t\t\t<\/div>\n\t\t\t\t<\/div>\n\t\t\t\t<div class=\"elementor-element elementor-element-e7460f6 elementor-widget elementor-widget-text-editor\" data-id=\"e7460f6\" data-element_type=\"widget\" data-e-type=\"widget\" data-widget_type=\"text-editor.default\">\n\t\t\t\t<div class=\"elementor-widget-container\">\n\t\t\t\t\t\t\t\t\t<p>La conception graphique aide \u00e0 capter l&#039;attention des clients potentiels. Gr\u00e2ce \u00e0 des conceptions cr\u00e9atives et visuellement attrayantes sur les r\u00e9seaux sociaux, le mat\u00e9riel POP, le site Web, etc., vous pouvez attirer l&#039;attention des gens et vous d\u00e9marquer de la concurrence.<\/p>\t\t\t\t\t\t\t\t<\/div>\n\t\t\t\t<\/div>\n\t\t\t\t<div class=\"elementor-element elementor-element-a64e5a4 elementor-widget elementor-widget-heading\" data-id=\"a64e5a4\" data-element_type=\"widget\" data-e-type=\"widget\" data-widget_type=\"heading.default\">\n\t\t\t\t<div class=\"elementor-widget-container\">\n\t\t\t\t\t<h2 class=\"elementor-heading-title elementor-size-default\">4. Am\u00e9liorer le positionnement sur le march\u00e9<\/h2>\t\t\t\t<\/div>\n\t\t\t\t<\/div>\n\t\t\t\t<div class=\"elementor-element elementor-element-46616d1 elementor-widget elementor-widget-text-editor\" data-id=\"46616d1\" data-element_type=\"widget\" data-e-type=\"widget\" data-widget_type=\"text-editor.default\">\n\t\t\t\t<div class=\"elementor-widget-container\">\n\t\t\t\t\t\t\t\t\t<p>La conception graphique vous aidera \u00e9norm\u00e9ment dans vos ventes. La raison principale est qu&#039;un bon design g\u00e9n\u00e8re la confiance des gens, de la m\u00eame mani\u00e8re qu&#039;un design de mauvaise qualit\u00e9 fera douter les clients potentiels du s\u00e9rieux et de la transparence de l&#039;entreprise.<\/p>\t\t\t\t\t\t\t\t<\/div>\n\t\t\t\t<\/div>\n\t\t\t\t<div class=\"elementor-element elementor-element-129e856 elementor-widget elementor-widget-heading\" data-id=\"129e856\" data-element_type=\"widget\" data-e-type=\"widget\" data-widget_type=\"heading.default\">\n\t\t\t\t<div class=\"elementor-widget-container\">\n\t\t\t\t\t<h2 class=\"elementor-heading-title elementor-size-default\">5. Un joli emballage<\/h2>\t\t\t\t<\/div>\n\t\t\t\t<\/div>\n\t\t\t\t<div class=\"elementor-element elementor-element-201c200 elementor-widget elementor-widget-text-editor\" data-id=\"201c200\" data-element_type=\"widget\" data-e-type=\"widget\" data-widget_type=\"text-editor.default\">\n\t\t\t\t<div class=\"elementor-widget-container\">\n\t\t\t\t\t\t\t\t\t<p>Dans le cas de la vente de produits, vous souhaiterez que votre entreprise ait de beaux emballages et cela n&#039;est possible que de la meilleure fa\u00e7on gr\u00e2ce \u00e0 une conception graphique professionnelle. Dans le monde du web, la jolie enveloppe c&#039;est votre site web, c&#039;est vos r\u00e9seaux sociaux, c&#039;est votre logo. Encore une fois, la bonne fa\u00e7on d&#039;y parvenir est avec le soutien de la conception graphique faite par quelqu&#039;un qui sait ce qu&#039;il fait.<\/p>\t\t\t\t\t\t\t\t<\/div>\n\t\t\t\t<\/div>\n\t\t\t\t<div class=\"elementor-element elementor-element-8d3b77b elementor-widget elementor-widget-heading\" data-id=\"8d3b77b\" data-element_type=\"widget\" data-e-type=\"widget\" data-widget_type=\"heading.default\">\n\t\t\t\t<div class=\"elementor-widget-container\">\n\t\t\t\t\t<h2 class=\"elementor-heading-title elementor-size-default\">6. Meilleur classement du march\u00e9<\/h2>\t\t\t\t<\/div>\n\t\t\t\t<\/div>\n\t\t\t\t<div class=\"elementor-element elementor-element-261cb2c6 elementor-widget elementor-widget-text-editor\" data-id=\"261cb2c6\" data-element_type=\"widget\" data-e-type=\"widget\" data-widget_type=\"text-editor.default\">\n\t\t\t\t<div class=\"elementor-widget-container\">\n\t\t\t\t\t\t\t\t\t<p>Votre marque pourra s&#039;am\u00e9liorer dans le classement du march\u00e9 si vous pouvez vendre plus de produits, ce qui peut \u00e9galement \u00eatre la cons\u00e9quence d&#039;une bonne conception graphique. Si votre entreprise parvient \u00e0 vendre plus de produits que vos concurrents, vous monterez dans le classement de popularit\u00e9.<\/p>\t\t\t\t\t\t\t\t<\/div>\n\t\t\t\t<\/div>\n\t\t\t\t<div class=\"elementor-element elementor-element-40a0490 elementor-widget elementor-widget-heading\" data-id=\"40a0490\" data-element_type=\"widget\" data-e-type=\"widget\" data-widget_type=\"heading.default\">\n\t\t\t\t<div class=\"elementor-widget-container\">\n\t\t\t\t\t<h2 class=\"elementor-heading-title elementor-size-default\">7. C&#039;est un investissement strat\u00e9gique<\/h2>\t\t\t\t<\/div>\n\t\t\t\t<\/div>\n\t\t\t\t<div class=\"elementor-element elementor-element-e33ee79 elementor-widget elementor-widget-text-editor\" data-id=\"e33ee79\" data-element_type=\"widget\" data-e-type=\"widget\" data-widget_type=\"text-editor.default\">\n\t\t\t\t<div class=\"elementor-widget-container\">\n\t\t\t\t\t\t\t\t\t<p>Aujourd&#039;hui, le monde est de plus en plus ax\u00e9 sur le visuel et se d\u00e9marquer de la foule est devenu tr\u00e8s difficile. Une bonne conception graphique nous permet d&#039;obtenir notre espace sur le march\u00e9 pour \u00e9viter que notre marque ne passe inaper\u00e7ue parmi la foule.<\/p>\t\t\t\t\t\t\t\t<\/div>\n\t\t\t\t<\/div>\n\t\t\t\t<section class=\"elementor-section elementor-inner-section elementor-element elementor-element-140e0770 elementor-section-boxed elementor-section-height-default elementor-section-height-default\" data-id=\"140e0770\" data-element_type=\"section\" data-e-type=\"section\">\n\t\t\t\t\t\t<div class=\"elementor-container elementor-column-gap-default\">\n\t\t\t\t\t<div class=\"elementor-column elementor-col-50 elementor-inner-column elementor-element elementor-element-6582a6c\" data-id=\"6582a6c\" data-element_type=\"column\" data-e-type=\"column\">\n\t\t\t<div class=\"elementor-widget-wrap elementor-element-populated\">\n\t\t\t\t\t\t<div class=\"elementor-element elementor-element-3cf7e386 elementor-widget elementor-widget-heading\" data-id=\"3cf7e386\" data-element_type=\"widget\" data-e-type=\"widget\" data-widget_type=\"heading.default\">\n\t\t\t\t<div class=\"elementor-widget-container\">\n\t\t\t\t\t<h2 class=\"elementor-heading-title elementor-size-default\">8. Am\u00e9liorez la fid\u00e9lit\u00e9 de votre \u00e9quipe de travail<\/h2>\t\t\t\t<\/div>\n\t\t\t\t<\/div>\n\t\t\t\t<div class=\"elementor-element elementor-element-5d3db3b7 elementor-widget elementor-widget-text-editor\" data-id=\"5d3db3b7\" data-element_type=\"widget\" data-e-type=\"widget\" data-widget_type=\"text-editor.default\">\n\t\t\t\t<div class=\"elementor-widget-container\">\n\t\t\t\t\t\t\t\t\t<p>Cela peut sembler incroyable, mais le design graphique de votre marque a un impact sur votre \u00e9quipe de travail. Un beau bureau bien con\u00e7u permettra aux gens de se sentir \u00e0 l&#039;aise sur leur lieu de travail et d&#039;avoir envie de commencer leur journ\u00e9e de travail.<\/p>\t\t\t\t\t\t\t\t<\/div>\n\t\t\t\t<\/div>\n\t\t\t\t<div class=\"elementor-element elementor-element-e3abfe6 elementor-widget elementor-widget-text-editor\" data-id=\"e3abfe6\" data-element_type=\"widget\" data-e-type=\"widget\" data-widget_type=\"text-editor.default\">\n\t\t\t\t<div class=\"elementor-widget-container\">\n\t\t\t\t\t\t\t\t\t<p>De plus, les couleurs utilis\u00e9es peuvent aider \u00e0 la concentration et \u00e0 chacun de faire de son mieux. De plus, cela leur permettra de se connecter avec la propre image de l&#039;entreprise et de se sentir partie d&#039;un tout, ce qui les aidera \u00e0 r\u00e9ussir.<\/p>\t\t\t\t\t\t\t\t<\/div>\n\t\t\t\t<\/div>\n\t\t\t\t\t<\/div>\n\t\t<\/div>\n\t\t\t\t<div class=\"elementor-column elementor-col-50 elementor-inner-column elementor-element elementor-element-34c5ddce\" data-id=\"34c5ddce\" data-element_type=\"column\" data-e-type=\"column\">\n\t\t\t<div class=\"elementor-widget-wrap elementor-element-populated\">\n\t\t\t\t\t\t<div class=\"elementor-element elementor-element-64b4172e elementor-widget elementor-widget-image\" data-id=\"64b4172e\" data-element_type=\"widget\" data-e-type=\"widget\" data-widget_type=\"image.default\">\n\t\t\t\t<div class=\"elementor-widget-container\">\n\t\t\t\t\t\t\t\t\t\t\t\t\t\t\t<img decoding=\"async\" width=\"800\" height=\"533\" src=\"https:\/\/thecloud.group\/wp-content\/uploads\/2020\/10\/disEmpresas.jpg\" class=\"elementor-animation-hang attachment-large size-large wp-image-11694\" alt=\"Le design graphique et les raisons d&#039;\u00eatre de votre entreprise\" srcset=\"https:\/\/thecloud.group\/wp-content\/uploads\/2020\/10\/disEmpresas.jpg 950w, https:\/\/thecloud.group\/wp-content\/uploads\/2020\/10\/disEmpresas-300x200.jpg 300w, https:\/\/thecloud.group\/wp-content\/uploads\/2020\/10\/disEmpresas-768x512.jpg 768w\" sizes=\"(max-width: 800px) 100vw, 800px\" \/>\t\t\t\t\t\t\t\t\t\t\t\t\t\t\t<\/div>\n\t\t\t\t<\/div>\n\t\t\t\t\t<\/div>\n\t\t<\/div>\n\t\t\t\t\t<\/div>\n\t\t<\/section>\n\t\t\t\t<div class=\"elementor-element elementor-element-35400728 elementor-widget elementor-widget-text-editor\" data-id=\"35400728\" data-element_type=\"widget\" data-e-type=\"widget\" data-widget_type=\"text-editor.default\">\n\t\t\t\t<div class=\"elementor-widget-container\">\n\t\t\t\t\t\t\t\t\t<p>Si vous voulez conna\u00eetre d&#039;autres conseils que nous avons pr\u00e9par\u00e9s pour que vous puissiez r\u00e9ussir avec votre entreprise, n&#039;arr\u00eatez pas de lire <a href=\"https:\/\/thecloud.group\/fr\/blog\/\">notre blog<\/a> o\u00f9 chaque semaine nous partageons des articles d&#039;int\u00e9r\u00eat dont nous sommes s\u00fbrs que vous pourrez en tirer le meilleur parti pour vos propres projets.<\/p>\t\t\t\t\t\t\t\t<\/div>\n\t\t\t\t<\/div>\n\t\t\t\t<div class=\"elementor-element elementor-element-3b63a924 elementor-widget elementor-widget-text-editor\" data-id=\"3b63a924\" data-element_type=\"widget\" data-e-type=\"widget\" data-widget_type=\"text-editor.default\">\n\t\t\t\t<div class=\"elementor-widget-container\">\n\t\t\t\t\t\t\t\t\t<p>N&#039;oubliez pas que si vous recherchez le soutien d&#039;une agence de marketing ayant des connaissances en graphisme, <a href=\"https:\/\/thecloud.group\/fr\/\">Le groupe Cloud<\/a> est pr\u00eat \u00e0 vous servir. Nous t&#039;attendons!<\/p>\t\t\t\t\t\t\t\t<\/div>\n\t\t\t\t<\/div>\n\t\t\t\t\t<\/div>\n\t\t<\/div>\n\t\t\t\t\t<\/div>\n\t\t<\/section>\n\t\t\t\t<section class=\"elementor-section elementor-top-section elementor-element elementor-element-76619795 elementor-section-boxed elementor-section-height-default elementor-section-height-default\" data-id=\"76619795\" data-element_type=\"section\" data-e-type=\"section\" data-settings=\"{&quot;background_background&quot;:&quot;classic&quot;}\">\n\t\t\t\t\t\t<div class=\"elementor-container elementor-column-gap-default\">\n\t\t\t\t\t<div class=\"elementor-column elementor-col-100 elementor-top-column elementor-element elementor-element-77e4d1ef\" data-id=\"77e4d1ef\" data-element_type=\"column\" data-e-type=\"column\" data-settings=\"{&quot;background_background&quot;:&quot;classic&quot;}\">\n\t\t\t<div class=\"elementor-widget-wrap\">\n\t\t\t\t\t\t\t<\/div>\n\t\t<\/div>\n\t\t\t\t\t<\/div>\n\t\t<\/section>\n\t\t\t\t<\/div>","protected":false},"excerpt":{"rendered":"<p>Depuis plusieurs ann\u00e9es, l&#039;intelligence artificielle est de plus en plus pr\u00e9sente dans notre quotidien, peut-\u00eatre sans que vous vous en rendiez compte. Ils ont m\u00eame remplac\u00e9 certains emplois qui \u00e9taient auparavant occup\u00e9s par des personnes. Une impl\u00e9mentation tr\u00e8s populaire aujourd&#039;hui est celle des chatbots, par exemple, gr\u00e2ce auxquels les entreprises ont remplac\u00e9 le personnel du service client par un robot pour traiter les incidents et les questions mineures. Compte tenu de tout cela, vous vous demandez peut-\u00eatre si d&#039;autres emplois sont \u00e9galement menac\u00e9s par l&#039;intelligence artificielle.<\/p>","protected":false},"author":1,"featured_media":11691,"comment_status":"closed","ping_status":"closed","sticky":false,"template":"elementor_header_footer","format":"standard","meta":{"footnotes":""},"categories":[162],"tags":[],"class_list":["post-11689","post","type-post","status-publish","format-standard","has-post-thumbnail","hentry","category-sin-categorizar"],"yoast_head":"<!-- This site is optimized with the Yoast SEO plugin v27.5 - https:\/\/yoast.com\/product\/yoast-seo-wordpress\/ -->\n<title>Dise\u00f1o gr\u00e1fico: 8 razones que te convencer\u00e1n de que lo necesitas | The Cloud Group<\/title>\n<meta name=\"robots\" content=\"index, follow, max-snippet:-1, max-image-preview:large, max-video-preview:-1\" \/>\n<link rel=\"canonical\" href=\"https:\/\/thecloud.group\/fr\/design-graphique-8-raisons-qui-vous-convaincront\/\" \/>\n<meta property=\"og:locale\" content=\"fr_FR\" \/>\n<meta property=\"og:type\" content=\"article\" \/>\n<meta property=\"og:title\" content=\"Dise\u00f1o gr\u00e1fico: 8 razones que te convencer\u00e1n de que lo necesitas | The Cloud Group\" \/>\n<meta property=\"og:description\" content=\"Desde hace ya varios a\u00f1os la inteligencia artificial est\u00e1 cada vez m\u00e1s presente en nuestro d\u00eda a d\u00eda, quiz\u00e1s sin que te hayas dado cuenta de ello. Incluso ya han llegado a sustituir algunos puestos de trabajo que antes realizaban personas. Una implementaci\u00f3n muy popular hoy en d\u00eda es el de los chatbots, por ejemplo, a trav\u00e9s del cual las empresas han sustituido al personal de atenci\u00f3n al cliente por un robot para atender incidencias y preguntas menores. Dado todo esto, quiz\u00e1s te est\u00e9s preguntando si otros empleos est\u00e1n en peligro tambi\u00e9n por la inteligencia artificial.\" \/>\n<meta property=\"og:url\" content=\"https:\/\/thecloud.group\/fr\/design-graphique-8-raisons-qui-vous-convaincront\/\" \/>\n<meta property=\"og:site_name\" content=\"The Cloud Group\" \/>\n<meta property=\"article:publisher\" content=\"https:\/\/www.facebook.com\/thecloudgroupglobal\" \/>\n<meta property=\"article:published_time\" content=\"2020-10-28T10:00:00+00:00\" \/>\n<meta property=\"article:modified_time\" content=\"2020-12-10T16:09:01+00:00\" \/>\n<meta property=\"og:image\" content=\"https:\/\/thecloud.group\/wp-content\/uploads\/2020\/10\/disenoGraficoEmpresas.jpg\" \/>\n\t<meta property=\"og:image:width\" content=\"950\" \/>\n\t<meta property=\"og:image:height\" content=\"637\" \/>\n\t<meta property=\"og:image:type\" content=\"image\/jpeg\" \/>\n<meta name=\"author\" content=\"admin\" \/>\n<meta name=\"twitter:card\" content=\"summary_large_image\" \/>\n<meta name=\"twitter:label1\" content=\"\u00c9crit par\" \/>\n\t<meta name=\"twitter:data1\" content=\"admin\" \/>\n\t<meta name=\"twitter:label2\" content=\"Dur\u00e9e de lecture estim\u00e9e\" \/>\n\t<meta name=\"twitter:data2\" content=\"4 minutes\" \/>\n<script type=\"application\/ld+json\" class=\"yoast-schema-graph\">{\"@context\":\"https:\\\/\\\/schema.org\",\"@graph\":[{\"@type\":\"Article\",\"@id\":\"https:\\\/\\\/thecloud.group\\\/diseno-grafico-8-razones-que-te-convenceran\\\/#article\",\"isPartOf\":{\"@id\":\"https:\\\/\\\/thecloud.group\\\/diseno-grafico-8-razones-que-te-convenceran\\\/\"},\"author\":{\"name\":\"admin\",\"@id\":\"https:\\\/\\\/thecloud.group\\\/#\\\/schema\\\/person\\\/96af9c910256c8762bee808ba76fc3b3\"},\"headline\":\"Dise\u00f1o gr\u00e1fico: 8 razones que te convencer\u00e1n de que lo necesitas\",\"datePublished\":\"2020-10-28T10:00:00+00:00\",\"dateModified\":\"2020-12-10T16:09:01+00:00\",\"mainEntityOfPage\":{\"@id\":\"https:\\\/\\\/thecloud.group\\\/diseno-grafico-8-razones-que-te-convenceran\\\/\"},\"wordCount\":759,\"publisher\":{\"@id\":\"https:\\\/\\\/thecloud.group\\\/#organization\"},\"image\":{\"@id\":\"https:\\\/\\\/thecloud.group\\\/diseno-grafico-8-razones-que-te-convenceran\\\/#primaryimage\"},\"thumbnailUrl\":\"https:\\\/\\\/thecloud.group\\\/wp-content\\\/uploads\\\/2020\\\/10\\\/disenoGraficoEmpresas.jpg\",\"articleSection\":[\"Sin categorizar\"],\"inLanguage\":\"fr-FR\"},{\"@type\":\"WebPage\",\"@id\":\"https:\\\/\\\/thecloud.group\\\/diseno-grafico-8-razones-que-te-convenceran\\\/\",\"url\":\"https:\\\/\\\/thecloud.group\\\/diseno-grafico-8-razones-que-te-convenceran\\\/\",\"name\":\"Dise\u00f1o gr\u00e1fico: 8 razones que te convencer\u00e1n de que lo necesitas | The Cloud Group\",\"isPartOf\":{\"@id\":\"https:\\\/\\\/thecloud.group\\\/#website\"},\"primaryImageOfPage\":{\"@id\":\"https:\\\/\\\/thecloud.group\\\/diseno-grafico-8-razones-que-te-convenceran\\\/#primaryimage\"},\"image\":{\"@id\":\"https:\\\/\\\/thecloud.group\\\/diseno-grafico-8-razones-que-te-convenceran\\\/#primaryimage\"},\"thumbnailUrl\":\"https:\\\/\\\/thecloud.group\\\/wp-content\\\/uploads\\\/2020\\\/10\\\/disenoGraficoEmpresas.jpg\",\"datePublished\":\"2020-10-28T10:00:00+00:00\",\"dateModified\":\"2020-12-10T16:09:01+00:00\",\"breadcrumb\":{\"@id\":\"https:\\\/\\\/thecloud.group\\\/diseno-grafico-8-razones-que-te-convenceran\\\/#breadcrumb\"},\"inLanguage\":\"fr-FR\",\"potentialAction\":[{\"@type\":\"ReadAction\",\"target\":[\"https:\\\/\\\/thecloud.group\\\/diseno-grafico-8-razones-que-te-convenceran\\\/\"]}]},{\"@type\":\"ImageObject\",\"inLanguage\":\"fr-FR\",\"@id\":\"https:\\\/\\\/thecloud.group\\\/diseno-grafico-8-razones-que-te-convenceran\\\/#primaryimage\",\"url\":\"https:\\\/\\\/thecloud.group\\\/wp-content\\\/uploads\\\/2020\\\/10\\\/disenoGraficoEmpresas.jpg\",\"contentUrl\":\"https:\\\/\\\/thecloud.group\\\/wp-content\\\/uploads\\\/2020\\\/10\\\/disenoGraficoEmpresas.jpg\",\"width\":950,\"height\":637,\"caption\":\"Quiz\u00e1s nunca le hayas dado importancia al dise\u00f1o gr\u00e1fico en tu empresa.\"},{\"@type\":\"BreadcrumbList\",\"@id\":\"https:\\\/\\\/thecloud.group\\\/diseno-grafico-8-razones-que-te-convenceran\\\/#breadcrumb\",\"itemListElement\":[{\"@type\":\"ListItem\",\"position\":1,\"name\":\"Home\",\"item\":\"https:\\\/\\\/thecloud.group\\\/\"},{\"@type\":\"ListItem\",\"position\":2,\"name\":\"Dise\u00f1o gr\u00e1fico: 8 razones que te convencer\u00e1n de que lo necesitas\"}]},{\"@type\":\"WebSite\",\"@id\":\"https:\\\/\\\/thecloud.group\\\/#website\",\"url\":\"https:\\\/\\\/thecloud.group\\\/\",\"name\":\"The Cloud Group\",\"description\":\"|\u00a0Holding Internacional de Servicios\",\"publisher\":{\"@id\":\"https:\\\/\\\/thecloud.group\\\/#organization\"},\"potentialAction\":[{\"@type\":\"SearchAction\",\"target\":{\"@type\":\"EntryPoint\",\"urlTemplate\":\"https:\\\/\\\/thecloud.group\\\/?s={search_term_string}\"},\"query-input\":{\"@type\":\"PropertyValueSpecification\",\"valueRequired\":true,\"valueName\":\"search_term_string\"}}],\"inLanguage\":\"fr-FR\"},{\"@type\":\"Organization\",\"@id\":\"https:\\\/\\\/thecloud.group\\\/#organization\",\"name\":\"The Cloud Group - Holding International de Servicios\",\"url\":\"https:\\\/\\\/thecloud.group\\\/\",\"logo\":{\"@type\":\"ImageObject\",\"inLanguage\":\"fr-FR\",\"@id\":\"https:\\\/\\\/thecloud.group\\\/#\\\/schema\\\/logo\\\/image\\\/\",\"url\":\"https:\\\/\\\/thecloud.group\\\/wp-content\\\/uploads\\\/2020\\\/05\\\/logoSmallFirmaCorreo.png\",\"contentUrl\":\"https:\\\/\\\/thecloud.group\\\/wp-content\\\/uploads\\\/2020\\\/05\\\/logoSmallFirmaCorreo.png\",\"width\":300,\"height\":190,\"caption\":\"The Cloud Group - Holding International de Servicios\"},\"image\":{\"@id\":\"https:\\\/\\\/thecloud.group\\\/#\\\/schema\\\/logo\\\/image\\\/\"},\"sameAs\":[\"https:\\\/\\\/www.facebook.com\\\/thecloudgroupglobal\"]},{\"@type\":\"Person\",\"@id\":\"https:\\\/\\\/thecloud.group\\\/#\\\/schema\\\/person\\\/96af9c910256c8762bee808ba76fc3b3\",\"name\":\"admin\",\"image\":{\"@type\":\"ImageObject\",\"inLanguage\":\"fr-FR\",\"@id\":\"https:\\\/\\\/secure.gravatar.com\\\/avatar\\\/4907ac288f1c97f319a5c5097e9024eb489ee94179b3b92b6fa7716b303cdc86?s=96&d=mm&r=g\",\"url\":\"https:\\\/\\\/secure.gravatar.com\\\/avatar\\\/4907ac288f1c97f319a5c5097e9024eb489ee94179b3b92b6fa7716b303cdc86?s=96&d=mm&r=g\",\"contentUrl\":\"https:\\\/\\\/secure.gravatar.com\\\/avatar\\\/4907ac288f1c97f319a5c5097e9024eb489ee94179b3b92b6fa7716b303cdc86?s=96&d=mm&r=g\",\"caption\":\"admin\"},\"sameAs\":[\"https:\\\/\\\/thecloud.group\"]}]}<\/script>\n<!-- \/ Yoast SEO plugin. -->","yoast_head_json":{"title":"Design graphique\u00a0: 8 raisons qui vous convaincront de son utilit\u00e9 | The Cloud Group","robots":{"index":"index","follow":"follow","max-snippet":"max-snippet:-1","max-image-preview":"max-image-preview:large","max-video-preview":"max-video-preview:-1"},"canonical":"https:\/\/thecloud.group\/fr\/design-graphique-8-raisons-qui-vous-convaincront\/","og_locale":"fr_FR","og_type":"article","og_title":"Dise\u00f1o gr\u00e1fico: 8 razones que te convencer\u00e1n de que lo necesitas | The Cloud Group","og_description":"Desde hace ya varios a\u00f1os la inteligencia artificial est\u00e1 cada vez m\u00e1s presente en nuestro d\u00eda a d\u00eda, quiz\u00e1s sin que te hayas dado cuenta de ello. Incluso ya han llegado a sustituir algunos puestos de trabajo que antes realizaban personas. Una implementaci\u00f3n muy popular hoy en d\u00eda es el de los chatbots, por ejemplo, a trav\u00e9s del cual las empresas han sustituido al personal de atenci\u00f3n al cliente por un robot para atender incidencias y preguntas menores. Dado todo esto, quiz\u00e1s te est\u00e9s preguntando si otros empleos est\u00e1n en peligro tambi\u00e9n por la inteligencia artificial.","og_url":"https:\/\/thecloud.group\/fr\/design-graphique-8-raisons-qui-vous-convaincront\/","og_site_name":"The Cloud Group","article_publisher":"https:\/\/www.facebook.com\/thecloudgroupglobal","article_published_time":"2020-10-28T10:00:00+00:00","article_modified_time":"2020-12-10T16:09:01+00:00","og_image":[{"width":950,"height":637,"url":"https:\/\/thecloud.group\/wp-content\/uploads\/2020\/10\/disenoGraficoEmpresas.jpg","type":"image\/jpeg"}],"author":"admin","twitter_card":"summary_large_image","twitter_misc":{"\u00c9crit par":"admin","Dur\u00e9e de lecture estim\u00e9e":"4 minutes"},"schema":{"@context":"https:\/\/schema.org","@graph":[{"@type":"Article","@id":"https:\/\/thecloud.group\/diseno-grafico-8-razones-que-te-convenceran\/#article","isPartOf":{"@id":"https:\/\/thecloud.group\/diseno-grafico-8-razones-que-te-convenceran\/"},"author":{"name":"admin","@id":"https:\/\/thecloud.group\/#\/schema\/person\/96af9c910256c8762bee808ba76fc3b3"},"headline":"Dise\u00f1o gr\u00e1fico: 8 razones que te convencer\u00e1n de que lo necesitas","datePublished":"2020-10-28T10:00:00+00:00","dateModified":"2020-12-10T16:09:01+00:00","mainEntityOfPage":{"@id":"https:\/\/thecloud.group\/diseno-grafico-8-razones-que-te-convenceran\/"},"wordCount":759,"publisher":{"@id":"https:\/\/thecloud.group\/#organization"},"image":{"@id":"https:\/\/thecloud.group\/diseno-grafico-8-razones-que-te-convenceran\/#primaryimage"},"thumbnailUrl":"https:\/\/thecloud.group\/wp-content\/uploads\/2020\/10\/disenoGraficoEmpresas.jpg","articleSection":["Sin categorizar"],"inLanguage":"fr-FR"},{"@type":"WebPage","@id":"https:\/\/thecloud.group\/diseno-grafico-8-razones-que-te-convenceran\/","url":"https:\/\/thecloud.group\/diseno-grafico-8-razones-que-te-convenceran\/","name":"Design graphique\u00a0: 8 raisons qui vous convaincront de son utilit\u00e9 | The Cloud Group","isPartOf":{"@id":"https:\/\/thecloud.group\/#website"},"primaryImageOfPage":{"@id":"https:\/\/thecloud.group\/diseno-grafico-8-razones-que-te-convenceran\/#primaryimage"},"image":{"@id":"https:\/\/thecloud.group\/diseno-grafico-8-razones-que-te-convenceran\/#primaryimage"},"thumbnailUrl":"https:\/\/thecloud.group\/wp-content\/uploads\/2020\/10\/disenoGraficoEmpresas.jpg","datePublished":"2020-10-28T10:00:00+00:00","dateModified":"2020-12-10T16:09:01+00:00","breadcrumb":{"@id":"https:\/\/thecloud.group\/diseno-grafico-8-razones-que-te-convenceran\/#breadcrumb"},"inLanguage":"fr-FR","potentialAction":[{"@type":"ReadAction","target":["https:\/\/thecloud.group\/diseno-grafico-8-razones-que-te-convenceran\/"]}]},{"@type":"ImageObject","inLanguage":"fr-FR","@id":"https:\/\/thecloud.group\/diseno-grafico-8-razones-que-te-convenceran\/#primaryimage","url":"https:\/\/thecloud.group\/wp-content\/uploads\/2020\/10\/disenoGraficoEmpresas.jpg","contentUrl":"https:\/\/thecloud.group\/wp-content\/uploads\/2020\/10\/disenoGraficoEmpresas.jpg","width":950,"height":637,"caption":"Quiz\u00e1s nunca le hayas dado importancia al dise\u00f1o gr\u00e1fico en tu empresa."},{"@type":"BreadcrumbList","@id":"https:\/\/thecloud.group\/diseno-grafico-8-razones-que-te-convenceran\/#breadcrumb","itemListElement":[{"@type":"ListItem","position":1,"name":"Home","item":"https:\/\/thecloud.group\/"},{"@type":"ListItem","position":2,"name":"Dise\u00f1o gr\u00e1fico: 8 razones que te convencer\u00e1n de que lo necesitas"}]},{"@type":"WebSite","@id":"https:\/\/thecloud.group\/#website","url":"https:\/\/thecloud.group\/","name":"Le groupe Cloud","description":"| Soci\u00e9t\u00e9 de services internationaux","publisher":{"@id":"https:\/\/thecloud.group\/#organization"},"potentialAction":[{"@type":"SearchAction","target":{"@type":"EntryPoint","urlTemplate":"https:\/\/thecloud.group\/?s={search_term_string}"},"query-input":{"@type":"PropertyValueSpecification","valueRequired":true,"valueName":"search_term_string"}}],"inLanguage":"fr-FR"},{"@type":"Organization","@id":"https:\/\/thecloud.group\/#organization","name":"The Cloud Group - Soci\u00e9t\u00e9 de services internationaux","url":"https:\/\/thecloud.group\/","logo":{"@type":"ImageObject","inLanguage":"fr-FR","@id":"https:\/\/thecloud.group\/#\/schema\/logo\/image\/","url":"https:\/\/thecloud.group\/wp-content\/uploads\/2020\/05\/logoSmallFirmaCorreo.png","contentUrl":"https:\/\/thecloud.group\/wp-content\/uploads\/2020\/05\/logoSmallFirmaCorreo.png","width":300,"height":190,"caption":"The Cloud Group - Holding International de Servicios"},"image":{"@id":"https:\/\/thecloud.group\/#\/schema\/logo\/image\/"},"sameAs":["https:\/\/www.facebook.com\/thecloudgroupglobal"]},{"@type":"Person","@id":"https:\/\/thecloud.group\/#\/schema\/person\/96af9c910256c8762bee808ba76fc3b3","name":"administrateur","image":{"@type":"ImageObject","inLanguage":"fr-FR","@id":"https:\/\/secure.gravatar.com\/avatar\/4907ac288f1c97f319a5c5097e9024eb489ee94179b3b92b6fa7716b303cdc86?s=96&d=mm&r=g","url":"https:\/\/secure.gravatar.com\/avatar\/4907ac288f1c97f319a5c5097e9024eb489ee94179b3b92b6fa7716b303cdc86?s=96&d=mm&r=g","contentUrl":"https:\/\/secure.gravatar.com\/avatar\/4907ac288f1c97f319a5c5097e9024eb489ee94179b3b92b6fa7716b303cdc86?s=96&d=mm&r=g","caption":"admin"},"sameAs":["https:\/\/thecloud.group"]}]}},"_links":{"self":[{"href":"https:\/\/thecloud.group\/fr\/wp-json\/wp\/v2\/posts\/11689","targetHints":{"allow":["GET"]}}],"collection":[{"href":"https:\/\/thecloud.group\/fr\/wp-json\/wp\/v2\/posts"}],"about":[{"href":"https:\/\/thecloud.group\/fr\/wp-json\/wp\/v2\/types\/post"}],"author":[{"embeddable":true,"href":"https:\/\/thecloud.group\/fr\/wp-json\/wp\/v2\/users\/1"}],"replies":[{"embeddable":true,"href":"https:\/\/thecloud.group\/fr\/wp-json\/wp\/v2\/comments?post=11689"}],"version-history":[{"count":10,"href":"https:\/\/thecloud.group\/fr\/wp-json\/wp\/v2\/posts\/11689\/revisions"}],"predecessor-version":[{"id":13190,"href":"https:\/\/thecloud.group\/fr\/wp-json\/wp\/v2\/posts\/11689\/revisions\/13190"}],"wp:featuredmedia":[{"embeddable":true,"href":"https:\/\/thecloud.group\/fr\/wp-json\/wp\/v2\/media\/11691"}],"wp:attachment":[{"href":"https:\/\/thecloud.group\/fr\/wp-json\/wp\/v2\/media?parent=11689"}],"wp:term":[{"taxonomy":"category","embeddable":true,"href":"https:\/\/thecloud.group\/fr\/wp-json\/wp\/v2\/categories?post=11689"},{"taxonomy":"post_tag","embeddable":true,"href":"https:\/\/thecloud.group\/fr\/wp-json\/wp\/v2\/tags?post=11689"}],"curies":[{"name":"wp","href":"https:\/\/api.w.org\/{rel}","templated":true}]}}