{"id":24128,"date":"2023-01-05T15:33:35","date_gmt":"2023-01-05T15:33:35","guid":{"rendered":"https:\/\/thecloud.group\/?p=24128"},"modified":"2023-01-05T18:07:58","modified_gmt":"2023-01-05T18:07:58","slug":"la-sostenibilidad-en-la-publicidad-hacia-2023","status":"publish","type":"post","link":"https:\/\/thecloud.group\/en\/sustainability-in-advertising-towards-2023\/","title":{"rendered":"Sustainability in advertising towards 2023"},"content":{"rendered":"<div data-elementor-type=\"wp-post\" data-elementor-id=\"24128\" class=\"elementor elementor-24128\" data-elementor-post-type=\"post\">\n\t\t\t\t\t\t<section class=\"elementor-section elementor-top-section elementor-element elementor-element-376e7ba3 elementor-section-stretched elementor-section-boxed elementor-section-height-default elementor-section-height-default\" data-id=\"376e7ba3\" data-element_type=\"section\" data-e-type=\"section\" data-settings=\"{&quot;stretch_section&quot;:&quot;section-stretched&quot;,&quot;background_background&quot;:&quot;classic&quot;}\">\n\t\t\t\t\t\t\t<div class=\"elementor-background-overlay\"><\/div>\n\t\t\t\t\t\t\t<div class=\"elementor-container elementor-column-gap-default\">\n\t\t\t\t\t<div class=\"elementor-column elementor-col-100 elementor-top-column elementor-element elementor-element-282dfd6e\" data-id=\"282dfd6e\" data-element_type=\"column\" data-e-type=\"column\" data-settings=\"{&quot;background_background&quot;:&quot;classic&quot;}\">\n\t\t\t<div class=\"elementor-widget-wrap elementor-element-populated\">\n\t\t\t\t\t\t<div class=\"elementor-element elementor-element-1f031e5a elementor-widget elementor-widget-image\" data-id=\"1f031e5a\" data-element_type=\"widget\" data-e-type=\"widget\" data-widget_type=\"image.default\">\n\t\t\t\t<div class=\"elementor-widget-container\">\n\t\t\t\t\t\t\t\t\t\t\t\t\t\t\t<img decoding=\"async\" src=\"https:\/\/thecloud.group\/wp-content\/uploads\/elementor\/thumbs\/logo-pd8scx7e21qrxkwrdlcuh7c8eeq4vmzqsjri81k6ps.png\" title=\"logo\" alt=\"logo\" loading=\"lazy\" \/>\t\t\t\t\t\t\t\t\t\t\t\t\t\t\t<\/div>\n\t\t\t\t<\/div>\n\t\t\t\t<section class=\"elementor-section elementor-inner-section elementor-element elementor-element-6cb5a9a0 elementor-section-boxed elementor-section-height-default elementor-section-height-default\" data-id=\"6cb5a9a0\" data-element_type=\"section\" data-e-type=\"section\">\n\t\t\t\t\t\t<div class=\"elementor-container elementor-column-gap-default\">\n\t\t\t\t\t<div class=\"elementor-column elementor-col-33 elementor-inner-column elementor-element elementor-element-13ae91dd\" data-id=\"13ae91dd\" data-element_type=\"column\" data-e-type=\"column\">\n\t\t\t<div class=\"elementor-widget-wrap\">\n\t\t\t\t\t\t\t<\/div>\n\t\t<\/div>\n\t\t\t\t<div class=\"elementor-column elementor-col-33 elementor-inner-column elementor-element elementor-element-18a53d0b\" data-id=\"18a53d0b\" data-element_type=\"column\" data-e-type=\"column\">\n\t\t\t<div class=\"elementor-widget-wrap elementor-element-populated\">\n\t\t\t\t\t\t<div class=\"elementor-element elementor-element-5afb5859 elementor-widget elementor-widget-heading\" data-id=\"5afb5859\" data-element_type=\"widget\" data-e-type=\"widget\" data-widget_type=\"heading.default\">\n\t\t\t\t<div class=\"elementor-widget-container\">\n\t\t\t\t\t<h1 class=\"elementor-heading-title elementor-size-default\">Sustainability in advertising towards 2023<\/h1>\t\t\t\t<\/div>\n\t\t\t\t<\/div>\n\t\t\t\t\t<\/div>\n\t\t<\/div>\n\t\t\t\t<div class=\"elementor-column elementor-col-33 elementor-inner-column elementor-element elementor-element-395a2c18\" data-id=\"395a2c18\" data-element_type=\"column\" data-e-type=\"column\">\n\t\t\t<div class=\"elementor-widget-wrap\">\n\t\t\t\t\t\t\t<\/div>\n\t\t<\/div>\n\t\t\t\t\t<\/div>\n\t\t<\/section>\n\t\t\t\t<section class=\"elementor-section elementor-inner-section elementor-element elementor-element-a6d2174 elementor-section-boxed elementor-section-height-default elementor-section-height-default\" data-id=\"a6d2174\" data-element_type=\"section\" data-e-type=\"section\">\n\t\t\t\t\t\t<div class=\"elementor-container elementor-column-gap-default\">\n\t\t\t\t\t<div class=\"elementor-column elementor-col-25 elementor-inner-column elementor-element elementor-element-3f865388\" data-id=\"3f865388\" data-element_type=\"column\" data-e-type=\"column\">\n\t\t\t<div class=\"elementor-widget-wrap\">\n\t\t\t\t\t\t\t<\/div>\n\t\t<\/div>\n\t\t\t\t<div class=\"elementor-column elementor-col-25 elementor-inner-column elementor-element elementor-element-496c9107\" data-id=\"496c9107\" data-element_type=\"column\" data-e-type=\"column\">\n\t\t\t<div class=\"elementor-widget-wrap\">\n\t\t\t\t\t\t\t<\/div>\n\t\t<\/div>\n\t\t\t\t<div class=\"elementor-column elementor-col-25 elementor-inner-column elementor-element elementor-element-632a6465\" data-id=\"632a6465\" data-element_type=\"column\" data-e-type=\"column\">\n\t\t\t<div class=\"elementor-widget-wrap\">\n\t\t\t\t\t\t\t<\/div>\n\t\t<\/div>\n\t\t\t\t<div class=\"elementor-column elementor-col-25 elementor-inner-column elementor-element elementor-element-2293a1de\" data-id=\"2293a1de\" data-element_type=\"column\" data-e-type=\"column\">\n\t\t\t<div class=\"elementor-widget-wrap\">\n\t\t\t\t\t\t\t<\/div>\n\t\t<\/div>\n\t\t\t\t\t<\/div>\n\t\t<\/section>\n\t\t\t\t\t<\/div>\n\t\t<\/div>\n\t\t\t\t\t<\/div>\n\t\t<\/section>\n\t\t\t\t<section class=\"elementor-section elementor-top-section elementor-element elementor-element-2f9856da elementor-section-boxed elementor-section-height-default elementor-section-height-default\" data-id=\"2f9856da\" data-element_type=\"section\" data-e-type=\"section\">\n\t\t\t\t\t\t<div class=\"elementor-container elementor-column-gap-default\">\n\t\t\t\t\t<div class=\"elementor-column elementor-col-100 elementor-top-column elementor-element elementor-element-12b89ad8\" data-id=\"12b89ad8\" data-element_type=\"column\" data-e-type=\"column\">\n\t\t\t<div class=\"elementor-widget-wrap elementor-element-populated\">\n\t\t\t\t\t\t<div class=\"elementor-element elementor-element-32209c27 elementor-widget elementor-widget-text-editor\" data-id=\"32209c27\" data-element_type=\"widget\" data-e-type=\"widget\" data-widget_type=\"text-editor.default\">\n\t\t\t\t<div class=\"elementor-widget-container\">\n\t\t\t\t\t\t\t\t\t<p>One of the major current concerns in all sectors and aspects of humanity is the anthropogenic effect on the planet&#039;s environmental mechanisms; in other words, human action on climate change and its unchecked acceleration, which is not only at unprecedented levels but increasing daily without adequate measures being taken to mitigate and control it; a situation where the <a href=\"https:\/\/thecloud.group\/en\/contextual-advertising-towards-2023\/\">advertising<\/a> It is not immune to this phenomenon, leaving a large carbon footprint in its wake and clearly needing to establish measures that contribute to future environmental sustainability.<\/p>\t\t\t\t\t\t\t\t<\/div>\n\t\t\t\t<\/div>\n\t\t\t\t<section class=\"elementor-section elementor-inner-section elementor-element elementor-element-30fd7bef elementor-section-boxed elementor-section-height-default elementor-section-height-default\" data-id=\"30fd7bef\" data-element_type=\"section\" data-e-type=\"section\">\n\t\t\t\t\t\t<div class=\"elementor-container elementor-column-gap-default\">\n\t\t\t\t\t<div class=\"elementor-column elementor-col-50 elementor-inner-column elementor-element elementor-element-826ab8a\" data-id=\"826ab8a\" data-element_type=\"column\" data-e-type=\"column\">\n\t\t\t<div class=\"elementor-widget-wrap elementor-element-populated\">\n\t\t\t\t\t\t<div class=\"elementor-element elementor-element-4ec288ca elementor-widget elementor-widget-text-editor\" data-id=\"4ec288ca\" data-element_type=\"widget\" data-e-type=\"widget\" data-widget_type=\"text-editor.default\">\n\t\t\t\t<div class=\"elementor-widget-container\">\n\t\t\t\t\t\t\t\t\t<p>Today we can say that as the consumption of digital content increases, and therefore the scale and use of the internet increase, a situation that can even be measured by comparing that internet use represents 3.7 % of global emissions versus all world air traffic which represents the same value.<\/p><p>For this reason, most current brands have committed to ensuring progress in reducing greenhouse gas emissions in the sector and will be stricter in 2023 by ensuring that <a href=\"https:\/\/enciclopedia.net\/partner\/\">partners<\/a> The products they work with not only represent the best technological platform, but also tangible proof of how they minimize their environmental impact.<\/p>\t\t\t\t\t\t\t\t<\/div>\n\t\t\t\t<\/div>\n\t\t\t\t\t<\/div>\n\t\t<\/div>\n\t\t\t\t<div class=\"elementor-column elementor-col-50 elementor-inner-column elementor-element elementor-element-54308f1a\" data-id=\"54308f1a\" data-element_type=\"column\" data-e-type=\"column\">\n\t\t\t<div class=\"elementor-widget-wrap elementor-element-populated\">\n\t\t\t\t\t\t<div class=\"elementor-element elementor-element-37ae2ba9 elementor-widget elementor-widget-image\" data-id=\"37ae2ba9\" data-element_type=\"widget\" data-e-type=\"widget\" data-widget_type=\"image.default\">\n\t\t\t\t<div class=\"elementor-widget-container\">\n\t\t\t\t\t\t\t\t\t\t\t\t\t\t\t<img fetchpriority=\"high\" decoding=\"async\" width=\"800\" height=\"298\" src=\"https:\/\/thecloud.group\/wp-content\/uploads\/2023\/01\/La-sostenibilidad-en-la-publicidad-hacia-2023-1024x382.jpg\" class=\"elementor-animation-hang attachment-large size-large wp-image-24134\" alt=\"advertising 2023\" srcset=\"https:\/\/thecloud.group\/wp-content\/uploads\/2023\/01\/La-sostenibilidad-en-la-publicidad-hacia-2023-1024x382.jpg 1024w, https:\/\/thecloud.group\/wp-content\/uploads\/2023\/01\/La-sostenibilidad-en-la-publicidad-hacia-2023-300x112.jpg 300w, https:\/\/thecloud.group\/wp-content\/uploads\/2023\/01\/La-sostenibilidad-en-la-publicidad-hacia-2023-768x287.jpg 768w, https:\/\/thecloud.group\/wp-content\/uploads\/2023\/01\/La-sostenibilidad-en-la-publicidad-hacia-2023-1536x573.jpg 1536w, https:\/\/thecloud.group\/wp-content\/uploads\/2023\/01\/La-sostenibilidad-en-la-publicidad-hacia-2023-2048x764.jpg 2048w, https:\/\/thecloud.group\/wp-content\/uploads\/2023\/01\/La-sostenibilidad-en-la-publicidad-hacia-2023-18x7.jpg 18w\" sizes=\"(max-width: 800px) 100vw, 800px\" \/>\t\t\t\t\t\t\t\t\t\t\t\t\t\t\t<\/div>\n\t\t\t\t<\/div>\n\t\t\t\t\t<\/div>\n\t\t<\/div>\n\t\t\t\t\t<\/div>\n\t\t<\/section>\n\t\t\t\t<section class=\"elementor-section elementor-inner-section elementor-element elementor-element-441d2fd elementor-section-boxed elementor-section-height-default elementor-section-height-default\" data-id=\"441d2fd\" data-element_type=\"section\" data-e-type=\"section\">\n\t\t\t\t\t\t<div class=\"elementor-container elementor-column-gap-default\">\n\t\t\t\t\t<div class=\"elementor-column elementor-col-50 elementor-inner-column elementor-element elementor-element-bfe2f8f\" data-id=\"bfe2f8f\" data-element_type=\"column\" data-e-type=\"column\">\n\t\t\t<div class=\"elementor-widget-wrap elementor-element-populated\">\n\t\t\t\t\t\t<div class=\"elementor-element elementor-element-7ef0754 elementor-widget elementor-widget-image\" data-id=\"7ef0754\" data-element_type=\"widget\" data-e-type=\"widget\" data-widget_type=\"image.default\">\n\t\t\t\t<div class=\"elementor-widget-container\">\n\t\t\t\t\t\t\t\t\t\t\t\t\t\t\t<img decoding=\"async\" width=\"800\" height=\"450\" src=\"https:\/\/thecloud.group\/wp-content\/uploads\/2023\/01\/La-sostenibilidad-en-la-publicidad-hacia-2023-2-1024x576.jpg\" class=\"elementor-animation-hang attachment-large size-large wp-image-24133\" alt=\"advertising 2023\" srcset=\"https:\/\/thecloud.group\/wp-content\/uploads\/2023\/01\/La-sostenibilidad-en-la-publicidad-hacia-2023-2-1024x576.jpg 1024w, https:\/\/thecloud.group\/wp-content\/uploads\/2023\/01\/La-sostenibilidad-en-la-publicidad-hacia-2023-2-300x169.jpg 300w, https:\/\/thecloud.group\/wp-content\/uploads\/2023\/01\/La-sostenibilidad-en-la-publicidad-hacia-2023-2-768x432.jpg 768w, https:\/\/thecloud.group\/wp-content\/uploads\/2023\/01\/La-sostenibilidad-en-la-publicidad-hacia-2023-2-18x10.jpg 18w, https:\/\/thecloud.group\/wp-content\/uploads\/2023\/01\/La-sostenibilidad-en-la-publicidad-hacia-2023-2.jpg 1280w\" sizes=\"(max-width: 800px) 100vw, 800px\" \/>\t\t\t\t\t\t\t\t\t\t\t\t\t\t\t<\/div>\n\t\t\t\t<\/div>\n\t\t\t\t\t<\/div>\n\t\t<\/div>\n\t\t\t\t<div class=\"elementor-column elementor-col-50 elementor-inner-column elementor-element elementor-element-70efc71\" data-id=\"70efc71\" data-element_type=\"column\" data-e-type=\"column\">\n\t\t\t<div class=\"elementor-widget-wrap elementor-element-populated\">\n\t\t\t\t\t\t<div class=\"elementor-element elementor-element-8e19339 elementor-widget elementor-widget-text-editor\" data-id=\"8e19339\" data-element_type=\"widget\" data-e-type=\"widget\" data-widget_type=\"text-editor.default\">\n\t\t\t\t<div class=\"elementor-widget-container\">\n\t\t\t\t\t\t\t\t\t<p>On average, we see more than 500 messages per day that users consider invasive advertising (79% %), questioning whether the discipline of marketing really serves to do something for the planet or if its impact can be reduced, of course, leaving out that well-known <a href=\"https:\/\/ovacen.com\/que-es-el-greenwashing-y-como-funciona\/\">Greenwashing practice<\/a>, Communication to show a green image without actually making that transformation, that is, a deception of the consumer or client.<\/p>\t\t\t\t\t\t\t\t<\/div>\n\t\t\t\t<\/div>\n\t\t\t\t<div class=\"elementor-element elementor-element-4abd6be elementor-widget elementor-widget-heading\" data-id=\"4abd6be\" data-element_type=\"widget\" data-e-type=\"widget\" data-widget_type=\"heading.default\">\n\t\t\t\t<div class=\"elementor-widget-container\">\n\t\t\t\t\t<h2 class=\"elementor-heading-title elementor-size-default\">Rise of so-called Responsible Communication:<\/h2>\t\t\t\t<\/div>\n\t\t\t\t<\/div>\n\t\t\t\t<div class=\"elementor-element elementor-element-ef92da1 elementor-widget elementor-widget-text-editor\" data-id=\"ef92da1\" data-element_type=\"widget\" data-e-type=\"widget\" data-widget_type=\"text-editor.default\">\n\t\t\t\t<div class=\"elementor-widget-container\">\n\t\t\t\t\t\t\t\t\t<p>An ecological communication strategy is not a trendy topic or a matter of <a href=\"https:\/\/rockcontent.com\/es\/blog\/branding\/\">branding<\/a> but a real need, the need for responsible communication, whose objective is to highlight the importance of social and environmental aspects, involving in the positioning of a product not only its benefits but also, launching a message of social impact on the environment.<\/p>\t\t\t\t\t\t\t\t<\/div>\n\t\t\t\t<\/div>\n\t\t\t\t\t<\/div>\n\t\t<\/div>\n\t\t\t\t\t<\/div>\n\t\t<\/section>\n\t\t\t\t<div class=\"elementor-element elementor-element-1b8132a elementor-widget elementor-widget-heading\" data-id=\"1b8132a\" data-element_type=\"widget\" data-e-type=\"widget\" data-widget_type=\"heading.default\">\n\t\t\t\t<div class=\"elementor-widget-container\">\n\t\t\t\t\t<h2 class=\"elementor-heading-title elementor-size-default\">Benefits of sustainable advertising for 2023:<\/h2>\t\t\t\t<\/div>\n\t\t\t\t<\/div>\n\t\t\t\t<div class=\"elementor-element elementor-element-b4835a7 elementor-widget elementor-widget-text-editor\" data-id=\"b4835a7\" data-element_type=\"widget\" data-e-type=\"widget\" data-widget_type=\"text-editor.default\">\n\t\t\t\t<div class=\"elementor-widget-container\">\n\t\t\t\t\t\t\t\t\t<ul><li><strong>Improves brand image<\/strong><\/li><\/ul><p>Having values based on ethics and responsibility helps project a better image. Demonstrating social commitment generates greater visibility and builds an identity that the public will value more.<\/p>\t\t\t\t\t\t\t\t<\/div>\n\t\t\t\t<\/div>\n\t\t\t\t<section class=\"elementor-section elementor-inner-section elementor-element elementor-element-9bf5315 elementor-section-boxed elementor-section-height-default elementor-section-height-default\" data-id=\"9bf5315\" data-element_type=\"section\" data-e-type=\"section\">\n\t\t\t\t\t\t<div class=\"elementor-container elementor-column-gap-default\">\n\t\t\t\t\t<div class=\"elementor-column elementor-col-50 elementor-inner-column elementor-element elementor-element-eb93f7a\" data-id=\"eb93f7a\" data-element_type=\"column\" data-e-type=\"column\">\n\t\t\t<div class=\"elementor-widget-wrap elementor-element-populated\">\n\t\t\t\t\t\t<div class=\"elementor-element elementor-element-d77b030 elementor-widget elementor-widget-text-editor\" data-id=\"d77b030\" data-element_type=\"widget\" data-e-type=\"widget\" data-widget_type=\"text-editor.default\">\n\t\t\t\t<div class=\"elementor-widget-container\">\n\t\t\t\t\t\t\t\t\t<ul><li><strong>Greater customer loyalty<\/strong><\/li><\/ul><p>Meeting the expectations of the user community can help increase customer loyalty, as it is no longer enough to simply offer good service; we must go a step further and reduce the environmental impact of our commercial or industrial activities.<\/p><ul><li><strong>Better relationship and dialogue with users<\/strong><\/li><\/ul><p>There are not only economic advantages for companies, but also in terms of communication with customers, as they will enjoy greater visibility, credibility and a greater dialogue with users, who will be in tune with your business philosophy and will appreciate the effort you make to go a step further than the competition.<\/p>\t\t\t\t\t\t\t\t<\/div>\n\t\t\t\t<\/div>\n\t\t\t\t\t<\/div>\n\t\t<\/div>\n\t\t\t\t<div class=\"elementor-column elementor-col-50 elementor-inner-column elementor-element elementor-element-fba79d1\" data-id=\"fba79d1\" data-element_type=\"column\" data-e-type=\"column\">\n\t\t\t<div class=\"elementor-widget-wrap elementor-element-populated\">\n\t\t\t\t\t\t<div class=\"elementor-element elementor-element-f40ecba elementor-widget elementor-widget-image\" data-id=\"f40ecba\" data-element_type=\"widget\" data-e-type=\"widget\" data-widget_type=\"image.default\">\n\t\t\t\t<div class=\"elementor-widget-container\">\n\t\t\t\t\t\t\t\t\t\t\t\t\t\t\t<img decoding=\"async\" width=\"800\" height=\"352\" src=\"https:\/\/thecloud.group\/wp-content\/uploads\/2023\/01\/La-sostenibilidad-en-la-publicidad-hacia-2023-1-1024x450.jpg\" class=\"elementor-animation-hang attachment-large size-large wp-image-24135\" alt=\"advertising 2023\" srcset=\"https:\/\/thecloud.group\/wp-content\/uploads\/2023\/01\/La-sostenibilidad-en-la-publicidad-hacia-2023-1-1024x450.jpg 1024w, https:\/\/thecloud.group\/wp-content\/uploads\/2023\/01\/La-sostenibilidad-en-la-publicidad-hacia-2023-1-300x132.jpg 300w, https:\/\/thecloud.group\/wp-content\/uploads\/2023\/01\/La-sostenibilidad-en-la-publicidad-hacia-2023-1-768x338.jpg 768w, https:\/\/thecloud.group\/wp-content\/uploads\/2023\/01\/La-sostenibilidad-en-la-publicidad-hacia-2023-1-1536x675.jpg 1536w, https:\/\/thecloud.group\/wp-content\/uploads\/2023\/01\/La-sostenibilidad-en-la-publicidad-hacia-2023-1-2048x900.jpg 2048w, https:\/\/thecloud.group\/wp-content\/uploads\/2023\/01\/La-sostenibilidad-en-la-publicidad-hacia-2023-1-18x8.jpg 18w\" sizes=\"(max-width: 800px) 100vw, 800px\" \/>\t\t\t\t\t\t\t\t\t\t\t\t\t\t\t<\/div>\n\t\t\t\t<\/div>\n\t\t\t\t\t<\/div>\n\t\t<\/div>\n\t\t\t\t\t<\/div>\n\t\t<\/section>\n\t\t\t\t<section class=\"elementor-section elementor-inner-section elementor-element elementor-element-7bd42c5 elementor-section-boxed elementor-section-height-default elementor-section-height-default\" data-id=\"7bd42c5\" data-element_type=\"section\" data-e-type=\"section\">\n\t\t\t\t\t\t<div class=\"elementor-container elementor-column-gap-default\">\n\t\t\t\t\t<div class=\"elementor-column elementor-col-50 elementor-inner-column elementor-element elementor-element-50c25f4\" data-id=\"50c25f4\" data-element_type=\"column\" data-e-type=\"column\">\n\t\t\t<div class=\"elementor-widget-wrap elementor-element-populated\">\n\t\t\t\t\t\t<div class=\"elementor-element elementor-element-45ec51b elementor-widget elementor-widget-text-editor\" data-id=\"45ec51b\" data-element_type=\"widget\" data-e-type=\"widget\" data-widget_type=\"text-editor.default\">\n\t\t\t\t<div class=\"elementor-widget-container\">\n\t\t\t\t\t\t\t\t\t<p>At The Cloud Group, we have a team specializing in technology, software development, mobile applications, web design, SEO, and everything else you need for your project. Don&#039;t hesitate to contact us. <a href=\"https:\/\/thecloud.group\/en\/contact\/\">contact us<\/a> To provide you with solutions and advice for your requirements, we are trained to offer you the best service in the sector.<\/p>\t\t\t\t\t\t\t\t<\/div>\n\t\t\t\t<\/div>\n\t\t\t\t\t<\/div>\n\t\t<\/div>\n\t\t\t\t<div class=\"elementor-column elementor-col-50 elementor-inner-column elementor-element elementor-element-827e335\" data-id=\"827e335\" data-element_type=\"column\" data-e-type=\"column\">\n\t\t\t<div class=\"elementor-widget-wrap elementor-element-populated\">\n\t\t\t\t\t\t<div class=\"elementor-element elementor-element-3fa0b82 elementor-widget elementor-widget-video\" data-id=\"3fa0b82\" data-element_type=\"widget\" data-e-type=\"widget\" data-settings=\"{&quot;youtube_url&quot;:&quot;https:\\\/\\\/www.youtube.com\\\/watch?v=zY-QAgf0QJA&quot;,&quot;video_type&quot;:&quot;youtube&quot;,&quot;controls&quot;:&quot;yes&quot;}\" data-widget_type=\"video.default\">\n\t\t\t\t<div class=\"elementor-widget-container\">\n\t\t\t\t\t\t\t<div class=\"elementor-wrapper elementor-open-inline\">\n\t\t\t<div class=\"elementor-video\"><\/div>\t\t<\/div>\n\t\t\t\t\t\t<\/div>\n\t\t\t\t<\/div>\n\t\t\t\t\t<\/div>\n\t\t<\/div>\n\t\t\t\t\t<\/div>\n\t\t<\/section>\n\t\t\t\t<div class=\"elementor-element elementor-element-e44a0ed elementor-widget elementor-widget-text-editor\" data-id=\"e44a0ed\" data-element_type=\"widget\" data-e-type=\"widget\" data-widget_type=\"text-editor.default\">\n\t\t\t\t<div class=\"elementor-widget-container\">\n\t\t\t\t\t\t\t\t\t<p><a href=\"https:\/\/thecloud.group\/en\/contact\/\"><b>It&#039;s time to transform your company! sign up here<\/b><\/a><\/p>\t\t\t\t\t\t\t\t<\/div>\n\t\t\t\t<\/div>\n\t\t\t\t\t<\/div>\n\t\t<\/div>\n\t\t\t\t\t<\/div>\n\t\t<\/section>\n\t\t\t\t<\/div>","protected":false},"excerpt":{"rendered":"<p>La sostenibilidad en la publicidad hacia 2023 Una de las grandes preocupaciones actuales en todos los sectores y aspectos de la humanidad se trata del efecto antropog\u00e9nico sobre las mec\u00e1nicas ambientales del planeta, de otro modo, la acci\u00f3n del hombre en el cambio clim\u00e1tico y su aceleraci\u00f3n desmedida, lo cual no s\u00f3lo se encuentra en [&hellip;]<\/p>\n","protected":false},"author":20,"featured_media":24134,"comment_status":"closed","ping_status":"closed","sticky":false,"template":"elementor_header_footer","format":"standard","meta":{"footnotes":""},"categories":[1],"tags":[819],"class_list":["post-24128","post","type-post","status-publish","format-standard","has-post-thumbnail","hentry","category-sin-categoria","tag-publicidad-2023"],"yoast_head":"<!-- This site is optimized with the Yoast SEO plugin v27.1.1 - https:\/\/yoast.com\/product\/yoast-seo-wordpress\/ -->\n<title>La sostenibilidad en la publicidad hacia 2023 | The Cloud Group<\/title>\n<meta name=\"robots\" content=\"index, follow, max-snippet:-1, max-image-preview:large, max-video-preview:-1\" \/>\n<link rel=\"canonical\" href=\"https:\/\/thecloud.group\/en\/sustainability-in-advertising-towards-2023\/\" \/>\n<meta property=\"og:locale\" content=\"en_US\" \/>\n<meta property=\"og:type\" content=\"article\" \/>\n<meta property=\"og:title\" content=\"La sostenibilidad en la publicidad hacia 2023 | The Cloud Group\" \/>\n<meta property=\"og:description\" content=\"La sostenibilidad en la publicidad hacia 2023 Una de las grandes preocupaciones actuales en todos los sectores y aspectos de la humanidad se trata del efecto antropog\u00e9nico sobre las mec\u00e1nicas ambientales del planeta, de otro modo, la acci\u00f3n del hombre en el cambio clim\u00e1tico y su aceleraci\u00f3n desmedida, lo cual no s\u00f3lo se encuentra en [&hellip;]\" \/>\n<meta property=\"og:url\" content=\"https:\/\/thecloud.group\/en\/sustainability-in-advertising-towards-2023\/\" \/>\n<meta property=\"og:site_name\" content=\"The Cloud Group\" \/>\n<meta property=\"article:publisher\" content=\"https:\/\/www.facebook.com\/thecloudgroupglobal\" \/>\n<meta property=\"article:published_time\" content=\"2023-01-05T15:33:35+00:00\" \/>\n<meta property=\"article:modified_time\" content=\"2023-01-05T18:07:58+00:00\" \/>\n<meta property=\"og:image\" content=\"https:\/\/thecloud.group\/wp-content\/uploads\/2023\/01\/La-sostenibilidad-en-la-publicidad-hacia-2023-scaled.jpg\" \/>\n\t<meta property=\"og:image:width\" content=\"2560\" \/>\n\t<meta property=\"og:image:height\" content=\"955\" \/>\n\t<meta property=\"og:image:type\" content=\"image\/jpeg\" \/>\n<meta name=\"author\" content=\"Paula Franco\" \/>\n<meta name=\"twitter:card\" content=\"summary_large_image\" \/>\n<meta name=\"twitter:label1\" content=\"Written by\" \/>\n\t<meta name=\"twitter:data1\" content=\"Paula Franco\" \/>\n\t<meta name=\"twitter:label2\" content=\"Est. reading time\" \/>\n\t<meta name=\"twitter:data2\" content=\"3 minutes\" \/>\n<script type=\"application\/ld+json\" class=\"yoast-schema-graph\">{\"@context\":\"https:\/\/schema.org\",\"@graph\":[{\"@type\":\"Article\",\"@id\":\"https:\/\/thecloud.group\/la-sostenibilidad-en-la-publicidad-hacia-2023\/#article\",\"isPartOf\":{\"@id\":\"https:\/\/thecloud.group\/la-sostenibilidad-en-la-publicidad-hacia-2023\/\"},\"author\":{\"name\":\"Paula Franco\",\"@id\":\"https:\/\/thecloud.group\/#\/schema\/person\/9292d905a1c98ea7345e5e71a5fe341f\"},\"headline\":\"La sostenibilidad en la publicidad hacia 2023\",\"datePublished\":\"2023-01-05T15:33:35+00:00\",\"dateModified\":\"2023-01-05T18:07:58+00:00\",\"mainEntityOfPage\":{\"@id\":\"https:\/\/thecloud.group\/la-sostenibilidad-en-la-publicidad-hacia-2023\/\"},\"wordCount\":634,\"publisher\":{\"@id\":\"https:\/\/thecloud.group\/#organization\"},\"image\":{\"@id\":\"https:\/\/thecloud.group\/la-sostenibilidad-en-la-publicidad-hacia-2023\/#primaryimage\"},\"thumbnailUrl\":\"https:\/\/thecloud.group\/wp-content\/uploads\/2023\/01\/La-sostenibilidad-en-la-publicidad-hacia-2023-scaled.jpg\",\"keywords\":[\"publicidad 2023\"],\"articleSection\":[\"Sin categor\u00eda\"],\"inLanguage\":\"en-US\"},{\"@type\":\"WebPage\",\"@id\":\"https:\/\/thecloud.group\/la-sostenibilidad-en-la-publicidad-hacia-2023\/\",\"url\":\"https:\/\/thecloud.group\/la-sostenibilidad-en-la-publicidad-hacia-2023\/\",\"name\":\"La sostenibilidad en la publicidad hacia 2023 | The Cloud Group\",\"isPartOf\":{\"@id\":\"https:\/\/thecloud.group\/#website\"},\"primaryImageOfPage\":{\"@id\":\"https:\/\/thecloud.group\/la-sostenibilidad-en-la-publicidad-hacia-2023\/#primaryimage\"},\"image\":{\"@id\":\"https:\/\/thecloud.group\/la-sostenibilidad-en-la-publicidad-hacia-2023\/#primaryimage\"},\"thumbnailUrl\":\"https:\/\/thecloud.group\/wp-content\/uploads\/2023\/01\/La-sostenibilidad-en-la-publicidad-hacia-2023-scaled.jpg\",\"datePublished\":\"2023-01-05T15:33:35+00:00\",\"dateModified\":\"2023-01-05T18:07:58+00:00\",\"breadcrumb\":{\"@id\":\"https:\/\/thecloud.group\/la-sostenibilidad-en-la-publicidad-hacia-2023\/#breadcrumb\"},\"inLanguage\":\"en-US\",\"potentialAction\":[{\"@type\":\"ReadAction\",\"target\":[\"https:\/\/thecloud.group\/la-sostenibilidad-en-la-publicidad-hacia-2023\/\"]}]},{\"@type\":\"ImageObject\",\"inLanguage\":\"en-US\",\"@id\":\"https:\/\/thecloud.group\/la-sostenibilidad-en-la-publicidad-hacia-2023\/#primaryimage\",\"url\":\"https:\/\/thecloud.group\/wp-content\/uploads\/2023\/01\/La-sostenibilidad-en-la-publicidad-hacia-2023-scaled.jpg\",\"contentUrl\":\"https:\/\/thecloud.group\/wp-content\/uploads\/2023\/01\/La-sostenibilidad-en-la-publicidad-hacia-2023-scaled.jpg\",\"width\":2560,\"height\":955,\"caption\":\"publicidad 2023\"},{\"@type\":\"BreadcrumbList\",\"@id\":\"https:\/\/thecloud.group\/la-sostenibilidad-en-la-publicidad-hacia-2023\/#breadcrumb\",\"itemListElement\":[{\"@type\":\"ListItem\",\"position\":1,\"name\":\"Home\",\"item\":\"https:\/\/thecloud.group\/\"},{\"@type\":\"ListItem\",\"position\":2,\"name\":\"La sostenibilidad en la publicidad hacia 2023\"}]},{\"@type\":\"WebSite\",\"@id\":\"https:\/\/thecloud.group\/#website\",\"url\":\"https:\/\/thecloud.group\/\",\"name\":\"The Cloud Group\",\"description\":\"|\u00a0Holding Internacional de Servicios\",\"publisher\":{\"@id\":\"https:\/\/thecloud.group\/#organization\"},\"potentialAction\":[{\"@type\":\"SearchAction\",\"target\":{\"@type\":\"EntryPoint\",\"urlTemplate\":\"https:\/\/thecloud.group\/?s={search_term_string}\"},\"query-input\":{\"@type\":\"PropertyValueSpecification\",\"valueRequired\":true,\"valueName\":\"search_term_string\"}}],\"inLanguage\":\"en-US\"},{\"@type\":\"Organization\",\"@id\":\"https:\/\/thecloud.group\/#organization\",\"name\":\"The Cloud Group - Holding International de Servicios\",\"url\":\"https:\/\/thecloud.group\/\",\"logo\":{\"@type\":\"ImageObject\",\"inLanguage\":\"en-US\",\"@id\":\"https:\/\/thecloud.group\/#\/schema\/logo\/image\/\",\"url\":\"https:\/\/thecloud.group\/wp-content\/uploads\/2020\/05\/logoSmallFirmaCorreo.png\",\"contentUrl\":\"https:\/\/thecloud.group\/wp-content\/uploads\/2020\/05\/logoSmallFirmaCorreo.png\",\"width\":300,\"height\":190,\"caption\":\"The Cloud Group - Holding International de Servicios\"},\"image\":{\"@id\":\"https:\/\/thecloud.group\/#\/schema\/logo\/image\/\"},\"sameAs\":[\"https:\/\/www.facebook.com\/thecloudgroupglobal\"]},{\"@type\":\"Person\",\"@id\":\"https:\/\/thecloud.group\/#\/schema\/person\/9292d905a1c98ea7345e5e71a5fe341f\",\"name\":\"Paula Franco\",\"image\":{\"@type\":\"ImageObject\",\"inLanguage\":\"en-US\",\"@id\":\"https:\/\/thecloud.group\/#\/schema\/person\/image\/\",\"url\":\"https:\/\/secure.gravatar.com\/avatar\/8622dc6801e07daa51e09fd706fb55b2bdf9cada1ade4ab996fb3b4549e9214c?s=96&d=mm&r=g\",\"contentUrl\":\"https:\/\/secure.gravatar.com\/avatar\/8622dc6801e07daa51e09fd706fb55b2bdf9cada1ade4ab996fb3b4549e9214c?s=96&d=mm&r=g\",\"caption\":\"Paula Franco\"}}]}<\/script>\n<!-- \/ Yoast SEO plugin. -->","yoast_head_json":{"title":"Sustainability in advertising towards 2023 | The Cloud Group","robots":{"index":"index","follow":"follow","max-snippet":"max-snippet:-1","max-image-preview":"max-image-preview:large","max-video-preview":"max-video-preview:-1"},"canonical":"https:\/\/thecloud.group\/en\/sustainability-in-advertising-towards-2023\/","og_locale":"en_US","og_type":"article","og_title":"La sostenibilidad en la publicidad hacia 2023 | The Cloud Group","og_description":"La sostenibilidad en la publicidad hacia 2023 Una de las grandes preocupaciones actuales en todos los sectores y aspectos de la humanidad se trata del efecto antropog\u00e9nico sobre las mec\u00e1nicas ambientales del planeta, de otro modo, la acci\u00f3n del hombre en el cambio clim\u00e1tico y su aceleraci\u00f3n desmedida, lo cual no s\u00f3lo se encuentra en [&hellip;]","og_url":"https:\/\/thecloud.group\/en\/sustainability-in-advertising-towards-2023\/","og_site_name":"The Cloud Group","article_publisher":"https:\/\/www.facebook.com\/thecloudgroupglobal","article_published_time":"2023-01-05T15:33:35+00:00","article_modified_time":"2023-01-05T18:07:58+00:00","og_image":[{"width":2560,"height":955,"url":"https:\/\/thecloud.group\/wp-content\/uploads\/2023\/01\/La-sostenibilidad-en-la-publicidad-hacia-2023-scaled.jpg","type":"image\/jpeg"}],"author":"Paula Franco","twitter_card":"summary_large_image","twitter_misc":{"Written by":"Paula Franco","Est. reading time":"3 minutes"},"schema":{"@context":"https:\/\/schema.org","@graph":[{"@type":"Article","@id":"https:\/\/thecloud.group\/la-sostenibilidad-en-la-publicidad-hacia-2023\/#article","isPartOf":{"@id":"https:\/\/thecloud.group\/la-sostenibilidad-en-la-publicidad-hacia-2023\/"},"author":{"name":"Paula Franco","@id":"https:\/\/thecloud.group\/#\/schema\/person\/9292d905a1c98ea7345e5e71a5fe341f"},"headline":"La sostenibilidad en la publicidad hacia 2023","datePublished":"2023-01-05T15:33:35+00:00","dateModified":"2023-01-05T18:07:58+00:00","mainEntityOfPage":{"@id":"https:\/\/thecloud.group\/la-sostenibilidad-en-la-publicidad-hacia-2023\/"},"wordCount":634,"publisher":{"@id":"https:\/\/thecloud.group\/#organization"},"image":{"@id":"https:\/\/thecloud.group\/la-sostenibilidad-en-la-publicidad-hacia-2023\/#primaryimage"},"thumbnailUrl":"https:\/\/thecloud.group\/wp-content\/uploads\/2023\/01\/La-sostenibilidad-en-la-publicidad-hacia-2023-scaled.jpg","keywords":["publicidad 2023"],"articleSection":["Sin categor\u00eda"],"inLanguage":"en-US"},{"@type":"WebPage","@id":"https:\/\/thecloud.group\/la-sostenibilidad-en-la-publicidad-hacia-2023\/","url":"https:\/\/thecloud.group\/la-sostenibilidad-en-la-publicidad-hacia-2023\/","name":"Sustainability in advertising towards 2023 | The Cloud Group","isPartOf":{"@id":"https:\/\/thecloud.group\/#website"},"primaryImageOfPage":{"@id":"https:\/\/thecloud.group\/la-sostenibilidad-en-la-publicidad-hacia-2023\/#primaryimage"},"image":{"@id":"https:\/\/thecloud.group\/la-sostenibilidad-en-la-publicidad-hacia-2023\/#primaryimage"},"thumbnailUrl":"https:\/\/thecloud.group\/wp-content\/uploads\/2023\/01\/La-sostenibilidad-en-la-publicidad-hacia-2023-scaled.jpg","datePublished":"2023-01-05T15:33:35+00:00","dateModified":"2023-01-05T18:07:58+00:00","breadcrumb":{"@id":"https:\/\/thecloud.group\/la-sostenibilidad-en-la-publicidad-hacia-2023\/#breadcrumb"},"inLanguage":"en-US","potentialAction":[{"@type":"ReadAction","target":["https:\/\/thecloud.group\/la-sostenibilidad-en-la-publicidad-hacia-2023\/"]}]},{"@type":"ImageObject","inLanguage":"en-US","@id":"https:\/\/thecloud.group\/la-sostenibilidad-en-la-publicidad-hacia-2023\/#primaryimage","url":"https:\/\/thecloud.group\/wp-content\/uploads\/2023\/01\/La-sostenibilidad-en-la-publicidad-hacia-2023-scaled.jpg","contentUrl":"https:\/\/thecloud.group\/wp-content\/uploads\/2023\/01\/La-sostenibilidad-en-la-publicidad-hacia-2023-scaled.jpg","width":2560,"height":955,"caption":"publicidad 2023"},{"@type":"BreadcrumbList","@id":"https:\/\/thecloud.group\/la-sostenibilidad-en-la-publicidad-hacia-2023\/#breadcrumb","itemListElement":[{"@type":"ListItem","position":1,"name":"Home","item":"https:\/\/thecloud.group\/"},{"@type":"ListItem","position":2,"name":"La sostenibilidad en la publicidad hacia 2023"}]},{"@type":"WebSite","@id":"https:\/\/thecloud.group\/#website","url":"https:\/\/thecloud.group\/","name":"The Cloud Group","description":"| International Services Holding","publisher":{"@id":"https:\/\/thecloud.group\/#organization"},"potentialAction":[{"@type":"SearchAction","target":{"@type":"EntryPoint","urlTemplate":"https:\/\/thecloud.group\/?s={search_term_string}"},"query-input":{"@type":"PropertyValueSpecification","valueRequired":true,"valueName":"search_term_string"}}],"inLanguage":"en-US"},{"@type":"Organization","@id":"https:\/\/thecloud.group\/#organization","name":"The Cloud Group - International Services Holding","url":"https:\/\/thecloud.group\/","logo":{"@type":"ImageObject","inLanguage":"en-US","@id":"https:\/\/thecloud.group\/#\/schema\/logo\/image\/","url":"https:\/\/thecloud.group\/wp-content\/uploads\/2020\/05\/logoSmallFirmaCorreo.png","contentUrl":"https:\/\/thecloud.group\/wp-content\/uploads\/2020\/05\/logoSmallFirmaCorreo.png","width":300,"height":190,"caption":"The Cloud Group - Holding International de Servicios"},"image":{"@id":"https:\/\/thecloud.group\/#\/schema\/logo\/image\/"},"sameAs":["https:\/\/www.facebook.com\/thecloudgroupglobal"]},{"@type":"Person","@id":"https:\/\/thecloud.group\/#\/schema\/person\/9292d905a1c98ea7345e5e71a5fe341f","name":"Paula Franco","image":{"@type":"ImageObject","inLanguage":"en-US","@id":"https:\/\/thecloud.group\/#\/schema\/person\/image\/","url":"https:\/\/secure.gravatar.com\/avatar\/8622dc6801e07daa51e09fd706fb55b2bdf9cada1ade4ab996fb3b4549e9214c?s=96&d=mm&r=g","contentUrl":"https:\/\/secure.gravatar.com\/avatar\/8622dc6801e07daa51e09fd706fb55b2bdf9cada1ade4ab996fb3b4549e9214c?s=96&d=mm&r=g","caption":"Paula Franco"}}]}},"_links":{"self":[{"href":"https:\/\/thecloud.group\/en\/wp-json\/wp\/v2\/posts\/24128","targetHints":{"allow":["GET"]}}],"collection":[{"href":"https:\/\/thecloud.group\/en\/wp-json\/wp\/v2\/posts"}],"about":[{"href":"https:\/\/thecloud.group\/en\/wp-json\/wp\/v2\/types\/post"}],"author":[{"embeddable":true,"href":"https:\/\/thecloud.group\/en\/wp-json\/wp\/v2\/users\/20"}],"replies":[{"embeddable":true,"href":"https:\/\/thecloud.group\/en\/wp-json\/wp\/v2\/comments?post=24128"}],"version-history":[{"count":30,"href":"https:\/\/thecloud.group\/en\/wp-json\/wp\/v2\/posts\/24128\/revisions"}],"predecessor-version":[{"id":24161,"href":"https:\/\/thecloud.group\/en\/wp-json\/wp\/v2\/posts\/24128\/revisions\/24161"}],"wp:featuredmedia":[{"embeddable":true,"href":"https:\/\/thecloud.group\/en\/wp-json\/wp\/v2\/media\/24134"}],"wp:attachment":[{"href":"https:\/\/thecloud.group\/en\/wp-json\/wp\/v2\/media?parent=24128"}],"wp:term":[{"taxonomy":"category","embeddable":true,"href":"https:\/\/thecloud.group\/en\/wp-json\/wp\/v2\/categories?post=24128"},{"taxonomy":"post_tag","embeddable":true,"href":"https:\/\/thecloud.group\/en\/wp-json\/wp\/v2\/tags?post=24128"}],"curies":[{"name":"wp","href":"https:\/\/api.w.org\/{rel}","templated":true}]}}