{"id":9523,"date":"2020-07-14T16:10:54","date_gmt":"2020-07-14T16:10:54","guid":{"rendered":"https:\/\/thecloud.group\/?p=9523"},"modified":"2020-12-10T15:01:47","modified_gmt":"2020-12-10T15:01:47","slug":"gestion-de-redes-sociales-en-madrid","status":"publish","type":"post","link":"https:\/\/thecloud.group\/de\/gestion-de-redes-sociales-en-madrid\/","title":{"rendered":"\u00bfTu empresa no tiene redes sociales? PUES DEBER\u00cdA!"},"content":{"rendered":"<div data-elementor-type=\"wp-post\" data-elementor-id=\"9523\" class=\"elementor elementor-9523\" data-elementor-post-type=\"post\">\n\t\t\t\t\t\t<section class=\"elementor-section elementor-top-section elementor-element elementor-element-7bc54993 elementor-section-stretched elementor-section-boxed elementor-section-height-default elementor-section-height-default\" data-id=\"7bc54993\" data-element_type=\"section\" data-e-type=\"section\" data-settings=\"{&quot;stretch_section&quot;:&quot;section-stretched&quot;,&quot;background_background&quot;:&quot;classic&quot;}\">\n\t\t\t\t\t\t\t<div class=\"elementor-background-overlay\"><\/div>\n\t\t\t\t\t\t\t<div class=\"elementor-container elementor-column-gap-default\">\n\t\t\t\t\t<div class=\"elementor-column elementor-col-100 elementor-top-column elementor-element elementor-element-60b66625\" data-id=\"60b66625\" data-element_type=\"column\" data-e-type=\"column\" data-settings=\"{&quot;background_background&quot;:&quot;classic&quot;}\">\n\t\t\t<div class=\"elementor-widget-wrap elementor-element-populated\">\n\t\t\t\t\t\t<div class=\"elementor-element elementor-element-433d3b43 elementor-widget elementor-widget-image\" data-id=\"433d3b43\" data-element_type=\"widget\" data-e-type=\"widget\" data-widget_type=\"image.default\">\n\t\t\t\t<div class=\"elementor-widget-container\">\n\t\t\t\t\t\t\t\t\t\t\t\t\t\t\t<img decoding=\"async\" src=\"https:\/\/thecloud.group\/wp-content\/uploads\/elementor\/thumbs\/LogoHor-osf66wqrs0q6z5scsi4c0cpaz4hmv3cdo16ybda1og.png\" title=\"Imagen Logo The Cloud Group\" alt=\"Die Cloud Group ist eine Unternehmensholding mit Fokus auf die globale digitale Transformation.\" loading=\"lazy\" \/>\t\t\t\t\t\t\t\t\t\t\t\t\t\t\t<\/div>\n\t\t\t\t<\/div>\n\t\t\t\t<section class=\"elementor-section elementor-inner-section elementor-element elementor-element-298f2a55 elementor-section-boxed elementor-section-height-default elementor-section-height-default\" data-id=\"298f2a55\" data-element_type=\"section\" data-e-type=\"section\">\n\t\t\t\t\t\t<div class=\"elementor-container elementor-column-gap-default\">\n\t\t\t\t\t<div class=\"elementor-column elementor-col-33 elementor-inner-column elementor-element elementor-element-b558877\" data-id=\"b558877\" data-element_type=\"column\" data-e-type=\"column\">\n\t\t\t<div class=\"elementor-widget-wrap\">\n\t\t\t\t\t\t\t<\/div>\n\t\t<\/div>\n\t\t\t\t<div class=\"elementor-column elementor-col-33 elementor-inner-column elementor-element elementor-element-13f24357\" data-id=\"13f24357\" data-element_type=\"column\" data-e-type=\"column\">\n\t\t\t<div class=\"elementor-widget-wrap elementor-element-populated\">\n\t\t\t\t\t\t<div class=\"elementor-element elementor-element-56ed3f3 elementor-widget elementor-widget-heading\" data-id=\"56ed3f3\" data-element_type=\"widget\" data-e-type=\"widget\" data-widget_type=\"heading.default\">\n\t\t\t\t<div class=\"elementor-widget-container\">\n\t\t\t\t\t<h1 class=\"elementor-heading-title elementor-size-default\">\u00bfTu empresa no tiene redes sociales? PUES DEBER\u00cdA!<\/h1>\t\t\t\t<\/div>\n\t\t\t\t<\/div>\n\t\t\t\t\t<\/div>\n\t\t<\/div>\n\t\t\t\t<div class=\"elementor-column elementor-col-33 elementor-inner-column elementor-element elementor-element-28905f44\" data-id=\"28905f44\" data-element_type=\"column\" data-e-type=\"column\">\n\t\t\t<div class=\"elementor-widget-wrap\">\n\t\t\t\t\t\t\t<\/div>\n\t\t<\/div>\n\t\t\t\t\t<\/div>\n\t\t<\/section>\n\t\t\t\t<section class=\"elementor-section elementor-inner-section elementor-element elementor-element-1fc78478 elementor-section-boxed elementor-section-height-default elementor-section-height-default\" data-id=\"1fc78478\" data-element_type=\"section\" data-e-type=\"section\">\n\t\t\t\t\t\t<div class=\"elementor-container elementor-column-gap-default\">\n\t\t\t\t\t<div class=\"elementor-column elementor-col-25 elementor-inner-column elementor-element elementor-element-69c01eb1\" data-id=\"69c01eb1\" data-element_type=\"column\" data-e-type=\"column\">\n\t\t\t<div class=\"elementor-widget-wrap\">\n\t\t\t\t\t\t\t<\/div>\n\t\t<\/div>\n\t\t\t\t<div class=\"elementor-column elementor-col-25 elementor-inner-column elementor-element elementor-element-61dbee8c\" data-id=\"61dbee8c\" data-element_type=\"column\" data-e-type=\"column\">\n\t\t\t<div class=\"elementor-widget-wrap\">\n\t\t\t\t\t\t\t<\/div>\n\t\t<\/div>\n\t\t\t\t<div class=\"elementor-column elementor-col-25 elementor-inner-column elementor-element elementor-element-7b028e2\" data-id=\"7b028e2\" data-element_type=\"column\" data-e-type=\"column\">\n\t\t\t<div class=\"elementor-widget-wrap\">\n\t\t\t\t\t\t\t<\/div>\n\t\t<\/div>\n\t\t\t\t<div class=\"elementor-column elementor-col-25 elementor-inner-column elementor-element elementor-element-482f2000\" data-id=\"482f2000\" data-element_type=\"column\" data-e-type=\"column\">\n\t\t\t<div class=\"elementor-widget-wrap\">\n\t\t\t\t\t\t\t<\/div>\n\t\t<\/div>\n\t\t\t\t\t<\/div>\n\t\t<\/section>\n\t\t\t\t\t<\/div>\n\t\t<\/div>\n\t\t\t\t\t<\/div>\n\t\t<\/section>\n\t\t\t\t<section class=\"elementor-section elementor-top-section elementor-element elementor-element-12468da1 elementor-section-boxed elementor-section-height-default elementor-section-height-default\" data-id=\"12468da1\" data-element_type=\"section\" data-e-type=\"section\">\n\t\t\t\t\t\t<div class=\"elementor-container elementor-column-gap-default\">\n\t\t\t\t\t<div class=\"elementor-column elementor-col-100 elementor-top-column elementor-element elementor-element-266bf82c\" data-id=\"266bf82c\" data-element_type=\"column\" data-e-type=\"column\">\n\t\t\t<div class=\"elementor-widget-wrap elementor-element-populated\">\n\t\t\t\t\t\t<div class=\"elementor-element elementor-element-7c6a9353 elementor-widget elementor-widget-text-editor\" data-id=\"7c6a9353\" data-element_type=\"widget\" data-e-type=\"widget\" data-widget_type=\"text-editor.default\">\n\t\t\t\t<div class=\"elementor-widget-container\">\n\t\t\t\t\t\t\t\t\t<div class=\"elementor-element elementor-element-6e60d0f elementor-widget elementor-widget-text-editor\" data-id=\"6e60d0f\" data-element_type=\"widget\" data-widget_type=\"text-editor.default\"><div class=\"elementor-widget-container\"><div class=\"elementor-text-editor elementor-clearfix\"><p>No importa si tu empresa es un negocio peque\u00f1o o una gran corporaci\u00f3n, hoy en d\u00eda si no est\u00e1s en internet &#8211; y en las redes sociales &#8211; \u00a1no existes! Adem\u00e1s de que est\u00e1s desaprovechando la posibilidad de que te encuentren millones de potenciales clientes mientras \u00e9stos se est\u00e1n divirtiendo en las redes sociales m\u00e1s usadas. Hoy en d\u00eda el social media es una pieza esencial en cualquier estrategia de marketing del mundo, incluso en el aspecto empresarial. Puedes conectar con tus clientes actuales, interactuar, exponer tu marca y como consecuencia tus ventas incrementar\u00e1n.<\/p><\/div><\/div><\/div>\t\t\t\t\t\t\t\t<\/div>\n\t\t\t\t<\/div>\n\t\t\t\t<section class=\"elementor-section elementor-inner-section elementor-element elementor-element-3ec2896b elementor-section-boxed elementor-section-height-default elementor-section-height-default\" data-id=\"3ec2896b\" data-element_type=\"section\" data-e-type=\"section\">\n\t\t\t\t\t\t<div class=\"elementor-container elementor-column-gap-default\">\n\t\t\t\t\t<div class=\"elementor-column elementor-col-50 elementor-inner-column elementor-element elementor-element-3ecbf016\" data-id=\"3ecbf016\" data-element_type=\"column\" data-e-type=\"column\">\n\t\t\t<div class=\"elementor-widget-wrap elementor-element-populated\">\n\t\t\t\t\t\t<div class=\"elementor-element elementor-element-2a93ecbd elementor-widget elementor-widget-heading\" data-id=\"2a93ecbd\" data-element_type=\"widget\" data-e-type=\"widget\" data-widget_type=\"heading.default\">\n\t\t\t\t<div class=\"elementor-widget-container\">\n\t\t\t\t\t<h2 class=\"elementor-heading-title elementor-size-default\">Razones para utilizar las redes sociales como empresa<\/h2>\t\t\t\t<\/div>\n\t\t\t\t<\/div>\n\t\t\t\t<div class=\"elementor-element elementor-element-3fcc5512 elementor-widget elementor-widget-text-editor\" data-id=\"3fcc5512\" data-element_type=\"widget\" data-e-type=\"widget\" data-widget_type=\"text-editor.default\">\n\t\t\t\t<div class=\"elementor-widget-container\">\n\t\t\t\t\t\t\t\t\t<p><strong>1. Humaniza tu marca<\/strong><\/p><p>En las redes sociales las marcas son como un usuario m\u00e1s, otra persona, alguien a quien se le puede escribir directamente, hacer preguntas e interactuar. Esta posibilidad le da humanidad a tu marca, le quita esa m\u00e1scara de \u201cempresa\u201d y la vuelve m\u00e1s cercana a los usuarios.<\/p><p><strong>2. Incrementa las ventas<\/strong><\/p><p>Como lo expusimos brevemente al inicio de este art\u00edculo, un gran beneficio de las redes sociales bien utilizadas para tu empresa es que puedes incrementar las ventas. Al obtener mayor exposici\u00f3n, podr\u00e1s mostrar tus productos y servicios a much\u00edsimas personas m\u00e1s en todas partes del mundo con tan solo pocos clics.<\/p>\t\t\t\t\t\t\t\t<\/div>\n\t\t\t\t<\/div>\n\t\t\t\t\t<\/div>\n\t\t<\/div>\n\t\t\t\t<div class=\"elementor-column elementor-col-50 elementor-inner-column elementor-element elementor-element-561a689e\" data-id=\"561a689e\" data-element_type=\"column\" data-e-type=\"column\">\n\t\t\t<div class=\"elementor-widget-wrap elementor-element-populated\">\n\t\t\t\t\t\t<div class=\"elementor-element elementor-element-68d67fab elementor-widget elementor-widget-image\" data-id=\"68d67fab\" data-element_type=\"widget\" data-e-type=\"widget\" data-widget_type=\"image.default\">\n\t\t\t\t<div class=\"elementor-widget-container\">\n\t\t\t\t\t\t\t\t\t\t\t\t\t\t\t<img fetchpriority=\"high\" decoding=\"async\" width=\"499\" height=\"391\" src=\"https:\/\/thecloud.group\/wp-content\/uploads\/2020\/07\/SocialMedia1.jpg\" class=\"elementor-animation-hang attachment-large size-large wp-image-9529\" alt=\"En las redes sociales las marcas son como un usuario m\u00e1s, otra persona, alguien a quien se le puede escribir directamente, hacer preguntas e interactuar. Esta posibilidad le da humanidad a tu marca, le quita esa m\u00e1scara de \u201cempresa\u201d y la vuelve m\u00e1s cercana a los usuarios.\" srcset=\"https:\/\/thecloud.group\/wp-content\/uploads\/2020\/07\/SocialMedia1.jpg 499w, https:\/\/thecloud.group\/wp-content\/uploads\/2020\/07\/SocialMedia1-300x235.jpg 300w, https:\/\/thecloud.group\/wp-content\/uploads\/2020\/07\/SocialMedia1-200x157.jpg 200w, https:\/\/thecloud.group\/wp-content\/uploads\/2020\/07\/SocialMedia1-400x313.jpg 400w\" sizes=\"(max-width: 499px) 100vw, 499px\" \/>\t\t\t\t\t\t\t\t\t\t\t\t\t\t\t<\/div>\n\t\t\t\t<\/div>\n\t\t\t\t\t<\/div>\n\t\t<\/div>\n\t\t\t\t\t<\/div>\n\t\t<\/section>\n\t\t\t\t<div class=\"elementor-element elementor-element-528acf0e elementor-widget elementor-widget-text-editor\" data-id=\"528acf0e\" data-element_type=\"widget\" data-e-type=\"widget\" data-widget_type=\"text-editor.default\">\n\t\t\t\t<div class=\"elementor-widget-container\">\n\t\t\t\t\t\t\t\t\t<p><strong>3. Encuentra nuevas audiencias<\/strong><\/p><p>Cuando publicas en las redes sociales, tienes el beneficio y la potencialidad de que el contenido sea compartido por otras personas. Esto ayudar\u00e1 a darte a conocer, tambi\u00e9n propiciar\u00e1 un incremento en las ventas y podr\u00e1s crear y mantener nuevas conexiones.<\/p><p><strong>4. Abre un nuevo canal de comunicaci\u00f3n<\/strong><\/p><p>Si ya ofrec\u00edas soporte y apoyo a trav\u00e9s de correo electr\u00f3nico, tel\u00e9fono, incluso FAX, las redes sociales te permiten tener un canal m\u00e1s para atender preguntas, reclamos e incluso conocer nuevos proveedores o clientes.<\/p><p><strong>5. Obt\u00e9n estad\u00edsticas reales<\/strong><\/p><p>Las redes sociales tambi\u00e9n te van a permitir medir todo lo que haces, su impacto y su relaci\u00f3n con las ventas. Algunas incluso ofrecen este servicio en tiempo real y as\u00ed puedes hacer ajustes en tus publicaciones y \/ o campa\u00f1as publicitarias, tener informaci\u00f3n sobre qu\u00e9 gusta m\u00e1s y qu\u00e9 gusta menos, y c\u00f3mo est\u00e1 conformada tu audiencia.<\/p><p><strong>6. Publicidad<\/strong><\/p><p>El social media es otro canal para realizar publicidad mediante anuncios de todo tipo que pueden llegar a ser incre\u00edblemente efectivos. Adem\u00e1s, es much\u00edsimo menos costoso (\u00a1much\u00edsimo!) que un anuncio para la televisi\u00f3n o para colocar en la autopista.<\/p><p><strong>7. Medir el retorno de inversi\u00f3n<\/strong><\/p><p>Adicionalmente, las redes sociales te permitir\u00e1n medir tu retorno de inversi\u00f3n (ROI) y conocer si las cosas que est\u00e1s realizando est\u00e1n siendo efectivas o no y, en dado caso, hacer los ajustes pertinentes.<\/p>\t\t\t\t\t\t\t\t<\/div>\n\t\t\t\t<\/div>\n\t\t\t\t<section class=\"elementor-section elementor-inner-section elementor-element elementor-element-125f6dd2 elementor-section-boxed elementor-section-height-default elementor-section-height-default\" data-id=\"125f6dd2\" data-element_type=\"section\" data-e-type=\"section\">\n\t\t\t\t\t\t<div class=\"elementor-container elementor-column-gap-default\">\n\t\t\t\t\t<div class=\"elementor-column elementor-col-50 elementor-inner-column elementor-element elementor-element-1866f527\" data-id=\"1866f527\" data-element_type=\"column\" data-e-type=\"column\">\n\t\t\t<div class=\"elementor-widget-wrap elementor-element-populated\">\n\t\t\t\t\t\t<div class=\"elementor-element elementor-element-df8fe6c elementor-widget elementor-widget-image\" data-id=\"df8fe6c\" data-element_type=\"widget\" data-e-type=\"widget\" data-widget_type=\"image.default\">\n\t\t\t\t<div class=\"elementor-widget-container\">\n\t\t\t\t\t\t\t\t\t\t\t\t\t\t\t<img decoding=\"async\" width=\"330\" height=\"591\" src=\"https:\/\/thecloud.group\/wp-content\/uploads\/2020\/07\/socialMedia2.jpg\" class=\"elementor-animation-hang attachment-large size-large wp-image-9528\" alt=\"No importa si tu empresa es un negocio peque\u00f1o o una gran corporaci\u00f3n, hoy en d\u00eda si no est\u00e1s en internet - y en las redes sociales - \u00a1no existes! Adem\u00e1s de que est\u00e1s desaprovechando la posibilidad de que te encuentren millones de potenciales clientes mientras \u00e9stos se est\u00e1n divirtiendo en las redes sociales m\u00e1s usadas. Hoy en d\u00eda el social media es una pieza esencial en cualquier estrategia de marketing del mundo, incluso en el aspecto empresarial. Puedes conectar con tus clientes actuales, interactuar, exponer tu marca y como consecuencia tus ventas incrementar\u00e1n.\" srcset=\"https:\/\/thecloud.group\/wp-content\/uploads\/2020\/07\/socialMedia2.jpg 330w, https:\/\/thecloud.group\/wp-content\/uploads\/2020\/07\/socialMedia2-168x300.jpg 168w, https:\/\/thecloud.group\/wp-content\/uploads\/2020\/07\/socialMedia2-200x358.jpg 200w\" sizes=\"(max-width: 330px) 100vw, 330px\" \/>\t\t\t\t\t\t\t\t\t\t\t\t\t\t\t<\/div>\n\t\t\t\t<\/div>\n\t\t\t\t\t<\/div>\n\t\t<\/div>\n\t\t\t\t<div class=\"elementor-column elementor-col-50 elementor-inner-column elementor-element elementor-element-65247b16\" data-id=\"65247b16\" data-element_type=\"column\" data-e-type=\"column\">\n\t\t\t<div class=\"elementor-widget-wrap elementor-element-populated\">\n\t\t\t\t\t\t<div class=\"elementor-element elementor-element-5c9ac257 elementor-widget elementor-widget-text-editor\" data-id=\"5c9ac257\" data-element_type=\"widget\" data-e-type=\"widget\" data-widget_type=\"text-editor.default\">\n\t\t\t\t<div class=\"elementor-widget-container\">\n\t\t\t\t\t\t\t\t\t<p>Adem\u00e1s de las razones ya expuestas m\u00e1s arriba por las que tu empresa deber\u00eda estar en las redes sociales, queremos compartir contigo 17 m\u00e1s.<\/p><ol><li>Refuerza tu marca.<\/li><li>Obt\u00e9n una mayor conciencia de tu organizaci\u00f3n.<\/li><li>Son unas plataformas comerciales alternativas.<\/li><li>Costos relativamente bajos.<\/li><li>Puedes segmentar tu target.<\/li><li>Incrementa los canales de comunicaci\u00f3n con tus clientes.<\/li><li>F\u00e1cil atenci\u00f3n al cliente.<\/li><li>Fortalece el v\u00ednculo con tus clientes.<\/li><li>Las promociones y ofertas se pueden difundir masivamente si el contenido se vuelve viral.<\/li><li>Puedes monitorear las conversaciones sobre tu organizaci\u00f3n.<\/li><li>Identifica nuevas oportunidades de negocio.<\/li><li>Conoce problemas, de existir, sobre tus productos y \/ o servicios.<\/li><li>Puedes realizar un test antes del lanzamiento de un producto.<\/li><li>Es un canal para seleccionar personal.<\/li><li>Puedes hacerle seguimiento a tu competencia.<\/li><li>Te permite atraer tr\u00e1fico a tu sitio web.<\/li><li>Ayuda a mejorar el posicionamiento en internet.<\/li><\/ol>\t\t\t\t\t\t\t\t<\/div>\n\t\t\t\t<\/div>\n\t\t\t\t\t<\/div>\n\t\t<\/div>\n\t\t\t\t\t<\/div>\n\t\t<\/section>\n\t\t\t\t<div class=\"elementor-element elementor-element-b175f3a elementor-widget elementor-widget-text-editor\" data-id=\"b175f3a\" data-element_type=\"widget\" data-e-type=\"widget\" data-widget_type=\"text-editor.default\">\n\t\t\t\t<div class=\"elementor-widget-container\">\n\t\t\t\t\t\t\t\t\t<p>The Cloud Group hace de todo lo que tu negocio necesite para estar a la vanguardia hoy en d\u00eda en cuanto a tecnolog\u00eda y marketing se refiere. Las redes sociales no son la excepci\u00f3n y estamos a tu completa disposici\u00f3n si crees que es momento de que tu marca aparezca y exista en las redes sociales.<\/p><p>Esperamos haberte convencido de lo importante que es hoy en d\u00eda que tu negocio tenga presencia en las redes sociales, y si te ha gustado este art\u00edculo, \u00a1comp\u00e1rtelo y comenta!<\/p>\t\t\t\t\t\t\t\t<\/div>\n\t\t\t\t<\/div>\n\t\t\t\t\t<\/div>\n\t\t<\/div>\n\t\t\t\t\t<\/div>\n\t\t<\/section>\n\t\t\t\t<\/div>","protected":false},"excerpt":{"rendered":"<p>No importa si tu empresa es un negocio peque\u00f1o o una gran corporaci\u00f3n, hoy en d\u00eda si no est\u00e1s en internet &#8211; y en las redes sociales &#8211; \u00a1no existes! Adem\u00e1s de que est\u00e1s desaprovechando la posibilidad de que te encuentren millones de potenciales clientes mientras \u00e9stos se est\u00e1n divirtiendo en las redes sociales m\u00e1s usadas. Hoy en d\u00eda el social media es una pieza esencial en cualquier estrategia de marketing del mundo, incluso en el aspecto empresarial. Puedes conectar con tus clientes actuales, interactuar, exponer tu marca y como consecuencia tus ventas incrementar\u00e1n.<\/p>","protected":false},"author":1,"featured_media":9530,"comment_status":"closed","ping_status":"closed","sticky":false,"template":"elementor_header_footer","format":"standard","meta":{"footnotes":""},"categories":[162],"tags":[],"class_list":["post-9523","post","type-post","status-publish","format-standard","has-post-thumbnail","hentry","category-sin-categorizar"],"yoast_head":"<!-- This site is optimized with the Yoast SEO Premium plugin v27.4 (Yoast SEO v27.5) - https:\/\/yoast.com\/product\/yoast-seo-premium-wordpress\/ -->\n<title>\u00bfTu empresa no tiene redes sociales? PUES DEBER\u00cdA! | The Cloud Group<\/title>\n<meta name=\"description\" content=\"En el siguiente post pondremos a t\u00fa consideraci\u00f3n cinco tendencias del SEO para este 2020 que no podr\u00e1s pasar por alto para aparecer en las primeras p\u00e1ginas\" \/>\n<meta name=\"robots\" content=\"index, follow, max-snippet:-1, max-image-preview:large, max-video-preview:-1\" \/>\n<link rel=\"canonical\" href=\"https:\/\/thecloud.group\/de\/gestion-de-redes-sociales-en-madrid\/\" \/>\n<meta property=\"og:locale\" content=\"de_DE\" \/>\n<meta property=\"og:type\" content=\"article\" \/>\n<meta property=\"og:title\" content=\"\u00bfTu empresa no tiene redes sociales? PUES DEBER\u00cdA!\" \/>\n<meta property=\"og:description\" content=\"En el siguiente post pondremos a t\u00fa consideraci\u00f3n cinco tendencias del SEO para este 2020 que no podr\u00e1s pasar por alto para aparecer en las primeras p\u00e1ginas\" \/>\n<meta property=\"og:url\" content=\"https:\/\/thecloud.group\/de\/gestion-de-redes-sociales-en-madrid\/\" \/>\n<meta property=\"og:site_name\" content=\"The Cloud Group\" \/>\n<meta property=\"article:publisher\" content=\"https:\/\/www.facebook.com\/thecloudgroupglobal\" \/>\n<meta property=\"article:published_time\" content=\"2020-07-14T16:10:54+00:00\" \/>\n<meta property=\"article:modified_time\" content=\"2020-12-10T15:01:47+00:00\" \/>\n<meta property=\"og:image\" content=\"https:\/\/thecloud.group\/wp-content\/uploads\/2020\/07\/socialMedia0.jpg\" \/>\n\t<meta property=\"og:image:width\" content=\"950\" \/>\n\t<meta property=\"og:image:height\" content=\"633\" \/>\n\t<meta property=\"og:image:type\" content=\"image\/jpeg\" \/>\n<meta name=\"author\" content=\"admin\" \/>\n<meta name=\"twitter:card\" content=\"summary_large_image\" \/>\n<meta name=\"twitter:label1\" content=\"Verfasst von\" \/>\n\t<meta name=\"twitter:data1\" content=\"admin\" \/>\n\t<meta name=\"twitter:label2\" content=\"Gesch\u00e4tzte Lesezeit\" \/>\n\t<meta name=\"twitter:data2\" content=\"4\u00a0Minuten\" \/>\n<script type=\"application\/ld+json\" class=\"yoast-schema-graph\">{\"@context\":\"https:\\\/\\\/schema.org\",\"@graph\":[{\"@type\":\"Article\",\"@id\":\"https:\\\/\\\/thecloud.group\\\/gestion-de-redes-sociales-en-madrid\\\/#article\",\"isPartOf\":{\"@id\":\"https:\\\/\\\/thecloud.group\\\/gestion-de-redes-sociales-en-madrid\\\/\"},\"author\":{\"name\":\"admin\",\"@id\":\"https:\\\/\\\/thecloud.group\\\/#\\\/schema\\\/person\\\/96af9c910256c8762bee808ba76fc3b3\"},\"headline\":\"\u00bfTu empresa no tiene redes sociales? PUES DEBER\u00cdA!\",\"datePublished\":\"2020-07-14T16:10:54+00:00\",\"dateModified\":\"2020-12-10T15:01:47+00:00\",\"mainEntityOfPage\":{\"@id\":\"https:\\\/\\\/thecloud.group\\\/gestion-de-redes-sociales-en-madrid\\\/\"},\"wordCount\":731,\"publisher\":{\"@id\":\"https:\\\/\\\/thecloud.group\\\/#organization\"},\"image\":{\"@id\":\"https:\\\/\\\/thecloud.group\\\/gestion-de-redes-sociales-en-madrid\\\/#primaryimage\"},\"thumbnailUrl\":\"https:\\\/\\\/thecloud.group\\\/wp-content\\\/uploads\\\/2020\\\/07\\\/socialMedia0.jpg\",\"articleSection\":[\"Sin categorizar\"],\"inLanguage\":\"de\"},{\"@type\":\"WebPage\",\"@id\":\"https:\\\/\\\/thecloud.group\\\/gestion-de-redes-sociales-en-madrid\\\/\",\"url\":\"https:\\\/\\\/thecloud.group\\\/gestion-de-redes-sociales-en-madrid\\\/\",\"name\":\"\u00bfTu empresa no tiene redes sociales? PUES DEBER\u00cdA! | The Cloud Group\",\"isPartOf\":{\"@id\":\"https:\\\/\\\/thecloud.group\\\/#website\"},\"primaryImageOfPage\":{\"@id\":\"https:\\\/\\\/thecloud.group\\\/gestion-de-redes-sociales-en-madrid\\\/#primaryimage\"},\"image\":{\"@id\":\"https:\\\/\\\/thecloud.group\\\/gestion-de-redes-sociales-en-madrid\\\/#primaryimage\"},\"thumbnailUrl\":\"https:\\\/\\\/thecloud.group\\\/wp-content\\\/uploads\\\/2020\\\/07\\\/socialMedia0.jpg\",\"datePublished\":\"2020-07-14T16:10:54+00:00\",\"dateModified\":\"2020-12-10T15:01:47+00:00\",\"description\":\"En el siguiente post pondremos a t\u00fa consideraci\u00f3n cinco tendencias del SEO para este 2020 que no podr\u00e1s pasar por alto para aparecer en las primeras p\u00e1ginas\",\"breadcrumb\":{\"@id\":\"https:\\\/\\\/thecloud.group\\\/gestion-de-redes-sociales-en-madrid\\\/#breadcrumb\"},\"inLanguage\":\"de\",\"potentialAction\":[{\"@type\":\"ReadAction\",\"target\":[\"https:\\\/\\\/thecloud.group\\\/gestion-de-redes-sociales-en-madrid\\\/\"]}]},{\"@type\":\"ImageObject\",\"inLanguage\":\"de\",\"@id\":\"https:\\\/\\\/thecloud.group\\\/gestion-de-redes-sociales-en-madrid\\\/#primaryimage\",\"url\":\"https:\\\/\\\/thecloud.group\\\/wp-content\\\/uploads\\\/2020\\\/07\\\/socialMedia0.jpg\",\"contentUrl\":\"https:\\\/\\\/thecloud.group\\\/wp-content\\\/uploads\\\/2020\\\/07\\\/socialMedia0.jpg\",\"width\":950,\"height\":633,\"caption\":\"No importa si tu empresa es un negocio peque\u00f1o o una gran corporaci\u00f3n, hoy en d\u00eda si no est\u00e1s en internet - y en las redes sociales - \u00a1no existes! Adem\u00e1s de que est\u00e1s desaprovechando la posibilidad de que te encuentren millones de potenciales clientes mientras \u00e9stos se est\u00e1n divirtiendo en las redes sociales m\u00e1s usadas. Hoy en d\u00eda el social media es una pieza esencial en cualquier estrategia de marketing del mundo, incluso en el aspecto empresarial. Puedes conectar con tus clientes actuales, interactuar, exponer tu marca y como consecuencia tus ventas incrementar\u00e1n.\"},{\"@type\":\"BreadcrumbList\",\"@id\":\"https:\\\/\\\/thecloud.group\\\/gestion-de-redes-sociales-en-madrid\\\/#breadcrumb\",\"itemListElement\":[{\"@type\":\"ListItem\",\"position\":1,\"name\":\"Home\",\"item\":\"https:\\\/\\\/thecloud.group\\\/\"},{\"@type\":\"ListItem\",\"position\":2,\"name\":\"\u00bfTu empresa no tiene redes sociales? PUES DEBER\u00cdA!\"}]},{\"@type\":\"WebSite\",\"@id\":\"https:\\\/\\\/thecloud.group\\\/#website\",\"url\":\"https:\\\/\\\/thecloud.group\\\/\",\"name\":\"The Cloud Group\",\"description\":\"|\u00a0Holding Internacional de Servicios\",\"publisher\":{\"@id\":\"https:\\\/\\\/thecloud.group\\\/#organization\"},\"potentialAction\":[{\"@type\":\"SearchAction\",\"target\":{\"@type\":\"EntryPoint\",\"urlTemplate\":\"https:\\\/\\\/thecloud.group\\\/?s={search_term_string}\"},\"query-input\":{\"@type\":\"PropertyValueSpecification\",\"valueRequired\":true,\"valueName\":\"search_term_string\"}}],\"inLanguage\":\"de\"},{\"@type\":\"Organization\",\"@id\":\"https:\\\/\\\/thecloud.group\\\/#organization\",\"name\":\"The Cloud Group - Holding International de Servicios\",\"url\":\"https:\\\/\\\/thecloud.group\\\/\",\"logo\":{\"@type\":\"ImageObject\",\"inLanguage\":\"de\",\"@id\":\"https:\\\/\\\/thecloud.group\\\/#\\\/schema\\\/logo\\\/image\\\/\",\"url\":\"https:\\\/\\\/thecloud.group\\\/wp-content\\\/uploads\\\/2020\\\/05\\\/logoSmallFirmaCorreo.png\",\"contentUrl\":\"https:\\\/\\\/thecloud.group\\\/wp-content\\\/uploads\\\/2020\\\/05\\\/logoSmallFirmaCorreo.png\",\"width\":300,\"height\":190,\"caption\":\"The Cloud Group - Holding International de Servicios\"},\"image\":{\"@id\":\"https:\\\/\\\/thecloud.group\\\/#\\\/schema\\\/logo\\\/image\\\/\"},\"sameAs\":[\"https:\\\/\\\/www.facebook.com\\\/thecloudgroupglobal\"]},{\"@type\":\"Person\",\"@id\":\"https:\\\/\\\/thecloud.group\\\/#\\\/schema\\\/person\\\/96af9c910256c8762bee808ba76fc3b3\",\"name\":\"admin\",\"image\":{\"@type\":\"ImageObject\",\"inLanguage\":\"de\",\"@id\":\"https:\\\/\\\/secure.gravatar.com\\\/avatar\\\/4907ac288f1c97f319a5c5097e9024eb489ee94179b3b92b6fa7716b303cdc86?s=96&d=mm&r=g\",\"url\":\"https:\\\/\\\/secure.gravatar.com\\\/avatar\\\/4907ac288f1c97f319a5c5097e9024eb489ee94179b3b92b6fa7716b303cdc86?s=96&d=mm&r=g\",\"contentUrl\":\"https:\\\/\\\/secure.gravatar.com\\\/avatar\\\/4907ac288f1c97f319a5c5097e9024eb489ee94179b3b92b6fa7716b303cdc86?s=96&d=mm&r=g\",\"caption\":\"admin\"},\"sameAs\":[\"https:\\\/\\\/thecloud.group\"]}]}<\/script>\n<!-- \/ Yoast SEO Premium plugin. -->","yoast_head_json":{"title":"\u00bfTu empresa no tiene redes sociales? PUES DEBER\u00cdA! | The Cloud Group","description":"En el siguiente post pondremos a t\u00fa consideraci\u00f3n cinco tendencias del SEO para este 2020 que no podr\u00e1s pasar por alto para aparecer en las primeras p\u00e1ginas","robots":{"index":"index","follow":"follow","max-snippet":"max-snippet:-1","max-image-preview":"max-image-preview:large","max-video-preview":"max-video-preview:-1"},"canonical":"https:\/\/thecloud.group\/de\/gestion-de-redes-sociales-en-madrid\/","og_locale":"de_DE","og_type":"article","og_title":"\u00bfTu empresa no tiene redes sociales? PUES DEBER\u00cdA!","og_description":"En el siguiente post pondremos a t\u00fa consideraci\u00f3n cinco tendencias del SEO para este 2020 que no podr\u00e1s pasar por alto para aparecer en las primeras p\u00e1ginas","og_url":"https:\/\/thecloud.group\/de\/gestion-de-redes-sociales-en-madrid\/","og_site_name":"The Cloud Group","article_publisher":"https:\/\/www.facebook.com\/thecloudgroupglobal","article_published_time":"2020-07-14T16:10:54+00:00","article_modified_time":"2020-12-10T15:01:47+00:00","og_image":[{"width":950,"height":633,"url":"https:\/\/thecloud.group\/wp-content\/uploads\/2020\/07\/socialMedia0.jpg","type":"image\/jpeg"}],"author":"admin","twitter_card":"summary_large_image","twitter_misc":{"Verfasst von":"admin","Gesch\u00e4tzte Lesezeit":"4\u00a0Minuten"},"schema":{"@context":"https:\/\/schema.org","@graph":[{"@type":"Article","@id":"https:\/\/thecloud.group\/gestion-de-redes-sociales-en-madrid\/#article","isPartOf":{"@id":"https:\/\/thecloud.group\/gestion-de-redes-sociales-en-madrid\/"},"author":{"name":"admin","@id":"https:\/\/thecloud.group\/#\/schema\/person\/96af9c910256c8762bee808ba76fc3b3"},"headline":"\u00bfTu empresa no tiene redes sociales? PUES DEBER\u00cdA!","datePublished":"2020-07-14T16:10:54+00:00","dateModified":"2020-12-10T15:01:47+00:00","mainEntityOfPage":{"@id":"https:\/\/thecloud.group\/gestion-de-redes-sociales-en-madrid\/"},"wordCount":731,"publisher":{"@id":"https:\/\/thecloud.group\/#organization"},"image":{"@id":"https:\/\/thecloud.group\/gestion-de-redes-sociales-en-madrid\/#primaryimage"},"thumbnailUrl":"https:\/\/thecloud.group\/wp-content\/uploads\/2020\/07\/socialMedia0.jpg","articleSection":["Sin categorizar"],"inLanguage":"de"},{"@type":"WebPage","@id":"https:\/\/thecloud.group\/gestion-de-redes-sociales-en-madrid\/","url":"https:\/\/thecloud.group\/gestion-de-redes-sociales-en-madrid\/","name":"\u00bfTu empresa no tiene redes sociales? PUES DEBER\u00cdA! | The Cloud Group","isPartOf":{"@id":"https:\/\/thecloud.group\/#website"},"primaryImageOfPage":{"@id":"https:\/\/thecloud.group\/gestion-de-redes-sociales-en-madrid\/#primaryimage"},"image":{"@id":"https:\/\/thecloud.group\/gestion-de-redes-sociales-en-madrid\/#primaryimage"},"thumbnailUrl":"https:\/\/thecloud.group\/wp-content\/uploads\/2020\/07\/socialMedia0.jpg","datePublished":"2020-07-14T16:10:54+00:00","dateModified":"2020-12-10T15:01:47+00:00","description":"En el siguiente post pondremos a t\u00fa consideraci\u00f3n cinco tendencias del SEO para este 2020 que no podr\u00e1s pasar por alto para aparecer en las primeras p\u00e1ginas","breadcrumb":{"@id":"https:\/\/thecloud.group\/gestion-de-redes-sociales-en-madrid\/#breadcrumb"},"inLanguage":"de","potentialAction":[{"@type":"ReadAction","target":["https:\/\/thecloud.group\/gestion-de-redes-sociales-en-madrid\/"]}]},{"@type":"ImageObject","inLanguage":"de","@id":"https:\/\/thecloud.group\/gestion-de-redes-sociales-en-madrid\/#primaryimage","url":"https:\/\/thecloud.group\/wp-content\/uploads\/2020\/07\/socialMedia0.jpg","contentUrl":"https:\/\/thecloud.group\/wp-content\/uploads\/2020\/07\/socialMedia0.jpg","width":950,"height":633,"caption":"No importa si tu empresa es un negocio peque\u00f1o o una gran corporaci\u00f3n, hoy en d\u00eda si no est\u00e1s en internet - y en las redes sociales - \u00a1no existes! Adem\u00e1s de que est\u00e1s desaprovechando la posibilidad de que te encuentren millones de potenciales clientes mientras \u00e9stos se est\u00e1n divirtiendo en las redes sociales m\u00e1s usadas. Hoy en d\u00eda el social media es una pieza esencial en cualquier estrategia de marketing del mundo, incluso en el aspecto empresarial. Puedes conectar con tus clientes actuales, interactuar, exponer tu marca y como consecuencia tus ventas incrementar\u00e1n."},{"@type":"BreadcrumbList","@id":"https:\/\/thecloud.group\/gestion-de-redes-sociales-en-madrid\/#breadcrumb","itemListElement":[{"@type":"ListItem","position":1,"name":"Home","item":"https:\/\/thecloud.group\/"},{"@type":"ListItem","position":2,"name":"\u00bfTu empresa no tiene redes sociales? PUES DEBER\u00cdA!"}]},{"@type":"WebSite","@id":"https:\/\/thecloud.group\/#website","url":"https:\/\/thecloud.group\/","name":"Die Cloud-Gruppe","description":"| International Services Holding","publisher":{"@id":"https:\/\/thecloud.group\/#organization"},"potentialAction":[{"@type":"SearchAction","target":{"@type":"EntryPoint","urlTemplate":"https:\/\/thecloud.group\/?s={search_term_string}"},"query-input":{"@type":"PropertyValueSpecification","valueRequired":true,"valueName":"search_term_string"}}],"inLanguage":"de"},{"@type":"Organization","@id":"https:\/\/thecloud.group\/#organization","name":"The Cloud Group \u2013 Internationale Dienstleistungsholding","url":"https:\/\/thecloud.group\/","logo":{"@type":"ImageObject","inLanguage":"de","@id":"https:\/\/thecloud.group\/#\/schema\/logo\/image\/","url":"https:\/\/thecloud.group\/wp-content\/uploads\/2020\/05\/logoSmallFirmaCorreo.png","contentUrl":"https:\/\/thecloud.group\/wp-content\/uploads\/2020\/05\/logoSmallFirmaCorreo.png","width":300,"height":190,"caption":"The Cloud Group - Holding International de Servicios"},"image":{"@id":"https:\/\/thecloud.group\/#\/schema\/logo\/image\/"},"sameAs":["https:\/\/www.facebook.com\/thecloudgroupglobal"]},{"@type":"Person","@id":"https:\/\/thecloud.group\/#\/schema\/person\/96af9c910256c8762bee808ba76fc3b3","name":"admin","image":{"@type":"ImageObject","inLanguage":"de","@id":"https:\/\/secure.gravatar.com\/avatar\/4907ac288f1c97f319a5c5097e9024eb489ee94179b3b92b6fa7716b303cdc86?s=96&d=mm&r=g","url":"https:\/\/secure.gravatar.com\/avatar\/4907ac288f1c97f319a5c5097e9024eb489ee94179b3b92b6fa7716b303cdc86?s=96&d=mm&r=g","contentUrl":"https:\/\/secure.gravatar.com\/avatar\/4907ac288f1c97f319a5c5097e9024eb489ee94179b3b92b6fa7716b303cdc86?s=96&d=mm&r=g","caption":"admin"},"sameAs":["https:\/\/thecloud.group"]}]}},"_links":{"self":[{"href":"https:\/\/thecloud.group\/de\/wp-json\/wp\/v2\/posts\/9523","targetHints":{"allow":["GET"]}}],"collection":[{"href":"https:\/\/thecloud.group\/de\/wp-json\/wp\/v2\/posts"}],"about":[{"href":"https:\/\/thecloud.group\/de\/wp-json\/wp\/v2\/types\/post"}],"author":[{"embeddable":true,"href":"https:\/\/thecloud.group\/de\/wp-json\/wp\/v2\/users\/1"}],"replies":[{"embeddable":true,"href":"https:\/\/thecloud.group\/de\/wp-json\/wp\/v2\/comments?post=9523"}],"version-history":[{"count":6,"href":"https:\/\/thecloud.group\/de\/wp-json\/wp\/v2\/posts\/9523\/revisions"}],"predecessor-version":[{"id":13078,"href":"https:\/\/thecloud.group\/de\/wp-json\/wp\/v2\/posts\/9523\/revisions\/13078"}],"wp:featuredmedia":[{"embeddable":true,"href":"https:\/\/thecloud.group\/de\/wp-json\/wp\/v2\/media\/9530"}],"wp:attachment":[{"href":"https:\/\/thecloud.group\/de\/wp-json\/wp\/v2\/media?parent=9523"}],"wp:term":[{"taxonomy":"category","embeddable":true,"href":"https:\/\/thecloud.group\/de\/wp-json\/wp\/v2\/categories?post=9523"},{"taxonomy":"post_tag","embeddable":true,"href":"https:\/\/thecloud.group\/de\/wp-json\/wp\/v2\/tags?post=9523"}],"curies":[{"name":"wp","href":"https:\/\/api.w.org\/{rel}","templated":true}]}}