{"id":28351,"date":"2026-02-07T14:02:48","date_gmt":"2026-02-07T14:02:48","guid":{"rendered":"https:\/\/thecloud.group\/?p=28351"},"modified":"2026-02-07T14:09:16","modified_gmt":"2026-02-07T14:09:16","slug":"wirtschaftlicher-fortschritt-zwischen-aquatorialguinea-und-kamerun-eine-strategische-chance-fur-die-gesamte-region-2","status":"publish","type":"post","link":"https:\/\/thecloud.group\/de\/los-avances-economicos-entre-guinea-ecuatorial-y-camerun-una-oportunidad-estrategica-para-toda-la-region-2\/","title":{"rendered":"Von globalen SaaS-L\u00f6sungen zur souver\u00e4nen Infrastruktur: das neue europ\u00e4ische digitale Paradigma"},"content":{"rendered":"<div data-elementor-type=\"wp-post\" data-elementor-id=\"28351\" class=\"elementor elementor-28351\" data-elementor-post-type=\"post\">\n\t\t\t\t\t\t<section class=\"elementor-section elementor-top-section elementor-element elementor-element-376e7ba3 elementor-section-stretched elementor-section-boxed elementor-section-height-default elementor-section-height-default\" data-id=\"376e7ba3\" data-element_type=\"section\" data-e-type=\"section\" data-settings=\"{&quot;stretch_section&quot;:&quot;section-stretched&quot;,&quot;background_background&quot;:&quot;classic&quot;}\">\n\t\t\t\t\t\t\t<div class=\"elementor-background-overlay\"><\/div>\n\t\t\t\t\t\t\t<div class=\"elementor-container elementor-column-gap-default\">\n\t\t\t\t\t<div class=\"elementor-column elementor-col-100 elementor-top-column elementor-element elementor-element-282dfd6e\" data-id=\"282dfd6e\" data-element_type=\"column\" data-e-type=\"column\" data-settings=\"{&quot;background_background&quot;:&quot;classic&quot;}\">\n\t\t\t<div class=\"elementor-widget-wrap elementor-element-populated\">\n\t\t\t\t\t\t<div class=\"elementor-element elementor-element-1f031e5a elementor-widget elementor-widget-image\" data-id=\"1f031e5a\" data-element_type=\"widget\" data-e-type=\"widget\" data-widget_type=\"image.default\">\n\t\t\t\t<div class=\"elementor-widget-container\">\n\t\t\t\t\t\t\t\t\t\t\t\t\t\t\t<img decoding=\"async\" src=\"https:\/\/thecloud.group\/wp-content\/uploads\/elementor\/thumbs\/logo-pd8scx7e21qrxkwrdlcuh7c8eeq4vmzqsjri81k6ps.png\" title=\"Logo\" alt=\"Logo\" loading=\"lazy\" \/>\t\t\t\t\t\t\t\t\t\t\t\t\t\t\t<\/div>\n\t\t\t\t<\/div>\n\t\t\t\t<section class=\"elementor-section elementor-inner-section elementor-element elementor-element-6cb5a9a0 elementor-section-boxed elementor-section-height-default elementor-section-height-default\" data-id=\"6cb5a9a0\" data-element_type=\"section\" data-e-type=\"section\">\n\t\t\t\t\t\t<div class=\"elementor-container elementor-column-gap-default\">\n\t\t\t\t\t<div class=\"elementor-column elementor-col-33 elementor-inner-column elementor-element elementor-element-13ae91dd\" data-id=\"13ae91dd\" data-element_type=\"column\" data-e-type=\"column\">\n\t\t\t<div class=\"elementor-widget-wrap\">\n\t\t\t\t\t\t\t<\/div>\n\t\t<\/div>\n\t\t\t\t<div class=\"elementor-column elementor-col-33 elementor-inner-column elementor-element elementor-element-18a53d0b\" data-id=\"18a53d0b\" data-element_type=\"column\" data-e-type=\"column\">\n\t\t\t<div class=\"elementor-widget-wrap elementor-element-populated\">\n\t\t\t\t\t\t<div class=\"elementor-element elementor-element-5afb5859 elementor-widget__width-initial elementor-widget elementor-widget-heading\" data-id=\"5afb5859\" data-element_type=\"widget\" data-e-type=\"widget\" data-widget_type=\"heading.default\">\n\t\t\t\t<div class=\"elementor-widget-container\">\n\t\t\t\t\t<h1 class=\"elementor-heading-title elementor-size-default\">Informationssouver\u00e4nit\u00e4t: Warum Europa seine digitale Architektur neu definiert<\/h1>\t\t\t\t<\/div>\n\t\t\t\t<\/div>\n\t\t\t\t\t<\/div>\n\t\t<\/div>\n\t\t\t\t<div class=\"elementor-column elementor-col-33 elementor-inner-column elementor-element elementor-element-395a2c18\" data-id=\"395a2c18\" data-element_type=\"column\" data-e-type=\"column\">\n\t\t\t<div class=\"elementor-widget-wrap\">\n\t\t\t\t\t\t\t<\/div>\n\t\t<\/div>\n\t\t\t\t\t<\/div>\n\t\t<\/section>\n\t\t\t\t<section class=\"elementor-section elementor-inner-section elementor-element elementor-element-a6d2174 elementor-section-boxed elementor-section-height-default elementor-section-height-default\" data-id=\"a6d2174\" data-element_type=\"section\" data-e-type=\"section\">\n\t\t\t\t\t\t<div class=\"elementor-container elementor-column-gap-default\">\n\t\t\t\t\t<div class=\"elementor-column elementor-col-25 elementor-inner-column elementor-element elementor-element-3f865388\" data-id=\"3f865388\" data-element_type=\"column\" data-e-type=\"column\">\n\t\t\t<div class=\"elementor-widget-wrap\">\n\t\t\t\t\t\t\t<\/div>\n\t\t<\/div>\n\t\t\t\t<div class=\"elementor-column elementor-col-25 elementor-inner-column elementor-element elementor-element-496c9107\" data-id=\"496c9107\" data-element_type=\"column\" data-e-type=\"column\">\n\t\t\t<div class=\"elementor-widget-wrap\">\n\t\t\t\t\t\t\t<\/div>\n\t\t<\/div>\n\t\t\t\t<div class=\"elementor-column elementor-col-25 elementor-inner-column elementor-element elementor-element-632a6465\" data-id=\"632a6465\" data-element_type=\"column\" data-e-type=\"column\">\n\t\t\t<div class=\"elementor-widget-wrap\">\n\t\t\t\t\t\t\t<\/div>\n\t\t<\/div>\n\t\t\t\t<div class=\"elementor-column elementor-col-25 elementor-inner-column elementor-element elementor-element-2293a1de\" data-id=\"2293a1de\" data-element_type=\"column\" data-e-type=\"column\">\n\t\t\t<div class=\"elementor-widget-wrap\">\n\t\t\t\t\t\t\t<\/div>\n\t\t<\/div>\n\t\t\t\t\t<\/div>\n\t\t<\/section>\n\t\t\t\t\t<\/div>\n\t\t<\/div>\n\t\t\t\t\t<\/div>\n\t\t<\/section>\n\t\t\t\t<section class=\"elementor-section elementor-top-section elementor-element elementor-element-2f9856da elementor-section-boxed elementor-section-height-default elementor-section-height-default\" data-id=\"2f9856da\" data-element_type=\"section\" data-e-type=\"section\">\n\t\t\t\t\t\t<div class=\"elementor-container elementor-column-gap-default\">\n\t\t\t\t\t<div class=\"elementor-column elementor-col-100 elementor-top-column elementor-element elementor-element-12b89ad8\" data-id=\"12b89ad8\" data-element_type=\"column\" data-e-type=\"column\">\n\t\t\t<div class=\"elementor-widget-wrap elementor-element-populated\">\n\t\t\t\t\t\t<div class=\"elementor-element elementor-element-32209c27 elementor-widget elementor-widget-text-editor\" data-id=\"32209c27\" data-element_type=\"widget\" data-e-type=\"widget\" data-widget_type=\"text-editor.default\">\n\t\t\t\t<div class=\"elementor-widget-container\">\n\t\t\t\t\t\t\t\t\t<h3 data-start=\"132\" data-end=\"193\">Von globalen SaaS-L\u00f6sungen bis hin zu souver\u00e4nen Technologieinfrastrukturen<\/h3><p data-start=\"195\" data-end=\"466\">Frankreichs Entscheidung, Zoom, Microsoft Teams, Webex und GoTo Meeting aus der \u00f6ffentlichen Verwaltung zu verbannen, ist keine symbolische Geste und keine Frage technologischer Pr\u00e4ferenz. Es ist eine <strong data-start=\"396\" data-end=\"465\">tiefgreifende Neudefinition des Souver\u00e4nit\u00e4tsbegriffs im digitalen Zeitalter<\/strong>.<\/p><p data-start=\"468\" data-end=\"754\">Vor 2027, <strong data-start=\"483\" data-end=\"515\">2,5 Millionen Beamte<\/strong> wird funktionieren am <strong data-start=\"531\" data-end=\"540\">Visio<\/strong>, Eine Plattform, die vom franz\u00f6sischen Staat selbst kontrolliert wird. Die implizite Botschaft ist klar:<br data-start=\"628\" data-end=\"631\" \/>Informations-, Kommunikationsfl\u00fcsse und kritische Infrastrukturen <strong data-start=\"706\" data-end=\"753\">Sie k\u00f6nnen sich nicht auf externe Rechtsrahmen st\u00fctzen.<\/strong>.<\/p><p data-start=\"756\" data-end=\"921\">Im Kontext zunehmender geopolitischer Spannungen beschr\u00e4nkt sich Souver\u00e4nit\u00e4t nicht mehr auf physische Grenzen, Verteidigung oder Energie.<br data-start=\"873\" data-end=\"876\" \/>Heute, <strong data-start=\"881\" data-end=\"920\">Souver\u00e4nit\u00e4t beginnt in der Software<\/strong>.<\/p><hr data-start=\"923\" data-end=\"926\" \/><h2 data-start=\"928\" data-end=\"994\">Der Wendepunkt: wenn Technologie aufh\u00f6rt, neutral zu sein<\/h2><p data-start=\"996\" data-end=\"1248\">Die w\u00e4hrend der Amtszeit von <strong data-start=\"1050\" data-end=\"1091\"><span class=\"hover:entity-accent entity-underline inline cursor-pointer align-baseline\"><span class=\"whitespace-normal\">Donald Trump<\/span><\/span><\/strong> und dem Pr\u00e4zedenzfall von <strong data-start=\"1111\" data-end=\"1152\"><span class=\"hover:entity-accent entity-underline inline cursor-pointer align-baseline\"><span class=\"whitespace-normal\">Microsoft<\/span><\/span><\/strong> Die Aussetzung der Dienstleistungen f\u00fcr den Internationalen Strafgerichtshof im Jahr 2025 markierte einen Wendepunkt.<\/p><p data-start=\"1250\" data-end=\"1463\">Europa best\u00e4tigte ein Risiko, das jahrelang als unwahrscheinlich galt:<br data-start=\"1319\" data-end=\"1322\" \/>gro\u00dfe Technologieanbieter, die der extraterritorialen Gesetzgebung unterliegen, <strong data-start=\"1404\" data-end=\"1462\">Sie k\u00f6nnten gezwungen sein, politische Entscheidungen umzusetzen.<\/strong>.<\/p><p data-start=\"1465\" data-end=\"1587\">In diesem Szenario h\u00f6rt die Cloud auf, ein einfaches Bereitstellungsmodell zu sein, und wird zu einem <strong data-start=\"1561\" data-end=\"1586\">Abh\u00e4ngigkeitsvektor<\/strong>.<\/p><hr data-start=\"1589\" data-end=\"1592\" \/><h2 data-start=\"1594\" data-end=\"1648\">Von der Datensouver\u00e4nit\u00e4t zur Systemsouver\u00e4nit\u00e4t<\/h2><p data-start=\"1650\" data-end=\"1754\">Die europ\u00e4ische Debatte hat sich weiterentwickelt.<br data-start=\"1684\" data-end=\"1687\" \/>Es geht nicht mehr nur darum, wo die Daten gespeichert werden, sondern auch um Folgendes:<\/p><ul data-start=\"1756\" data-end=\"1920\"><li data-start=\"1756\" data-end=\"1784\"><p data-start=\"1758\" data-end=\"1784\">Wer kontrolliert den Code?<\/p><\/li><li data-start=\"1785\" data-end=\"1835\"><p data-start=\"1787\" data-end=\"1835\">Unter welcher Gerichtsbarkeit unterliegt die Infrastruktur?<\/p><\/li><li data-start=\"1836\" data-end=\"1875\"><p data-start=\"1838\" data-end=\"1875\">Wer kann den Dienst unterbrechen?<\/p><\/li><li data-start=\"1876\" data-end=\"1920\"><p data-start=\"1878\" data-end=\"1920\">Wer definiert die Technologie-Roadmap?<\/p><\/li><\/ul><p data-start=\"1922\" data-end=\"2028\">Der <strong data-start=\"1925\" data-end=\"1956\">Informationssouver\u00e4nit\u00e4t<\/strong> Es geht um die vollst\u00e4ndige Kontrolle des Systems, nicht nur um die Einhaltung gesetzlicher Vorschriften.<\/p><p data-start=\"2030\" data-end=\"2115\">Deshalb hat sich Frankreich nicht f\u00fcr \u201cein anderes Instrument\u201d entschieden, sondern f\u00fcr <strong data-start=\"2093\" data-end=\"2114\">ein eigenes System<\/strong>.<\/p><hr data-start=\"2117\" data-end=\"2120\" \/><h2 data-start=\"2122\" data-end=\"2173\">Das europ\u00e4ische Muster: Architektur statt Anwendungen<\/h2><p data-start=\"2175\" data-end=\"2303\">Frankreich handelt nicht allein. Deutschland, \u00d6sterreich, D\u00e4nemark und zahlreiche europ\u00e4ische Kommunen bewegen sich in folgende Richtung:<\/p><ul data-start=\"2305\" data-end=\"2492\"><li data-start=\"2305\" data-end=\"2333\"><p data-start=\"2307\" data-end=\"2333\">\u00fcberpr\u00fcfbare Open-Source-Software<\/p><\/li><li data-start=\"2334\" data-end=\"2370\"><p data-start=\"2336\" data-end=\"2370\">Ad hoc entwickelte Plattformen<\/p><\/li><li data-start=\"2371\" data-end=\"2417\"><p data-start=\"2373\" data-end=\"2417\">Europ\u00e4ische Cloud- oder On-Premise-Infrastruktur<\/p><\/li><li data-start=\"2418\" data-end=\"2492\"><p data-start=\"2420\" data-end=\"2492\">Beseitigung kritischer Abh\u00e4ngigkeiten von Lieferanten au\u00dferhalb der EU<\/p><\/li><\/ul><p data-start=\"2494\" data-end=\"2621\">Der Trend ist eindeutig:<br data-start=\"2516\" data-end=\"2519\" \/>Europa wendet sich von der Betrachtung von Apps ab und beginnt, \u00fcber Folgendes nachzudenken: <strong data-start=\"2587\" data-end=\"2620\">souver\u00e4ne digitale Architektur<\/strong>.<\/p><hr data-start=\"2623\" data-end=\"2626\" \/><h2 data-start=\"2628\" data-end=\"2679\">Direkte Auswirkungen auf kundenspezifische Software<\/h2><p data-start=\"2681\" data-end=\"2764\">Dieser Paradigmenwechsel ver\u00e4ndert die Rolle der Softwareentwicklung grundlegend.<\/p><h3 data-start=\"2766\" data-end=\"2829\">1. Globale SaaS-L\u00f6sungen verlieren ihren Status als universeller Standard<\/h3><p data-start=\"2830\" data-end=\"2913\">Universelle Werkzeuge bleiben zwar n\u00fctzlich, verlieren aber ihre G\u00fcltigkeit f\u00fcr:<\/p><ul data-start=\"2914\" data-end=\"3053\"><li data-start=\"2914\" data-end=\"2935\"><p data-start=\"2916\" data-end=\"2935\">Kritische Prozesse<\/p><\/li><li data-start=\"2936\" data-end=\"2960\"><p data-start=\"2938\" data-end=\"2960\">Sensible Informationen<\/p><\/li><li data-start=\"2961\" data-end=\"2989\"><p data-start=\"2963\" data-end=\"2989\">Strategische Operationen<\/p><\/li><li data-start=\"2990\" data-end=\"3053\"><p data-start=\"2992\" data-end=\"3053\">Organisationen, die regulatorischen oder Reputationsrisiken ausgesetzt sind<\/p><\/li><\/ul><p data-start=\"3055\" data-end=\"3132\">Die wahren Kosten werden nicht mehr in Lizenzen gemessen, sondern in <strong data-start=\"3105\" data-end=\"3131\">strukturelle Freilegung<\/strong>.<\/p><hr data-start=\"3134\" data-end=\"3137\" \/><h3 data-start=\"3139\" data-end=\"3212\">2. Kundenspezifische Software wird zur strategischen Infrastruktur<\/h3><p data-start=\"3213\" data-end=\"3276\">Organisationen beginnen, Systemen Priorit\u00e4t einzur\u00e4umen, die Folgendes bieten:<\/p><ul data-start=\"3277\" data-end=\"3446\"><li data-start=\"3277\" data-end=\"3325\"><p data-start=\"3279\" data-end=\"3325\">Vollst\u00e4ndige Kontrolle \u00fcber den Softwarelebenszyklus<\/p><\/li><li data-start=\"3326\" data-end=\"3365\"><p data-start=\"3328\" data-end=\"3365\">Pr\u00fcf- und Anpassungsf\u00e4higkeit<\/p><\/li><li data-start=\"3366\" data-end=\"3395\"><p data-start=\"3368\" data-end=\"3395\">Technologische Unabh\u00e4ngigkeit<\/p><\/li><li data-start=\"3396\" data-end=\"3446\"><p data-start=\"3398\" data-end=\"3446\">Betriebskontinuit\u00e4t in widrigen Szenarien<\/p><\/li><\/ul><p data-start=\"3448\" data-end=\"3552\">Dieses Problem l\u00e4sst sich mit einem Standardanbieter nicht l\u00f6sen.<br data-start=\"3494\" data-end=\"3497\" \/>Es erfordert <strong data-start=\"3506\" data-end=\"3551\">Ingenieurwesen, Design und langfristige Vision<\/strong>.<\/p><hr data-start=\"3554\" data-end=\"3557\" \/><h3 data-start=\"3559\" data-end=\"3619\">3. Vertikale L\u00f6sungen gewinnen wieder an Bedeutung<\/h3><p data-start=\"3620\" data-end=\"3682\">Die Zukunft deutet auf Plattformen hin, die speziell f\u00fcr Folgendes entwickelt wurden:<\/p><ul data-start=\"3683\" data-end=\"3754\"><li data-start=\"3683\" data-end=\"3696\"><p data-start=\"3685\" data-end=\"3696\">Ein Sektor<\/p><\/li><li data-start=\"3697\" data-end=\"3721\"><p data-start=\"3699\" data-end=\"3721\">Ein regulatorischer Rahmen<\/p><\/li><li data-start=\"3722\" data-end=\"3754\"><p data-start=\"3724\" data-end=\"3754\">Ein spezifisches Betriebsmodell<\/p><\/li><\/ul><p data-start=\"3756\" data-end=\"3837\">Weniger generisches Produkt.<br data-start=\"3780\" data-end=\"3783\" \/>Weiter <strong data-start=\"3787\" data-end=\"3836\">Systeme, die f\u00fcr eine bestimmte Mission entwickelt wurden<\/strong>.<\/p><hr data-start=\"3839\" data-end=\"3842\" \/><h3 data-start=\"3844\" data-end=\"3892\">4. Die Rolle des Technologieanbieters \u00e4ndert sich<\/h3><p data-start=\"3893\" data-end=\"3946\">Der Wert liegt nicht mehr nur im Schreiben von Code, sondern in Folgendem:<\/p><ul data-start=\"3947\" data-end=\"4101\"><li data-start=\"3947\" data-end=\"3979\"><p data-start=\"3949\" data-end=\"3979\">Entwicklung widerstandsf\u00e4higer Systeme<\/p><\/li><li data-start=\"3980\" data-end=\"4030\"><p data-start=\"3982\" data-end=\"4030\">Verst\u00e4ndnis geopolitischer und regulatorischer Risiken<\/p><\/li><li data-start=\"4031\" data-end=\"4101\"><p data-start=\"4033\" data-end=\"4101\">Technologie entwickeln, die auf die Strategie des Unternehmens abgestimmt ist<\/p><\/li><\/ul><p data-start=\"4103\" data-end=\"4208\">Die Entwicklung kundenspezifischer Software ist positioniert als <strong data-start=\"4156\" data-end=\"4181\">strategische Kapazit\u00e4t<\/strong>, nicht als taktischer Dienst.<\/p><hr data-start=\"4210\" data-end=\"4213\" \/><h2 data-start=\"4215\" data-end=\"4265\">Fazit: Software als S\u00e4ule der Souver\u00e4nit\u00e4t<\/h2><p data-start=\"4267\" data-end=\"4414\">Die franz\u00f6sische Entscheidung ist keine Ausnahme, sondern eine Vorahnung.<br data-start=\"4324\" data-end=\"4327\" \/>In einer fragmentierten Welt f\u00fchrt technologische Abh\u00e4ngigkeit zu einem Verlust der Autonomie.<\/p><p data-start=\"4416\" data-end=\"4501\">Informationssouver\u00e4nit\u00e4t kann nicht delegiert werden.<br data-start=\"4460\" data-end=\"4463\" \/>Es wird entworfen, gebaut und verwaltet.<\/p>\t\t\t\t\t\t\t\t<\/div>\n\t\t\t\t<\/div>\n\t\t\t\t\t<\/div>\n\t\t<\/div>\n\t\t\t\t\t<\/div>\n\t\t<\/section>\n\t\t\t\t<\/div>","protected":false},"excerpt":{"rendered":"<p>Frankreich und andere europ\u00e4ische L\u00e4nder verabschieden sich von Standardl\u00f6sungen, um die Kontrolle \u00fcber ihre kritischen Systeme zur\u00fcckzugewinnen. Der Fokus liegt nicht mehr nur auf den Daten selbst, sondern darauf, wer die technologische Architektur kontrolliert, die sie tr\u00e4gt.<\/p>","protected":false},"author":1,"featured_media":28358,"comment_status":"closed","ping_status":"closed","sticky":false,"template":"elementor_header_footer","format":"standard","meta":{"footnotes":""},"categories":[1],"tags":[843],"class_list":["post-28351","post","type-post","status-publish","format-standard","has-post-thumbnail","hentry","category-sin-categoria","tag-deuda-tecnica"],"yoast_head":"<!-- This site is optimized with the Yoast SEO Premium plugin v27.4 (Yoast SEO v27.5) - https:\/\/yoast.com\/product\/yoast-seo-premium-wordpress\/ -->\n<title>Del SaaS global a la infraestructura soberana: el nuevo paradigma digital europeo | The Cloud Group<\/title>\n<meta name=\"robots\" content=\"index, follow, max-snippet:-1, max-image-preview:large, max-video-preview:-1\" \/>\n<link rel=\"canonical\" href=\"https:\/\/thecloud.group\/de\/wirtschaftlicher-fortschritt-zwischen-aquatorialguinea-und-kamerun-eine-strategische-chance-fur-die-gesamte-region-2\/\" \/>\n<meta property=\"og:locale\" content=\"de_DE\" \/>\n<meta property=\"og:type\" content=\"article\" \/>\n<meta property=\"og:title\" content=\"Del SaaS global a la infraestructura soberana: el nuevo paradigma digital europeo\" \/>\n<meta property=\"og:description\" content=\"Francia y otros pa\u00edses europeos est\u00e1n abandonando soluciones est\u00e1ndar para recuperar el control de sus sistemas cr\u00edticos. El foco ya no est\u00e1 solo en el dato, sino en qui\u00e9n gobierna la arquitectura tecnol\u00f3gica que lo soporta.\" \/>\n<meta property=\"og:url\" content=\"https:\/\/thecloud.group\/de\/wirtschaftlicher-fortschritt-zwischen-aquatorialguinea-und-kamerun-eine-strategische-chance-fur-die-gesamte-region-2\/\" \/>\n<meta property=\"og:site_name\" content=\"The Cloud Group\" \/>\n<meta property=\"article:publisher\" content=\"https:\/\/www.facebook.com\/thecloudgroupglobal\" \/>\n<meta property=\"article:published_time\" content=\"2026-02-07T14:02:48+00:00\" \/>\n<meta property=\"article:modified_time\" content=\"2026-02-07T14:09:16+00:00\" \/>\n<meta property=\"og:image\" content=\"https:\/\/thecloud.group\/wp-content\/uploads\/2026\/02\/ChatGPT-Image-7-feb-2026-15_08_53-1024x683.png\" \/>\n\t<meta property=\"og:image:width\" content=\"1024\" \/>\n\t<meta property=\"og:image:height\" content=\"683\" \/>\n\t<meta property=\"og:image:type\" content=\"image\/png\" \/>\n<meta name=\"author\" content=\"admin\" \/>\n<meta name=\"twitter:card\" content=\"summary_large_image\" \/>\n<meta name=\"twitter:label1\" content=\"Verfasst von\" \/>\n\t<meta name=\"twitter:data1\" content=\"admin\" \/>\n\t<meta name=\"twitter:label2\" content=\"Gesch\u00e4tzte Lesezeit\" \/>\n\t<meta name=\"twitter:data2\" content=\"3\u00a0Minuten\" \/>\n<script type=\"application\/ld+json\" class=\"yoast-schema-graph\">{\"@context\":\"https:\\\/\\\/schema.org\",\"@graph\":[{\"@type\":\"Article\",\"@id\":\"https:\\\/\\\/thecloud.group\\\/los-avances-economicos-entre-guinea-ecuatorial-y-camerun-una-oportunidad-estrategica-para-toda-la-region-2\\\/#article\",\"isPartOf\":{\"@id\":\"https:\\\/\\\/thecloud.group\\\/los-avances-economicos-entre-guinea-ecuatorial-y-camerun-una-oportunidad-estrategica-para-toda-la-region-2\\\/\"},\"author\":{\"name\":\"admin\",\"@id\":\"https:\\\/\\\/thecloud.group\\\/#\\\/schema\\\/person\\\/96af9c910256c8762bee808ba76fc3b3\"},\"headline\":\"Del SaaS global a la infraestructura soberana: el nuevo paradigma digital europeo\",\"datePublished\":\"2026-02-07T14:02:48+00:00\",\"dateModified\":\"2026-02-07T14:09:16+00:00\",\"mainEntityOfPage\":{\"@id\":\"https:\\\/\\\/thecloud.group\\\/los-avances-economicos-entre-guinea-ecuatorial-y-camerun-una-oportunidad-estrategica-para-toda-la-region-2\\\/\"},\"wordCount\":697,\"publisher\":{\"@id\":\"https:\\\/\\\/thecloud.group\\\/#organization\"},\"image\":{\"@id\":\"https:\\\/\\\/thecloud.group\\\/los-avances-economicos-entre-guinea-ecuatorial-y-camerun-una-oportunidad-estrategica-para-toda-la-region-2\\\/#primaryimage\"},\"thumbnailUrl\":\"https:\\\/\\\/thecloud.group\\\/wp-content\\\/uploads\\\/2026\\\/02\\\/ChatGPT-Image-7-feb-2026-15_08_53.png\",\"keywords\":[\"deuda tecnica\"],\"articleSection\":[\"Sin categor\u00eda\"],\"inLanguage\":\"de\"},{\"@type\":\"WebPage\",\"@id\":\"https:\\\/\\\/thecloud.group\\\/los-avances-economicos-entre-guinea-ecuatorial-y-camerun-una-oportunidad-estrategica-para-toda-la-region-2\\\/\",\"url\":\"https:\\\/\\\/thecloud.group\\\/los-avances-economicos-entre-guinea-ecuatorial-y-camerun-una-oportunidad-estrategica-para-toda-la-region-2\\\/\",\"name\":\"Del SaaS global a la infraestructura soberana: el nuevo paradigma digital europeo | The Cloud Group\",\"isPartOf\":{\"@id\":\"https:\\\/\\\/thecloud.group\\\/#website\"},\"primaryImageOfPage\":{\"@id\":\"https:\\\/\\\/thecloud.group\\\/los-avances-economicos-entre-guinea-ecuatorial-y-camerun-una-oportunidad-estrategica-para-toda-la-region-2\\\/#primaryimage\"},\"image\":{\"@id\":\"https:\\\/\\\/thecloud.group\\\/los-avances-economicos-entre-guinea-ecuatorial-y-camerun-una-oportunidad-estrategica-para-toda-la-region-2\\\/#primaryimage\"},\"thumbnailUrl\":\"https:\\\/\\\/thecloud.group\\\/wp-content\\\/uploads\\\/2026\\\/02\\\/ChatGPT-Image-7-feb-2026-15_08_53.png\",\"datePublished\":\"2026-02-07T14:02:48+00:00\",\"dateModified\":\"2026-02-07T14:09:16+00:00\",\"breadcrumb\":{\"@id\":\"https:\\\/\\\/thecloud.group\\\/los-avances-economicos-entre-guinea-ecuatorial-y-camerun-una-oportunidad-estrategica-para-toda-la-region-2\\\/#breadcrumb\"},\"inLanguage\":\"de\",\"potentialAction\":[{\"@type\":\"ReadAction\",\"target\":[\"https:\\\/\\\/thecloud.group\\\/los-avances-economicos-entre-guinea-ecuatorial-y-camerun-una-oportunidad-estrategica-para-toda-la-region-2\\\/\"]}]},{\"@type\":\"ImageObject\",\"inLanguage\":\"de\",\"@id\":\"https:\\\/\\\/thecloud.group\\\/los-avances-economicos-entre-guinea-ecuatorial-y-camerun-una-oportunidad-estrategica-para-toda-la-region-2\\\/#primaryimage\",\"url\":\"https:\\\/\\\/thecloud.group\\\/wp-content\\\/uploads\\\/2026\\\/02\\\/ChatGPT-Image-7-feb-2026-15_08_53.png\",\"contentUrl\":\"https:\\\/\\\/thecloud.group\\\/wp-content\\\/uploads\\\/2026\\\/02\\\/ChatGPT-Image-7-feb-2026-15_08_53.png\",\"width\":1536,\"height\":1024},{\"@type\":\"BreadcrumbList\",\"@id\":\"https:\\\/\\\/thecloud.group\\\/los-avances-economicos-entre-guinea-ecuatorial-y-camerun-una-oportunidad-estrategica-para-toda-la-region-2\\\/#breadcrumb\",\"itemListElement\":[{\"@type\":\"ListItem\",\"position\":1,\"name\":\"Home\",\"item\":\"https:\\\/\\\/thecloud.group\\\/\"},{\"@type\":\"ListItem\",\"position\":2,\"name\":\"Del SaaS global a la infraestructura soberana: el nuevo paradigma digital europeo\"}]},{\"@type\":\"WebSite\",\"@id\":\"https:\\\/\\\/thecloud.group\\\/#website\",\"url\":\"https:\\\/\\\/thecloud.group\\\/\",\"name\":\"The Cloud Group\",\"description\":\"|\u00a0Holding Internacional de Servicios\",\"publisher\":{\"@id\":\"https:\\\/\\\/thecloud.group\\\/#organization\"},\"potentialAction\":[{\"@type\":\"SearchAction\",\"target\":{\"@type\":\"EntryPoint\",\"urlTemplate\":\"https:\\\/\\\/thecloud.group\\\/?s={search_term_string}\"},\"query-input\":{\"@type\":\"PropertyValueSpecification\",\"valueRequired\":true,\"valueName\":\"search_term_string\"}}],\"inLanguage\":\"de\"},{\"@type\":\"Organization\",\"@id\":\"https:\\\/\\\/thecloud.group\\\/#organization\",\"name\":\"The Cloud Group - Holding International de Servicios\",\"url\":\"https:\\\/\\\/thecloud.group\\\/\",\"logo\":{\"@type\":\"ImageObject\",\"inLanguage\":\"de\",\"@id\":\"https:\\\/\\\/thecloud.group\\\/#\\\/schema\\\/logo\\\/image\\\/\",\"url\":\"https:\\\/\\\/thecloud.group\\\/wp-content\\\/uploads\\\/2020\\\/05\\\/logoSmallFirmaCorreo.png\",\"contentUrl\":\"https:\\\/\\\/thecloud.group\\\/wp-content\\\/uploads\\\/2020\\\/05\\\/logoSmallFirmaCorreo.png\",\"width\":300,\"height\":190,\"caption\":\"The Cloud Group - Holding International de Servicios\"},\"image\":{\"@id\":\"https:\\\/\\\/thecloud.group\\\/#\\\/schema\\\/logo\\\/image\\\/\"},\"sameAs\":[\"https:\\\/\\\/www.facebook.com\\\/thecloudgroupglobal\"]},{\"@type\":\"Person\",\"@id\":\"https:\\\/\\\/thecloud.group\\\/#\\\/schema\\\/person\\\/96af9c910256c8762bee808ba76fc3b3\",\"name\":\"admin\",\"image\":{\"@type\":\"ImageObject\",\"inLanguage\":\"de\",\"@id\":\"https:\\\/\\\/secure.gravatar.com\\\/avatar\\\/4907ac288f1c97f319a5c5097e9024eb489ee94179b3b92b6fa7716b303cdc86?s=96&d=mm&r=g\",\"url\":\"https:\\\/\\\/secure.gravatar.com\\\/avatar\\\/4907ac288f1c97f319a5c5097e9024eb489ee94179b3b92b6fa7716b303cdc86?s=96&d=mm&r=g\",\"contentUrl\":\"https:\\\/\\\/secure.gravatar.com\\\/avatar\\\/4907ac288f1c97f319a5c5097e9024eb489ee94179b3b92b6fa7716b303cdc86?s=96&d=mm&r=g\",\"caption\":\"admin\"},\"sameAs\":[\"https:\\\/\\\/thecloud.group\"]}]}<\/script>\n<!-- \/ Yoast SEO Premium plugin. -->","yoast_head_json":{"title":"Von globalen SaaS-L\u00f6sungen zur souver\u00e4nen Infrastruktur: Das neue europ\u00e4ische Digitalparadigma | The Cloud Group","robots":{"index":"index","follow":"follow","max-snippet":"max-snippet:-1","max-image-preview":"max-image-preview:large","max-video-preview":"max-video-preview:-1"},"canonical":"https:\/\/thecloud.group\/de\/wirtschaftlicher-fortschritt-zwischen-aquatorialguinea-und-kamerun-eine-strategische-chance-fur-die-gesamte-region-2\/","og_locale":"de_DE","og_type":"article","og_title":"Del SaaS global a la infraestructura soberana: el nuevo paradigma digital europeo","og_description":"Francia y otros pa\u00edses europeos est\u00e1n abandonando soluciones est\u00e1ndar para recuperar el control de sus sistemas cr\u00edticos. El foco ya no est\u00e1 solo en el dato, sino en qui\u00e9n gobierna la arquitectura tecnol\u00f3gica que lo soporta.","og_url":"https:\/\/thecloud.group\/de\/wirtschaftlicher-fortschritt-zwischen-aquatorialguinea-und-kamerun-eine-strategische-chance-fur-die-gesamte-region-2\/","og_site_name":"The Cloud Group","article_publisher":"https:\/\/www.facebook.com\/thecloudgroupglobal","article_published_time":"2026-02-07T14:02:48+00:00","article_modified_time":"2026-02-07T14:09:16+00:00","og_image":[{"width":1024,"height":683,"url":"https:\/\/thecloud.group\/wp-content\/uploads\/2026\/02\/ChatGPT-Image-7-feb-2026-15_08_53-1024x683.png","type":"image\/png"}],"author":"admin","twitter_card":"summary_large_image","twitter_misc":{"Verfasst von":"admin","Gesch\u00e4tzte Lesezeit":"3\u00a0Minuten"},"schema":{"@context":"https:\/\/schema.org","@graph":[{"@type":"Article","@id":"https:\/\/thecloud.group\/los-avances-economicos-entre-guinea-ecuatorial-y-camerun-una-oportunidad-estrategica-para-toda-la-region-2\/#article","isPartOf":{"@id":"https:\/\/thecloud.group\/los-avances-economicos-entre-guinea-ecuatorial-y-camerun-una-oportunidad-estrategica-para-toda-la-region-2\/"},"author":{"name":"admin","@id":"https:\/\/thecloud.group\/#\/schema\/person\/96af9c910256c8762bee808ba76fc3b3"},"headline":"Del SaaS global a la infraestructura soberana: el nuevo paradigma digital europeo","datePublished":"2026-02-07T14:02:48+00:00","dateModified":"2026-02-07T14:09:16+00:00","mainEntityOfPage":{"@id":"https:\/\/thecloud.group\/los-avances-economicos-entre-guinea-ecuatorial-y-camerun-una-oportunidad-estrategica-para-toda-la-region-2\/"},"wordCount":697,"publisher":{"@id":"https:\/\/thecloud.group\/#organization"},"image":{"@id":"https:\/\/thecloud.group\/los-avances-economicos-entre-guinea-ecuatorial-y-camerun-una-oportunidad-estrategica-para-toda-la-region-2\/#primaryimage"},"thumbnailUrl":"https:\/\/thecloud.group\/wp-content\/uploads\/2026\/02\/ChatGPT-Image-7-feb-2026-15_08_53.png","keywords":["deuda tecnica"],"articleSection":["Sin categor\u00eda"],"inLanguage":"de"},{"@type":"WebPage","@id":"https:\/\/thecloud.group\/los-avances-economicos-entre-guinea-ecuatorial-y-camerun-una-oportunidad-estrategica-para-toda-la-region-2\/","url":"https:\/\/thecloud.group\/los-avances-economicos-entre-guinea-ecuatorial-y-camerun-una-oportunidad-estrategica-para-toda-la-region-2\/","name":"Von globalen SaaS-L\u00f6sungen zur souver\u00e4nen Infrastruktur: Das neue europ\u00e4ische Digitalparadigma | The Cloud Group","isPartOf":{"@id":"https:\/\/thecloud.group\/#website"},"primaryImageOfPage":{"@id":"https:\/\/thecloud.group\/los-avances-economicos-entre-guinea-ecuatorial-y-camerun-una-oportunidad-estrategica-para-toda-la-region-2\/#primaryimage"},"image":{"@id":"https:\/\/thecloud.group\/los-avances-economicos-entre-guinea-ecuatorial-y-camerun-una-oportunidad-estrategica-para-toda-la-region-2\/#primaryimage"},"thumbnailUrl":"https:\/\/thecloud.group\/wp-content\/uploads\/2026\/02\/ChatGPT-Image-7-feb-2026-15_08_53.png","datePublished":"2026-02-07T14:02:48+00:00","dateModified":"2026-02-07T14:09:16+00:00","breadcrumb":{"@id":"https:\/\/thecloud.group\/los-avances-economicos-entre-guinea-ecuatorial-y-camerun-una-oportunidad-estrategica-para-toda-la-region-2\/#breadcrumb"},"inLanguage":"de","potentialAction":[{"@type":"ReadAction","target":["https:\/\/thecloud.group\/los-avances-economicos-entre-guinea-ecuatorial-y-camerun-una-oportunidad-estrategica-para-toda-la-region-2\/"]}]},{"@type":"ImageObject","inLanguage":"de","@id":"https:\/\/thecloud.group\/los-avances-economicos-entre-guinea-ecuatorial-y-camerun-una-oportunidad-estrategica-para-toda-la-region-2\/#primaryimage","url":"https:\/\/thecloud.group\/wp-content\/uploads\/2026\/02\/ChatGPT-Image-7-feb-2026-15_08_53.png","contentUrl":"https:\/\/thecloud.group\/wp-content\/uploads\/2026\/02\/ChatGPT-Image-7-feb-2026-15_08_53.png","width":1536,"height":1024},{"@type":"BreadcrumbList","@id":"https:\/\/thecloud.group\/los-avances-economicos-entre-guinea-ecuatorial-y-camerun-una-oportunidad-estrategica-para-toda-la-region-2\/#breadcrumb","itemListElement":[{"@type":"ListItem","position":1,"name":"Home","item":"https:\/\/thecloud.group\/"},{"@type":"ListItem","position":2,"name":"Del SaaS global a la infraestructura soberana: el nuevo paradigma digital europeo"}]},{"@type":"WebSite","@id":"https:\/\/thecloud.group\/#website","url":"https:\/\/thecloud.group\/","name":"Die Cloud-Gruppe","description":"| International Services Holding","publisher":{"@id":"https:\/\/thecloud.group\/#organization"},"potentialAction":[{"@type":"SearchAction","target":{"@type":"EntryPoint","urlTemplate":"https:\/\/thecloud.group\/?s={search_term_string}"},"query-input":{"@type":"PropertyValueSpecification","valueRequired":true,"valueName":"search_term_string"}}],"inLanguage":"de"},{"@type":"Organization","@id":"https:\/\/thecloud.group\/#organization","name":"The Cloud Group \u2013 Internationale Dienstleistungsholding","url":"https:\/\/thecloud.group\/","logo":{"@type":"ImageObject","inLanguage":"de","@id":"https:\/\/thecloud.group\/#\/schema\/logo\/image\/","url":"https:\/\/thecloud.group\/wp-content\/uploads\/2020\/05\/logoSmallFirmaCorreo.png","contentUrl":"https:\/\/thecloud.group\/wp-content\/uploads\/2020\/05\/logoSmallFirmaCorreo.png","width":300,"height":190,"caption":"The Cloud Group - Holding International de Servicios"},"image":{"@id":"https:\/\/thecloud.group\/#\/schema\/logo\/image\/"},"sameAs":["https:\/\/www.facebook.com\/thecloudgroupglobal"]},{"@type":"Person","@id":"https:\/\/thecloud.group\/#\/schema\/person\/96af9c910256c8762bee808ba76fc3b3","name":"Administrator","image":{"@type":"ImageObject","inLanguage":"de","@id":"https:\/\/secure.gravatar.com\/avatar\/4907ac288f1c97f319a5c5097e9024eb489ee94179b3b92b6fa7716b303cdc86?s=96&d=mm&r=g","url":"https:\/\/secure.gravatar.com\/avatar\/4907ac288f1c97f319a5c5097e9024eb489ee94179b3b92b6fa7716b303cdc86?s=96&d=mm&r=g","contentUrl":"https:\/\/secure.gravatar.com\/avatar\/4907ac288f1c97f319a5c5097e9024eb489ee94179b3b92b6fa7716b303cdc86?s=96&d=mm&r=g","caption":"admin"},"sameAs":["https:\/\/thecloud.group"]}]}},"_links":{"self":[{"href":"https:\/\/thecloud.group\/de\/wp-json\/wp\/v2\/posts\/28351","targetHints":{"allow":["GET"]}}],"collection":[{"href":"https:\/\/thecloud.group\/de\/wp-json\/wp\/v2\/posts"}],"about":[{"href":"https:\/\/thecloud.group\/de\/wp-json\/wp\/v2\/types\/post"}],"author":[{"embeddable":true,"href":"https:\/\/thecloud.group\/de\/wp-json\/wp\/v2\/users\/1"}],"replies":[{"embeddable":true,"href":"https:\/\/thecloud.group\/de\/wp-json\/wp\/v2\/comments?post=28351"}],"version-history":[{"count":9,"href":"https:\/\/thecloud.group\/de\/wp-json\/wp\/v2\/posts\/28351\/revisions"}],"predecessor-version":[{"id":28361,"href":"https:\/\/thecloud.group\/de\/wp-json\/wp\/v2\/posts\/28351\/revisions\/28361"}],"wp:featuredmedia":[{"embeddable":true,"href":"https:\/\/thecloud.group\/de\/wp-json\/wp\/v2\/media\/28358"}],"wp:attachment":[{"href":"https:\/\/thecloud.group\/de\/wp-json\/wp\/v2\/media?parent=28351"}],"wp:term":[{"taxonomy":"category","embeddable":true,"href":"https:\/\/thecloud.group\/de\/wp-json\/wp\/v2\/categories?post=28351"},{"taxonomy":"post_tag","embeddable":true,"href":"https:\/\/thecloud.group\/de\/wp-json\/wp\/v2\/tags?post=28351"}],"curies":[{"name":"wp","href":"https:\/\/api.w.org\/{rel}","templated":true}]}}