{"id":28341,"date":"2026-02-05T20:00:09","date_gmt":"2026-02-05T20:00:09","guid":{"rendered":"https:\/\/thecloud.group\/?p=28341"},"modified":"2026-02-05T20:11:41","modified_gmt":"2026-02-05T20:11:41","slug":"der-wirtschaftliche-fortschritt-zwischen-aquatorialguinea-und-kamerun-stellt-eine-strategische-chance-fur-die-gesamte-region-dar","status":"publish","type":"post","link":"https:\/\/thecloud.group\/de\/los-avances-economicos-entre-guinea-ecuatorial-y-camerun-una-oportunidad-estrategica-para-toda-la-region\/","title":{"rendered":"Wirtschaftlicher Fortschritt zwischen \u00c4quatorialguinea und Kamerun: eine strategische Chance f\u00fcr die gesamte Region"},"content":{"rendered":"<div data-elementor-type=\"wp-post\" data-elementor-id=\"28341\" class=\"elementor elementor-28341\" data-elementor-post-type=\"post\">\n\t\t\t\t\t\t<section class=\"elementor-section elementor-top-section elementor-element elementor-element-376e7ba3 elementor-section-stretched elementor-section-boxed elementor-section-height-default elementor-section-height-default\" data-id=\"376e7ba3\" data-element_type=\"section\" data-e-type=\"section\" data-settings=\"{&quot;stretch_section&quot;:&quot;section-stretched&quot;,&quot;background_background&quot;:&quot;classic&quot;}\">\n\t\t\t\t\t\t\t<div class=\"elementor-background-overlay\"><\/div>\n\t\t\t\t\t\t\t<div class=\"elementor-container elementor-column-gap-default\">\n\t\t\t\t\t<div class=\"elementor-column elementor-col-100 elementor-top-column elementor-element elementor-element-282dfd6e\" data-id=\"282dfd6e\" data-element_type=\"column\" data-e-type=\"column\" data-settings=\"{&quot;background_background&quot;:&quot;classic&quot;}\">\n\t\t\t<div class=\"elementor-widget-wrap elementor-element-populated\">\n\t\t\t\t\t\t<div class=\"elementor-element elementor-element-1f031e5a elementor-widget elementor-widget-image\" data-id=\"1f031e5a\" data-element_type=\"widget\" data-e-type=\"widget\" data-widget_type=\"image.default\">\n\t\t\t\t<div class=\"elementor-widget-container\">\n\t\t\t\t\t\t\t\t\t\t\t\t\t\t\t<img decoding=\"async\" src=\"https:\/\/thecloud.group\/wp-content\/uploads\/elementor\/thumbs\/logo-pd8scx7e21qrxkwrdlcuh7c8eeq4vmzqsjri81k6ps.png\" title=\"Logo\" alt=\"Logo\" loading=\"lazy\" \/>\t\t\t\t\t\t\t\t\t\t\t\t\t\t\t<\/div>\n\t\t\t\t<\/div>\n\t\t\t\t<section class=\"elementor-section elementor-inner-section elementor-element elementor-element-6cb5a9a0 elementor-section-boxed elementor-section-height-default elementor-section-height-default\" data-id=\"6cb5a9a0\" data-element_type=\"section\" data-e-type=\"section\">\n\t\t\t\t\t\t<div class=\"elementor-container elementor-column-gap-default\">\n\t\t\t\t\t<div class=\"elementor-column elementor-col-33 elementor-inner-column elementor-element elementor-element-13ae91dd\" data-id=\"13ae91dd\" data-element_type=\"column\" data-e-type=\"column\">\n\t\t\t<div class=\"elementor-widget-wrap\">\n\t\t\t\t\t\t\t<\/div>\n\t\t<\/div>\n\t\t\t\t<div class=\"elementor-column elementor-col-33 elementor-inner-column elementor-element elementor-element-18a53d0b\" data-id=\"18a53d0b\" data-element_type=\"column\" data-e-type=\"column\">\n\t\t\t<div class=\"elementor-widget-wrap elementor-element-populated\">\n\t\t\t\t\t\t<div class=\"elementor-element elementor-element-5afb5859 elementor-widget elementor-widget-heading\" data-id=\"5afb5859\" data-element_type=\"widget\" data-e-type=\"widget\" data-widget_type=\"heading.default\">\n\t\t\t\t<div class=\"elementor-widget-container\">\n\t\t\t\t\t<h1 class=\"elementor-heading-title elementor-size-default\">Wirtschaftlicher Fortschritt zwischen \u00c4quatorialguinea und Kamerun: eine strategische Chance f\u00fcr die gesamte Region<\/h1>\t\t\t\t<\/div>\n\t\t\t\t<\/div>\n\t\t\t\t\t<\/div>\n\t\t<\/div>\n\t\t\t\t<div class=\"elementor-column elementor-col-33 elementor-inner-column elementor-element elementor-element-395a2c18\" data-id=\"395a2c18\" data-element_type=\"column\" data-e-type=\"column\">\n\t\t\t<div class=\"elementor-widget-wrap\">\n\t\t\t\t\t\t\t<\/div>\n\t\t<\/div>\n\t\t\t\t\t<\/div>\n\t\t<\/section>\n\t\t\t\t<section class=\"elementor-section elementor-inner-section elementor-element elementor-element-a6d2174 elementor-section-boxed elementor-section-height-default elementor-section-height-default\" data-id=\"a6d2174\" data-element_type=\"section\" data-e-type=\"section\">\n\t\t\t\t\t\t<div class=\"elementor-container elementor-column-gap-default\">\n\t\t\t\t\t<div class=\"elementor-column elementor-col-25 elementor-inner-column elementor-element elementor-element-3f865388\" data-id=\"3f865388\" data-element_type=\"column\" data-e-type=\"column\">\n\t\t\t<div class=\"elementor-widget-wrap\">\n\t\t\t\t\t\t\t<\/div>\n\t\t<\/div>\n\t\t\t\t<div class=\"elementor-column elementor-col-25 elementor-inner-column elementor-element elementor-element-496c9107\" data-id=\"496c9107\" data-element_type=\"column\" data-e-type=\"column\">\n\t\t\t<div class=\"elementor-widget-wrap\">\n\t\t\t\t\t\t\t<\/div>\n\t\t<\/div>\n\t\t\t\t<div class=\"elementor-column elementor-col-25 elementor-inner-column elementor-element elementor-element-632a6465\" data-id=\"632a6465\" data-element_type=\"column\" data-e-type=\"column\">\n\t\t\t<div class=\"elementor-widget-wrap\">\n\t\t\t\t\t\t\t<\/div>\n\t\t<\/div>\n\t\t\t\t<div class=\"elementor-column elementor-col-25 elementor-inner-column elementor-element elementor-element-2293a1de\" data-id=\"2293a1de\" data-element_type=\"column\" data-e-type=\"column\">\n\t\t\t<div class=\"elementor-widget-wrap\">\n\t\t\t\t\t\t\t<\/div>\n\t\t<\/div>\n\t\t\t\t\t<\/div>\n\t\t<\/section>\n\t\t\t\t\t<\/div>\n\t\t<\/div>\n\t\t\t\t\t<\/div>\n\t\t<\/section>\n\t\t\t\t<section class=\"elementor-section elementor-top-section elementor-element elementor-element-2f9856da elementor-section-boxed elementor-section-height-default elementor-section-height-default\" data-id=\"2f9856da\" data-element_type=\"section\" data-e-type=\"section\">\n\t\t\t\t\t\t<div class=\"elementor-container elementor-column-gap-default\">\n\t\t\t\t\t<div class=\"elementor-column elementor-col-100 elementor-top-column elementor-element elementor-element-12b89ad8\" data-id=\"12b89ad8\" data-element_type=\"column\" data-e-type=\"column\">\n\t\t\t<div class=\"elementor-widget-wrap elementor-element-populated\">\n\t\t\t\t\t\t<div class=\"elementor-element elementor-element-32209c27 elementor-widget elementor-widget-text-editor\" data-id=\"32209c27\" data-element_type=\"widget\" data-e-type=\"widget\" data-widget_type=\"text-editor.default\">\n\t\t\t\t<div class=\"elementor-widget-container\">\n\t\t\t\t\t\t\t\t\t<p data-start=\"385\" data-end=\"742\">J\u00fcngste wirtschaftliche Fortschritte und Kooperationsabkommen zwischen <strong data-start=\"450\" data-end=\"481\">\u00c4quatorialguinea und Kamerun<\/strong> Sie markieren einen Wendepunkt f\u00fcr die Entwicklung Zentralafrikas. Es geht nicht nur um bilaterale Abkommen oder gemeinsame Energieprojekte, sondern um \u2026 <strong data-start=\"646\" data-end=\"741\">ein klares Zeichen institutioneller Reife, strategischer Weitsicht und der Bereitschaft zum gemeinsamen Wachstum<\/strong>.<\/p><p data-start=\"744\" data-end=\"1073\">Wenn zwei L\u00e4nder in Schl\u00fcsselsektoren wie Energie, Infrastruktur und internationalen Investitionen zusammenarbeiten, reichen die Auswirkungen weit \u00fcber ihre Grenzen hinaus. Solche Entscheidungen st\u00e4rken die regionale Stabilit\u00e4t, schaffen Vertrauen in die M\u00e4rkte und ein g\u00fcnstigeres Umfeld f\u00fcr eine nachhaltige wirtschaftliche Entwicklung.<\/p><p data-start=\"1075\" data-end=\"1179\">Heute mehr denn je ist der Fortschritt \u00c4quatorialguineas und Kameruns auch der Fortschritt der gesamten Region.<\/p>\t\t\t\t\t\t\t\t<\/div>\n\t\t\t\t<\/div>\n\t\t\t\t<div class=\"elementor-element elementor-element-dff5a6f elementor-widget elementor-widget-heading\" data-id=\"dff5a6f\" data-element_type=\"widget\" data-e-type=\"widget\" data-widget_type=\"heading.default\">\n\t\t\t\t<div class=\"elementor-widget-container\">\n\t\t\t\t\t<h2 class=\"elementor-heading-title elementor-size-default\">Regionale Zusammenarbeit als Motor f\u00fcr nachhaltiges Wachstum<\/h2>\t\t\t\t<\/div>\n\t\t\t\t<\/div>\n\t\t\t\t<div class=\"elementor-element elementor-element-8c34bb9 elementor-widget elementor-widget-text-editor\" data-id=\"8c34bb9\" data-element_type=\"widget\" data-e-type=\"widget\" data-widget_type=\"text-editor.default\">\n\t\t\t\t<div class=\"elementor-widget-container\">\n\t\t\t\t\t\t\t\t\t<p data-start=\"1248\" data-end=\"1523\">Die Zusammenarbeit zwischen Nachbarl\u00e4ndern erm\u00f6glicht die Optimierung der Ressourcennutzung, den Wissensaustausch und die effizientere Anwerbung ausl\u00e4ndischer Investitionen. Im Falle von \u00c4quatorialguinea und Kamerun bietet dieses B\u00fcndnis die Chance, ein Wachstumsmodell zu festigen, das auf Folgendem basiert:<\/p><ul data-start=\"1525\" data-end=\"1736\"><li data-start=\"1525\" data-end=\"1582\"><p data-start=\"1527\" data-end=\"1582\">Verantwortungsvoller Umgang mit nat\u00fcrlichen Ressourcen<\/p><\/li><li data-start=\"1583\" data-end=\"1626\"><p data-start=\"1585\" data-end=\"1626\">St\u00e4rkung der regionalen Wirtschaft<\/p><\/li><li data-start=\"1627\" data-end=\"1681\"><p data-start=\"1629\" data-end=\"1681\">Schaffung von Arbeitspl\u00e4tzen und Wissenstransfer<\/p><\/li><li data-start=\"1682\" data-end=\"1736\"><p data-start=\"1684\" data-end=\"1736\">Anwerbung langfristiger internationaler Investitionen<\/p><\/li><\/ul><p data-start=\"1738\" data-end=\"1955\">Diese Art von Abkommen st\u00e4rkt nicht nur traditionelle Sektoren wie die Energiewirtschaft, sondern \u00f6ffnet auch die T\u00fcr f\u00fcr eine breitere Entwicklung, die Technologie, Innovation, Ausbildung und die Modernisierung von Produktionsprozessen umfasst.<\/p>\t\t\t\t\t\t\t\t<\/div>\n\t\t\t\t<\/div>\n\t\t\t\t<section class=\"elementor-section elementor-inner-section elementor-element elementor-element-30fd7bef elementor-section-boxed elementor-section-height-default elementor-section-height-default\" data-id=\"30fd7bef\" data-element_type=\"section\" data-e-type=\"section\">\n\t\t\t\t\t\t<div class=\"elementor-container elementor-column-gap-default\">\n\t\t\t\t\t<div class=\"elementor-column elementor-col-50 elementor-inner-column elementor-element elementor-element-826ab8a\" data-id=\"826ab8a\" data-element_type=\"column\" data-e-type=\"column\">\n\t\t\t<div class=\"elementor-widget-wrap elementor-element-populated\">\n\t\t\t\t\t\t<div class=\"elementor-element elementor-element-d10199a elementor-widget__width-initial elementor-widget elementor-widget-image\" data-id=\"d10199a\" data-element_type=\"widget\" data-e-type=\"widget\" data-widget_type=\"image.default\">\n\t\t\t\t<div class=\"elementor-widget-container\">\n\t\t\t\t\t\t\t\t\t\t\t\t\t\t\t<img fetchpriority=\"high\" decoding=\"async\" width=\"800\" height=\"1000\" src=\"https:\/\/thecloud.group\/wp-content\/uploads\/2026\/02\/tcg-15-819x1024.png\" class=\"elementor-animation-hang attachment-large size-large wp-image-28344\" alt=\"\" srcset=\"https:\/\/thecloud.group\/wp-content\/uploads\/2026\/02\/tcg-15-819x1024.png 819w, https:\/\/thecloud.group\/wp-content\/uploads\/2026\/02\/tcg-15-240x300.png 240w, https:\/\/thecloud.group\/wp-content\/uploads\/2026\/02\/tcg-15-768x960.png 768w, https:\/\/thecloud.group\/wp-content\/uploads\/2026\/02\/tcg-15-10x12.png 10w, https:\/\/thecloud.group\/wp-content\/uploads\/2026\/02\/tcg-15.png 1080w\" sizes=\"(max-width: 800px) 100vw, 800px\" \/>\t\t\t\t\t\t\t\t\t\t\t\t\t\t\t<\/div>\n\t\t\t\t<\/div>\n\t\t\t\t\t<\/div>\n\t\t<\/div>\n\t\t\t\t<div class=\"elementor-column elementor-col-50 elementor-inner-column elementor-element elementor-element-54308f1a\" data-id=\"54308f1a\" data-element_type=\"column\" data-e-type=\"column\">\n\t\t\t<div class=\"elementor-widget-wrap elementor-element-populated\">\n\t\t\t\t\t\t<div class=\"elementor-element elementor-element-561f661 elementor-widget elementor-widget-heading\" data-id=\"561f661\" data-element_type=\"widget\" data-e-type=\"widget\" data-widget_type=\"heading.default\">\n\t\t\t\t<div class=\"elementor-widget-container\">\n\t\t\t\t\t<h2 class=\"elementor-heading-title elementor-size-default\">Die Schl\u00fcsselrolle der digitalen Transformation f\u00fcr die wirtschaftliche Entwicklung<\/h2>\t\t\t\t<\/div>\n\t\t\t\t<\/div>\n\t\t\t\t<div class=\"elementor-element elementor-element-4ec288ca elementor-widget elementor-widget-text-editor\" data-id=\"4ec288ca\" data-element_type=\"widget\" data-e-type=\"widget\" data-widget_type=\"text-editor.default\">\n\t\t\t\t<div class=\"elementor-widget-container\">\n\t\t\t\t\t\t\t\t\t<p data-start=\"2037\" data-end=\"2332\">Im aktuellen Kontext, <strong data-start=\"2060\" data-end=\"2132\">Ohne digitale Transformation gibt es keine nachhaltige wirtschaftliche Entwicklung.<\/strong>. Die Digitalisierung hat sich zu einer grundlegenden S\u00e4ule f\u00fcr die Steigerung der Effizienz von Institutionen, die Modernisierung von Unternehmen und die St\u00e4rkung der Wettbewerbsf\u00e4higkeit von L\u00e4ndern im globalen Umfeld entwickelt.<\/p><p data-start=\"2334\" data-end=\"2368\">Die digitale Transformation erm\u00f6glicht:<\/p><ul data-start=\"2370\" data-end=\"2637\"><li data-start=\"2370\" data-end=\"2424\"><p data-start=\"2372\" data-end=\"2424\">Optimierung administrativer und gesch\u00e4ftlicher Prozesse<\/p><\/li><li data-start=\"2425\" data-end=\"2471\"><p data-start=\"2427\" data-end=\"2471\">Transparenz und R\u00fcckverfolgbarkeit verbessern<\/p><\/li><li data-start=\"2472\" data-end=\"2524\"><p data-start=\"2474\" data-end=\"2524\">datengest\u00fctzte Entscheidungsfindung erleichtern<\/p><\/li><li data-start=\"2525\" data-end=\"2569\"><p data-start=\"2527\" data-end=\"2569\">F\u00f6rderung lokaler technologischer Innovationen<\/p><\/li><li data-start=\"2570\" data-end=\"2637\"><p data-start=\"2572\" data-end=\"2637\">L\u00e4nder auf den Wettbewerb auf internationalen M\u00e4rkten vorbereiten<\/p><\/li><\/ul><p data-start=\"2639\" data-end=\"2788\">F\u00fcr Schwellenl\u00e4nder ist die Digitalisierung nicht nur ein Wettbewerbsvorteil: sie ist ein <strong data-start=\"2731\" data-end=\"2787\">strategisches Instrument f\u00fcr Wachstum und Stabilit\u00e4t<\/strong>.<\/p>\t\t\t\t\t\t\t\t<\/div>\n\t\t\t\t<\/div>\n\t\t\t\t\t<\/div>\n\t\t<\/div>\n\t\t\t\t\t<\/div>\n\t\t<\/section>\n\t\t\t\t<div class=\"elementor-element elementor-element-cdba2fb elementor-widget elementor-widget-heading\" data-id=\"cdba2fb\" data-element_type=\"widget\" data-e-type=\"widget\" data-widget_type=\"heading.default\">\n\t\t\t\t<div class=\"elementor-widget-container\">\n\t\t\t\t\t<h2 class=\"elementor-heading-title elementor-size-default\">Die Cloud Group und ihr Engagement f\u00fcr \u00c4quatorialguinea<\/h2>\t\t\t\t<\/div>\n\t\t\t\t<\/div>\n\t\t\t\t<section class=\"elementor-section elementor-inner-section elementor-element elementor-element-7bd42c5 elementor-section-boxed elementor-section-height-default elementor-section-height-default\" data-id=\"7bd42c5\" data-element_type=\"section\" data-e-type=\"section\">\n\t\t\t\t\t\t<div class=\"elementor-container elementor-column-gap-default\">\n\t\t\t\t\t<div class=\"elementor-column elementor-col-50 elementor-inner-column elementor-element elementor-element-50c25f4\" data-id=\"50c25f4\" data-element_type=\"column\" data-e-type=\"column\">\n\t\t\t<div class=\"elementor-widget-wrap elementor-element-populated\">\n\t\t\t\t\t\t<div class=\"elementor-element elementor-element-a922a20 elementor-widget elementor-widget-image\" data-id=\"a922a20\" data-element_type=\"widget\" data-e-type=\"widget\" data-widget_type=\"image.default\">\n\t\t\t\t<div class=\"elementor-widget-container\">\n\t\t\t\t\t\t\t\t\t\t\t\t\t\t\t<img decoding=\"async\" width=\"212\" height=\"212\" src=\"https:\/\/thecloud.group\/wp-content\/uploads\/2021\/09\/logo.png\" class=\"elementor-animation-hang attachment-large size-large wp-image-16052\" alt=\"\" srcset=\"https:\/\/thecloud.group\/wp-content\/uploads\/2021\/09\/logo.png 212w, https:\/\/thecloud.group\/wp-content\/uploads\/2021\/09\/logo-150x150.png 150w, https:\/\/thecloud.group\/wp-content\/uploads\/2021\/09\/logo-12x12.png 12w\" sizes=\"(max-width: 212px) 100vw, 212px\" \/>\t\t\t\t\t\t\t\t\t\t\t\t\t\t\t<\/div>\n\t\t\t\t<\/div>\n\t\t\t\t\t<\/div>\n\t\t<\/div>\n\t\t\t\t<div class=\"elementor-column elementor-col-50 elementor-inner-column elementor-element elementor-element-827e335\" data-id=\"827e335\" data-element_type=\"column\" data-e-type=\"column\">\n\t\t\t<div class=\"elementor-widget-wrap elementor-element-populated\">\n\t\t\t\t\t\t<div class=\"elementor-element elementor-element-56a7526 elementor-widget elementor-widget-text-editor\" data-id=\"56a7526\" data-element_type=\"widget\" data-e-type=\"widget\" data-widget_type=\"text-editor.default\">\n\t\t\t\t<div class=\"elementor-widget-container\">\n\t\t\t\t\t\t\t\t\t<p data-start=\"2853\" data-end=\"3215\">F\u00fcr <strong data-start=\"2858\" data-end=\"2899\"><span class=\"hover:entity-accent entity-underline inline cursor-pointer align-baseline\"><span class=\"whitespace-normal\">Die Cloud-Gruppe<\/span><\/span><\/strong>, Der wirtschaftliche Fortschritt \u00c4quatorialguineas ist von besonderer Bedeutung. Unsere Pr\u00e4senz im Land ist weder neu noch oberfl\u00e4chlich. Wir arbeiten seit Jahren mit ihnen zusammen. <strong data-start=\"3066\" data-end=\"3096\">lokale Betriebsstruktur<\/strong>, Teams im Au\u00dfendienst und aktive Teilnahme an Projekten von <strong data-start=\"3163\" data-end=\"3214\">Digitale Transformation und technologische Entwicklung<\/strong>.<\/p><p data-start=\"3217\" data-end=\"3392\">Wir beobachten das Wachstum nicht aus der Ferne.<br \/>Wir arbeiten <strong data-start=\"3278\" data-end=\"3294\">von innen<\/strong>, Den lokalen Kontext, die realen Herausforderungen und die langfristigen Entwicklungsm\u00f6glichkeiten verstehen.<\/p><p data-start=\"3394\" data-end=\"3584\">Dieser Ansatz hat es uns erm\u00f6glicht, direkt zur Modernisierung von Prozessen, zur Implementierung technologischer L\u00f6sungen und zur St\u00e4rkung des digitalen \u00d6kosystems des Landes beizutragen.<\/p>\t\t\t\t\t\t\t\t<\/div>\n\t\t\t\t<\/div>\n\t\t\t\t\t<\/div>\n\t\t<\/div>\n\t\t\t\t\t<\/div>\n\t\t<\/section>\n\t\t\t\t<section class=\"elementor-section elementor-inner-section elementor-element elementor-element-57e4765 elementor-section-boxed elementor-section-height-default elementor-section-height-default\" data-id=\"57e4765\" data-element_type=\"section\" data-e-type=\"section\">\n\t\t\t\t\t\t<div class=\"elementor-container elementor-column-gap-default\">\n\t\t\t\t\t<div class=\"elementor-column elementor-col-50 elementor-inner-column elementor-element elementor-element-728c7d8\" data-id=\"728c7d8\" data-element_type=\"column\" data-e-type=\"column\">\n\t\t\t<div class=\"elementor-widget-wrap elementor-element-populated\">\n\t\t\t\t\t\t<div class=\"elementor-element elementor-element-0c7d662 elementor-widget elementor-widget-heading\" data-id=\"0c7d662\" data-element_type=\"widget\" data-e-type=\"widget\" data-widget_type=\"heading.default\">\n\t\t\t\t<div class=\"elementor-widget-container\">\n\t\t\t\t\t<h2 class=\"elementor-heading-title elementor-size-default\">Technologische Entwicklung mit realen Auswirkungen<\/h2>\t\t\t\t<\/div>\n\t\t\t\t<\/div>\n\t\t\t\t<div class=\"elementor-element elementor-element-f60b027 elementor-widget elementor-widget-text-editor\" data-id=\"f60b027\" data-element_type=\"widget\" data-e-type=\"widget\" data-widget_type=\"text-editor.default\">\n\t\t\t\t<div class=\"elementor-widget-container\">\n\t\t\t\t\t\t\t\t\t<p data-start=\"3635\" data-end=\"3862\">Unsere Vision von technologischer Entwicklung geht \u00fcber die blo\u00dfe Implementierung von Werkzeugen hinaus. Wir glauben an eine digitale Transformation, die \u2026 <strong data-start=\"3775\" data-end=\"3791\">reale Auswirkungen<\/strong>, das nachhaltigen Wert schafft und lokale Kapazit\u00e4ten st\u00e4rkt.<\/p><p data-start=\"3864\" data-end=\"3877\">Dies bedeutet:<\/p>\t\t\t\t\t\t\t\t<\/div>\n\t\t\t\t<\/div>\n\t\t\t\t\t<\/div>\n\t\t<\/div>\n\t\t\t\t<div class=\"elementor-column elementor-col-50 elementor-inner-column elementor-element elementor-element-7500c37\" data-id=\"7500c37\" data-element_type=\"column\" data-e-type=\"column\">\n\t\t\t<div class=\"elementor-widget-wrap elementor-element-populated\">\n\t\t\t\t\t\t<div class=\"elementor-element elementor-element-8ec8f09 elementor-widget elementor-widget-text-editor\" data-id=\"8ec8f09\" data-element_type=\"widget\" data-e-type=\"widget\" data-widget_type=\"text-editor.default\">\n\t\t\t\t<div class=\"elementor-widget-container\">\n\t\t\t\t\t\t\t\t\t<ul data-start=\"3879\" data-end=\"4171\"><li data-start=\"3879\" data-end=\"3945\"><p data-start=\"3881\" data-end=\"3945\">Technologische L\u00f6sungen entwerfen, die an den Kontext des Landes angepasst sind<\/p><\/li><li data-start=\"3946\" data-end=\"4004\"><p data-start=\"3948\" data-end=\"4004\">Unterst\u00fctzung von Organisationen bei ihrer digitalen Weiterentwicklung<\/p><\/li><li data-start=\"4005\" data-end=\"4052\"><p data-start=\"4007\" data-end=\"4052\">Investitionen in lokale Ausbildung und Talente<\/p><\/li><li data-start=\"4053\" data-end=\"4114\"><p data-start=\"4055\" data-end=\"4114\">Aufbau robuster und skalierbarer digitaler Infrastrukturen<\/p><\/li><li data-start=\"4115\" data-end=\"4171\"><p data-start=\"4117\" data-end=\"4171\">Um eine Kultur der Innovation und kontinuierlichen Verbesserung zu f\u00f6rdern<\/p><\/li><\/ul><p data-start=\"4173\" data-end=\"4339\">Technologie wird, wenn sie strategisch eingesetzt wird, zum Katalysator f\u00fcr Wirtschaftswachstum, institutionelle Effizienz und regionale Wettbewerbsf\u00e4higkeit.<\/p>\t\t\t\t\t\t\t\t<\/div>\n\t\t\t\t<\/div>\n\t\t\t\t\t<\/div>\n\t\t<\/div>\n\t\t\t\t\t<\/div>\n\t\t<\/section>\n\t\t\t\t<div class=\"elementor-element elementor-element-b612313 elementor-widget elementor-widget-heading\" data-id=\"b612313\" data-element_type=\"widget\" data-e-type=\"widget\" data-widget_type=\"heading.default\">\n\t\t\t\t<div class=\"elementor-widget-container\">\n\t\t\t\t\t<h2 class=\"elementor-heading-title elementor-size-default\">Investitionen in die digitale Zukunft der Region<\/h2>\t\t\t\t<\/div>\n\t\t\t\t<\/div>\n\t\t\t\t<div class=\"elementor-element elementor-element-ce044d9 elementor-widget elementor-widget-text-editor\" data-id=\"ce044d9\" data-element_type=\"widget\" data-e-type=\"widget\" data-widget_type=\"text-editor.default\">\n\t\t\t\t<div class=\"elementor-widget-container\">\n\t\t\t\t\t\t\t\t\t<p data-start=\"4393\" data-end=\"4627\">Die Wirtschaftsabkommen zwischen \u00c4quatorialguinea und Kamerun l\u00e4uten eine neue \u00c4ra f\u00fcr die Region ein. Eine \u00c4ra, in der Energiewachstum, internationale Zusammenarbeit und digitale Transformation koordiniert vorangetrieben werden m\u00fcssen.<\/p><p data-start=\"4629\" data-end=\"4780\">Wir bei The Cloud Group glauben weiterhin an diese Zukunftsvision:<br \/>Eine besser vernetzte, effizientere Region, die besser auf globale Herausforderungen vorbereitet ist.<\/p><p data-start=\"4782\" data-end=\"4915\">Unser Engagement ist nicht vor\u00fcbergehend.<br \/>Es handelt sich um ein langfristiges Engagement f\u00fcr technologische Entwicklung, Innovation und nachhaltigen Fortschritt.<\/p>\t\t\t\t\t\t\t\t<\/div>\n\t\t\t\t<\/div>\n\t\t\t\t<div class=\"elementor-element elementor-element-64792c2 elementor-widget elementor-widget-heading\" data-id=\"64792c2\" data-element_type=\"widget\" data-e-type=\"widget\" data-widget_type=\"heading.default\">\n\t\t\t\t<div class=\"elementor-widget-container\">\n\t\t\t\t\t<h2 class=\"elementor-heading-title elementor-size-default\">Blicken wir nach vorn<\/h2>\t\t\t\t<\/div>\n\t\t\t\t<\/div>\n\t\t\t\t<div class=\"elementor-element elementor-element-b3f5b10 elementor-widget elementor-widget-text-editor\" data-id=\"b3f5b10\" data-element_type=\"widget\" data-e-type=\"widget\" data-widget_type=\"text-editor.default\">\n\t\t\t\t<div class=\"elementor-widget-container\">\n\t\t\t\t\t\t\t\t\t<p data-start=\"4949\" data-end=\"5184\">Die Zukunft Zentralafrikas h\u00e4ngt von Zusammenarbeit, Stabilit\u00e4t und Modernisierung ab. Der heutige wirtschaftliche Fortschritt bildet das Fundament f\u00fcr die Entwicklung von morgen, und die digitale Transformation wird ein entscheidender Motor dieses Prozesses sein.<\/p><p data-start=\"5186\" data-end=\"5313\">Wir glauben weiterhin an \u00c4quatorialguinea.<br data-start=\"5225\" data-end=\"5228\" \/>Wir arbeiten weiterhin von innen heraus.<br data-start=\"5261\" data-end=\"5264\" \/>Wir investieren weiterhin in Ihre digitale Zukunft.<\/p>\t\t\t\t\t\t\t\t<\/div>\n\t\t\t\t<\/div>\n\t\t\t\t\t<\/div>\n\t\t<\/div>\n\t\t\t\t\t<\/div>\n\t\t<\/section>\n\t\t\t\t<\/div>","protected":false},"excerpt":{"rendered":"<p>In der riesigen digitalen Landschaft des 21. Jahrhunderts ist Sicherheit der Grundstein jedes Unternehmens. Cybersicherheitsl\u00fccken machen keinen Unterschied zwischen Gro\u00dfkonzernen und vielversprechenden Startups.<\/p>","protected":false},"author":20,"featured_media":28330,"comment_status":"closed","ping_status":"closed","sticky":false,"template":"elementor_header_footer","format":"standard","meta":{"footnotes":""},"categories":[1],"tags":[843],"class_list":["post-28341","post","type-post","status-publish","format-standard","has-post-thumbnail","hentry","category-sin-categoria","tag-deuda-tecnica"],"yoast_head":"<!-- This site is optimized with the Yoast SEO Premium plugin v27.4 (Yoast SEO v27.5) - https:\/\/yoast.com\/product\/yoast-seo-premium-wordpress\/ -->\n<title>Los avances econ\u00f3micos entre Guinea Ecuatorial y Camer\u00fan: una oportunidad estrat\u00e9gica para toda la regi\u00f3n | The Cloud Group<\/title>\n<meta name=\"robots\" content=\"index, follow, max-snippet:-1, max-image-preview:large, max-video-preview:-1\" \/>\n<link rel=\"canonical\" href=\"https:\/\/thecloud.group\/de\/der-wirtschaftliche-fortschritt-zwischen-aquatorialguinea-und-kamerun-stellt-eine-strategische-chance-fur-die-gesamte-region-dar\/\" \/>\n<meta property=\"og:locale\" content=\"de_DE\" \/>\n<meta property=\"og:type\" content=\"article\" \/>\n<meta property=\"og:title\" content=\"Los avances econ\u00f3micos entre Guinea Ecuatorial y Camer\u00fan: una oportunidad estrat\u00e9gica para toda la regi\u00f3n\" \/>\n<meta property=\"og:description\" content=\"En el vasto paisaje digital del siglo XXI, la seguridad es la piedra angular de cualquier empresa. La vulnerabilidad cibern\u00e9tica no distingue entre gigantes corporativos y startups prometedoras.\" \/>\n<meta property=\"og:url\" content=\"https:\/\/thecloud.group\/de\/der-wirtschaftliche-fortschritt-zwischen-aquatorialguinea-und-kamerun-stellt-eine-strategische-chance-fur-die-gesamte-region-dar\/\" \/>\n<meta property=\"og:site_name\" content=\"The Cloud Group\" \/>\n<meta property=\"article:publisher\" content=\"https:\/\/www.facebook.com\/thecloudgroupglobal\" \/>\n<meta property=\"article:published_time\" content=\"2026-02-05T20:00:09+00:00\" \/>\n<meta property=\"article:modified_time\" content=\"2026-02-05T20:11:41+00:00\" \/>\n<meta property=\"og:image\" content=\"https:\/\/thecloud.group\/wp-content\/uploads\/2026\/01\/arquitectura.png\" \/>\n\t<meta property=\"og:image:width\" content=\"1024\" \/>\n\t<meta property=\"og:image:height\" content=\"1024\" \/>\n\t<meta property=\"og:image:type\" content=\"image\/png\" \/>\n<meta name=\"author\" content=\"Paula Franco\" \/>\n<meta name=\"twitter:card\" content=\"summary_large_image\" \/>\n<meta name=\"twitter:label1\" content=\"Verfasst von\" \/>\n\t<meta name=\"twitter:data1\" content=\"Paula Franco\" \/>\n\t<meta name=\"twitter:label2\" content=\"Gesch\u00e4tzte Lesezeit\" \/>\n\t<meta name=\"twitter:data2\" content=\"4\u00a0Minuten\" \/>\n<script type=\"application\/ld+json\" class=\"yoast-schema-graph\">{\"@context\":\"https:\\\/\\\/schema.org\",\"@graph\":[{\"@type\":\"Article\",\"@id\":\"https:\\\/\\\/thecloud.group\\\/los-avances-economicos-entre-guinea-ecuatorial-y-camerun-una-oportunidad-estrategica-para-toda-la-region\\\/#article\",\"isPartOf\":{\"@id\":\"https:\\\/\\\/thecloud.group\\\/los-avances-economicos-entre-guinea-ecuatorial-y-camerun-una-oportunidad-estrategica-para-toda-la-region\\\/\"},\"author\":{\"name\":\"Paula Franco\",\"@id\":\"https:\\\/\\\/thecloud.group\\\/#\\\/schema\\\/person\\\/9292d905a1c98ea7345e5e71a5fe341f\"},\"headline\":\"Los avances econ\u00f3micos entre Guinea Ecuatorial y Camer\u00fan: una oportunidad estrat\u00e9gica para toda la regi\u00f3n\",\"datePublished\":\"2026-02-05T20:00:09+00:00\",\"dateModified\":\"2026-02-05T20:11:41+00:00\",\"mainEntityOfPage\":{\"@id\":\"https:\\\/\\\/thecloud.group\\\/los-avances-economicos-entre-guinea-ecuatorial-y-camerun-una-oportunidad-estrategica-para-toda-la-region\\\/\"},\"wordCount\":811,\"publisher\":{\"@id\":\"https:\\\/\\\/thecloud.group\\\/#organization\"},\"image\":{\"@id\":\"https:\\\/\\\/thecloud.group\\\/los-avances-economicos-entre-guinea-ecuatorial-y-camerun-una-oportunidad-estrategica-para-toda-la-region\\\/#primaryimage\"},\"thumbnailUrl\":\"https:\\\/\\\/thecloud.group\\\/wp-content\\\/uploads\\\/2026\\\/01\\\/arquitectura.png\",\"keywords\":[\"deuda tecnica\"],\"articleSection\":[\"Sin categor\u00eda\"],\"inLanguage\":\"de\"},{\"@type\":\"WebPage\",\"@id\":\"https:\\\/\\\/thecloud.group\\\/los-avances-economicos-entre-guinea-ecuatorial-y-camerun-una-oportunidad-estrategica-para-toda-la-region\\\/\",\"url\":\"https:\\\/\\\/thecloud.group\\\/los-avances-economicos-entre-guinea-ecuatorial-y-camerun-una-oportunidad-estrategica-para-toda-la-region\\\/\",\"name\":\"Los avances econ\u00f3micos entre Guinea Ecuatorial y Camer\u00fan: una oportunidad estrat\u00e9gica para toda la regi\u00f3n | The Cloud Group\",\"isPartOf\":{\"@id\":\"https:\\\/\\\/thecloud.group\\\/#website\"},\"primaryImageOfPage\":{\"@id\":\"https:\\\/\\\/thecloud.group\\\/los-avances-economicos-entre-guinea-ecuatorial-y-camerun-una-oportunidad-estrategica-para-toda-la-region\\\/#primaryimage\"},\"image\":{\"@id\":\"https:\\\/\\\/thecloud.group\\\/los-avances-economicos-entre-guinea-ecuatorial-y-camerun-una-oportunidad-estrategica-para-toda-la-region\\\/#primaryimage\"},\"thumbnailUrl\":\"https:\\\/\\\/thecloud.group\\\/wp-content\\\/uploads\\\/2026\\\/01\\\/arquitectura.png\",\"datePublished\":\"2026-02-05T20:00:09+00:00\",\"dateModified\":\"2026-02-05T20:11:41+00:00\",\"breadcrumb\":{\"@id\":\"https:\\\/\\\/thecloud.group\\\/los-avances-economicos-entre-guinea-ecuatorial-y-camerun-una-oportunidad-estrategica-para-toda-la-region\\\/#breadcrumb\"},\"inLanguage\":\"de\",\"potentialAction\":[{\"@type\":\"ReadAction\",\"target\":[\"https:\\\/\\\/thecloud.group\\\/los-avances-economicos-entre-guinea-ecuatorial-y-camerun-una-oportunidad-estrategica-para-toda-la-region\\\/\"]}]},{\"@type\":\"ImageObject\",\"inLanguage\":\"de\",\"@id\":\"https:\\\/\\\/thecloud.group\\\/los-avances-economicos-entre-guinea-ecuatorial-y-camerun-una-oportunidad-estrategica-para-toda-la-region\\\/#primaryimage\",\"url\":\"https:\\\/\\\/thecloud.group\\\/wp-content\\\/uploads\\\/2026\\\/01\\\/arquitectura.png\",\"contentUrl\":\"https:\\\/\\\/thecloud.group\\\/wp-content\\\/uploads\\\/2026\\\/01\\\/arquitectura.png\",\"width\":1024,\"height\":1024},{\"@type\":\"BreadcrumbList\",\"@id\":\"https:\\\/\\\/thecloud.group\\\/los-avances-economicos-entre-guinea-ecuatorial-y-camerun-una-oportunidad-estrategica-para-toda-la-region\\\/#breadcrumb\",\"itemListElement\":[{\"@type\":\"ListItem\",\"position\":1,\"name\":\"Home\",\"item\":\"https:\\\/\\\/thecloud.group\\\/\"},{\"@type\":\"ListItem\",\"position\":2,\"name\":\"Los avances econ\u00f3micos entre Guinea Ecuatorial y Camer\u00fan: una oportunidad estrat\u00e9gica para toda la regi\u00f3n\"}]},{\"@type\":\"WebSite\",\"@id\":\"https:\\\/\\\/thecloud.group\\\/#website\",\"url\":\"https:\\\/\\\/thecloud.group\\\/\",\"name\":\"The Cloud Group\",\"description\":\"|\u00a0Holding Internacional de Servicios\",\"publisher\":{\"@id\":\"https:\\\/\\\/thecloud.group\\\/#organization\"},\"potentialAction\":[{\"@type\":\"SearchAction\",\"target\":{\"@type\":\"EntryPoint\",\"urlTemplate\":\"https:\\\/\\\/thecloud.group\\\/?s={search_term_string}\"},\"query-input\":{\"@type\":\"PropertyValueSpecification\",\"valueRequired\":true,\"valueName\":\"search_term_string\"}}],\"inLanguage\":\"de\"},{\"@type\":\"Organization\",\"@id\":\"https:\\\/\\\/thecloud.group\\\/#organization\",\"name\":\"The Cloud Group - Holding International de Servicios\",\"url\":\"https:\\\/\\\/thecloud.group\\\/\",\"logo\":{\"@type\":\"ImageObject\",\"inLanguage\":\"de\",\"@id\":\"https:\\\/\\\/thecloud.group\\\/#\\\/schema\\\/logo\\\/image\\\/\",\"url\":\"https:\\\/\\\/thecloud.group\\\/wp-content\\\/uploads\\\/2020\\\/05\\\/logoSmallFirmaCorreo.png\",\"contentUrl\":\"https:\\\/\\\/thecloud.group\\\/wp-content\\\/uploads\\\/2020\\\/05\\\/logoSmallFirmaCorreo.png\",\"width\":300,\"height\":190,\"caption\":\"The Cloud Group - Holding International de Servicios\"},\"image\":{\"@id\":\"https:\\\/\\\/thecloud.group\\\/#\\\/schema\\\/logo\\\/image\\\/\"},\"sameAs\":[\"https:\\\/\\\/www.facebook.com\\\/thecloudgroupglobal\"]},{\"@type\":\"Person\",\"@id\":\"https:\\\/\\\/thecloud.group\\\/#\\\/schema\\\/person\\\/9292d905a1c98ea7345e5e71a5fe341f\",\"name\":\"Paula Franco\",\"image\":{\"@type\":\"ImageObject\",\"inLanguage\":\"de\",\"@id\":\"https:\\\/\\\/secure.gravatar.com\\\/avatar\\\/8622dc6801e07daa51e09fd706fb55b2bdf9cada1ade4ab996fb3b4549e9214c?s=96&d=mm&r=g\",\"url\":\"https:\\\/\\\/secure.gravatar.com\\\/avatar\\\/8622dc6801e07daa51e09fd706fb55b2bdf9cada1ade4ab996fb3b4549e9214c?s=96&d=mm&r=g\",\"contentUrl\":\"https:\\\/\\\/secure.gravatar.com\\\/avatar\\\/8622dc6801e07daa51e09fd706fb55b2bdf9cada1ade4ab996fb3b4549e9214c?s=96&d=mm&r=g\",\"caption\":\"Paula Franco\"}}]}<\/script>\n<!-- \/ Yoast SEO Premium plugin. -->","yoast_head_json":{"title":"Wirtschaftlicher Fortschritt zwischen \u00c4quatorialguinea und Kamerun: eine strategische Chance f\u00fcr die gesamte Region | The Cloud Group","robots":{"index":"index","follow":"follow","max-snippet":"max-snippet:-1","max-image-preview":"max-image-preview:large","max-video-preview":"max-video-preview:-1"},"canonical":"https:\/\/thecloud.group\/de\/der-wirtschaftliche-fortschritt-zwischen-aquatorialguinea-und-kamerun-stellt-eine-strategische-chance-fur-die-gesamte-region-dar\/","og_locale":"de_DE","og_type":"article","og_title":"Los avances econ\u00f3micos entre Guinea Ecuatorial y Camer\u00fan: una oportunidad estrat\u00e9gica para toda la regi\u00f3n","og_description":"En el vasto paisaje digital del siglo XXI, la seguridad es la piedra angular de cualquier empresa. La vulnerabilidad cibern\u00e9tica no distingue entre gigantes corporativos y startups prometedoras.","og_url":"https:\/\/thecloud.group\/de\/der-wirtschaftliche-fortschritt-zwischen-aquatorialguinea-und-kamerun-stellt-eine-strategische-chance-fur-die-gesamte-region-dar\/","og_site_name":"The Cloud Group","article_publisher":"https:\/\/www.facebook.com\/thecloudgroupglobal","article_published_time":"2026-02-05T20:00:09+00:00","article_modified_time":"2026-02-05T20:11:41+00:00","og_image":[{"width":1024,"height":1024,"url":"https:\/\/thecloud.group\/wp-content\/uploads\/2026\/01\/arquitectura.png","type":"image\/png"}],"author":"Paula Franco","twitter_card":"summary_large_image","twitter_misc":{"Verfasst von":"Paula Franco","Gesch\u00e4tzte Lesezeit":"4\u00a0Minuten"},"schema":{"@context":"https:\/\/schema.org","@graph":[{"@type":"Article","@id":"https:\/\/thecloud.group\/los-avances-economicos-entre-guinea-ecuatorial-y-camerun-una-oportunidad-estrategica-para-toda-la-region\/#article","isPartOf":{"@id":"https:\/\/thecloud.group\/los-avances-economicos-entre-guinea-ecuatorial-y-camerun-una-oportunidad-estrategica-para-toda-la-region\/"},"author":{"name":"Paula Franco","@id":"https:\/\/thecloud.group\/#\/schema\/person\/9292d905a1c98ea7345e5e71a5fe341f"},"headline":"Los avances econ\u00f3micos entre Guinea Ecuatorial y Camer\u00fan: una oportunidad estrat\u00e9gica para toda la regi\u00f3n","datePublished":"2026-02-05T20:00:09+00:00","dateModified":"2026-02-05T20:11:41+00:00","mainEntityOfPage":{"@id":"https:\/\/thecloud.group\/los-avances-economicos-entre-guinea-ecuatorial-y-camerun-una-oportunidad-estrategica-para-toda-la-region\/"},"wordCount":811,"publisher":{"@id":"https:\/\/thecloud.group\/#organization"},"image":{"@id":"https:\/\/thecloud.group\/los-avances-economicos-entre-guinea-ecuatorial-y-camerun-una-oportunidad-estrategica-para-toda-la-region\/#primaryimage"},"thumbnailUrl":"https:\/\/thecloud.group\/wp-content\/uploads\/2026\/01\/arquitectura.png","keywords":["deuda tecnica"],"articleSection":["Sin categor\u00eda"],"inLanguage":"de"},{"@type":"WebPage","@id":"https:\/\/thecloud.group\/los-avances-economicos-entre-guinea-ecuatorial-y-camerun-una-oportunidad-estrategica-para-toda-la-region\/","url":"https:\/\/thecloud.group\/los-avances-economicos-entre-guinea-ecuatorial-y-camerun-una-oportunidad-estrategica-para-toda-la-region\/","name":"Wirtschaftlicher Fortschritt zwischen \u00c4quatorialguinea und Kamerun: eine strategische Chance f\u00fcr die gesamte Region | The Cloud Group","isPartOf":{"@id":"https:\/\/thecloud.group\/#website"},"primaryImageOfPage":{"@id":"https:\/\/thecloud.group\/los-avances-economicos-entre-guinea-ecuatorial-y-camerun-una-oportunidad-estrategica-para-toda-la-region\/#primaryimage"},"image":{"@id":"https:\/\/thecloud.group\/los-avances-economicos-entre-guinea-ecuatorial-y-camerun-una-oportunidad-estrategica-para-toda-la-region\/#primaryimage"},"thumbnailUrl":"https:\/\/thecloud.group\/wp-content\/uploads\/2026\/01\/arquitectura.png","datePublished":"2026-02-05T20:00:09+00:00","dateModified":"2026-02-05T20:11:41+00:00","breadcrumb":{"@id":"https:\/\/thecloud.group\/los-avances-economicos-entre-guinea-ecuatorial-y-camerun-una-oportunidad-estrategica-para-toda-la-region\/#breadcrumb"},"inLanguage":"de","potentialAction":[{"@type":"ReadAction","target":["https:\/\/thecloud.group\/los-avances-economicos-entre-guinea-ecuatorial-y-camerun-una-oportunidad-estrategica-para-toda-la-region\/"]}]},{"@type":"ImageObject","inLanguage":"de","@id":"https:\/\/thecloud.group\/los-avances-economicos-entre-guinea-ecuatorial-y-camerun-una-oportunidad-estrategica-para-toda-la-region\/#primaryimage","url":"https:\/\/thecloud.group\/wp-content\/uploads\/2026\/01\/arquitectura.png","contentUrl":"https:\/\/thecloud.group\/wp-content\/uploads\/2026\/01\/arquitectura.png","width":1024,"height":1024},{"@type":"BreadcrumbList","@id":"https:\/\/thecloud.group\/los-avances-economicos-entre-guinea-ecuatorial-y-camerun-una-oportunidad-estrategica-para-toda-la-region\/#breadcrumb","itemListElement":[{"@type":"ListItem","position":1,"name":"Home","item":"https:\/\/thecloud.group\/"},{"@type":"ListItem","position":2,"name":"Los avances econ\u00f3micos entre Guinea Ecuatorial y Camer\u00fan: una oportunidad estrat\u00e9gica para toda la regi\u00f3n"}]},{"@type":"WebSite","@id":"https:\/\/thecloud.group\/#website","url":"https:\/\/thecloud.group\/","name":"Die Cloud-Gruppe","description":"| International Services Holding","publisher":{"@id":"https:\/\/thecloud.group\/#organization"},"potentialAction":[{"@type":"SearchAction","target":{"@type":"EntryPoint","urlTemplate":"https:\/\/thecloud.group\/?s={search_term_string}"},"query-input":{"@type":"PropertyValueSpecification","valueRequired":true,"valueName":"search_term_string"}}],"inLanguage":"de"},{"@type":"Organization","@id":"https:\/\/thecloud.group\/#organization","name":"The Cloud Group \u2013 Internationale Dienstleistungsholding","url":"https:\/\/thecloud.group\/","logo":{"@type":"ImageObject","inLanguage":"de","@id":"https:\/\/thecloud.group\/#\/schema\/logo\/image\/","url":"https:\/\/thecloud.group\/wp-content\/uploads\/2020\/05\/logoSmallFirmaCorreo.png","contentUrl":"https:\/\/thecloud.group\/wp-content\/uploads\/2020\/05\/logoSmallFirmaCorreo.png","width":300,"height":190,"caption":"The Cloud Group - Holding International de Servicios"},"image":{"@id":"https:\/\/thecloud.group\/#\/schema\/logo\/image\/"},"sameAs":["https:\/\/www.facebook.com\/thecloudgroupglobal"]},{"@type":"Person","@id":"https:\/\/thecloud.group\/#\/schema\/person\/9292d905a1c98ea7345e5e71a5fe341f","name":"Paula Franco","image":{"@type":"ImageObject","inLanguage":"de","@id":"https:\/\/secure.gravatar.com\/avatar\/8622dc6801e07daa51e09fd706fb55b2bdf9cada1ade4ab996fb3b4549e9214c?s=96&d=mm&r=g","url":"https:\/\/secure.gravatar.com\/avatar\/8622dc6801e07daa51e09fd706fb55b2bdf9cada1ade4ab996fb3b4549e9214c?s=96&d=mm&r=g","contentUrl":"https:\/\/secure.gravatar.com\/avatar\/8622dc6801e07daa51e09fd706fb55b2bdf9cada1ade4ab996fb3b4549e9214c?s=96&d=mm&r=g","caption":"Paula Franco"}}]}},"_links":{"self":[{"href":"https:\/\/thecloud.group\/de\/wp-json\/wp\/v2\/posts\/28341","targetHints":{"allow":["GET"]}}],"collection":[{"href":"https:\/\/thecloud.group\/de\/wp-json\/wp\/v2\/posts"}],"about":[{"href":"https:\/\/thecloud.group\/de\/wp-json\/wp\/v2\/types\/post"}],"author":[{"embeddable":true,"href":"https:\/\/thecloud.group\/de\/wp-json\/wp\/v2\/users\/20"}],"replies":[{"embeddable":true,"href":"https:\/\/thecloud.group\/de\/wp-json\/wp\/v2\/comments?post=28341"}],"version-history":[{"count":4,"href":"https:\/\/thecloud.group\/de\/wp-json\/wp\/v2\/posts\/28341\/revisions"}],"predecessor-version":[{"id":28348,"href":"https:\/\/thecloud.group\/de\/wp-json\/wp\/v2\/posts\/28341\/revisions\/28348"}],"wp:featuredmedia":[{"embeddable":true,"href":"https:\/\/thecloud.group\/de\/wp-json\/wp\/v2\/media\/28330"}],"wp:attachment":[{"href":"https:\/\/thecloud.group\/de\/wp-json\/wp\/v2\/media?parent=28341"}],"wp:term":[{"taxonomy":"category","embeddable":true,"href":"https:\/\/thecloud.group\/de\/wp-json\/wp\/v2\/categories?post=28341"},{"taxonomy":"post_tag","embeddable":true,"href":"https:\/\/thecloud.group\/de\/wp-json\/wp\/v2\/tags?post=28341"}],"curies":[{"name":"wp","href":"https:\/\/api.w.org\/{rel}","templated":true}]}}