{"id":28323,"date":"2026-01-29T16:35:12","date_gmt":"2026-01-29T16:35:12","guid":{"rendered":"https:\/\/thecloud.group\/?p=28323"},"modified":"2026-02-05T20:12:13","modified_gmt":"2026-02-05T20:12:13","slug":"warum-2026-das-jahr-der-architektur-und-nicht-der-software-sein-wird-die-stillschweigende-entscheidung-die-die-fuhrenden-kopfe-des-neuen-digitalen-zyklus-pragen-wird","status":"publish","type":"post","link":"https:\/\/thecloud.group\/de\/por-que-2026-sera-el-ano-de-la-arquitectura-y-no-del-software-la-decision-silenciosa-que-definira-a-los-lideres-del-nuevo-ciclo-digital\/","title":{"rendered":"Warum 2026 das Jahr der Architektur (und nicht der Software) sein wird: Die stillschweigende Entscheidung, die die F\u00fchrungskr\u00e4fte des neuen digitalen Zyklus pr\u00e4gen wird"},"content":{"rendered":"<div data-elementor-type=\"wp-post\" data-elementor-id=\"28323\" class=\"elementor elementor-28323\" data-elementor-post-type=\"post\">\n\t\t\t\t\t\t<section class=\"elementor-section elementor-top-section elementor-element elementor-element-376e7ba3 elementor-section-stretched elementor-section-boxed elementor-section-height-default elementor-section-height-default\" data-id=\"376e7ba3\" data-element_type=\"section\" data-e-type=\"section\" data-settings=\"{&quot;stretch_section&quot;:&quot;section-stretched&quot;,&quot;background_background&quot;:&quot;classic&quot;}\">\n\t\t\t\t\t\t\t<div class=\"elementor-background-overlay\"><\/div>\n\t\t\t\t\t\t\t<div class=\"elementor-container elementor-column-gap-default\">\n\t\t\t\t\t<div class=\"elementor-column elementor-col-100 elementor-top-column elementor-element elementor-element-282dfd6e\" data-id=\"282dfd6e\" data-element_type=\"column\" data-e-type=\"column\" data-settings=\"{&quot;background_background&quot;:&quot;classic&quot;}\">\n\t\t\t<div class=\"elementor-widget-wrap elementor-element-populated\">\n\t\t\t\t\t\t<div class=\"elementor-element elementor-element-1f031e5a elementor-widget elementor-widget-image\" data-id=\"1f031e5a\" data-element_type=\"widget\" data-e-type=\"widget\" data-widget_type=\"image.default\">\n\t\t\t\t<div class=\"elementor-widget-container\">\n\t\t\t\t\t\t\t\t\t\t\t\t\t\t\t<img decoding=\"async\" src=\"https:\/\/thecloud.group\/wp-content\/uploads\/elementor\/thumbs\/logo-pd8scx7e21qrxkwrdlcuh7c8eeq4vmzqsjri81k6ps.png\" title=\"Logo\" alt=\"Logo\" loading=\"lazy\" \/>\t\t\t\t\t\t\t\t\t\t\t\t\t\t\t<\/div>\n\t\t\t\t<\/div>\n\t\t\t\t<section class=\"elementor-section elementor-inner-section elementor-element elementor-element-6cb5a9a0 elementor-section-boxed elementor-section-height-default elementor-section-height-default\" data-id=\"6cb5a9a0\" data-element_type=\"section\" data-e-type=\"section\">\n\t\t\t\t\t\t<div class=\"elementor-container elementor-column-gap-default\">\n\t\t\t\t\t<div class=\"elementor-column elementor-col-33 elementor-inner-column elementor-element elementor-element-13ae91dd\" data-id=\"13ae91dd\" data-element_type=\"column\" data-e-type=\"column\">\n\t\t\t<div class=\"elementor-widget-wrap\">\n\t\t\t\t\t\t\t<\/div>\n\t\t<\/div>\n\t\t\t\t<div class=\"elementor-column elementor-col-33 elementor-inner-column elementor-element elementor-element-18a53d0b\" data-id=\"18a53d0b\" data-element_type=\"column\" data-e-type=\"column\">\n\t\t\t<div class=\"elementor-widget-wrap elementor-element-populated\">\n\t\t\t\t\t\t<div class=\"elementor-element elementor-element-5afb5859 elementor-widget elementor-widget-heading\" data-id=\"5afb5859\" data-element_type=\"widget\" data-e-type=\"widget\" data-widget_type=\"heading.default\">\n\t\t\t\t<div class=\"elementor-widget-container\">\n\t\t\t\t\t<h1 class=\"elementor-heading-title elementor-size-default\">Warum 2026 das Jahr der Architektur (und nicht der Software) sein wird: Die stillschweigende Entscheidung, die die F\u00fchrungskr\u00e4fte des neuen digitalen Zyklus pr\u00e4gen wird<\/h1>\t\t\t\t<\/div>\n\t\t\t\t<\/div>\n\t\t\t\t\t<\/div>\n\t\t<\/div>\n\t\t\t\t<div class=\"elementor-column elementor-col-33 elementor-inner-column elementor-element elementor-element-395a2c18\" data-id=\"395a2c18\" data-element_type=\"column\" data-e-type=\"column\">\n\t\t\t<div class=\"elementor-widget-wrap\">\n\t\t\t\t\t\t\t<\/div>\n\t\t<\/div>\n\t\t\t\t\t<\/div>\n\t\t<\/section>\n\t\t\t\t<section class=\"elementor-section elementor-inner-section elementor-element elementor-element-a6d2174 elementor-section-boxed elementor-section-height-default elementor-section-height-default\" data-id=\"a6d2174\" data-element_type=\"section\" data-e-type=\"section\">\n\t\t\t\t\t\t<div class=\"elementor-container elementor-column-gap-default\">\n\t\t\t\t\t<div class=\"elementor-column elementor-col-25 elementor-inner-column elementor-element elementor-element-3f865388\" data-id=\"3f865388\" data-element_type=\"column\" data-e-type=\"column\">\n\t\t\t<div class=\"elementor-widget-wrap\">\n\t\t\t\t\t\t\t<\/div>\n\t\t<\/div>\n\t\t\t\t<div class=\"elementor-column elementor-col-25 elementor-inner-column elementor-element elementor-element-496c9107\" data-id=\"496c9107\" data-element_type=\"column\" data-e-type=\"column\">\n\t\t\t<div class=\"elementor-widget-wrap\">\n\t\t\t\t\t\t\t<\/div>\n\t\t<\/div>\n\t\t\t\t<div class=\"elementor-column elementor-col-25 elementor-inner-column elementor-element elementor-element-632a6465\" data-id=\"632a6465\" data-element_type=\"column\" data-e-type=\"column\">\n\t\t\t<div class=\"elementor-widget-wrap\">\n\t\t\t\t\t\t\t<\/div>\n\t\t<\/div>\n\t\t\t\t<div class=\"elementor-column elementor-col-25 elementor-inner-column elementor-element elementor-element-2293a1de\" data-id=\"2293a1de\" data-element_type=\"column\" data-e-type=\"column\">\n\t\t\t<div class=\"elementor-widget-wrap\">\n\t\t\t\t\t\t\t<\/div>\n\t\t<\/div>\n\t\t\t\t\t<\/div>\n\t\t<\/section>\n\t\t\t\t\t<\/div>\n\t\t<\/div>\n\t\t\t\t\t<\/div>\n\t\t<\/section>\n\t\t\t\t<section class=\"elementor-section elementor-top-section elementor-element elementor-element-2f9856da elementor-section-boxed elementor-section-height-default elementor-section-height-default\" data-id=\"2f9856da\" data-element_type=\"section\" data-e-type=\"section\">\n\t\t\t\t\t\t<div class=\"elementor-container elementor-column-gap-default\">\n\t\t\t\t\t<div class=\"elementor-column elementor-col-100 elementor-top-column elementor-element elementor-element-12b89ad8\" data-id=\"12b89ad8\" data-element_type=\"column\" data-e-type=\"column\">\n\t\t\t<div class=\"elementor-widget-wrap elementor-element-populated\">\n\t\t\t\t\t\t<div class=\"elementor-element elementor-element-32209c27 elementor-widget elementor-widget-text-editor\" data-id=\"32209c27\" data-element_type=\"widget\" data-e-type=\"widget\" data-widget_type=\"text-editor.default\">\n\t\t\t\t<div class=\"elementor-widget-container\">\n\t\t\t\t\t\t\t\t\t<p data-start=\"633\" data-end=\"765\">Jahrelang verwechselte der Markt Fortschritt mit Akquisition.<br data-start=\"693\" data-end=\"696\" \/>Mehr Software.<br data-start=\"709\" data-end=\"712\" \/>Mehr Lizenzen.<br data-start=\"726\" data-end=\"729\" \/>Mehr Plattformen.<br data-start=\"745\" data-end=\"748\" \/>Mehr Werkzeuge.<\/p><p data-start=\"767\" data-end=\"851\">Die Gleichung schien logisch:<br data-start=\"794\" data-end=\"797\" \/>Wenn wir mehr Technologie kaufen, werden wir wettbewerbsf\u00e4higer sein.<\/p><p data-start=\"853\" data-end=\"898\">Im Jahr 2026 wird diese Logik definitiv nicht mehr gelten.<\/p><p data-start=\"900\" data-end=\"1179\">Heutzutage werden die meisten Unternehmen nicht durch einen Mangel an Software eingeschr\u00e4nkt, sondern durch <strong data-start=\"981\" data-end=\"1040\">wie diese Software organisiert, vernetzt und gestaltet ist<\/strong>. Moderne, teure und scheinbar hochentwickelte Systeme werden zu stillen Bremsen, wenn ihnen eine klare Architektur zugrunde liegt.<\/p><p data-start=\"1181\" data-end=\"1427\">Laut Sch\u00e4tzungen von <span class=\"hover:entity-accent entity-underline inline cursor-pointer align-baseline\"><span class=\"whitespace-normal\">Gartner<\/span><\/span>, <em data-start=\"1242\" data-end=\"1330\">\u00dcber 701 % der Ausgaben f\u00fcr Gesch\u00e4ftstechnologie generieren keinen nachhaltigen Wettbewerbsvorteil.<\/em>, vor allem, weil in Werkzeuge investiert wird, ohne die Struktur, die diese st\u00fctzt, neu zu gestalten.<\/p><p data-start=\"1429\" data-end=\"1585\">Das neue Jahr markiert einen Wendepunkt:<br data-start=\"1470\" data-end=\"1473\" \/>Der Vorteil wird nicht mehr darin liegen <strong data-start=\"1500\" data-end=\"1521\">Welche Software verwenden Sie?<\/strong>, aber in <strong data-start=\"1531\" data-end=\"1584\">Wie schafft man es, dass es als koh\u00e4rentes System funktioniert?<\/strong>.<\/p>\t\t\t\t\t\t\t\t<\/div>\n\t\t\t\t<\/div>\n\t\t\t\t<div class=\"elementor-element elementor-element-dff5a6f elementor-widget elementor-widget-heading\" data-id=\"dff5a6f\" data-element_type=\"widget\" data-e-type=\"widget\" data-widget_type=\"heading.default\">\n\t\t\t\t<div class=\"elementor-widget-container\">\n\t\t\t\t\t<h2 class=\"elementor-heading-title elementor-size-default\">Die Ersch\u00f6pfung des \u201cSoftware-First\u201d-Modells\u201d<\/h2>\t\t\t\t<\/div>\n\t\t\t\t<\/div>\n\t\t\t\t<div class=\"elementor-element elementor-element-8c34bb9 elementor-widget elementor-widget-text-editor\" data-id=\"8c34bb9\" data-element_type=\"widget\" data-e-type=\"widget\" data-widget_type=\"text-editor.default\">\n\t\t\t\t<div class=\"elementor-widget-container\">\n\t\t\t\t\t\t\t\t\t<p data-start=\"1641\" data-end=\"1773\">Der \u201cSoftware-First\u201d-Ansatz dominierte das letzte Jahrzehnt. Angesichts jedes Problems war die Antwort immer dieselbe:<br data-start=\"1740\" data-end=\"1743\" \/>Kauf dir ein neues Werkzeug.<\/p><ul data-start=\"1775\" data-end=\"1988\"><li data-start=\"1775\" data-end=\"1810\"><p data-start=\"1777\" data-end=\"1810\">Vertriebsprobleme \u2192 neues CRM<\/p><\/li><li data-start=\"1811\" data-end=\"1847\"><p data-start=\"1813\" data-end=\"1847\">Betriebsprobleme \u2192 neues ERP-System<\/p><\/li><li data-start=\"1848\" data-end=\"1892\"><p data-start=\"1850\" data-end=\"1892\">Datenprobleme \u2192 neue BI-Plattform<\/p><\/li><li data-start=\"1893\" data-end=\"1935\"><p data-start=\"1895\" data-end=\"1935\">Produktivit\u00e4tsprobleme \u2192 neue App<\/p><\/li><li data-start=\"1936\" data-end=\"1988\"><p data-start=\"1938\" data-end=\"1988\">Kundenserviceprobleme \u2192 neues Ticketsystem<\/p><\/li><\/ul><p data-start=\"1990\" data-end=\"2145\">Das Ergebnis war ein fragmentiertes \u00d6kosystem voller fragiler Integrationen, versteckter Abh\u00e4ngigkeiten und Prozesse, die nur funktionieren, weil jemand \u201cwei\u00df, wie\u201d.<\/p><p data-start=\"2147\" data-end=\"2350\"><span class=\"hover:entity-accent entity-underline inline cursor-pointer align-baseline\"><span class=\"whitespace-normal\">McKinsey<\/span><\/span> warnt davor, dass <em data-start=\"2198\" data-end=\"2303\">Unternehmen mit mehr als 10 nicht integrierten kritischen Systemen verlieren bis zu 301 TP3T an betrieblicher Effizienz.<\/em>, selbst bei Verwendung erstklassiger Software.<\/p><p data-start=\"2352\" data-end=\"2432\">Das Problem liegt nicht in der Qualit\u00e4t der Software.<br data-start=\"2394\" data-end=\"2397\" \/>Es ist das Fehlen von <strong data-start=\"2415\" data-end=\"2431\">Architektur<\/strong>.<\/p>\t\t\t\t\t\t\t\t<\/div>\n\t\t\t\t<\/div>\n\t\t\t\t<section class=\"elementor-section elementor-inner-section elementor-element elementor-element-30fd7bef elementor-section-boxed elementor-section-height-default elementor-section-height-default\" data-id=\"30fd7bef\" data-element_type=\"section\" data-e-type=\"section\">\n\t\t\t\t\t\t<div class=\"elementor-container elementor-column-gap-default\">\n\t\t\t\t\t<div class=\"elementor-column elementor-col-50 elementor-inner-column elementor-element elementor-element-826ab8a\" data-id=\"826ab8a\" data-element_type=\"column\" data-e-type=\"column\">\n\t\t\t<div class=\"elementor-widget-wrap elementor-element-populated\">\n\t\t\t\t\t\t<div class=\"elementor-element elementor-element-d10199a elementor-widget elementor-widget-image\" data-id=\"d10199a\" data-element_type=\"widget\" data-e-type=\"widget\" data-widget_type=\"image.default\">\n\t\t\t\t<div class=\"elementor-widget-container\">\n\t\t\t\t\t\t\t\t\t\t\t\t\t\t\t<img fetchpriority=\"high\" decoding=\"async\" width=\"800\" height=\"800\" src=\"https:\/\/thecloud.group\/wp-content\/uploads\/2026\/01\/arquitectura.png\" class=\"elementor-animation-hang attachment-large size-large wp-image-28330\" alt=\"\" srcset=\"https:\/\/thecloud.group\/wp-content\/uploads\/2026\/01\/arquitectura.png 1024w, https:\/\/thecloud.group\/wp-content\/uploads\/2026\/01\/arquitectura-300x300.png 300w, https:\/\/thecloud.group\/wp-content\/uploads\/2026\/01\/arquitectura-150x150.png 150w, https:\/\/thecloud.group\/wp-content\/uploads\/2026\/01\/arquitectura-768x768.png 768w, https:\/\/thecloud.group\/wp-content\/uploads\/2026\/01\/arquitectura-12x12.png 12w\" sizes=\"(max-width: 800px) 100vw, 800px\" \/>\t\t\t\t\t\t\t\t\t\t\t\t\t\t\t<\/div>\n\t\t\t\t<\/div>\n\t\t\t\t<div class=\"elementor-element elementor-element-1107fe2 elementor-widget elementor-widget-text-editor\" data-id=\"1107fe2\" data-element_type=\"widget\" data-e-type=\"widget\" data-widget_type=\"text-editor.default\">\n\t\t\t\t<div class=\"elementor-widget-container\">\n\t\t\t\t\t\t\t\t\t<p data-start=\"2935\" data-end=\"3017\">Architektur beantwortet Fragen, die Software allein nicht beantworten kann.<\/p><p data-start=\"3019\" data-end=\"3196\">Deshalb k\u00f6nnen zwei Unternehmen, die dieselben Werkzeuge verwenden, zu radikal unterschiedlichen Ergebnissen kommen.<br data-start=\"3116\" data-end=\"3119\" \/>Der Unterschied liegt nicht in der Technologie, sondern in <strong data-start=\"3167\" data-end=\"3195\">das Design, das es verbindet<\/strong>.<\/p>\t\t\t\t\t\t\t\t<\/div>\n\t\t\t\t<\/div>\n\t\t\t\t\t<\/div>\n\t\t<\/div>\n\t\t\t\t<div class=\"elementor-column elementor-col-50 elementor-inner-column elementor-element elementor-element-54308f1a\" data-id=\"54308f1a\" data-element_type=\"column\" data-e-type=\"column\">\n\t\t\t<div class=\"elementor-widget-wrap elementor-element-populated\">\n\t\t\t\t\t\t<div class=\"elementor-element elementor-element-561f661 elementor-widget elementor-widget-heading\" data-id=\"561f661\" data-element_type=\"widget\" data-e-type=\"widget\" data-widget_type=\"heading.default\">\n\t\t\t\t<div class=\"elementor-widget-container\">\n\t\t\t\t\t<h2 class=\"elementor-heading-title elementor-size-default\">Was verstehen wir im Jahr 2026 eigentlich unter Architektur?<\/h2>\t\t\t\t<\/div>\n\t\t\t\t<\/div>\n\t\t\t\t<div class=\"elementor-element elementor-element-4ec288ca elementor-widget elementor-widget-text-editor\" data-id=\"4ec288ca\" data-element_type=\"widget\" data-e-type=\"widget\" data-widget_type=\"text-editor.default\">\n\t\t\t\t<div class=\"elementor-widget-container\">\n\t\t\t\t\t\t\t\t\t<p data-start=\"2495\" data-end=\"2686\">\u00dcber Architektur zu sprechen bedeutet nicht nur, \u00fcber technische Infrastruktur zu sprechen.<br data-start=\"2568\" data-end=\"2571\" \/>Im Jahr 2026 ist die Architektur die <strong data-start=\"2602\" data-end=\"2665\">Gestaltung des gesamten Systems von Entscheidungen, Daten und Prozessen<\/strong> einer Organisation.<\/p><p data-start=\"2688\" data-end=\"2718\">Gute Architektur definiert:<\/p><ul data-start=\"2720\" data-end=\"2933\"><li data-start=\"2720\" data-end=\"2749\"><p data-start=\"2722\" data-end=\"2749\">Wie Informationen flie\u00dfen<\/p><\/li><li data-start=\"2750\" data-end=\"2775\"><p data-start=\"2752\" data-end=\"2775\">Wer entscheidet und wann<\/p><\/li><li data-start=\"2776\" data-end=\"2806\"><p data-start=\"2778\" data-end=\"2806\">Was wird automatisiert und was nicht?<\/p><\/li><li data-start=\"2807\" data-end=\"2840\"><p data-start=\"2809\" data-end=\"2840\">Wie die Systeme integriert werden<\/p><\/li><li data-start=\"2841\" data-end=\"2873\"><p data-start=\"2843\" data-end=\"2873\">Was passiert, wenn etwas schiefgeht?<\/p><\/li><li data-start=\"2874\" data-end=\"2905\"><p data-start=\"2876\" data-end=\"2905\">Wie man klettert, ohne zu brechen<\/p><\/li><li data-start=\"2906\" data-end=\"2933\"><p data-start=\"2908\" data-end=\"2933\">Wie das System lernt<\/p><\/li><\/ul><p data-start=\"2935\" data-end=\"3017\">Architektur beantwortet Fragen, die Software allein nicht beantworten kann.<\/p><p data-start=\"3019\" data-end=\"3196\">Deshalb k\u00f6nnen zwei Unternehmen, die dieselben Werkzeuge verwenden, zu radikal unterschiedlichen Ergebnissen kommen.<br data-start=\"3116\" data-end=\"3119\" \/>Der Unterschied liegt nicht in der Technologie, sondern in <strong data-start=\"3167\" data-end=\"3195\">das Design, das es verbindet<\/strong>.<\/p>\t\t\t\t\t\t\t\t<\/div>\n\t\t\t\t<\/div>\n\t\t\t\t\t<\/div>\n\t\t<\/div>\n\t\t\t\t\t<\/div>\n\t\t<\/section>\n\t\t\t\t<section class=\"elementor-section elementor-inner-section elementor-element elementor-element-441d2fd elementor-section-boxed elementor-section-height-default elementor-section-height-default\" data-id=\"441d2fd\" data-element_type=\"section\" data-e-type=\"section\">\n\t\t\t\t\t\t<div class=\"elementor-container elementor-column-gap-default\">\n\t\t\t\t\t<div class=\"elementor-column elementor-col-50 elementor-inner-column elementor-element elementor-element-bfe2f8f\" data-id=\"bfe2f8f\" data-element_type=\"column\" data-e-type=\"column\">\n\t\t\t<div class=\"elementor-widget-wrap elementor-element-populated\">\n\t\t\t\t\t\t<div class=\"elementor-element elementor-element-7ef0754 elementor-widget elementor-widget-image\" data-id=\"7ef0754\" data-element_type=\"widget\" data-e-type=\"widget\" data-widget_type=\"image.default\">\n\t\t\t\t<div class=\"elementor-widget-container\">\n\t\t\t\t\t\t\t\t\t\t\t\t\t\t\t<img decoding=\"async\" width=\"768\" height=\"768\" src=\"https:\/\/thecloud.group\/wp-content\/uploads\/2026\/01\/arquitectura2026-768x768.png\" class=\"elementor-animation-hang attachment-medium_large size-medium_large wp-image-28331\" alt=\"\" srcset=\"https:\/\/thecloud.group\/wp-content\/uploads\/2026\/01\/arquitectura2026-768x768.png 768w, https:\/\/thecloud.group\/wp-content\/uploads\/2026\/01\/arquitectura2026-300x300.png 300w, https:\/\/thecloud.group\/wp-content\/uploads\/2026\/01\/arquitectura2026-150x150.png 150w, https:\/\/thecloud.group\/wp-content\/uploads\/2026\/01\/arquitectura2026-12x12.png 12w, https:\/\/thecloud.group\/wp-content\/uploads\/2026\/01\/arquitectura2026.png 1024w\" sizes=\"(max-width: 768px) 100vw, 768px\" \/>\t\t\t\t\t\t\t\t\t\t\t\t\t\t\t<\/div>\n\t\t\t\t<\/div>\n\t\t\t\t\t<\/div>\n\t\t<\/div>\n\t\t\t\t<div class=\"elementor-column elementor-col-50 elementor-inner-column elementor-element elementor-element-70efc71\" data-id=\"70efc71\" data-element_type=\"column\" data-e-type=\"column\">\n\t\t\t<div class=\"elementor-widget-wrap elementor-element-populated\">\n\t\t\t\t\t\t<div class=\"elementor-element elementor-element-bd1df60 elementor-widget elementor-widget-heading\" data-id=\"bd1df60\" data-element_type=\"widget\" data-e-type=\"widget\" data-widget_type=\"heading.default\">\n\t\t\t\t<div class=\"elementor-widget-container\">\n\t\t\t\t\t<h2 class=\"elementor-heading-title elementor-size-default\">Software\u00e4nderungen, Architektur bleibt<\/h2>\t\t\t\t<\/div>\n\t\t\t\t<\/div>\n\t\t\t\t<div class=\"elementor-element elementor-element-8e19339 elementor-widget elementor-widget-text-editor\" data-id=\"8e19339\" data-element_type=\"widget\" data-e-type=\"widget\" data-widget_type=\"text-editor.default\">\n\t\t\t\t<div class=\"elementor-widget-container\">\n\t\t\t\t\t\t\t\t\t<p data-start=\"3249\" data-end=\"3368\">Eine der am meisten ignorierten Wahrheiten in der Technologie ist folgende:<br data-start=\"3305\" data-end=\"3308\" \/><strong data-start=\"3308\" data-end=\"3367\">Software ist tempor\u00e4r; Architektur ist strukturell.<\/strong>.<\/p><p data-start=\"3370\" data-end=\"3487\">Die Werkzeuge \u00e4ndern sich alle paar Jahre.<br data-start=\"3411\" data-end=\"3414\" \/>Die Versionen wurden aktualisiert.<br data-start=\"3442\" data-end=\"3445\" \/>Lieferanten entwickeln sich weiter oder verschwinden.<\/p><p data-start=\"3489\" data-end=\"3562\">Architektur hingegen definiert \u00fcber Jahrzehnte die Logik des Unternehmens.<\/p><p data-start=\"3564\" data-end=\"3790\"><span class=\"hover:entity-accent entity-underline inline cursor-pointer align-baseline\"><span class=\"whitespace-normal\">Forrester<\/span><\/span> Es deutet darauf hin, dass <em data-start=\"3613\" data-end=\"3716\">Organisationen, die eine modulare Architektur entwerfen, reduzieren die Kosten f\u00fcr den Austausch von Software um 50%.<\/em>, eben weil das System nicht von einem bestimmten Werkzeug abh\u00e4ngt.<\/p><p data-start=\"3792\" data-end=\"3928\">Im Jahr 2026 werden f\u00fchrende Unternehmen nicht mehr nach \u201cdem besten Werkzeug\u201d suchen, sondern <strong data-start=\"3863\" data-end=\"3927\">austauschbare Werkzeuge innerhalb einer robusten Architektur<\/strong>.<\/p>\t\t\t\t\t\t\t\t<\/div>\n\t\t\t\t<\/div>\n\t\t\t\t\t<\/div>\n\t\t<\/div>\n\t\t\t\t\t<\/div>\n\t\t<\/section>\n\t\t\t\t<div class=\"elementor-element elementor-element-cdba2fb elementor-widget elementor-widget-heading\" data-id=\"cdba2fb\" data-element_type=\"widget\" data-e-type=\"widget\" data-widget_type=\"heading.default\">\n\t\t\t\t<div class=\"elementor-widget-container\">\n\t\t\t\t\t<h2 class=\"elementor-heading-title elementor-size-default\">Architektur und Entscheidungsfindung: der wahre Kern der Macht<\/h2>\t\t\t\t<\/div>\n\t\t\t\t<\/div>\n\t\t\t\t<section class=\"elementor-section elementor-inner-section elementor-element elementor-element-7bd42c5 elementor-section-boxed elementor-section-height-default elementor-section-height-default\" data-id=\"7bd42c5\" data-element_type=\"section\" data-e-type=\"section\">\n\t\t\t\t\t\t<div class=\"elementor-container elementor-column-gap-default\">\n\t\t\t\t\t<div class=\"elementor-column elementor-col-50 elementor-inner-column elementor-element elementor-element-50c25f4\" data-id=\"50c25f4\" data-element_type=\"column\" data-e-type=\"column\">\n\t\t\t<div class=\"elementor-widget-wrap elementor-element-populated\">\n\t\t\t\t\t\t<div class=\"elementor-element elementor-element-a922a20 elementor-widget elementor-widget-image\" data-id=\"a922a20\" data-element_type=\"widget\" data-e-type=\"widget\" data-widget_type=\"image.default\">\n\t\t\t\t<div class=\"elementor-widget-container\">\n\t\t\t\t\t\t\t\t\t\t\t\t\t\t\t<img decoding=\"async\" width=\"350\" height=\"353\" src=\"https:\/\/thecloud.group\/wp-content\/uploads\/2026\/01\/sofware-a-medida.png\" class=\"elementor-animation-hang attachment-large size-large wp-image-28278\" alt=\"\" srcset=\"https:\/\/thecloud.group\/wp-content\/uploads\/2026\/01\/sofware-a-medida.png 350w, https:\/\/thecloud.group\/wp-content\/uploads\/2026\/01\/sofware-a-medida-297x300.png 297w, https:\/\/thecloud.group\/wp-content\/uploads\/2026\/01\/sofware-a-medida-150x150.png 150w, https:\/\/thecloud.group\/wp-content\/uploads\/2026\/01\/sofware-a-medida-12x12.png 12w\" sizes=\"(max-width: 350px) 100vw, 350px\" \/>\t\t\t\t\t\t\t\t\t\t\t\t\t\t\t<\/div>\n\t\t\t\t<\/div>\n\t\t\t\t\t<\/div>\n\t\t<\/div>\n\t\t\t\t<div class=\"elementor-column elementor-col-50 elementor-inner-column elementor-element elementor-element-827e335\" data-id=\"827e335\" data-element_type=\"column\" data-e-type=\"column\">\n\t\t\t<div class=\"elementor-widget-wrap elementor-element-populated\">\n\t\t\t\t\t\t<div class=\"elementor-element elementor-element-56a7526 elementor-widget elementor-widget-text-editor\" data-id=\"56a7526\" data-element_type=\"widget\" data-e-type=\"widget\" data-widget_type=\"text-editor.default\">\n\t\t\t\t<div class=\"elementor-widget-container\">\n\t\t\t\t\t\t\t\t\t<p data-start=\"4006\" data-end=\"4071\">Letztendlich ist jede Architektur eine Architektur der Entscheidungen.<\/p><p data-start=\"4073\" data-end=\"4080\">Definieren:<\/p><ul data-start=\"4081\" data-end=\"4200\"><li data-start=\"4081\" data-end=\"4114\"><p data-start=\"4083\" data-end=\"4114\">welche Entscheidungen automatisch erfolgen,<\/p><\/li><li data-start=\"4115\" data-end=\"4154\"><p data-start=\"4117\" data-end=\"4154\">die menschliches Eingreifen erfordern,<\/p><\/li><li data-start=\"4155\" data-end=\"4177\"><p data-start=\"4157\" data-end=\"4177\">welche werden erwartet?,<\/p><\/li><li data-start=\"4178\" data-end=\"4200\"><p data-start=\"4180\" data-end=\"4200\">welche zu sp\u00e4t ankommen.<\/p><\/li><\/ul><p data-start=\"4202\" data-end=\"4360\">Schlecht konzipierte Organisationen treffen langsame, fragmentierte und reaktive Entscheidungen.<br data-start=\"4285\" data-end=\"4288\" \/>Gut konstruierte Ger\u00e4te arbeiten fl\u00fcssig, gleichm\u00e4\u00dfig und mit konstanter Geschwindigkeit.<\/p><p data-start=\"4362\" data-end=\"4409\">Der Unterschied ist nicht kultureller Natur.<br data-start=\"4391\" data-end=\"4394\" \/>Es ist strukturell.<\/p><p data-start=\"4411\" data-end=\"4523\">Daher wird die Architektur im Jahr 2026 in der direkten Verantwortung des oberen Managements liegen und nicht mehr nur in der der IT-Abteilung.<\/p>\t\t\t\t\t\t\t\t<\/div>\n\t\t\t\t<\/div>\n\t\t\t\t\t<\/div>\n\t\t<\/div>\n\t\t\t\t\t<\/div>\n\t\t<\/section>\n\t\t\t\t<section class=\"elementor-section elementor-inner-section elementor-element elementor-element-57e4765 elementor-section-boxed elementor-section-height-default elementor-section-height-default\" data-id=\"57e4765\" data-element_type=\"section\" data-e-type=\"section\">\n\t\t\t\t\t\t<div class=\"elementor-container elementor-column-gap-default\">\n\t\t\t\t\t<div class=\"elementor-column elementor-col-50 elementor-inner-column elementor-element elementor-element-728c7d8\" data-id=\"728c7d8\" data-element_type=\"column\" data-e-type=\"column\">\n\t\t\t<div class=\"elementor-widget-wrap elementor-element-populated\">\n\t\t\t\t\t\t<div class=\"elementor-element elementor-element-0c7d662 elementor-widget elementor-widget-heading\" data-id=\"0c7d662\" data-element_type=\"widget\" data-e-type=\"widget\" data-widget_type=\"heading.default\">\n\t\t\t\t<div class=\"elementor-widget-container\">\n\t\t\t\t\t<h2 class=\"elementor-heading-title elementor-size-default\">Die Rolle der KI in der modernen Architektur<\/h2>\t\t\t\t<\/div>\n\t\t\t\t<\/div>\n\t\t\t\t<div class=\"elementor-element elementor-element-f60b027 elementor-widget elementor-widget-text-editor\" data-id=\"f60b027\" data-element_type=\"widget\" data-e-type=\"widget\" data-widget_type=\"text-editor.default\">\n\t\t\t\t<div class=\"elementor-widget-container\">\n\t\t\t\t\t\t\t\t\t<p data-start=\"4579\" data-end=\"4651\">K\u00fcnstliche Intelligenz ersetzt nicht die Architektur.<br data-start=\"4635\" data-end=\"4638\" \/>Der <strong data-start=\"4641\" data-end=\"4650\">Forderungen<\/strong>.<\/p><p data-start=\"4653\" data-end=\"4680\">Ohne eine klare Architektur:<\/p><ul data-start=\"4681\" data-end=\"4828\"><li data-start=\"4681\" data-end=\"4717\"><p data-start=\"4683\" data-end=\"4717\">KI wird zum Experiment.,<\/p><\/li><li data-start=\"4718\" data-end=\"4749\"><p data-start=\"4720\" data-end=\"4749\">Die Daten sind widerspr\u00fcchlich.,<\/p><\/li><li data-start=\"4750\" data-end=\"4788\"><p data-start=\"4752\" data-end=\"4788\">Automatisierte Entscheidungen schlagen fehl.,<\/p><\/li><li data-start=\"4789\" data-end=\"4828\"><p data-start=\"4791\" data-end=\"4828\">Das Vertrauen in das System ist verloren gegangen.<\/p><\/li><\/ul>\t\t\t\t\t\t\t\t<\/div>\n\t\t\t\t<\/div>\n\t\t\t\t\t<\/div>\n\t\t<\/div>\n\t\t\t\t<div class=\"elementor-column elementor-col-50 elementor-inner-column elementor-element elementor-element-7500c37\" data-id=\"7500c37\" data-element_type=\"column\" data-e-type=\"column\">\n\t\t\t<div class=\"elementor-widget-wrap elementor-element-populated\">\n\t\t\t\t\t\t<div class=\"elementor-element elementor-element-8ec8f09 elementor-widget elementor-widget-text-editor\" data-id=\"8ec8f09\" data-element_type=\"widget\" data-e-type=\"widget\" data-widget_type=\"text-editor.default\">\n\t\t\t\t<div class=\"elementor-widget-container\">\n\t\t\t\t\t\t\t\t\t<p data-start=\"4830\" data-end=\"4857\">Mit guter Architektur:<\/p><ul data-start=\"4858\" data-end=\"4984\"><li data-start=\"4858\" data-end=\"4891\"><p data-start=\"4860\" data-end=\"4891\">KI lernt aus realen Gesch\u00e4ftsprozessen.,<\/p><\/li><li data-start=\"4892\" data-end=\"4922\"><p data-start=\"4894\" data-end=\"4922\">Entscheidungen werden optimiert,<\/p><\/li><li data-start=\"4923\" data-end=\"4949\"><p data-start=\"4925\" data-end=\"4949\">Die Prozesse passen sich an.,<\/p><\/li><li data-start=\"4950\" data-end=\"4984\"><p data-start=\"4952\" data-end=\"4984\">Das System verbessert sich mit der Zeit.<\/p><\/li><\/ul><p data-start=\"4986\" data-end=\"5191\"><span class=\"hover:entity-accent entity-underline inline cursor-pointer align-baseline\"><span class=\"whitespace-normal\">MIT Sloan Management Review<\/span><\/span> hebt hervor, dass <em data-start=\"5036\" data-end=\"5190\">Unternehmen, die KI in gut konzipierte Architekturen integrieren, verdoppeln die Wirkung ihrer Initiativen im Vergleich zu Unternehmen, die sie isoliert hinzuf\u00fcgen.<\/em>.<\/p><p data-start=\"5193\" data-end=\"5261\">Architektur ist der fruchtbare Boden, auf dem KI wirklich funktioniert.<\/p>\t\t\t\t\t\t\t\t<\/div>\n\t\t\t\t<\/div>\n\t\t\t\t\t<\/div>\n\t\t<\/div>\n\t\t\t\t\t<\/div>\n\t\t<\/section>\n\t\t\t\t<div class=\"elementor-element elementor-element-b612313 elementor-widget elementor-widget-heading\" data-id=\"b612313\" data-element_type=\"widget\" data-e-type=\"widget\" data-widget_type=\"heading.default\">\n\t\t\t\t<div class=\"elementor-widget-container\">\n\t\t\t\t\t<h2 class=\"elementor-heading-title elementor-size-default\">Automatisierung: die Br\u00fccke zwischen Architektur und Ausf\u00fchrung<\/h2>\t\t\t\t<\/div>\n\t\t\t\t<\/div>\n\t\t\t\t<div class=\"elementor-element elementor-element-ce044d9 elementor-widget elementor-widget-text-editor\" data-id=\"ce044d9\" data-element_type=\"widget\" data-e-type=\"widget\" data-widget_type=\"text-editor.default\">\n\t\t\t\t<div class=\"elementor-widget-container\">\n\t\t\t\t\t\t\t\t\t<ul data-start=\"5417\" data-end=\"5591\"><li data-start=\"5417\" data-end=\"5447\">\u00a0<\/li><\/ul><p data-start=\"5331\" data-end=\"5421\">Automatisierung ist die Art und Weise, wie sich Architektur im t\u00e4glichen Betrieb manifestiert.<\/p><p data-start=\"5423\" data-end=\"5454\">Eine klare Architektur erm\u00f6glicht:<\/p><ul data-start=\"5455\" data-end=\"5564\"><li data-start=\"5455\" data-end=\"5475\"><p data-start=\"5457\" data-end=\"5475\">End-to-End-Abl\u00e4ufe,<\/p><\/li><li data-start=\"5476\" data-end=\"5496\"><p data-start=\"5478\" data-end=\"5496\">einheitliche Regeln,<\/p><\/li><li data-start=\"5497\" data-end=\"5517\"><p data-start=\"5499\" data-end=\"5517\">mit wenigen Ausnahmen,<\/p><\/li><li data-start=\"5518\" data-end=\"5545\"><p data-start=\"5520\" data-end=\"5545\">geringere Abh\u00e4ngigkeit vom Menschen,<\/p><\/li><li data-start=\"5546\" data-end=\"5564\"><p data-start=\"5548\" data-end=\"5564\">h\u00f6here Geschwindigkeit.<\/p><\/li><\/ul><p data-start=\"5566\" data-end=\"5598\">Eine verwirrende Architektur erzeugt:<\/p><ul data-start=\"5599\" data-end=\"5709\"><li data-start=\"5599\" data-end=\"5628\"><p data-start=\"5601\" data-end=\"5628\">Teilautomatisierungen,<\/p><\/li><li data-start=\"5629\" data-end=\"5649\"><p data-start=\"5631\" data-end=\"5649\">fragile Prozesse,<\/p><\/li><li data-start=\"5650\" data-end=\"5671\"><p data-start=\"5652\" data-end=\"5671\">st\u00e4ndige Fehler,<\/p><\/li><li data-start=\"5672\" data-end=\"5684\"><p data-start=\"5674\" data-end=\"5684\">\u00dcberarbeitung,<\/p><\/li><li data-start=\"5685\" data-end=\"5709\"><p data-start=\"5687\" data-end=\"5709\">Operative Frustration.<\/p><\/li><\/ul><p data-start=\"5711\" data-end=\"5936\">Entsprechend <span class=\"hover:entity-accent entity-underline inline cursor-pointer align-baseline\"><span class=\"whitespace-normal\">PwC<\/span><\/span>, <em data-start=\"5756\" data-end=\"5855\">Unternehmen, die auf architekturbasierter Automatisierung beruhen, reduzieren Betriebsfehler um bis zu 90%.<\/em>, W\u00e4hrend diejenigen, die Prozesse automatisieren, ohne sie neu zu gestalten, das Chaos nur verlagern.<\/p>\t\t\t\t\t\t\t\t<\/div>\n\t\t\t\t<\/div>\n\t\t\t\t<div class=\"elementor-element elementor-element-64792c2 elementor-widget elementor-widget-heading\" data-id=\"64792c2\" data-element_type=\"widget\" data-e-type=\"widget\" data-widget_type=\"heading.default\">\n\t\t\t\t<div class=\"elementor-widget-container\">\n\t\t\t\t\t<h2 class=\"elementor-heading-title elementor-size-default\">Architektur und technische Schulden: Vorbeugung statt Bezahlung<\/h2>\t\t\t\t<\/div>\n\t\t\t\t<\/div>\n\t\t\t\t<div class=\"elementor-element elementor-element-b3f5b10 elementor-widget elementor-widget-text-editor\" data-id=\"b3f5b10\" data-element_type=\"widget\" data-e-type=\"widget\" data-widget_type=\"text-editor.default\">\n\t\t\t\t<div class=\"elementor-widget-container\">\n\t\t\t\t\t\t\t\t\t<p data-start=\"6006\" data-end=\"6069\">Technische Schulden entstehen nicht im Code.<br data-start=\"6042\" data-end=\"6045\" \/>Es entsteht aus <strong data-start=\"6054\" data-end=\"6068\">schlechtes Design<\/strong>.<\/p><p data-start=\"6071\" data-end=\"6170\">Jede improvisierte Integration, jeder versteckte manuelle Prozess, jedes isolierte System ist eine zuk\u00fcnftige Belastung.<\/p><p data-start=\"6172\" data-end=\"6280\">Im Jahr 2026 werden f\u00fchrende Unternehmen nicht mehr von der \u201cBeseitigung technischer Schulden\u201d sprechen, sondern von \u2026 <strong data-start=\"6251\" data-end=\"6279\">Vermeiden Sie es im Design.<\/strong>.<\/p><p data-start=\"6282\" data-end=\"6419\">Modulare Architektur, lebendige Dokumentation, fr\u00fchzeitige Automatisierung und klare Entscheidungen sind die wahren Mittel gegen technische Schulden.<\/p>\t\t\t\t\t\t\t\t<\/div>\n\t\t\t\t<\/div>\n\t\t\t\t<section class=\"elementor-section elementor-inner-section elementor-element elementor-element-e95d840 elementor-section-boxed elementor-section-height-default elementor-section-height-default\" data-id=\"e95d840\" data-element_type=\"section\" data-e-type=\"section\">\n\t\t\t\t\t\t<div class=\"elementor-container elementor-column-gap-default\">\n\t\t\t\t\t<div class=\"elementor-column elementor-col-50 elementor-inner-column elementor-element elementor-element-de87e3b\" data-id=\"de87e3b\" data-element_type=\"column\" data-e-type=\"column\">\n\t\t\t<div class=\"elementor-widget-wrap elementor-element-populated\">\n\t\t\t\t\t\t<div class=\"elementor-element elementor-element-fbfe7b4 elementor-widget elementor-widget-heading\" data-id=\"fbfe7b4\" data-element_type=\"widget\" data-e-type=\"widget\" data-widget_type=\"heading.default\">\n\t\t\t\t<div class=\"elementor-widget-container\">\n\t\t\t\t\t<h2 class=\"elementor-heading-title elementor-size-default\">Resilienz: Wenn die Architektur das Unternehmen sch\u00fctzt<\/h2>\t\t\t\t<\/div>\n\t\t\t\t<\/div>\n\t\t\t\t<div class=\"elementor-element elementor-element-370d576 elementor-widget elementor-widget-text-editor\" data-id=\"370d576\" data-element_type=\"widget\" data-e-type=\"widget\" data-widget_type=\"text-editor.default\">\n\t\t\t\t<div class=\"elementor-widget-container\">\n\t\t\t\t\t\t\t\t\t<p data-start=\"6487\" data-end=\"6634\">Die globalen technologischen Abschw\u00fcnge der letzten Jahre haben etwas Entscheidendes gezeigt:<br data-start=\"6563\" data-end=\"6566\" \/>Der Fortbestand des Unternehmens h\u00e4ngt nicht vom Gl\u00fcck ab, sondern von der Planung.<\/p><p data-start=\"6636\" data-end=\"6671\">Eine resiliente Architektur definiert:<\/p><ul data-start=\"6672\" data-end=\"6778\"><li data-start=\"6672\" data-end=\"6686\"><p data-start=\"6674\" data-end=\"6686\">Redundanz,<\/p><\/li><li data-start=\"6687\" data-end=\"6700\"><p data-start=\"6689\" data-end=\"6700\">Multicloud,<\/p><\/li><li data-start=\"6701\" data-end=\"6723\"><p data-start=\"6703\" data-end=\"6723\">automatisches Failover,<\/p><\/li><li data-start=\"6724\" data-end=\"6753\"><p data-start=\"6726\" data-end=\"6753\">Lieferantenunabh\u00e4ngigkeit,<\/p><\/li><li data-start=\"6754\" data-end=\"6778\"><p data-start=\"6756\" data-end=\"6778\">Betrieb unter Stress.<\/p><\/li><\/ul><p data-start=\"6780\" data-end=\"6945\"><span class=\"hover:entity-accent entity-underline inline cursor-pointer align-baseline\"><span class=\"whitespace-normal\">Deloitte<\/span><\/span> sch\u00e4tzt, dass <em data-start=\"6829\" data-end=\"6944\">Unternehmen mit resilienten Architekturen reduzieren die wirtschaftlichen Auswirkungen von Technologievorf\u00e4llen um mehr als 501 TP3T.<\/em>.<\/p><p data-start=\"6947\" data-end=\"7038\">Im Jahr 2026 wird Resilienz keine zus\u00e4tzliche Belastung mehr darstellen.<br data-start=\"6998\" data-end=\"7001\" \/>Es wird Teil des architektonischen Kerns sein.<\/p>\t\t\t\t\t\t\t\t<\/div>\n\t\t\t\t<\/div>\n\t\t\t\t\t<\/div>\n\t\t<\/div>\n\t\t\t\t<div class=\"elementor-column elementor-col-50 elementor-inner-column elementor-element elementor-element-a7b8ce9\" data-id=\"a7b8ce9\" data-element_type=\"column\" data-e-type=\"column\">\n\t\t\t<div class=\"elementor-widget-wrap elementor-element-populated\">\n\t\t\t\t\t\t<div class=\"elementor-element elementor-element-7d2e86d elementor-widget elementor-widget-image\" data-id=\"7d2e86d\" data-element_type=\"widget\" data-e-type=\"widget\" data-widget_type=\"image.default\">\n\t\t\t\t<div class=\"elementor-widget-container\">\n\t\t\t\t\t\t\t\t\t\t\t\t\t\t\t<img loading=\"lazy\" decoding=\"async\" width=\"800\" height=\"800\" src=\"https:\/\/thecloud.group\/wp-content\/uploads\/2026\/01\/software-fianciero-1-1024x1024.png\" class=\"elementor-animation-hang attachment-large size-large wp-image-28282\" alt=\"\" srcset=\"https:\/\/thecloud.group\/wp-content\/uploads\/2026\/01\/software-fianciero-1-1024x1024.png 1024w, https:\/\/thecloud.group\/wp-content\/uploads\/2026\/01\/software-fianciero-1-300x300.png 300w, https:\/\/thecloud.group\/wp-content\/uploads\/2026\/01\/software-fianciero-1-150x150.png 150w, https:\/\/thecloud.group\/wp-content\/uploads\/2026\/01\/software-fianciero-1-768x768.png 768w, https:\/\/thecloud.group\/wp-content\/uploads\/2026\/01\/software-fianciero-1-12x12.png 12w, https:\/\/thecloud.group\/wp-content\/uploads\/2026\/01\/software-fianciero-1.png 1080w\" sizes=\"(max-width: 800px) 100vw, 800px\" \/>\t\t\t\t\t\t\t\t\t\t\t\t\t\t\t<\/div>\n\t\t\t\t<\/div>\n\t\t\t\t\t<\/div>\n\t\t<\/div>\n\t\t\t\t\t<\/div>\n\t\t<\/section>\n\t\t\t\t<section class=\"elementor-section elementor-inner-section elementor-element elementor-element-94496a0 elementor-section-boxed elementor-section-height-default elementor-section-height-default\" data-id=\"94496a0\" data-element_type=\"section\" data-e-type=\"section\">\n\t\t\t\t\t\t<div class=\"elementor-container elementor-column-gap-default\">\n\t\t\t\t\t<div class=\"elementor-column elementor-col-50 elementor-inner-column elementor-element elementor-element-ae15891\" data-id=\"ae15891\" data-element_type=\"column\" data-e-type=\"column\">\n\t\t\t<div class=\"elementor-widget-wrap elementor-element-populated\">\n\t\t\t\t\t\t<div class=\"elementor-element elementor-element-4cd68f7 elementor-widget elementor-widget-image\" data-id=\"4cd68f7\" data-element_type=\"widget\" data-e-type=\"widget\" data-widget_type=\"image.default\">\n\t\t\t\t<div class=\"elementor-widget-container\">\n\t\t\t\t\t\t\t\t\t\t\t\t\t\t\t<img loading=\"lazy\" decoding=\"async\" width=\"800\" height=\"534\" src=\"https:\/\/thecloud.group\/wp-content\/uploads\/2025\/12\/close-up-of-hand-holding-glowing-blue-digital-clou-2025-10-15-04-47-55-utc-1024x683.jpg\" class=\"elementor-animation-hang attachment-large size-large wp-image-28250\" alt=\"\" srcset=\"https:\/\/thecloud.group\/wp-content\/uploads\/2025\/12\/close-up-of-hand-holding-glowing-blue-digital-clou-2025-10-15-04-47-55-utc-1024x683.jpg 1024w, https:\/\/thecloud.group\/wp-content\/uploads\/2025\/12\/close-up-of-hand-holding-glowing-blue-digital-clou-2025-10-15-04-47-55-utc-300x200.jpg 300w, https:\/\/thecloud.group\/wp-content\/uploads\/2025\/12\/close-up-of-hand-holding-glowing-blue-digital-clou-2025-10-15-04-47-55-utc-768x512.jpg 768w, https:\/\/thecloud.group\/wp-content\/uploads\/2025\/12\/close-up-of-hand-holding-glowing-blue-digital-clou-2025-10-15-04-47-55-utc-1536x1024.jpg 1536w, https:\/\/thecloud.group\/wp-content\/uploads\/2025\/12\/close-up-of-hand-holding-glowing-blue-digital-clou-2025-10-15-04-47-55-utc-2048x1365.jpg 2048w, https:\/\/thecloud.group\/wp-content\/uploads\/2025\/12\/close-up-of-hand-holding-glowing-blue-digital-clou-2025-10-15-04-47-55-utc-18x12.jpg 18w\" sizes=\"(max-width: 800px) 100vw, 800px\" \/>\t\t\t\t\t\t\t\t\t\t\t\t\t\t\t<\/div>\n\t\t\t\t<\/div>\n\t\t\t\t\t<\/div>\n\t\t<\/div>\n\t\t\t\t<div class=\"elementor-column elementor-col-50 elementor-inner-column elementor-element elementor-element-4943c68\" data-id=\"4943c68\" data-element_type=\"column\" data-e-type=\"column\">\n\t\t\t<div class=\"elementor-widget-wrap elementor-element-populated\">\n\t\t\t\t\t\t<div class=\"elementor-element elementor-element-b4bea51 elementor-widget elementor-widget-heading\" data-id=\"b4bea51\" data-element_type=\"widget\" data-e-type=\"widget\" data-widget_type=\"heading.default\">\n\t\t\t\t<div class=\"elementor-widget-container\">\n\t\t\t\t\t<h2 class=\"elementor-heading-title elementor-size-default\">Der h\u00e4ufigste Fehler beim Start ins Jahr 2026<\/h2>\t\t\t\t<\/div>\n\t\t\t\t<\/div>\n\t\t\t\t<div class=\"elementor-element elementor-element-b8a8074 elementor-widget elementor-widget-text-editor\" data-id=\"b8a8074\" data-element_type=\"widget\" data-e-type=\"widget\" data-widget_type=\"text-editor.default\">\n\t\t\t\t<div class=\"elementor-widget-container\">\n\t\t\t\t\t\t\t\t\t<p data-start=\"7086\" data-end=\"7183\">Viele Organisationen werden zu Beginn des neuen Jahres mit folgenden Fragen konfrontiert sein:<br data-start=\"7144\" data-end=\"7147\" \/>\u201cWelche Software m\u00fcssen wir kaufen?\u201d<\/p><p data-start=\"7185\" data-end=\"7267\">Diejenigen, die f\u00fchren, werden sich eine weitere Frage stellen:<br data-start=\"7224\" data-end=\"7227\" \/>\u201cWelche Art von Architektur m\u00fcssen wir entwerfen?\u201d<\/p><p data-start=\"7269\" data-end=\"7336\">Der erste Ansatz erzeugt Abh\u00e4ngigkeiten.<br data-start=\"7306\" data-end=\"7309\" \/>Die zweite schafft Freiheit.<\/p><p data-start=\"7338\" data-end=\"7429\">In einem Umfeld st\u00e4ndigen Wandels ist strukturelle Freiheit der gr\u00f6\u00dfte Wettbewerbsvorteil.<\/p>\t\t\t\t\t\t\t\t<\/div>\n\t\t\t\t<\/div>\n\t\t\t\t\t<\/div>\n\t\t<\/div>\n\t\t\t\t\t<\/div>\n\t\t<\/section>\n\t\t\t\t<div class=\"elementor-element elementor-element-4ff5ad6 elementor-widget elementor-widget-heading\" data-id=\"4ff5ad6\" data-element_type=\"widget\" data-e-type=\"widget\" data-widget_type=\"heading.default\">\n\t\t\t\t<div class=\"elementor-widget-container\">\n\t\t\t\t\t<h2 class=\"elementor-heading-title elementor-size-default\">Fazit: Im Jahr 2026 wird die Software beschafft; die Architektur wird festgelegt.<\/h2>\t\t\t\t<\/div>\n\t\t\t\t<\/div>\n\t\t\t\t<div class=\"elementor-element elementor-element-8287ac1 elementor-widget elementor-widget-text-editor\" data-id=\"8287ac1\" data-element_type=\"widget\" data-e-type=\"widget\" data-widget_type=\"text-editor.default\">\n\t\t\t\t<div class=\"elementor-widget-container\">\n\t\t\t\t\t\t\t\t\t<p data-start=\"8362\" data-end=\"8435\">Die Software wird sich weiterentwickeln. Die Werkzeuge werden sich st\u00e4ndig ver\u00e4ndern.<\/p><p data-start=\"8437\" data-end=\"8528\">Doch die Unternehmen, die im Jahr 2026 f\u00fchrend sein werden, sind diejenigen, die eine einfache und wichtige Wahrheit verstehen:<\/p><blockquote data-start=\"8530\" data-end=\"8599\"><p data-start=\"8532\" data-end=\"8599\"><strong data-start=\"8532\" data-end=\"8599\">Architektur ist nicht technisch.<br data-start=\"8564\" data-end=\"8567\" \/>Es ist Strategie, die zu einem System umgesetzt wurde.<\/strong><\/p><\/blockquote><p data-start=\"8601\" data-end=\"8750\">In <a href=\"https:\/\/thecloud.group\/de\/\"><strong data-start=\"8604\" data-end=\"8623\">Die Cloud-Gruppe<\/strong><\/a>, Wir helfen Organisationen dabei, die Architektur zu entwerfen, die Entscheidungsfindung, Wachstum und Widerstandsf\u00e4higkeit in einer instabilen Welt unterst\u00fctzt.<\/p><p data-start=\"8752\" data-end=\"8905\"><img decoding=\"async\" class=\"emoji\" role=\"img\" draggable=\"false\" src=\"https:\/\/s.w.org\/images\/core\/emoji\/17.0.2\/svg\/1f4e9.svg\" alt=\"\ud83d\udce9\" \/> <strong data-start=\"8755\" data-end=\"8806\">Beginnen Sie das Jahr 2026 damit, besser zu designen, nicht mehr zu kaufen.<\/strong><br data-start=\"8806\" data-end=\"8809\" \/>Vereinbaren Sie ein strategisches Beratungsgespr\u00e4ch und lassen Sie uns gemeinsam die Architektur entwickeln, die Ihre F\u00fchrungsrolle pr\u00e4gen wird.<\/p>\t\t\t\t\t\t\t\t<\/div>\n\t\t\t\t<\/div>\n\t\t\t\t\t<\/div>\n\t\t<\/div>\n\t\t\t\t\t<\/div>\n\t\t<\/section>\n\t\t\t\t<\/div>","protected":false},"excerpt":{"rendered":"<p>In der riesigen digitalen Landschaft des 21. Jahrhunderts ist Sicherheit der Grundstein jedes Unternehmens. Cybersicherheitsl\u00fccken machen keinen Unterschied zwischen Gro\u00dfkonzernen und vielversprechenden Startups.<\/p>","protected":false},"author":20,"featured_media":28345,"comment_status":"closed","ping_status":"closed","sticky":false,"template":"elementor_header_footer","format":"standard","meta":{"footnotes":""},"categories":[1],"tags":[843],"class_list":["post-28323","post","type-post","status-publish","format-standard","has-post-thumbnail","hentry","category-sin-categoria","tag-deuda-tecnica"],"yoast_head":"<!-- This site is optimized with the Yoast SEO Premium plugin v27.4 (Yoast SEO v27.5) - https:\/\/yoast.com\/product\/yoast-seo-premium-wordpress\/ -->\n<title>Por Qu\u00e9 2026 Ser\u00e1 el A\u00f1o de la Arquitectura (y No del Software): La Decisi\u00f3n Silenciosa que Definir\u00e1 a los L\u00edderes del Nuevo Ciclo Digital | The Cloud Group<\/title>\n<meta name=\"robots\" content=\"index, follow, max-snippet:-1, max-image-preview:large, max-video-preview:-1\" \/>\n<link rel=\"canonical\" href=\"https:\/\/thecloud.group\/de\/warum-2026-das-jahr-der-architektur-und-nicht-der-software-sein-wird-die-stillschweigende-entscheidung-die-die-fuhrenden-kopfe-des-neuen-digitalen-zyklus-pragen-wird\/\" \/>\n<meta property=\"og:locale\" content=\"de_DE\" \/>\n<meta property=\"og:type\" content=\"article\" \/>\n<meta property=\"og:title\" content=\"Por Qu\u00e9 2026 Ser\u00e1 el A\u00f1o de la Arquitectura (y No del Software): La Decisi\u00f3n Silenciosa que Definir\u00e1 a los L\u00edderes del Nuevo Ciclo Digital\" \/>\n<meta property=\"og:description\" content=\"En el vasto paisaje digital del siglo XXI, la seguridad es la piedra angular de cualquier empresa. La vulnerabilidad cibern\u00e9tica no distingue entre gigantes corporativos y startups prometedoras.\" \/>\n<meta property=\"og:url\" content=\"https:\/\/thecloud.group\/de\/warum-2026-das-jahr-der-architektur-und-nicht-der-software-sein-wird-die-stillschweigende-entscheidung-die-die-fuhrenden-kopfe-des-neuen-digitalen-zyklus-pragen-wird\/\" \/>\n<meta property=\"og:site_name\" content=\"The Cloud Group\" \/>\n<meta property=\"article:publisher\" content=\"https:\/\/www.facebook.com\/thecloudgroupglobal\" \/>\n<meta property=\"article:published_time\" content=\"2026-01-29T16:35:12+00:00\" \/>\n<meta property=\"article:modified_time\" content=\"2026-02-05T20:12:13+00:00\" \/>\n<meta property=\"og:image\" content=\"https:\/\/thecloud.group\/wp-content\/uploads\/2026\/02\/ChatGPT-Image-5-feb-2026-12_58_10-p.m.png\" \/>\n\t<meta property=\"og:image:width\" content=\"1024\" \/>\n\t<meta property=\"og:image:height\" content=\"1536\" \/>\n\t<meta property=\"og:image:type\" content=\"image\/png\" \/>\n<meta name=\"author\" content=\"Paula Franco\" \/>\n<meta name=\"twitter:card\" content=\"summary_large_image\" \/>\n<meta name=\"twitter:label1\" content=\"Verfasst von\" \/>\n\t<meta name=\"twitter:data1\" content=\"Paula Franco\" \/>\n\t<meta name=\"twitter:label2\" content=\"Gesch\u00e4tzte Lesezeit\" \/>\n\t<meta name=\"twitter:data2\" content=\"7\u00a0Minuten\" \/>\n<script type=\"application\/ld+json\" class=\"yoast-schema-graph\">{\"@context\":\"https:\\\/\\\/schema.org\",\"@graph\":[{\"@type\":\"Article\",\"@id\":\"https:\\\/\\\/thecloud.group\\\/por-que-2026-sera-el-ano-de-la-arquitectura-y-no-del-software-la-decision-silenciosa-que-definira-a-los-lideres-del-nuevo-ciclo-digital\\\/#article\",\"isPartOf\":{\"@id\":\"https:\\\/\\\/thecloud.group\\\/por-que-2026-sera-el-ano-de-la-arquitectura-y-no-del-software-la-decision-silenciosa-que-definira-a-los-lideres-del-nuevo-ciclo-digital\\\/\"},\"author\":{\"name\":\"Paula Franco\",\"@id\":\"https:\\\/\\\/thecloud.group\\\/#\\\/schema\\\/person\\\/9292d905a1c98ea7345e5e71a5fe341f\"},\"headline\":\"Por Qu\u00e9 2026 Ser\u00e1 el A\u00f1o de la Arquitectura (y No del Software): La Decisi\u00f3n Silenciosa que Definir\u00e1 a los L\u00edderes del Nuevo Ciclo Digital\",\"datePublished\":\"2026-01-29T16:35:12+00:00\",\"dateModified\":\"2026-02-05T20:12:13+00:00\",\"mainEntityOfPage\":{\"@id\":\"https:\\\/\\\/thecloud.group\\\/por-que-2026-sera-el-ano-de-la-arquitectura-y-no-del-software-la-decision-silenciosa-que-definira-a-los-lideres-del-nuevo-ciclo-digital\\\/\"},\"wordCount\":1190,\"publisher\":{\"@id\":\"https:\\\/\\\/thecloud.group\\\/#organization\"},\"image\":{\"@id\":\"https:\\\/\\\/thecloud.group\\\/por-que-2026-sera-el-ano-de-la-arquitectura-y-no-del-software-la-decision-silenciosa-que-definira-a-los-lideres-del-nuevo-ciclo-digital\\\/#primaryimage\"},\"thumbnailUrl\":\"https:\\\/\\\/thecloud.group\\\/wp-content\\\/uploads\\\/2026\\\/02\\\/ChatGPT-Image-5-feb-2026-12_58_10-p.m.png\",\"keywords\":[\"deuda tecnica\"],\"articleSection\":[\"Sin categor\u00eda\"],\"inLanguage\":\"de\"},{\"@type\":\"WebPage\",\"@id\":\"https:\\\/\\\/thecloud.group\\\/por-que-2026-sera-el-ano-de-la-arquitectura-y-no-del-software-la-decision-silenciosa-que-definira-a-los-lideres-del-nuevo-ciclo-digital\\\/\",\"url\":\"https:\\\/\\\/thecloud.group\\\/por-que-2026-sera-el-ano-de-la-arquitectura-y-no-del-software-la-decision-silenciosa-que-definira-a-los-lideres-del-nuevo-ciclo-digital\\\/\",\"name\":\"Por Qu\u00e9 2026 Ser\u00e1 el A\u00f1o de la Arquitectura (y No del Software): La Decisi\u00f3n Silenciosa que Definir\u00e1 a los L\u00edderes del Nuevo Ciclo Digital | The Cloud Group\",\"isPartOf\":{\"@id\":\"https:\\\/\\\/thecloud.group\\\/#website\"},\"primaryImageOfPage\":{\"@id\":\"https:\\\/\\\/thecloud.group\\\/por-que-2026-sera-el-ano-de-la-arquitectura-y-no-del-software-la-decision-silenciosa-que-definira-a-los-lideres-del-nuevo-ciclo-digital\\\/#primaryimage\"},\"image\":{\"@id\":\"https:\\\/\\\/thecloud.group\\\/por-que-2026-sera-el-ano-de-la-arquitectura-y-no-del-software-la-decision-silenciosa-que-definira-a-los-lideres-del-nuevo-ciclo-digital\\\/#primaryimage\"},\"thumbnailUrl\":\"https:\\\/\\\/thecloud.group\\\/wp-content\\\/uploads\\\/2026\\\/02\\\/ChatGPT-Image-5-feb-2026-12_58_10-p.m.png\",\"datePublished\":\"2026-01-29T16:35:12+00:00\",\"dateModified\":\"2026-02-05T20:12:13+00:00\",\"breadcrumb\":{\"@id\":\"https:\\\/\\\/thecloud.group\\\/por-que-2026-sera-el-ano-de-la-arquitectura-y-no-del-software-la-decision-silenciosa-que-definira-a-los-lideres-del-nuevo-ciclo-digital\\\/#breadcrumb\"},\"inLanguage\":\"de\",\"potentialAction\":[{\"@type\":\"ReadAction\",\"target\":[\"https:\\\/\\\/thecloud.group\\\/por-que-2026-sera-el-ano-de-la-arquitectura-y-no-del-software-la-decision-silenciosa-que-definira-a-los-lideres-del-nuevo-ciclo-digital\\\/\"]}]},{\"@type\":\"ImageObject\",\"inLanguage\":\"de\",\"@id\":\"https:\\\/\\\/thecloud.group\\\/por-que-2026-sera-el-ano-de-la-arquitectura-y-no-del-software-la-decision-silenciosa-que-definira-a-los-lideres-del-nuevo-ciclo-digital\\\/#primaryimage\",\"url\":\"https:\\\/\\\/thecloud.group\\\/wp-content\\\/uploads\\\/2026\\\/02\\\/ChatGPT-Image-5-feb-2026-12_58_10-p.m.png\",\"contentUrl\":\"https:\\\/\\\/thecloud.group\\\/wp-content\\\/uploads\\\/2026\\\/02\\\/ChatGPT-Image-5-feb-2026-12_58_10-p.m.png\",\"width\":1024,\"height\":1536},{\"@type\":\"BreadcrumbList\",\"@id\":\"https:\\\/\\\/thecloud.group\\\/por-que-2026-sera-el-ano-de-la-arquitectura-y-no-del-software-la-decision-silenciosa-que-definira-a-los-lideres-del-nuevo-ciclo-digital\\\/#breadcrumb\",\"itemListElement\":[{\"@type\":\"ListItem\",\"position\":1,\"name\":\"Home\",\"item\":\"https:\\\/\\\/thecloud.group\\\/\"},{\"@type\":\"ListItem\",\"position\":2,\"name\":\"Por Qu\u00e9 2026 Ser\u00e1 el A\u00f1o de la Arquitectura (y No del Software): La Decisi\u00f3n Silenciosa que Definir\u00e1 a los L\u00edderes del Nuevo Ciclo Digital\"}]},{\"@type\":\"WebSite\",\"@id\":\"https:\\\/\\\/thecloud.group\\\/#website\",\"url\":\"https:\\\/\\\/thecloud.group\\\/\",\"name\":\"The Cloud Group\",\"description\":\"|\u00a0Holding Internacional de Servicios\",\"publisher\":{\"@id\":\"https:\\\/\\\/thecloud.group\\\/#organization\"},\"potentialAction\":[{\"@type\":\"SearchAction\",\"target\":{\"@type\":\"EntryPoint\",\"urlTemplate\":\"https:\\\/\\\/thecloud.group\\\/?s={search_term_string}\"},\"query-input\":{\"@type\":\"PropertyValueSpecification\",\"valueRequired\":true,\"valueName\":\"search_term_string\"}}],\"inLanguage\":\"de\"},{\"@type\":\"Organization\",\"@id\":\"https:\\\/\\\/thecloud.group\\\/#organization\",\"name\":\"The Cloud Group - Holding International de Servicios\",\"url\":\"https:\\\/\\\/thecloud.group\\\/\",\"logo\":{\"@type\":\"ImageObject\",\"inLanguage\":\"de\",\"@id\":\"https:\\\/\\\/thecloud.group\\\/#\\\/schema\\\/logo\\\/image\\\/\",\"url\":\"https:\\\/\\\/thecloud.group\\\/wp-content\\\/uploads\\\/2020\\\/05\\\/logoSmallFirmaCorreo.png\",\"contentUrl\":\"https:\\\/\\\/thecloud.group\\\/wp-content\\\/uploads\\\/2020\\\/05\\\/logoSmallFirmaCorreo.png\",\"width\":300,\"height\":190,\"caption\":\"The Cloud Group - Holding International de Servicios\"},\"image\":{\"@id\":\"https:\\\/\\\/thecloud.group\\\/#\\\/schema\\\/logo\\\/image\\\/\"},\"sameAs\":[\"https:\\\/\\\/www.facebook.com\\\/thecloudgroupglobal\"]},{\"@type\":\"Person\",\"@id\":\"https:\\\/\\\/thecloud.group\\\/#\\\/schema\\\/person\\\/9292d905a1c98ea7345e5e71a5fe341f\",\"name\":\"Paula Franco\",\"image\":{\"@type\":\"ImageObject\",\"inLanguage\":\"de\",\"@id\":\"https:\\\/\\\/secure.gravatar.com\\\/avatar\\\/8622dc6801e07daa51e09fd706fb55b2bdf9cada1ade4ab996fb3b4549e9214c?s=96&d=mm&r=g\",\"url\":\"https:\\\/\\\/secure.gravatar.com\\\/avatar\\\/8622dc6801e07daa51e09fd706fb55b2bdf9cada1ade4ab996fb3b4549e9214c?s=96&d=mm&r=g\",\"contentUrl\":\"https:\\\/\\\/secure.gravatar.com\\\/avatar\\\/8622dc6801e07daa51e09fd706fb55b2bdf9cada1ade4ab996fb3b4549e9214c?s=96&d=mm&r=g\",\"caption\":\"Paula Franco\"}}]}<\/script>\n<!-- \/ Yoast SEO Premium plugin. -->","yoast_head_json":{"title":"Warum 2026 das Jahr der Architektur (und nicht der Software) sein wird: Die stille Entscheidung, die die f\u00fchrenden K\u00f6pfe des neuen digitalen Zyklus pr\u00e4gen wird | The Cloud Group","robots":{"index":"index","follow":"follow","max-snippet":"max-snippet:-1","max-image-preview":"max-image-preview:large","max-video-preview":"max-video-preview:-1"},"canonical":"https:\/\/thecloud.group\/de\/warum-2026-das-jahr-der-architektur-und-nicht-der-software-sein-wird-die-stillschweigende-entscheidung-die-die-fuhrenden-kopfe-des-neuen-digitalen-zyklus-pragen-wird\/","og_locale":"de_DE","og_type":"article","og_title":"Por Qu\u00e9 2026 Ser\u00e1 el A\u00f1o de la Arquitectura (y No del Software): La Decisi\u00f3n Silenciosa que Definir\u00e1 a los L\u00edderes del Nuevo Ciclo Digital","og_description":"En el vasto paisaje digital del siglo XXI, la seguridad es la piedra angular de cualquier empresa. La vulnerabilidad cibern\u00e9tica no distingue entre gigantes corporativos y startups prometedoras.","og_url":"https:\/\/thecloud.group\/de\/warum-2026-das-jahr-der-architektur-und-nicht-der-software-sein-wird-die-stillschweigende-entscheidung-die-die-fuhrenden-kopfe-des-neuen-digitalen-zyklus-pragen-wird\/","og_site_name":"The Cloud Group","article_publisher":"https:\/\/www.facebook.com\/thecloudgroupglobal","article_published_time":"2026-01-29T16:35:12+00:00","article_modified_time":"2026-02-05T20:12:13+00:00","og_image":[{"width":1024,"height":1536,"url":"https:\/\/thecloud.group\/wp-content\/uploads\/2026\/02\/ChatGPT-Image-5-feb-2026-12_58_10-p.m.png","type":"image\/png"}],"author":"Paula Franco","twitter_card":"summary_large_image","twitter_misc":{"Verfasst von":"Paula Franco","Gesch\u00e4tzte Lesezeit":"7\u00a0Minuten"},"schema":{"@context":"https:\/\/schema.org","@graph":[{"@type":"Article","@id":"https:\/\/thecloud.group\/por-que-2026-sera-el-ano-de-la-arquitectura-y-no-del-software-la-decision-silenciosa-que-definira-a-los-lideres-del-nuevo-ciclo-digital\/#article","isPartOf":{"@id":"https:\/\/thecloud.group\/por-que-2026-sera-el-ano-de-la-arquitectura-y-no-del-software-la-decision-silenciosa-que-definira-a-los-lideres-del-nuevo-ciclo-digital\/"},"author":{"name":"Paula Franco","@id":"https:\/\/thecloud.group\/#\/schema\/person\/9292d905a1c98ea7345e5e71a5fe341f"},"headline":"Por Qu\u00e9 2026 Ser\u00e1 el A\u00f1o de la Arquitectura (y No del Software): La Decisi\u00f3n Silenciosa que Definir\u00e1 a los L\u00edderes del Nuevo Ciclo Digital","datePublished":"2026-01-29T16:35:12+00:00","dateModified":"2026-02-05T20:12:13+00:00","mainEntityOfPage":{"@id":"https:\/\/thecloud.group\/por-que-2026-sera-el-ano-de-la-arquitectura-y-no-del-software-la-decision-silenciosa-que-definira-a-los-lideres-del-nuevo-ciclo-digital\/"},"wordCount":1190,"publisher":{"@id":"https:\/\/thecloud.group\/#organization"},"image":{"@id":"https:\/\/thecloud.group\/por-que-2026-sera-el-ano-de-la-arquitectura-y-no-del-software-la-decision-silenciosa-que-definira-a-los-lideres-del-nuevo-ciclo-digital\/#primaryimage"},"thumbnailUrl":"https:\/\/thecloud.group\/wp-content\/uploads\/2026\/02\/ChatGPT-Image-5-feb-2026-12_58_10-p.m.png","keywords":["deuda tecnica"],"articleSection":["Sin categor\u00eda"],"inLanguage":"de"},{"@type":"WebPage","@id":"https:\/\/thecloud.group\/por-que-2026-sera-el-ano-de-la-arquitectura-y-no-del-software-la-decision-silenciosa-que-definira-a-los-lideres-del-nuevo-ciclo-digital\/","url":"https:\/\/thecloud.group\/por-que-2026-sera-el-ano-de-la-arquitectura-y-no-del-software-la-decision-silenciosa-que-definira-a-los-lideres-del-nuevo-ciclo-digital\/","name":"Warum 2026 das Jahr der Architektur (und nicht der Software) sein wird: Die stille Entscheidung, die die f\u00fchrenden K\u00f6pfe des neuen digitalen Zyklus pr\u00e4gen wird | The Cloud Group","isPartOf":{"@id":"https:\/\/thecloud.group\/#website"},"primaryImageOfPage":{"@id":"https:\/\/thecloud.group\/por-que-2026-sera-el-ano-de-la-arquitectura-y-no-del-software-la-decision-silenciosa-que-definira-a-los-lideres-del-nuevo-ciclo-digital\/#primaryimage"},"image":{"@id":"https:\/\/thecloud.group\/por-que-2026-sera-el-ano-de-la-arquitectura-y-no-del-software-la-decision-silenciosa-que-definira-a-los-lideres-del-nuevo-ciclo-digital\/#primaryimage"},"thumbnailUrl":"https:\/\/thecloud.group\/wp-content\/uploads\/2026\/02\/ChatGPT-Image-5-feb-2026-12_58_10-p.m.png","datePublished":"2026-01-29T16:35:12+00:00","dateModified":"2026-02-05T20:12:13+00:00","breadcrumb":{"@id":"https:\/\/thecloud.group\/por-que-2026-sera-el-ano-de-la-arquitectura-y-no-del-software-la-decision-silenciosa-que-definira-a-los-lideres-del-nuevo-ciclo-digital\/#breadcrumb"},"inLanguage":"de","potentialAction":[{"@type":"ReadAction","target":["https:\/\/thecloud.group\/por-que-2026-sera-el-ano-de-la-arquitectura-y-no-del-software-la-decision-silenciosa-que-definira-a-los-lideres-del-nuevo-ciclo-digital\/"]}]},{"@type":"ImageObject","inLanguage":"de","@id":"https:\/\/thecloud.group\/por-que-2026-sera-el-ano-de-la-arquitectura-y-no-del-software-la-decision-silenciosa-que-definira-a-los-lideres-del-nuevo-ciclo-digital\/#primaryimage","url":"https:\/\/thecloud.group\/wp-content\/uploads\/2026\/02\/ChatGPT-Image-5-feb-2026-12_58_10-p.m.png","contentUrl":"https:\/\/thecloud.group\/wp-content\/uploads\/2026\/02\/ChatGPT-Image-5-feb-2026-12_58_10-p.m.png","width":1024,"height":1536},{"@type":"BreadcrumbList","@id":"https:\/\/thecloud.group\/por-que-2026-sera-el-ano-de-la-arquitectura-y-no-del-software-la-decision-silenciosa-que-definira-a-los-lideres-del-nuevo-ciclo-digital\/#breadcrumb","itemListElement":[{"@type":"ListItem","position":1,"name":"Home","item":"https:\/\/thecloud.group\/"},{"@type":"ListItem","position":2,"name":"Por Qu\u00e9 2026 Ser\u00e1 el A\u00f1o de la Arquitectura (y No del Software): La Decisi\u00f3n Silenciosa que Definir\u00e1 a los L\u00edderes del Nuevo Ciclo Digital"}]},{"@type":"WebSite","@id":"https:\/\/thecloud.group\/#website","url":"https:\/\/thecloud.group\/","name":"Die Cloud-Gruppe","description":"| International Services Holding","publisher":{"@id":"https:\/\/thecloud.group\/#organization"},"potentialAction":[{"@type":"SearchAction","target":{"@type":"EntryPoint","urlTemplate":"https:\/\/thecloud.group\/?s={search_term_string}"},"query-input":{"@type":"PropertyValueSpecification","valueRequired":true,"valueName":"search_term_string"}}],"inLanguage":"de"},{"@type":"Organization","@id":"https:\/\/thecloud.group\/#organization","name":"The Cloud Group \u2013 Internationale Dienstleistungsholding","url":"https:\/\/thecloud.group\/","logo":{"@type":"ImageObject","inLanguage":"de","@id":"https:\/\/thecloud.group\/#\/schema\/logo\/image\/","url":"https:\/\/thecloud.group\/wp-content\/uploads\/2020\/05\/logoSmallFirmaCorreo.png","contentUrl":"https:\/\/thecloud.group\/wp-content\/uploads\/2020\/05\/logoSmallFirmaCorreo.png","width":300,"height":190,"caption":"The Cloud Group - Holding International de Servicios"},"image":{"@id":"https:\/\/thecloud.group\/#\/schema\/logo\/image\/"},"sameAs":["https:\/\/www.facebook.com\/thecloudgroupglobal"]},{"@type":"Person","@id":"https:\/\/thecloud.group\/#\/schema\/person\/9292d905a1c98ea7345e5e71a5fe341f","name":"Paula Franco","image":{"@type":"ImageObject","inLanguage":"de","@id":"https:\/\/secure.gravatar.com\/avatar\/8622dc6801e07daa51e09fd706fb55b2bdf9cada1ade4ab996fb3b4549e9214c?s=96&d=mm&r=g","url":"https:\/\/secure.gravatar.com\/avatar\/8622dc6801e07daa51e09fd706fb55b2bdf9cada1ade4ab996fb3b4549e9214c?s=96&d=mm&r=g","contentUrl":"https:\/\/secure.gravatar.com\/avatar\/8622dc6801e07daa51e09fd706fb55b2bdf9cada1ade4ab996fb3b4549e9214c?s=96&d=mm&r=g","caption":"Paula Franco"}}]}},"_links":{"self":[{"href":"https:\/\/thecloud.group\/de\/wp-json\/wp\/v2\/posts\/28323","targetHints":{"allow":["GET"]}}],"collection":[{"href":"https:\/\/thecloud.group\/de\/wp-json\/wp\/v2\/posts"}],"about":[{"href":"https:\/\/thecloud.group\/de\/wp-json\/wp\/v2\/types\/post"}],"author":[{"embeddable":true,"href":"https:\/\/thecloud.group\/de\/wp-json\/wp\/v2\/users\/20"}],"replies":[{"embeddable":true,"href":"https:\/\/thecloud.group\/de\/wp-json\/wp\/v2\/comments?post=28323"}],"version-history":[{"count":8,"href":"https:\/\/thecloud.group\/de\/wp-json\/wp\/v2\/posts\/28323\/revisions"}],"predecessor-version":[{"id":28335,"href":"https:\/\/thecloud.group\/de\/wp-json\/wp\/v2\/posts\/28323\/revisions\/28335"}],"wp:featuredmedia":[{"embeddable":true,"href":"https:\/\/thecloud.group\/de\/wp-json\/wp\/v2\/media\/28345"}],"wp:attachment":[{"href":"https:\/\/thecloud.group\/de\/wp-json\/wp\/v2\/media?parent=28323"}],"wp:term":[{"taxonomy":"category","embeddable":true,"href":"https:\/\/thecloud.group\/de\/wp-json\/wp\/v2\/categories?post=28323"},{"taxonomy":"post_tag","embeddable":true,"href":"https:\/\/thecloud.group\/de\/wp-json\/wp\/v2\/tags?post=28323"}],"curies":[{"name":"wp","href":"https:\/\/api.w.org\/{rel}","templated":true}]}}