{"id":22340,"date":"2022-08-09T01:00:00","date_gmt":"2022-08-09T01:00:00","guid":{"rendered":"https:\/\/thecloud.group\/?p=22340"},"modified":"2022-07-31T07:04:15","modified_gmt":"2022-07-31T07:04:15","slug":"facebook-und-das-dezentrale-metaverse","status":"publish","type":"post","link":"https:\/\/thecloud.group\/de\/facebook-y-metaverso-descentralizados\/","title":{"rendered":"Facebook und das dezentrale Metaverse \u2013 wohin geht die Reise?"},"content":{"rendered":"<div data-elementor-type=\"wp-post\" data-elementor-id=\"22340\" class=\"elementor elementor-22340\" data-elementor-post-type=\"post\">\n\t\t\t\t\t\t<section class=\"elementor-section elementor-top-section elementor-element elementor-element-5b1dc52c elementor-section-stretched elementor-section-boxed elementor-section-height-default elementor-section-height-default\" data-id=\"5b1dc52c\" data-element_type=\"section\" data-e-type=\"section\" data-settings=\"{&quot;stretch_section&quot;:&quot;section-stretched&quot;,&quot;background_background&quot;:&quot;classic&quot;}\">\n\t\t\t\t\t\t\t<div class=\"elementor-background-overlay\"><\/div>\n\t\t\t\t\t\t\t<div class=\"elementor-container elementor-column-gap-default\">\n\t\t\t\t\t<div class=\"elementor-column elementor-col-100 elementor-top-column elementor-element elementor-element-47af5b46\" data-id=\"47af5b46\" data-element_type=\"column\" data-e-type=\"column\" data-settings=\"{&quot;background_background&quot;:&quot;classic&quot;}\">\n\t\t\t<div class=\"elementor-widget-wrap elementor-element-populated\">\n\t\t\t\t\t\t<div class=\"elementor-element elementor-element-6bc0c454 elementor-widget elementor-widget-image\" data-id=\"6bc0c454\" data-element_type=\"widget\" data-e-type=\"widget\" data-widget_type=\"image.default\">\n\t\t\t\t<div class=\"elementor-widget-container\">\n\t\t\t\t\t\t\t\t\t\t\t\t\t\t\t<img decoding=\"async\" src=\"https:\/\/thecloud.group\/wp-content\/uploads\/elementor\/thumbs\/logo-pd8scx7e21qrxkwrdlcuh7c8eeq4vmzqsjri81k6ps.png\" title=\"Logo\" alt=\"Logo\" loading=\"lazy\" \/>\t\t\t\t\t\t\t\t\t\t\t\t\t\t\t<\/div>\n\t\t\t\t<\/div>\n\t\t\t\t<section class=\"elementor-section elementor-inner-section elementor-element elementor-element-2ccf1343 elementor-section-boxed elementor-section-height-default elementor-section-height-default\" data-id=\"2ccf1343\" data-element_type=\"section\" data-e-type=\"section\">\n\t\t\t\t\t\t<div class=\"elementor-container elementor-column-gap-default\">\n\t\t\t\t\t<div class=\"elementor-column elementor-col-33 elementor-inner-column elementor-element elementor-element-38e618ad\" data-id=\"38e618ad\" data-element_type=\"column\" data-e-type=\"column\">\n\t\t\t<div class=\"elementor-widget-wrap\">\n\t\t\t\t\t\t\t<\/div>\n\t\t<\/div>\n\t\t\t\t<div class=\"elementor-column elementor-col-33 elementor-inner-column elementor-element elementor-element-7d8eff25\" data-id=\"7d8eff25\" data-element_type=\"column\" data-e-type=\"column\">\n\t\t\t<div class=\"elementor-widget-wrap elementor-element-populated\">\n\t\t\t\t\t\t<div class=\"elementor-element elementor-element-feea69b elementor-widget elementor-widget-heading\" data-id=\"feea69b\" data-element_type=\"widget\" data-e-type=\"widget\" data-widget_type=\"heading.default\">\n\t\t\t\t<div class=\"elementor-widget-container\">\n\t\t\t\t\t<h1 class=\"elementor-heading-title elementor-size-default\">Facebook und das dezentrale Metaverse \u2013 wohin geht die Reise?<\/h1>\t\t\t\t<\/div>\n\t\t\t\t<\/div>\n\t\t\t\t\t<\/div>\n\t\t<\/div>\n\t\t\t\t<div class=\"elementor-column elementor-col-33 elementor-inner-column elementor-element elementor-element-526240f\" data-id=\"526240f\" data-element_type=\"column\" data-e-type=\"column\">\n\t\t\t<div class=\"elementor-widget-wrap\">\n\t\t\t\t\t\t\t<\/div>\n\t\t<\/div>\n\t\t\t\t\t<\/div>\n\t\t<\/section>\n\t\t\t\t<section class=\"elementor-section elementor-inner-section elementor-element elementor-element-544b84c4 elementor-section-boxed elementor-section-height-default elementor-section-height-default\" data-id=\"544b84c4\" data-element_type=\"section\" data-e-type=\"section\">\n\t\t\t\t\t\t<div class=\"elementor-container elementor-column-gap-default\">\n\t\t\t\t\t<div class=\"elementor-column elementor-col-25 elementor-inner-column elementor-element elementor-element-7796e859\" data-id=\"7796e859\" data-element_type=\"column\" data-e-type=\"column\">\n\t\t\t<div class=\"elementor-widget-wrap\">\n\t\t\t\t\t\t\t<\/div>\n\t\t<\/div>\n\t\t\t\t<div class=\"elementor-column elementor-col-25 elementor-inner-column elementor-element elementor-element-1726d2f9\" data-id=\"1726d2f9\" data-element_type=\"column\" data-e-type=\"column\">\n\t\t\t<div class=\"elementor-widget-wrap\">\n\t\t\t\t\t\t\t<\/div>\n\t\t<\/div>\n\t\t\t\t<div class=\"elementor-column elementor-col-25 elementor-inner-column elementor-element elementor-element-41da368b\" data-id=\"41da368b\" data-element_type=\"column\" data-e-type=\"column\">\n\t\t\t<div class=\"elementor-widget-wrap\">\n\t\t\t\t\t\t\t<\/div>\n\t\t<\/div>\n\t\t\t\t<div class=\"elementor-column elementor-col-25 elementor-inner-column elementor-element elementor-element-7e8ff17d\" data-id=\"7e8ff17d\" data-element_type=\"column\" data-e-type=\"column\">\n\t\t\t<div class=\"elementor-widget-wrap\">\n\t\t\t\t\t\t\t<\/div>\n\t\t<\/div>\n\t\t\t\t\t<\/div>\n\t\t<\/section>\n\t\t\t\t\t<\/div>\n\t\t<\/div>\n\t\t\t\t\t<\/div>\n\t\t<\/section>\n\t\t\t\t<section class=\"elementor-section elementor-top-section elementor-element elementor-element-6f28b8e4 elementor-section-boxed elementor-section-height-default elementor-section-height-default\" data-id=\"6f28b8e4\" data-element_type=\"section\" data-e-type=\"section\">\n\t\t\t\t\t\t<div class=\"elementor-container elementor-column-gap-default\">\n\t\t\t\t\t<div class=\"elementor-column elementor-col-100 elementor-top-column elementor-element elementor-element-1c2a5590\" data-id=\"1c2a5590\" data-element_type=\"column\" data-e-type=\"column\">\n\t\t\t<div class=\"elementor-widget-wrap elementor-element-populated\">\n\t\t\t\t\t\t<div class=\"elementor-element elementor-element-52a082e elementor-widget elementor-widget-text-editor\" data-id=\"52a082e\" data-element_type=\"widget\" data-e-type=\"widget\" data-widget_type=\"text-editor.default\">\n\t\t\t\t<div class=\"elementor-widget-container\">\n\t\t\t\t\t\t\t\t\t<p><span style=\"vertical-align: inherit;\"><span style=\"vertical-align: inherit;\">Wir haben das bereits im vorherigen Beitrag erkl\u00e4rt. <\/span><\/span><a href=\"\/de\/LINK%20ARTICULO%201%20AGOSTO\/\"><span style=\"vertical-align: inherit;\"><span style=\"vertical-align: inherit;\">Was ist das Metaverse?<\/span><\/span><\/a><span style=\"vertical-align: inherit;\"><span style=\"vertical-align: inherit;\"> . <\/span><span style=\"vertical-align: inherit;\">Nachdem wir nun wissen, wie das Metaverse aussehen wird, wollen wir \u00fcber die Auswirkungen sprechen, die es auf die Welt der virtuellen Realit\u00e4ten haben wird. <\/span><span style=\"vertical-align: inherit;\">So wie wir die Auswirkungen der zweiten Generation virtueller Realit\u00e4ten auf die Welt gesehen haben, wollen wir uns nun vorstellen, was passieren wird, wenn das Metaverse entwickelt wird.<\/span><\/span><\/p><p><span style=\"vertical-align: inherit;\"><span style=\"vertical-align: inherit;\">Was wird mit immersiven Spielen geschehen, wenn sie das Metaverse erhalten? <\/span><span style=\"vertical-align: inherit;\">Werden sie mit anderen Metaversen interagieren k\u00f6nnen? <\/span><span style=\"vertical-align: inherit;\">Wird es eine vollst\u00e4ndig zentralisierte Welt mit Einschr\u00e4nkungen sein?.<\/span><\/span><\/p><p><span style=\"vertical-align: inherit;\"><span style=\"vertical-align: inherit;\">Facebook hat bisher noch nicht viele Details dar\u00fcber ver\u00f6ffentlicht, was von seiner Version des Metaverse zu erwarten ist. <\/span><span style=\"vertical-align: inherit;\">Das Werbevideo mit dem Mitbegr\u00fcnder und CEO des Unternehmens, Mark Zuckerberg, und seinem virtuellen Avatar sieht ziemlich genial aus. <\/span><span style=\"vertical-align: inherit;\">Dennoch gibt es immer noch sehr wenige Informationen dar\u00fcber, wie die Dinge hinter den Kulissen wirklich funktionieren. <\/span><span style=\"vertical-align: inherit;\">Ausgehend von Pr\u00e4zedenzf\u00e4llen und dem aktuellen Kenntnisstand lassen sich einige Unterscheidungen zwischen den wahrscheinlich geplanten Projekten von Facebook und etablierten dezentralen Metaverse-Projekten treffen.<\/span><\/span><\/p>\t\t\t\t\t\t\t\t<\/div>\n\t\t\t\t<\/div>\n\t\t\t\t<section class=\"elementor-section elementor-inner-section elementor-element elementor-element-2b932d12 elementor-section-boxed elementor-section-height-default elementor-section-height-default\" data-id=\"2b932d12\" data-element_type=\"section\" data-e-type=\"section\">\n\t\t\t\t\t\t<div class=\"elementor-container elementor-column-gap-default\">\n\t\t\t\t\t<div class=\"elementor-column elementor-col-50 elementor-inner-column elementor-element elementor-element-3c92329\" data-id=\"3c92329\" data-element_type=\"column\" data-e-type=\"column\">\n\t\t\t<div class=\"elementor-widget-wrap elementor-element-populated\">\n\t\t\t\t\t\t<div class=\"elementor-element elementor-element-184c039 elementor-widget elementor-widget-text-editor\" data-id=\"184c039\" data-element_type=\"widget\" data-e-type=\"widget\" data-widget_type=\"text-editor.default\">\n\t\t\t\t<div class=\"elementor-widget-container\">\n\t\t\t\t\t\t\t\t\t<p><span style=\"vertical-align: inherit;\"><span style=\"vertical-align: inherit;\">Wenn es um die Frage geht, ob Facebook angesichts seiner Bem\u00fchungen zur Einf\u00fchrung einer Kryptow\u00e4hrung eine dezentrale Infrastruktur einf\u00fchren wird, verf\u00fcgt das Unternehmen \u00fcber eine Art Diem, eine W\u00e4hrung, die von einem autorisierten Netzwerk zentraler Unternehmen verwaltet wird. <\/span><span style=\"vertical-align: inherit;\">Aus all dem l\u00e4sst sich mit Fug und Recht behaupten, dass Facebook Metaverse eine auf Diem zentrierte Wirtschaft haben wird, die NFT-basierte Verm\u00f6genswerte im erlaubnisbasierten Netzwerk von Diem ausgibt.<\/span><\/span><\/p><p><span style=\"vertical-align: inherit;\"><span style=\"vertical-align: inherit;\">Der gr\u00f6\u00dfte Unterschied zwischen <a href=\"https:\/\/blog.hubspot.es\/marketing\/que-es-metaverse\">Facebook Metaverse<\/a> Das Crypto Metaverse-Projekt basiert auf einer offenen und erlaubnisfreien Blockchain-Architektur. <\/span><span style=\"vertical-align: inherit;\">Jeder Entwickler kann kommen und eine Metaverse-Anwendung auf der offenen Blockchain erstellen, und jeder Benutzer kann sein eigenes virtuelles Eigentum kaufen und an virtuellen Verm\u00f6genswerten teilnehmen.<\/span><\/span><\/p><p><span style=\"vertical-align: inherit;\"><span style=\"vertical-align: inherit;\">Einer der gr\u00f6\u00dften Vorteile einer offenen und dezentralen Architektur ist, dass Benutzer nahtlos verschiedenen Metaversen beitreten und zwischen ihnen wechseln k\u00f6nnen. <\/span><span style=\"vertical-align: inherit;\">An diesem Punkt stellt sich die Frage, inwieweit Meta plant, dass sein Metaverse interoperabel sein soll und dass die Assets des Metaverse mit anderen, nicht von Facebook ver\u00f6ffentlichten Assets austauschbar sein sollen.<\/span><\/span><\/p>\t\t\t\t\t\t\t\t<\/div>\n\t\t\t\t<\/div>\n\t\t\t\t\t<\/div>\n\t\t<\/div>\n\t\t\t\t<div class=\"elementor-column elementor-col-50 elementor-inner-column elementor-element elementor-element-28b57b08\" data-id=\"28b57b08\" data-element_type=\"column\" data-e-type=\"column\">\n\t\t\t<div class=\"elementor-widget-wrap elementor-element-populated\">\n\t\t\t\t\t\t<div class=\"elementor-element elementor-element-4fd82bd0 elementor-widget elementor-widget-image\" data-id=\"4fd82bd0\" data-element_type=\"widget\" data-e-type=\"widget\" data-widget_type=\"image.default\">\n\t\t\t\t<div class=\"elementor-widget-container\">\n\t\t\t\t\t\t\t\t\t\t\t\t\t\t\t\t<a href=\"https:\/\/www.canva.com\/\">\n\t\t\t\t\t\t\t<img fetchpriority=\"high\" decoding=\"async\" width=\"800\" height=\"600\" src=\"https:\/\/thecloud.group\/wp-content\/uploads\/2022\/07\/Facebook-y-metaverso-1024x768.jpg\" class=\"elementor-animation-hang attachment-large size-large wp-image-22348\" alt=\"Facebook, Metaverse\" srcset=\"https:\/\/thecloud.group\/wp-content\/uploads\/2022\/07\/Facebook-y-metaverso-1024x768.jpg 1024w, https:\/\/thecloud.group\/wp-content\/uploads\/2022\/07\/Facebook-y-metaverso-300x225.jpg 300w, https:\/\/thecloud.group\/wp-content\/uploads\/2022\/07\/Facebook-y-metaverso-768x576.jpg 768w, https:\/\/thecloud.group\/wp-content\/uploads\/2022\/07\/Facebook-y-metaverso-1536x1152.jpg 1536w, https:\/\/thecloud.group\/wp-content\/uploads\/2022\/07\/Facebook-y-metaverso-2048x1536.jpg 2048w, https:\/\/thecloud.group\/wp-content\/uploads\/2022\/07\/Facebook-y-metaverso-16x12.jpg 16w\" sizes=\"(max-width: 800px) 100vw, 800px\" \/>\t\t\t\t\t\t\t\t<\/a>\n\t\t\t\t\t\t\t\t\t\t\t\t\t\t\t<\/div>\n\t\t\t\t<\/div>\n\t\t\t\t\t<\/div>\n\t\t<\/div>\n\t\t\t\t\t<\/div>\n\t\t<\/section>\n\t\t\t\t<section class=\"elementor-section elementor-inner-section elementor-element elementor-element-f194da4 elementor-section-boxed elementor-section-height-default elementor-section-height-default\" data-id=\"f194da4\" data-element_type=\"section\" data-e-type=\"section\">\n\t\t\t\t\t\t<div class=\"elementor-container elementor-column-gap-default\">\n\t\t\t\t\t<div class=\"elementor-column elementor-col-50 elementor-inner-column elementor-element elementor-element-fc4b879\" data-id=\"fc4b879\" data-element_type=\"column\" data-e-type=\"column\">\n\t\t\t<div class=\"elementor-widget-wrap elementor-element-populated\">\n\t\t\t\t\t\t<div class=\"elementor-element elementor-element-ce82af3 elementor-widget elementor-widget-heading\" data-id=\"ce82af3\" data-element_type=\"widget\" data-e-type=\"widget\" data-widget_type=\"heading.default\">\n\t\t\t\t<div class=\"elementor-widget-container\">\n\t\t\t\t\t<h2 class=\"elementor-heading-title elementor-size-default\">Ein von Technologiegiganten betriebenes Metaverse?<\/h2>\t\t\t\t<\/div>\n\t\t\t\t<\/div>\n\t\t\t\t<div class=\"elementor-element elementor-element-0ba0703 elementor-widget elementor-widget-text-editor\" data-id=\"0ba0703\" data-element_type=\"widget\" data-e-type=\"widget\" data-widget_type=\"text-editor.default\">\n\t\t\t\t<div class=\"elementor-widget-container\">\n\t\t\t\t\t\t\t\t\t<p>Anstatt eine dominante Stellung anzustreben, k\u00f6nnte Facebook sich f\u00fcr die Integration in das Metaverse, Spiele und etablierte Krypto-Finanzprotokolle entscheiden, was ein potenziell disruptives Szenario darstellen k\u00f6nnte. Angesichts der Gr\u00f6\u00dfe der Facebook-Nutzerbasis k\u00f6nnte dies eine bedeutende Ver\u00e4nderung im Kryptobereich bedeuten.<\/p><p>Gibt es also ein Szenario, in dem jemand NFT-Assets zwischen dem Facebook Metaverse und dem dezentralen Metaverse-Netzwerk transferieren k\u00f6nnte? Dies erscheint unwahrscheinlich, da es einen grundlegenden Strategiewechsel bei Facebook erfordern w\u00fcrde. Zwar w\u00fcrde dies ein exponentiell gr\u00f6\u00dferes wirtschaftliches Potenzial er\u00f6ffnen, doch regulatorische Bedenken und Facebooks bisherige Tendenz, Wettbewerber zu \u00fcbernehmen, anstatt mit ihnen zu konkurrieren, k\u00f6nnten erhebliche Hindernisse darstellen.<\/p>\t\t\t\t\t\t\t\t<\/div>\n\t\t\t\t<\/div>\n\t\t\t\t\t<\/div>\n\t\t<\/div>\n\t\t\t\t<div class=\"elementor-column elementor-col-50 elementor-inner-column elementor-element elementor-element-9e205f2\" data-id=\"9e205f2\" data-element_type=\"column\" data-e-type=\"column\">\n\t\t\t<div class=\"elementor-widget-wrap elementor-element-populated\">\n\t\t\t\t\t\t<div class=\"elementor-element elementor-element-1c1544f elementor-widget elementor-widget-image\" data-id=\"1c1544f\" data-element_type=\"widget\" data-e-type=\"widget\" data-widget_type=\"image.default\">\n\t\t\t\t<div class=\"elementor-widget-container\">\n\t\t\t\t\t\t\t\t\t\t\t\t\t\t\t<img decoding=\"async\" width=\"800\" height=\"534\" src=\"https:\/\/thecloud.group\/wp-content\/uploads\/2022\/07\/Facebook-y-metaverso2-1024x683.jpg\" class=\"elementor-animation-hang attachment-large size-large wp-image-22350\" alt=\"\" srcset=\"https:\/\/thecloud.group\/wp-content\/uploads\/2022\/07\/Facebook-y-metaverso2-1024x683.jpg 1024w, https:\/\/thecloud.group\/wp-content\/uploads\/2022\/07\/Facebook-y-metaverso2-300x200.jpg 300w, https:\/\/thecloud.group\/wp-content\/uploads\/2022\/07\/Facebook-y-metaverso2-768x512.jpg 768w, https:\/\/thecloud.group\/wp-content\/uploads\/2022\/07\/Facebook-y-metaverso2-1536x1024.jpg 1536w, https:\/\/thecloud.group\/wp-content\/uploads\/2022\/07\/Facebook-y-metaverso2-2048x1365.jpg 2048w, https:\/\/thecloud.group\/wp-content\/uploads\/2022\/07\/Facebook-y-metaverso2-18x12.jpg 18w\" sizes=\"(max-width: 800px) 100vw, 800px\" \/>\t\t\t\t\t\t\t\t\t\t\t\t\t\t\t<\/div>\n\t\t\t\t<\/div>\n\t\t\t\t\t<\/div>\n\t\t<\/div>\n\t\t\t\t\t<\/div>\n\t\t<\/section>\n\t\t\t\t<section class=\"elementor-section elementor-inner-section elementor-element elementor-element-68e2ec73 elementor-section-boxed elementor-section-height-default elementor-section-height-default\" data-id=\"68e2ec73\" data-element_type=\"section\" data-e-type=\"section\">\n\t\t\t\t\t\t<div class=\"elementor-container elementor-column-gap-default\">\n\t\t\t\t\t<div class=\"elementor-column elementor-col-50 elementor-inner-column elementor-element elementor-element-29b16e75\" data-id=\"29b16e75\" data-element_type=\"column\" data-e-type=\"column\">\n\t\t\t<div class=\"elementor-widget-wrap elementor-element-populated\">\n\t\t\t\t\t\t<div class=\"elementor-element elementor-element-7464ec4a elementor-widget elementor-widget-text-editor\" data-id=\"7464ec4a\" data-element_type=\"widget\" data-e-type=\"widget\" data-widget_type=\"text-editor.default\">\n\t\t\t\t<div class=\"elementor-widget-container\">\n\t\t\t\t\t\t\t\t\t<p><span style=\"vertical-align: inherit;\"><span style=\"vertical-align: inherit;\">Das Potenzial des Metaverse, sich zu einem Netzwerk zentralisierter Protokolle und abgeschotteter Systeme auf Blockchain-Basis zu entwickeln, ist ein revolution\u00e4res und disruptives Szenario. <\/span><span style=\"vertical-align: inherit;\">Angesichts der Gr\u00f6\u00dfe der Facebook-Nutzerbasis k\u00f6nnte dies ein \u00e4u\u00dferst transformatives Ereignis f\u00fcr den Blockchain- und Kryptow\u00e4hrungsbereich sein. <\/span><span style=\"vertical-align: inherit;\">Jetzt bleibt uns nur noch, auf diese neue digitale Welt zu warten und uns dar\u00fcber zu informieren, wie wir sie zu unserem Vorteil nutzen k\u00f6nnen.<\/span><\/span><\/p><p>Wenn Sie eine Idee f\u00fcr die Erschaffung Ihrer eigenen digitalen Welt haben, aber nicht wissen, wie Sie anfangen sollen, in\u00a0<a href=\"https:\/\/thecloud.group\/de\/consultoria-seo\/\">Die Cloud-Gruppe<\/a>\u00a0Wir bieten Beratungsleistungen im Bereich Gesch\u00e4ftsentwicklung an. Rufen Sie uns einfach an, wir beraten Sie gerne.\u00a0<\/p>\t\t\t\t\t\t\t\t<\/div>\n\t\t\t\t<\/div>\n\t\t\t\t\t<\/div>\n\t\t<\/div>\n\t\t\t\t<div class=\"elementor-column elementor-col-50 elementor-inner-column elementor-element elementor-element-93b60fd\" data-id=\"93b60fd\" data-element_type=\"column\" data-e-type=\"column\">\n\t\t\t<div class=\"elementor-widget-wrap elementor-element-populated\">\n\t\t\t\t\t\t<div class=\"elementor-element elementor-element-4f6056f5 elementor-widget elementor-widget-image\" data-id=\"4f6056f5\" data-element_type=\"widget\" data-e-type=\"widget\" data-widget_type=\"image.default\">\n\t\t\t\t<div class=\"elementor-widget-container\">\n\t\t\t\t\t\t\t\t\t\t\t\t\t\t\t<img decoding=\"async\" width=\"800\" height=\"534\" src=\"https:\/\/thecloud.group\/wp-content\/uploads\/2022\/07\/Facebook-y-metaverso1-1024x683.jpg\" class=\"elementor-animation-hang attachment-large size-large wp-image-22349\" alt=\"\" srcset=\"https:\/\/thecloud.group\/wp-content\/uploads\/2022\/07\/Facebook-y-metaverso1-1024x683.jpg 1024w, https:\/\/thecloud.group\/wp-content\/uploads\/2022\/07\/Facebook-y-metaverso1-300x200.jpg 300w, https:\/\/thecloud.group\/wp-content\/uploads\/2022\/07\/Facebook-y-metaverso1-768x512.jpg 768w, https:\/\/thecloud.group\/wp-content\/uploads\/2022\/07\/Facebook-y-metaverso1-1536x1024.jpg 1536w, https:\/\/thecloud.group\/wp-content\/uploads\/2022\/07\/Facebook-y-metaverso1-2048x1365.jpg 2048w, https:\/\/thecloud.group\/wp-content\/uploads\/2022\/07\/Facebook-y-metaverso1-18x12.jpg 18w\" sizes=\"(max-width: 800px) 100vw, 800px\" \/>\t\t\t\t\t\t\t\t\t\t\t\t\t\t\t<\/div>\n\t\t\t\t<\/div>\n\t\t\t\t\t<\/div>\n\t\t<\/div>\n\t\t\t\t\t<\/div>\n\t\t<\/section>\n\t\t\t\t<section class=\"elementor-section elementor-inner-section elementor-element elementor-element-bed7043 elementor-section-boxed elementor-section-height-default elementor-section-height-default\" data-id=\"bed7043\" data-element_type=\"section\" data-e-type=\"section\">\n\t\t\t\t\t\t<div class=\"elementor-container elementor-column-gap-default\">\n\t\t\t\t\t<div class=\"elementor-column elementor-col-50 elementor-inner-column elementor-element elementor-element-e9a2c0c\" data-id=\"e9a2c0c\" data-element_type=\"column\" data-e-type=\"column\">\n\t\t\t<div class=\"elementor-widget-wrap elementor-element-populated\">\n\t\t\t\t\t\t<div class=\"elementor-element elementor-element-2ecb78f elementor-widget elementor-widget-video\" data-id=\"2ecb78f\" data-element_type=\"widget\" data-e-type=\"widget\" data-settings=\"{&quot;youtube_url&quot;:&quot;https:\\\/\\\/youtu.be\\\/zY-QAgf0QJA&quot;,&quot;video_type&quot;:&quot;youtube&quot;,&quot;controls&quot;:&quot;yes&quot;}\" data-widget_type=\"video.default\">\n\t\t\t\t<div class=\"elementor-widget-container\">\n\t\t\t\t\t\t\t<div class=\"elementor-wrapper elementor-open-inline\">\n\t\t\t<div class=\"elementor-video\"><\/div>\t\t<\/div>\n\t\t\t\t\t\t<\/div>\n\t\t\t\t<\/div>\n\t\t\t\t\t<\/div>\n\t\t<\/div>\n\t\t\t\t<div class=\"elementor-column elementor-col-50 elementor-inner-column elementor-element elementor-element-5e11a01\" data-id=\"5e11a01\" data-element_type=\"column\" data-e-type=\"column\">\n\t\t\t<div class=\"elementor-widget-wrap elementor-element-populated\">\n\t\t\t\t\t\t<div class=\"elementor-element elementor-element-495d910 elementor-widget elementor-widget-spacer\" data-id=\"495d910\" data-element_type=\"widget\" data-e-type=\"widget\" data-widget_type=\"spacer.default\">\n\t\t\t\t<div class=\"elementor-widget-container\">\n\t\t\t\t\t\t\t<div class=\"elementor-spacer\">\n\t\t\t<div class=\"elementor-spacer-inner\"><\/div>\n\t\t<\/div>\n\t\t\t\t\t\t<\/div>\n\t\t\t\t<\/div>\n\t\t\t\t<div class=\"elementor-element elementor-element-095ec02 elementor-widget elementor-widget-text-editor\" data-id=\"095ec02\" data-element_type=\"widget\" data-e-type=\"widget\" data-widget_type=\"text-editor.default\">\n\t\t\t\t<div class=\"elementor-widget-container\">\n\t\t\t\t\t\t\t\t\t<p>\u00a0<\/p><p><span style=\"vertical-align: inherit;\"><span style=\"vertical-align: inherit;\">mit\u00a0 <\/span><\/span><a href=\"https:\/\/thecloud.group\/de\/\"><b><span style=\"vertical-align: inherit;\"><span style=\"vertical-align: inherit;\">Die Cloud-Gruppe<\/span><\/span><\/b><\/a><span style=\"vertical-align: inherit;\"><span style=\"vertical-align: inherit;\"> \u00a0Sie haben eine innovative L\u00f6sung zur Hand, denn wir besch\u00e4ftigen Experten auf diesem Gebiet. <\/span><span style=\"vertical-align: inherit;\">Mit anderen Worten: Wenn Sie sich f\u00fcr uns entscheiden, denken Sie daran, dass unser Team Ihr Projekt professionell und interaktiv gestalten kann.<\/span><\/span><\/p>\t\t\t\t\t\t\t\t<\/div>\n\t\t\t\t<\/div>\n\t\t\t\t\t<\/div>\n\t\t<\/div>\n\t\t\t\t\t<\/div>\n\t\t<\/section>\n\t\t\t\t\t<\/div>\n\t\t<\/div>\n\t\t\t\t\t<\/div>\n\t\t<\/section>\n\t\t\t\t<section class=\"elementor-section elementor-top-section elementor-element elementor-element-395e5acb elementor-section-boxed elementor-section-height-default elementor-section-height-default\" data-id=\"395e5acb\" data-element_type=\"section\" data-e-type=\"section\" data-settings=\"{&quot;background_background&quot;:&quot;classic&quot;}\">\n\t\t\t\t\t\t<div class=\"elementor-container elementor-column-gap-default\">\n\t\t\t\t\t<div class=\"elementor-column elementor-col-100 elementor-top-column elementor-element elementor-element-9775eb8\" data-id=\"9775eb8\" data-element_type=\"column\" data-e-type=\"column\" data-settings=\"{&quot;background_background&quot;:&quot;classic&quot;}\">\n\t\t\t<div class=\"elementor-widget-wrap\">\n\t\t\t\t\t\t\t<\/div>\n\t\t<\/div>\n\t\t\t\t\t<\/div>\n\t\t<\/section>\n\t\t\t\t<\/div>","protected":false},"excerpt":{"rendered":"<p>Facebook y metaverso descentralizados, \u00bfa d\u00f3nde ir? En el post anterior ya te explicamos que es el Metaverso . Ahora que ya sabemos c\u00f3mo ser\u00e1n los Metaverso, habremos sobre el impacto que tendr\u00e1 en el mundo de las Realidades Virtuales. As\u00ed como vimos el impacto que tuvo la Segunda Generaci\u00f3n de Realidades Virtuales en el [&hellip;]<\/p>\n","protected":false},"author":20,"featured_media":22348,"comment_status":"closed","ping_status":"closed","sticky":false,"template":"elementor_header_footer","format":"standard","meta":{"footnotes":""},"categories":[1],"tags":[784],"class_list":["post-22340","post","type-post","status-publish","format-standard","has-post-thumbnail","hentry","category-sin-categoria","tag-metaverso"],"yoast_head":"<!-- This site is optimized with the Yoast SEO Premium plugin v27.4 (Yoast SEO v27.5) - https:\/\/yoast.com\/product\/yoast-seo-premium-wordpress\/ -->\n<title>Facebook y metaverso descentralizados, \u00bfa d\u00f3nde ir? | The Cloud Group<\/title>\n<meta name=\"robots\" content=\"index, follow, max-snippet:-1, max-image-preview:large, max-video-preview:-1\" \/>\n<link rel=\"canonical\" href=\"https:\/\/thecloud.group\/de\/facebook-und-das-dezentrale-metaverse\/\" \/>\n<meta property=\"og:locale\" content=\"de_DE\" \/>\n<meta property=\"og:type\" content=\"article\" \/>\n<meta property=\"og:title\" content=\"Facebook y metaverso descentralizados, \u00bfa d\u00f3nde ir?\" \/>\n<meta property=\"og:description\" content=\"Facebook y metaverso descentralizados, \u00bfa d\u00f3nde ir? En el post anterior ya te explicamos que es el Metaverso . Ahora que ya sabemos c\u00f3mo ser\u00e1n los Metaverso, habremos sobre el impacto que tendr\u00e1 en el mundo de las Realidades Virtuales. As\u00ed como vimos el impacto que tuvo la Segunda Generaci\u00f3n de Realidades Virtuales en el [&hellip;]\" \/>\n<meta property=\"og:url\" content=\"https:\/\/thecloud.group\/de\/facebook-und-das-dezentrale-metaverse\/\" \/>\n<meta property=\"og:site_name\" content=\"The Cloud Group\" \/>\n<meta property=\"article:publisher\" content=\"https:\/\/www.facebook.com\/thecloudgroupglobal\" \/>\n<meta property=\"article:published_time\" content=\"2022-08-09T01:00:00+00:00\" \/>\n<meta property=\"og:image\" content=\"https:\/\/thecloud.group\/wp-content\/uploads\/2022\/07\/Facebook-y-metaverso-scaled.jpg\" \/>\n\t<meta property=\"og:image:width\" content=\"2560\" \/>\n\t<meta property=\"og:image:height\" content=\"1921\" \/>\n\t<meta property=\"og:image:type\" content=\"image\/jpeg\" \/>\n<meta name=\"author\" content=\"Paula Franco\" \/>\n<meta name=\"twitter:card\" content=\"summary_large_image\" \/>\n<meta name=\"twitter:label1\" content=\"Verfasst von\" \/>\n\t<meta name=\"twitter:data1\" content=\"Paula Franco\" \/>\n\t<meta name=\"twitter:label2\" content=\"Gesch\u00e4tzte Lesezeit\" \/>\n\t<meta name=\"twitter:data2\" content=\"3\u00a0Minuten\" \/>\n<script type=\"application\/ld+json\" class=\"yoast-schema-graph\">{\"@context\":\"https:\\\/\\\/schema.org\",\"@graph\":[{\"@type\":\"Article\",\"@id\":\"https:\\\/\\\/thecloud.group\\\/facebook-y-metaverso-descentralizados\\\/#article\",\"isPartOf\":{\"@id\":\"https:\\\/\\\/thecloud.group\\\/facebook-y-metaverso-descentralizados\\\/\"},\"author\":{\"name\":\"Paula Franco\",\"@id\":\"https:\\\/\\\/thecloud.group\\\/#\\\/schema\\\/person\\\/9292d905a1c98ea7345e5e71a5fe341f\"},\"headline\":\"Facebook y metaverso descentralizados, \u00bfa d\u00f3nde ir?\",\"datePublished\":\"2022-08-09T01:00:00+00:00\",\"mainEntityOfPage\":{\"@id\":\"https:\\\/\\\/thecloud.group\\\/facebook-y-metaverso-descentralizados\\\/\"},\"wordCount\":678,\"publisher\":{\"@id\":\"https:\\\/\\\/thecloud.group\\\/#organization\"},\"image\":{\"@id\":\"https:\\\/\\\/thecloud.group\\\/facebook-y-metaverso-descentralizados\\\/#primaryimage\"},\"thumbnailUrl\":\"https:\\\/\\\/thecloud.group\\\/wp-content\\\/uploads\\\/2022\\\/07\\\/Facebook-y-metaverso-scaled.jpg\",\"keywords\":[\"Metaverso\"],\"articleSection\":[\"Sin categor\u00eda\"],\"inLanguage\":\"de\"},{\"@type\":\"WebPage\",\"@id\":\"https:\\\/\\\/thecloud.group\\\/facebook-y-metaverso-descentralizados\\\/\",\"url\":\"https:\\\/\\\/thecloud.group\\\/facebook-y-metaverso-descentralizados\\\/\",\"name\":\"Facebook y metaverso descentralizados, \u00bfa d\u00f3nde ir? | The Cloud Group\",\"isPartOf\":{\"@id\":\"https:\\\/\\\/thecloud.group\\\/#website\"},\"primaryImageOfPage\":{\"@id\":\"https:\\\/\\\/thecloud.group\\\/facebook-y-metaverso-descentralizados\\\/#primaryimage\"},\"image\":{\"@id\":\"https:\\\/\\\/thecloud.group\\\/facebook-y-metaverso-descentralizados\\\/#primaryimage\"},\"thumbnailUrl\":\"https:\\\/\\\/thecloud.group\\\/wp-content\\\/uploads\\\/2022\\\/07\\\/Facebook-y-metaverso-scaled.jpg\",\"datePublished\":\"2022-08-09T01:00:00+00:00\",\"breadcrumb\":{\"@id\":\"https:\\\/\\\/thecloud.group\\\/facebook-y-metaverso-descentralizados\\\/#breadcrumb\"},\"inLanguage\":\"de\",\"potentialAction\":[{\"@type\":\"ReadAction\",\"target\":[\"https:\\\/\\\/thecloud.group\\\/facebook-y-metaverso-descentralizados\\\/\"]}]},{\"@type\":\"ImageObject\",\"inLanguage\":\"de\",\"@id\":\"https:\\\/\\\/thecloud.group\\\/facebook-y-metaverso-descentralizados\\\/#primaryimage\",\"url\":\"https:\\\/\\\/thecloud.group\\\/wp-content\\\/uploads\\\/2022\\\/07\\\/Facebook-y-metaverso-scaled.jpg\",\"contentUrl\":\"https:\\\/\\\/thecloud.group\\\/wp-content\\\/uploads\\\/2022\\\/07\\\/Facebook-y-metaverso-scaled.jpg\",\"width\":2560,\"height\":1921,\"caption\":\"Facebook, Metaverso\"},{\"@type\":\"BreadcrumbList\",\"@id\":\"https:\\\/\\\/thecloud.group\\\/facebook-y-metaverso-descentralizados\\\/#breadcrumb\",\"itemListElement\":[{\"@type\":\"ListItem\",\"position\":1,\"name\":\"Home\",\"item\":\"https:\\\/\\\/thecloud.group\\\/\"},{\"@type\":\"ListItem\",\"position\":2,\"name\":\"Facebook y metaverso descentralizados, \u00bfa d\u00f3nde ir?\"}]},{\"@type\":\"WebSite\",\"@id\":\"https:\\\/\\\/thecloud.group\\\/#website\",\"url\":\"https:\\\/\\\/thecloud.group\\\/\",\"name\":\"The Cloud Group\",\"description\":\"|\u00a0Holding Internacional de Servicios\",\"publisher\":{\"@id\":\"https:\\\/\\\/thecloud.group\\\/#organization\"},\"potentialAction\":[{\"@type\":\"SearchAction\",\"target\":{\"@type\":\"EntryPoint\",\"urlTemplate\":\"https:\\\/\\\/thecloud.group\\\/?s={search_term_string}\"},\"query-input\":{\"@type\":\"PropertyValueSpecification\",\"valueRequired\":true,\"valueName\":\"search_term_string\"}}],\"inLanguage\":\"de\"},{\"@type\":\"Organization\",\"@id\":\"https:\\\/\\\/thecloud.group\\\/#organization\",\"name\":\"The Cloud Group - Holding International de Servicios\",\"url\":\"https:\\\/\\\/thecloud.group\\\/\",\"logo\":{\"@type\":\"ImageObject\",\"inLanguage\":\"de\",\"@id\":\"https:\\\/\\\/thecloud.group\\\/#\\\/schema\\\/logo\\\/image\\\/\",\"url\":\"https:\\\/\\\/thecloud.group\\\/wp-content\\\/uploads\\\/2020\\\/05\\\/logoSmallFirmaCorreo.png\",\"contentUrl\":\"https:\\\/\\\/thecloud.group\\\/wp-content\\\/uploads\\\/2020\\\/05\\\/logoSmallFirmaCorreo.png\",\"width\":300,\"height\":190,\"caption\":\"The Cloud Group - Holding International de Servicios\"},\"image\":{\"@id\":\"https:\\\/\\\/thecloud.group\\\/#\\\/schema\\\/logo\\\/image\\\/\"},\"sameAs\":[\"https:\\\/\\\/www.facebook.com\\\/thecloudgroupglobal\"]},{\"@type\":\"Person\",\"@id\":\"https:\\\/\\\/thecloud.group\\\/#\\\/schema\\\/person\\\/9292d905a1c98ea7345e5e71a5fe341f\",\"name\":\"Paula Franco\",\"image\":{\"@type\":\"ImageObject\",\"inLanguage\":\"de\",\"@id\":\"https:\\\/\\\/secure.gravatar.com\\\/avatar\\\/8622dc6801e07daa51e09fd706fb55b2bdf9cada1ade4ab996fb3b4549e9214c?s=96&d=mm&r=g\",\"url\":\"https:\\\/\\\/secure.gravatar.com\\\/avatar\\\/8622dc6801e07daa51e09fd706fb55b2bdf9cada1ade4ab996fb3b4549e9214c?s=96&d=mm&r=g\",\"contentUrl\":\"https:\\\/\\\/secure.gravatar.com\\\/avatar\\\/8622dc6801e07daa51e09fd706fb55b2bdf9cada1ade4ab996fb3b4549e9214c?s=96&d=mm&r=g\",\"caption\":\"Paula Franco\"}}]}<\/script>\n<!-- \/ Yoast SEO Premium plugin. -->","yoast_head_json":{"title":"Facebook und ein dezentrales Metaverse: Wohin geht die Reise? | The Cloud Group","robots":{"index":"index","follow":"follow","max-snippet":"max-snippet:-1","max-image-preview":"max-image-preview:large","max-video-preview":"max-video-preview:-1"},"canonical":"https:\/\/thecloud.group\/de\/facebook-und-das-dezentrale-metaverse\/","og_locale":"de_DE","og_type":"article","og_title":"Facebook y metaverso descentralizados, \u00bfa d\u00f3nde ir?","og_description":"Facebook y metaverso descentralizados, \u00bfa d\u00f3nde ir? En el post anterior ya te explicamos que es el Metaverso . Ahora que ya sabemos c\u00f3mo ser\u00e1n los Metaverso, habremos sobre el impacto que tendr\u00e1 en el mundo de las Realidades Virtuales. As\u00ed como vimos el impacto que tuvo la Segunda Generaci\u00f3n de Realidades Virtuales en el [&hellip;]","og_url":"https:\/\/thecloud.group\/de\/facebook-und-das-dezentrale-metaverse\/","og_site_name":"The Cloud Group","article_publisher":"https:\/\/www.facebook.com\/thecloudgroupglobal","article_published_time":"2022-08-09T01:00:00+00:00","og_image":[{"width":2560,"height":1921,"url":"https:\/\/thecloud.group\/wp-content\/uploads\/2022\/07\/Facebook-y-metaverso-scaled.jpg","type":"image\/jpeg"}],"author":"Paula Franco","twitter_card":"summary_large_image","twitter_misc":{"Verfasst von":"Paula Franco","Gesch\u00e4tzte Lesezeit":"3\u00a0Minuten"},"schema":{"@context":"https:\/\/schema.org","@graph":[{"@type":"Article","@id":"https:\/\/thecloud.group\/facebook-y-metaverso-descentralizados\/#article","isPartOf":{"@id":"https:\/\/thecloud.group\/facebook-y-metaverso-descentralizados\/"},"author":{"name":"Paula Franco","@id":"https:\/\/thecloud.group\/#\/schema\/person\/9292d905a1c98ea7345e5e71a5fe341f"},"headline":"Facebook y metaverso descentralizados, \u00bfa d\u00f3nde ir?","datePublished":"2022-08-09T01:00:00+00:00","mainEntityOfPage":{"@id":"https:\/\/thecloud.group\/facebook-y-metaverso-descentralizados\/"},"wordCount":678,"publisher":{"@id":"https:\/\/thecloud.group\/#organization"},"image":{"@id":"https:\/\/thecloud.group\/facebook-y-metaverso-descentralizados\/#primaryimage"},"thumbnailUrl":"https:\/\/thecloud.group\/wp-content\/uploads\/2022\/07\/Facebook-y-metaverso-scaled.jpg","keywords":["Metaverso"],"articleSection":["Sin categor\u00eda"],"inLanguage":"de"},{"@type":"WebPage","@id":"https:\/\/thecloud.group\/facebook-y-metaverso-descentralizados\/","url":"https:\/\/thecloud.group\/facebook-y-metaverso-descentralizados\/","name":"Facebook und ein dezentrales Metaverse: Wohin geht die Reise? | The Cloud Group","isPartOf":{"@id":"https:\/\/thecloud.group\/#website"},"primaryImageOfPage":{"@id":"https:\/\/thecloud.group\/facebook-y-metaverso-descentralizados\/#primaryimage"},"image":{"@id":"https:\/\/thecloud.group\/facebook-y-metaverso-descentralizados\/#primaryimage"},"thumbnailUrl":"https:\/\/thecloud.group\/wp-content\/uploads\/2022\/07\/Facebook-y-metaverso-scaled.jpg","datePublished":"2022-08-09T01:00:00+00:00","breadcrumb":{"@id":"https:\/\/thecloud.group\/facebook-y-metaverso-descentralizados\/#breadcrumb"},"inLanguage":"de","potentialAction":[{"@type":"ReadAction","target":["https:\/\/thecloud.group\/facebook-y-metaverso-descentralizados\/"]}]},{"@type":"ImageObject","inLanguage":"de","@id":"https:\/\/thecloud.group\/facebook-y-metaverso-descentralizados\/#primaryimage","url":"https:\/\/thecloud.group\/wp-content\/uploads\/2022\/07\/Facebook-y-metaverso-scaled.jpg","contentUrl":"https:\/\/thecloud.group\/wp-content\/uploads\/2022\/07\/Facebook-y-metaverso-scaled.jpg","width":2560,"height":1921,"caption":"Facebook, Metaverso"},{"@type":"BreadcrumbList","@id":"https:\/\/thecloud.group\/facebook-y-metaverso-descentralizados\/#breadcrumb","itemListElement":[{"@type":"ListItem","position":1,"name":"Home","item":"https:\/\/thecloud.group\/"},{"@type":"ListItem","position":2,"name":"Facebook y metaverso descentralizados, \u00bfa d\u00f3nde ir?"}]},{"@type":"WebSite","@id":"https:\/\/thecloud.group\/#website","url":"https:\/\/thecloud.group\/","name":"Die Cloud-Gruppe","description":"| International Services Holding","publisher":{"@id":"https:\/\/thecloud.group\/#organization"},"potentialAction":[{"@type":"SearchAction","target":{"@type":"EntryPoint","urlTemplate":"https:\/\/thecloud.group\/?s={search_term_string}"},"query-input":{"@type":"PropertyValueSpecification","valueRequired":true,"valueName":"search_term_string"}}],"inLanguage":"de"},{"@type":"Organization","@id":"https:\/\/thecloud.group\/#organization","name":"The Cloud Group \u2013 Internationale Dienstleistungsholding","url":"https:\/\/thecloud.group\/","logo":{"@type":"ImageObject","inLanguage":"de","@id":"https:\/\/thecloud.group\/#\/schema\/logo\/image\/","url":"https:\/\/thecloud.group\/wp-content\/uploads\/2020\/05\/logoSmallFirmaCorreo.png","contentUrl":"https:\/\/thecloud.group\/wp-content\/uploads\/2020\/05\/logoSmallFirmaCorreo.png","width":300,"height":190,"caption":"The Cloud Group - Holding International de Servicios"},"image":{"@id":"https:\/\/thecloud.group\/#\/schema\/logo\/image\/"},"sameAs":["https:\/\/www.facebook.com\/thecloudgroupglobal"]},{"@type":"Person","@id":"https:\/\/thecloud.group\/#\/schema\/person\/9292d905a1c98ea7345e5e71a5fe341f","name":"Paula Franco","image":{"@type":"ImageObject","inLanguage":"de","@id":"https:\/\/secure.gravatar.com\/avatar\/8622dc6801e07daa51e09fd706fb55b2bdf9cada1ade4ab996fb3b4549e9214c?s=96&d=mm&r=g","url":"https:\/\/secure.gravatar.com\/avatar\/8622dc6801e07daa51e09fd706fb55b2bdf9cada1ade4ab996fb3b4549e9214c?s=96&d=mm&r=g","contentUrl":"https:\/\/secure.gravatar.com\/avatar\/8622dc6801e07daa51e09fd706fb55b2bdf9cada1ade4ab996fb3b4549e9214c?s=96&d=mm&r=g","caption":"Paula Franco"}}]}},"_links":{"self":[{"href":"https:\/\/thecloud.group\/de\/wp-json\/wp\/v2\/posts\/22340","targetHints":{"allow":["GET"]}}],"collection":[{"href":"https:\/\/thecloud.group\/de\/wp-json\/wp\/v2\/posts"}],"about":[{"href":"https:\/\/thecloud.group\/de\/wp-json\/wp\/v2\/types\/post"}],"author":[{"embeddable":true,"href":"https:\/\/thecloud.group\/de\/wp-json\/wp\/v2\/users\/20"}],"replies":[{"embeddable":true,"href":"https:\/\/thecloud.group\/de\/wp-json\/wp\/v2\/comments?post=22340"}],"version-history":[{"count":30,"href":"https:\/\/thecloud.group\/de\/wp-json\/wp\/v2\/posts\/22340\/revisions"}],"predecessor-version":[{"id":22374,"href":"https:\/\/thecloud.group\/de\/wp-json\/wp\/v2\/posts\/22340\/revisions\/22374"}],"wp:featuredmedia":[{"embeddable":true,"href":"https:\/\/thecloud.group\/de\/wp-json\/wp\/v2\/media\/22348"}],"wp:attachment":[{"href":"https:\/\/thecloud.group\/de\/wp-json\/wp\/v2\/media?parent=22340"}],"wp:term":[{"taxonomy":"category","embeddable":true,"href":"https:\/\/thecloud.group\/de\/wp-json\/wp\/v2\/categories?post=22340"},{"taxonomy":"post_tag","embeddable":true,"href":"https:\/\/thecloud.group\/de\/wp-json\/wp\/v2\/tags?post=22340"}],"curies":[{"name":"wp","href":"https:\/\/api.w.org\/{rel}","templated":true}]}}