{"id":21032,"date":"2022-04-18T01:00:00","date_gmt":"2022-04-18T01:00:00","guid":{"rendered":"https:\/\/thecloud.group\/?p=21032"},"modified":"2022-04-19T15:16:13","modified_gmt":"2022-04-19T15:16:13","slug":"digitale-marketingtrends-in-barcelona-fur-2022","status":"publish","type":"post","link":"https:\/\/thecloud.group\/de\/tendencias-de-marketing-digital-barcelona-para-2022\/","title":{"rendered":"Digitale Marketingtrends f\u00fcr 2022"},"content":{"rendered":"<div data-elementor-type=\"wp-post\" data-elementor-id=\"21032\" class=\"elementor elementor-21032\" data-elementor-post-type=\"post\">\n\t\t\t\t\t\t<section class=\"elementor-section elementor-top-section elementor-element elementor-element-5b1dc52c elementor-section-stretched elementor-section-boxed elementor-section-height-default elementor-section-height-default\" data-id=\"5b1dc52c\" data-element_type=\"section\" data-e-type=\"section\" data-settings=\"{&quot;stretch_section&quot;:&quot;section-stretched&quot;,&quot;background_background&quot;:&quot;classic&quot;}\">\n\t\t\t\t\t\t\t<div class=\"elementor-background-overlay\"><\/div>\n\t\t\t\t\t\t\t<div class=\"elementor-container elementor-column-gap-default\">\n\t\t\t\t\t<div class=\"elementor-column elementor-col-100 elementor-top-column elementor-element elementor-element-47af5b46\" data-id=\"47af5b46\" data-element_type=\"column\" data-e-type=\"column\" data-settings=\"{&quot;background_background&quot;:&quot;classic&quot;}\">\n\t\t\t<div class=\"elementor-widget-wrap elementor-element-populated\">\n\t\t\t\t\t\t<div class=\"elementor-element elementor-element-6bc0c454 elementor-widget elementor-widget-image\" data-id=\"6bc0c454\" data-element_type=\"widget\" data-e-type=\"widget\" data-widget_type=\"image.default\">\n\t\t\t\t<div class=\"elementor-widget-container\">\n\t\t\t\t\t\t\t\t\t\t\t\t\t\t\t<img decoding=\"async\" src=\"https:\/\/thecloud.group\/wp-content\/uploads\/elementor\/thumbs\/logo-pd8scx7e21qrxkwrdlcuh7c8eeq4vmzqsjri81k6ps.png\" title=\"Logo\" alt=\"Logo\" loading=\"lazy\" \/>\t\t\t\t\t\t\t\t\t\t\t\t\t\t\t<\/div>\n\t\t\t\t<\/div>\n\t\t\t\t<section class=\"elementor-section elementor-inner-section elementor-element elementor-element-2ccf1343 elementor-section-boxed elementor-section-height-default elementor-section-height-default\" data-id=\"2ccf1343\" data-element_type=\"section\" data-e-type=\"section\">\n\t\t\t\t\t\t<div class=\"elementor-container elementor-column-gap-default\">\n\t\t\t\t\t<div class=\"elementor-column elementor-col-33 elementor-inner-column elementor-element elementor-element-38e618ad\" data-id=\"38e618ad\" data-element_type=\"column\" data-e-type=\"column\">\n\t\t\t<div class=\"elementor-widget-wrap\">\n\t\t\t\t\t\t\t<\/div>\n\t\t<\/div>\n\t\t\t\t<div class=\"elementor-column elementor-col-33 elementor-inner-column elementor-element elementor-element-7d8eff25\" data-id=\"7d8eff25\" data-element_type=\"column\" data-e-type=\"column\">\n\t\t\t<div class=\"elementor-widget-wrap elementor-element-populated\">\n\t\t\t\t\t\t<div class=\"elementor-element elementor-element-feea69b elementor-widget elementor-widget-heading\" data-id=\"feea69b\" data-element_type=\"widget\" data-e-type=\"widget\" data-widget_type=\"heading.default\">\n\t\t\t\t<div class=\"elementor-widget-container\">\n\t\t\t\t\t<h1 class=\"elementor-heading-title elementor-size-default\">Digitale Marketingtrends f\u00fcr 2022<\/h1>\t\t\t\t<\/div>\n\t\t\t\t<\/div>\n\t\t\t\t\t<\/div>\n\t\t<\/div>\n\t\t\t\t<div class=\"elementor-column elementor-col-33 elementor-inner-column elementor-element elementor-element-526240f\" data-id=\"526240f\" data-element_type=\"column\" data-e-type=\"column\">\n\t\t\t<div class=\"elementor-widget-wrap\">\n\t\t\t\t\t\t\t<\/div>\n\t\t<\/div>\n\t\t\t\t\t<\/div>\n\t\t<\/section>\n\t\t\t\t<section class=\"elementor-section elementor-inner-section elementor-element elementor-element-544b84c4 elementor-section-boxed elementor-section-height-default elementor-section-height-default\" data-id=\"544b84c4\" data-element_type=\"section\" data-e-type=\"section\">\n\t\t\t\t\t\t<div class=\"elementor-container elementor-column-gap-default\">\n\t\t\t\t\t<div class=\"elementor-column elementor-col-25 elementor-inner-column elementor-element elementor-element-7796e859\" data-id=\"7796e859\" data-element_type=\"column\" data-e-type=\"column\">\n\t\t\t<div class=\"elementor-widget-wrap\">\n\t\t\t\t\t\t\t<\/div>\n\t\t<\/div>\n\t\t\t\t<div class=\"elementor-column elementor-col-25 elementor-inner-column elementor-element elementor-element-1726d2f9\" data-id=\"1726d2f9\" data-element_type=\"column\" data-e-type=\"column\">\n\t\t\t<div class=\"elementor-widget-wrap\">\n\t\t\t\t\t\t\t<\/div>\n\t\t<\/div>\n\t\t\t\t<div class=\"elementor-column elementor-col-25 elementor-inner-column elementor-element elementor-element-41da368b\" data-id=\"41da368b\" data-element_type=\"column\" data-e-type=\"column\">\n\t\t\t<div class=\"elementor-widget-wrap\">\n\t\t\t\t\t\t\t<\/div>\n\t\t<\/div>\n\t\t\t\t<div class=\"elementor-column elementor-col-25 elementor-inner-column elementor-element elementor-element-7e8ff17d\" data-id=\"7e8ff17d\" data-element_type=\"column\" data-e-type=\"column\">\n\t\t\t<div class=\"elementor-widget-wrap\">\n\t\t\t\t\t\t\t<\/div>\n\t\t<\/div>\n\t\t\t\t\t<\/div>\n\t\t<\/section>\n\t\t\t\t\t<\/div>\n\t\t<\/div>\n\t\t\t\t\t<\/div>\n\t\t<\/section>\n\t\t\t\t<section class=\"elementor-section elementor-top-section elementor-element elementor-element-6f28b8e4 elementor-section-boxed elementor-section-height-default elementor-section-height-default\" data-id=\"6f28b8e4\" data-element_type=\"section\" data-e-type=\"section\">\n\t\t\t\t\t\t<div class=\"elementor-container elementor-column-gap-default\">\n\t\t\t\t\t<div class=\"elementor-column elementor-col-100 elementor-top-column elementor-element elementor-element-1c2a5590\" data-id=\"1c2a5590\" data-element_type=\"column\" data-e-type=\"column\">\n\t\t\t<div class=\"elementor-widget-wrap elementor-element-populated\">\n\t\t\t\t\t\t<div class=\"elementor-element elementor-element-52a082e elementor-widget elementor-widget-text-editor\" data-id=\"52a082e\" data-element_type=\"widget\" data-e-type=\"widget\" data-widget_type=\"text-editor.default\">\n\t\t\t\t<div class=\"elementor-widget-container\">\n\t\t\t\t\t\t\t\t\t<p>Mit der Zeit erkennen wir immer mehr, wie n\u00fctzlich und notwendig es ist, unsere Produkte und Dienstleistungen \u00fcber digitale Kan\u00e4le zu vermarkten. Deshalb ist digitales Marketing in Barcelona f\u00fcr das Wachstum von KMU in Spanien unerl\u00e4sslich.\u00a0<span style=\"color: var( --e-global-color-text ); font-family: var( --e-global-typography-text-font-family ), roboto; font-size: var( --e-global-typography-text-font-size ); font-weight: var( --e-global-typography-text-font-weight );\">Die Digitalisierung unserer Werbung ist keine optionale Laune mehr, die wir in Erw\u00e4gung ziehen k\u00f6nnten; sie ist jetzt unerl\u00e4sslich, wenn wir wettbewerbsf\u00e4hig sein wollen.<\/span><\/p><p>Wir helfen Ihnen also dabei, die Trends zu erkennen. <a href=\"https:\/\/rockcontent.com\/es\/blog\/marketing-digital\/\">digitales Marketing<\/a> Sie k\u00f6nnen es jetzt f\u00fcr Ihr Unternehmen anwenden, um Ihre SEO-Positionierung in Barcelona zu optimieren.<\/p>\t\t\t\t\t\t\t\t<\/div>\n\t\t\t\t<\/div>\n\t\t\t\t<section class=\"elementor-section elementor-inner-section elementor-element elementor-element-2b932d12 elementor-section-boxed elementor-section-height-default elementor-section-height-default\" data-id=\"2b932d12\" data-element_type=\"section\" data-e-type=\"section\" data-settings=\"{&quot;background_background&quot;:&quot;classic&quot;}\">\n\t\t\t\t\t\t<div class=\"elementor-container elementor-column-gap-default\">\n\t\t\t\t\t<div class=\"elementor-column elementor-col-50 elementor-inner-column elementor-element elementor-element-3c92329\" data-id=\"3c92329\" data-element_type=\"column\" data-e-type=\"column\">\n\t\t\t<div class=\"elementor-widget-wrap elementor-element-populated\">\n\t\t\t\t\t\t<div class=\"elementor-element elementor-element-4fd82bd0 elementor-widget elementor-widget-image\" data-id=\"4fd82bd0\" data-element_type=\"widget\" data-e-type=\"widget\" data-widget_type=\"image.default\">\n\t\t\t\t<div class=\"elementor-widget-container\">\n\t\t\t\t\t\t\t\t\t\t\t\t\t\t\t\t<a href=\"https:\/\/www.canva.com\/\">\n\t\t\t\t\t\t\t<img fetchpriority=\"high\" decoding=\"async\" width=\"800\" height=\"534\" src=\"https:\/\/thecloud.group\/wp-content\/uploads\/2022\/03\/Tendencias-de-marketing-digital-para-2022-1024x683.jpg\" class=\"elementor-animation-hang attachment-large size-large wp-image-21043\" alt=\"digitales Marketing\" srcset=\"https:\/\/thecloud.group\/wp-content\/uploads\/2022\/03\/Tendencias-de-marketing-digital-para-2022-1024x683.jpg 1024w, https:\/\/thecloud.group\/wp-content\/uploads\/2022\/03\/Tendencias-de-marketing-digital-para-2022-300x200.jpg 300w, https:\/\/thecloud.group\/wp-content\/uploads\/2022\/03\/Tendencias-de-marketing-digital-para-2022-768x512.jpg 768w, https:\/\/thecloud.group\/wp-content\/uploads\/2022\/03\/Tendencias-de-marketing-digital-para-2022-1536x1024.jpg 1536w, https:\/\/thecloud.group\/wp-content\/uploads\/2022\/03\/Tendencias-de-marketing-digital-para-2022-2048x1365.jpg 2048w, https:\/\/thecloud.group\/wp-content\/uploads\/2022\/03\/Tendencias-de-marketing-digital-para-2022-18x12.jpg 18w\" sizes=\"(max-width: 800px) 100vw, 800px\" \/>\t\t\t\t\t\t\t\t<\/a>\n\t\t\t\t\t\t\t\t\t\t\t\t\t\t\t<\/div>\n\t\t\t\t<\/div>\n\t\t\t\t\t<\/div>\n\t\t<\/div>\n\t\t\t\t<div class=\"elementor-column elementor-col-50 elementor-inner-column elementor-element elementor-element-28b57b08\" data-id=\"28b57b08\" data-element_type=\"column\" data-e-type=\"column\">\n\t\t\t<div class=\"elementor-widget-wrap elementor-element-populated\">\n\t\t\t\t\t\t<div class=\"elementor-element elementor-element-13c3941 elementor-widget elementor-widget-heading\" data-id=\"13c3941\" data-element_type=\"widget\" data-e-type=\"widget\" data-widget_type=\"heading.default\">\n\t\t\t\t<div class=\"elementor-widget-container\">\n\t\t\t\t\t<h2 class=\"elementor-heading-title elementor-size-default\">Strukturieren Sie Ihr Vertriebsteam mit einem digitalen Fokus<\/h2>\t\t\t\t<\/div>\n\t\t\t\t<\/div>\n\t\t\t\t<div class=\"elementor-element elementor-element-396e3d2 elementor-widget elementor-widget-text-editor\" data-id=\"396e3d2\" data-element_type=\"widget\" data-e-type=\"widget\" data-widget_type=\"text-editor.default\">\n\t\t\t\t<div class=\"elementor-widget-container\">\n\t\t\t\t\t\t\t\t\t<p>Die Grundlage allen Handelns liegt im Denken, in unserer Wahrnehmung der Dinge. Daher hilft es Ihnen, Ihre Ziele schneller zu erreichen als erwartet, wenn Sie Ihr Unternehmen auf ein Team aufbauen, das rein digital denkt.<\/p><p>Mit anderen Worten: Die Kontaktaufnahme mit Vertriebsleitern bringt Ihnen einen deutlichen Vorteil. Warum? Weil diese Experten Ihr digitales Marketing verbessern.<\/p>\t\t\t\t\t\t\t\t<\/div>\n\t\t\t\t<\/div>\n\t\t\t\t<div class=\"elementor-element elementor-element-7079077 elementor-widget elementor-widget-heading\" data-id=\"7079077\" data-element_type=\"widget\" data-e-type=\"widget\" data-widget_type=\"heading.default\">\n\t\t\t\t<div class=\"elementor-widget-container\">\n\t\t\t\t\t<h2 class=\"elementor-heading-title elementor-size-default\">Erstellen Sie ein \u00fcberzeugendes Wertversprechen. <\/h2>\t\t\t\t<\/div>\n\t\t\t\t<\/div>\n\t\t\t\t<div class=\"elementor-element elementor-element-1de2e09 elementor-widget elementor-widget-text-editor\" data-id=\"1de2e09\" data-element_type=\"widget\" data-e-type=\"widget\" data-widget_type=\"text-editor.default\">\n\t\t\t\t<div class=\"elementor-widget-container\">\n\t\t\t\t\t\t\t\t\t<p>Bedenken Sie, dass die Beg\u00fcnstigten dank des Internets Zugriff auf alle Arten von Daten haben. Dies erm\u00f6glicht es ihnen, alles, was sie suchen, gr\u00fcndlich zu pr\u00fcfen und das zu erhalten, was sie wollen.<\/p>\t\t\t\t\t\t\t\t<\/div>\n\t\t\t\t<\/div>\n\t\t\t\t\t<\/div>\n\t\t<\/div>\n\t\t\t\t\t<\/div>\n\t\t<\/section>\n\t\t\t\t<div class=\"elementor-element elementor-element-9f09b4e elementor-widget elementor-widget-text-editor\" data-id=\"9f09b4e\" data-element_type=\"widget\" data-e-type=\"widget\" data-widget_type=\"text-editor.default\">\n\t\t\t\t<div class=\"elementor-widget-container\">\n\t\t\t\t\t\t\t\t\t<p>Anders ausgedr\u00fcckt: Sie finden bereits sehr leicht, was sie brauchen. Daher ist es f\u00fcr Sie als Marke am besten, Ihr Angebot zu \u00fcberarbeiten und neu zu strukturieren.,\u00a0<span style=\"color: var( --e-global-color-text ); font-family: var( --e-global-typography-text-font-family ), roboto; font-size: var( --e-global-typography-text-font-size ); font-weight: var( --e-global-typography-text-font-weight );\">So gewinnen Sie die Aufmerksamkeit Ihrer Zielgruppe und \u00fcberzeugen sie von Ihrem Angebot. Daher ist eine ansprechende und interaktive Website entscheidend, weshalb eine professionelle Softwareentwicklung in Barcelona unerl\u00e4sslich ist.<\/span><\/p>\t\t\t\t\t\t\t\t<\/div>\n\t\t\t\t<\/div>\n\t\t\t\t<div class=\"elementor-element elementor-element-03a6207 elementor-widget elementor-widget-heading\" data-id=\"03a6207\" data-element_type=\"widget\" data-e-type=\"widget\" data-widget_type=\"heading.default\">\n\t\t\t\t<div class=\"elementor-widget-container\">\n\t\t\t\t\t<h2 class=\"elementor-heading-title elementor-size-default\">Setzen Sie auf die Content-Ersteller des digitalen Marketings in Barcelona. <\/h2>\t\t\t\t<\/div>\n\t\t\t\t<\/div>\n\t\t\t\t<div class=\"elementor-element elementor-element-3b77994b elementor-widget elementor-widget-text-editor\" data-id=\"3b77994b\" data-element_type=\"widget\" data-e-type=\"widget\" data-widget_type=\"text-editor.default\">\n\t\t\t\t<div class=\"elementor-widget-container\">\n\t\t\t\t\t\t\t\t\t<p>Die Reichweite der von heutigen Influencern geteilten Informationen ist erstaunlich. Sie ist sogar so bedeutend, dass Social-Media-Plattformen bereits innovative Tools entwickeln, um ihre Reichweite weiter auszubauen.<\/p><p>Die Kontaktaufnahme erfordert zwar einen erheblichen Investitionsaufwand, die Ergebnisse haben jedoch einen bedeutenden Einfluss auf die Branche. Das bedeutet, dass es durchaus m\u00f6glich ist, Interessenten durch digitales Marketing in Barcelona in potenzielle Kunden zu verwandeln.<\/p>\t\t\t\t\t\t\t\t<\/div>\n\t\t\t\t<\/div>\n\t\t\t\t<div class=\"elementor-element elementor-element-fc7e500 elementor-widget elementor-widget-heading\" data-id=\"fc7e500\" data-element_type=\"widget\" data-e-type=\"widget\" data-widget_type=\"heading.default\">\n\t\t\t\t<div class=\"elementor-widget-container\">\n\t\t\t\t\t<h2 class=\"elementor-heading-title elementor-size-default\">Gestalten Sie Ihr Angebot so um, dass es nachhaltig ist.<\/h2>\t\t\t\t<\/div>\n\t\t\t\t<\/div>\n\t\t\t\t<div class=\"elementor-element elementor-element-b25e65d elementor-widget elementor-widget-text-editor\" data-id=\"b25e65d\" data-element_type=\"widget\" data-e-type=\"widget\" data-widget_type=\"text-editor.default\">\n\t\t\t\t<div class=\"elementor-widget-container\">\n\t\t\t\t\t\t\t\t\t<p>Viele der Nutznie\u00dfer dieser Initiative legen gro\u00dfen Wert auf Umweltschutz. Und w\u00e4hrend dies einigen Beh\u00f6rden sicherlich Sorgen bereitet, ist es f\u00fcr andere von Vorteil.<\/p><p>Warum? Weil die Kombination aus dem Verkauf nachhaltiger Produkte und aktiver digitaler Werbung Barrieren \u00fcberwindet, die derzeit undenkbar sind.<\/p><p>Wenn Sie sich also die Zeit nehmen, umweltfreundlichere Elemente in Ihre Produkte einzubauen \u2013 sei es bei der Verpackung oder im Produktionsprozess \u2013, verbessert das Ihren Ruf. Pr\u00fcfen Sie daher, welche Faktoren Sie \u00e4ndern k\u00f6nnen, um das ganze Jahr \u00fcber zu mehr Nachhaltigkeit beizutragen.<\/p>\t\t\t\t\t\t\t\t<\/div>\n\t\t\t\t<\/div>\n\t\t\t\t<div class=\"elementor-element elementor-element-620efee elementor-widget elementor-widget-heading\" data-id=\"620efee\" data-element_type=\"widget\" data-e-type=\"widget\" data-widget_type=\"heading.default\">\n\t\t\t\t<div class=\"elementor-widget-container\">\n\t\t\t\t\t<h2 class=\"elementor-heading-title elementor-size-default\">Schlie\u00dfen Sie Ihre Verhandlungen f\u00fcr Live-\u00dcbertragungen ab.<\/h2>\t\t\t\t<\/div>\n\t\t\t\t<\/div>\n\t\t\t\t<div class=\"elementor-element elementor-element-5f72e6e elementor-widget elementor-widget-text-editor\" data-id=\"5f72e6e\" data-element_type=\"widget\" data-e-type=\"widget\" data-widget_type=\"text-editor.default\">\n\t\t\t\t<div class=\"elementor-widget-container\">\n\t\t\t\t\t\t\t\t\t<p>Das Live-Streaming von Produkteinf\u00fchrungen oder ganzen Produktkatalogen mit Content-Erstellern ist eine \u00e4u\u00dferst effektive Strategie. Dieser Ansatz zieht viele Kunden an, die sich f\u00fcr die Produkte interessieren und sogar zu treuen Kunden von Marken mit Online-Shops werden.<\/p><p>Besitzt du noch keinen? <a href=\"https:\/\/thecloud.group\/de\/tiendas-online-profesionales\/\">Online-Shop<\/a> Suchen Sie nach etwas Auff\u00e4lligem und gleichzeitig Intuitivem? Dann erw\u00e4gen Sie Softwareentwicklung in Tarragona und starten Sie eine einzigartige Facette Ihrer digitalen Marketingstrategie in Tarragona.<\/p>\t\t\t\t\t\t\t\t<\/div>\n\t\t\t\t<\/div>\n\t\t\t\t<section class=\"elementor-section elementor-inner-section elementor-element elementor-element-0a1e7fe elementor-section-boxed elementor-section-height-default elementor-section-height-default\" data-id=\"0a1e7fe\" data-element_type=\"section\" data-e-type=\"section\">\n\t\t\t\t\t\t<div class=\"elementor-container elementor-column-gap-default\">\n\t\t\t\t\t<div class=\"elementor-column elementor-col-50 elementor-inner-column elementor-element elementor-element-1510a1a\" data-id=\"1510a1a\" data-element_type=\"column\" data-e-type=\"column\">\n\t\t\t<div class=\"elementor-widget-wrap elementor-element-populated\">\n\t\t\t\t\t\t<div class=\"elementor-element elementor-element-53ef8ed elementor-widget elementor-widget-heading\" data-id=\"53ef8ed\" data-element_type=\"widget\" data-e-type=\"widget\" data-widget_type=\"heading.default\">\n\t\t\t\t<div class=\"elementor-widget-container\">\n\t\t\t\t\t<h2 class=\"elementor-heading-title elementor-size-default\">Nutzen Sie soziale Medien zum Verkaufen <\/h2>\t\t\t\t<\/div>\n\t\t\t\t<\/div>\n\t\t\t\t<div class=\"elementor-element elementor-element-50d3c96 elementor-widget elementor-widget-text-editor\" data-id=\"50d3c96\" data-element_type=\"widget\" data-e-type=\"widget\" data-widget_type=\"text-editor.default\">\n\t\t\t\t<div class=\"elementor-widget-container\">\n\t\t\t\t\t\t\t\t\t<p>Es ist kein Zufall, dass die weltweit meistgenutzten sozialen Netzwerke Direktkauf-Buttons einf\u00fchren.<\/p><p>Diese CTAs leiten die Nutzer nat\u00fcrlich nicht nur zu anderen digitalen Adressen weiter, sondern erm\u00f6glichen ihnen auch, direkte Transaktionen \u00fcber diese Netzwerke durchzuf\u00fchren.\u00a0<\/p><p>Deshalb ist es heutzutage unerl\u00e4sslich, die Funktionalit\u00e4ten sozialer Netzwerke zu nutzen, um \u00fcber sie zu verkaufen.<\/p><p>Deshalb sollten Sie bedenken, dass die spanische \u00d6ffentlichkeit nicht weit dahinter liegt. Die Nutzung der SEO-Positionierung in Tarragona ist also ein Trumpf im \u00c4rmel.<\/p><p>Andererseits sollten Sie bedenken, dass Videoanzeigen in der Regel leicht zu Conversions f\u00fchren. Dank der Kreativit\u00e4t, die ein Video bietet, k\u00f6nnen Sie in kurzer Zeit mehr verkaufen.<\/p>\t\t\t\t\t\t\t\t<\/div>\n\t\t\t\t<\/div>\n\t\t\t\t\t<\/div>\n\t\t<\/div>\n\t\t\t\t<div class=\"elementor-column elementor-col-50 elementor-inner-column elementor-element elementor-element-b9c3794\" data-id=\"b9c3794\" data-element_type=\"column\" data-e-type=\"column\">\n\t\t\t<div class=\"elementor-widget-wrap elementor-element-populated\">\n\t\t\t\t\t\t<div class=\"elementor-element elementor-element-9aae349 elementor-widget elementor-widget-image\" data-id=\"9aae349\" data-element_type=\"widget\" data-e-type=\"widget\" data-widget_type=\"image.default\">\n\t\t\t\t<div class=\"elementor-widget-container\">\n\t\t\t\t\t\t\t\t\t\t\t\t\t\t\t<img decoding=\"async\" width=\"800\" height=\"434\" src=\"https:\/\/thecloud.group\/wp-content\/uploads\/2022\/03\/Tendencias-demarketing-digital-para-2022-1024x556.jpg\" class=\"elementor-animation-hang attachment-large size-large wp-image-21044\" alt=\"\" srcset=\"https:\/\/thecloud.group\/wp-content\/uploads\/2022\/03\/Tendencias-demarketing-digital-para-2022-1024x556.jpg 1024w, https:\/\/thecloud.group\/wp-content\/uploads\/2022\/03\/Tendencias-demarketing-digital-para-2022-300x163.jpg 300w, https:\/\/thecloud.group\/wp-content\/uploads\/2022\/03\/Tendencias-demarketing-digital-para-2022-768x417.jpg 768w, https:\/\/thecloud.group\/wp-content\/uploads\/2022\/03\/Tendencias-demarketing-digital-para-2022-1536x834.jpg 1536w, https:\/\/thecloud.group\/wp-content\/uploads\/2022\/03\/Tendencias-demarketing-digital-para-2022-2048x1112.jpg 2048w, https:\/\/thecloud.group\/wp-content\/uploads\/2022\/03\/Tendencias-demarketing-digital-para-2022-18x10.jpg 18w\" sizes=\"(max-width: 800px) 100vw, 800px\" \/>\t\t\t\t\t\t\t\t\t\t\t\t\t\t\t<\/div>\n\t\t\t\t<\/div>\n\t\t\t\t\t<\/div>\n\t\t<\/div>\n\t\t\t\t\t<\/div>\n\t\t<\/section>\n\t\t\t\t<section class=\"elementor-section elementor-inner-section elementor-element elementor-element-03dc602 elementor-section-boxed elementor-section-height-default elementor-section-height-default\" data-id=\"03dc602\" data-element_type=\"section\" data-e-type=\"section\">\n\t\t\t\t\t\t<div class=\"elementor-container elementor-column-gap-default\">\n\t\t\t\t\t<div class=\"elementor-column elementor-col-50 elementor-inner-column elementor-element elementor-element-54d596d\" data-id=\"54d596d\" data-element_type=\"column\" data-e-type=\"column\">\n\t\t\t<div class=\"elementor-widget-wrap elementor-element-populated\">\n\t\t\t\t\t\t<div class=\"elementor-element elementor-element-09f21be elementor-widget elementor-widget-heading\" data-id=\"09f21be\" data-element_type=\"widget\" data-e-type=\"widget\" data-widget_type=\"heading.default\">\n\t\t\t\t<div class=\"elementor-widget-container\">\n\t\t\t\t\t<h2 class=\"elementor-heading-title elementor-size-default\">Erweitere deinen Kundenstamm mit einer einzigartigen Strategie!<\/h2>\t\t\t\t<\/div>\n\t\t\t\t<\/div>\n\t\t\t\t<div class=\"elementor-element elementor-element-523581c elementor-widget elementor-widget-text-editor\" data-id=\"523581c\" data-element_type=\"widget\" data-e-type=\"widget\" data-widget_type=\"text-editor.default\">\n\t\t\t\t<div class=\"elementor-widget-container\">\n\t\t\t\t\t\t\t\t\t<p>Was ein Unternehmen wirklich antreibt, sind zufriedene und treue Kunden. Denn ohne sie ist es unm\u00f6glich, Innovationen ins Unternehmen einzubringen. Daher wird das digitale Marketing in Barcelona derzeit von professionellen Agenturen stark gef\u00f6rdert.\u00a0<\/p><p>\u00a0<\/p><p>M\u00f6chten Sie \u00fcber Ihre digitalen Kan\u00e4le Vertrauen vermitteln?<\/p><p>Unsere Experten stehen Ihnen gerne zur Verf\u00fcgung. Kontaktieren Sie uns. <strong><u><a href=\"https:\/\/thecloud.group\/de\/agencia-de-marketing-digital-integral\/\">Die Cloud-Gruppe<\/a><\/u><\/strong> und gestalten Sie Ihr Marketingmanagement genauso sicher wie Ihren Erfolg.<\/p>\t\t\t\t\t\t\t\t<\/div>\n\t\t\t\t<\/div>\n\t\t\t\t\t<\/div>\n\t\t<\/div>\n\t\t\t\t<div class=\"elementor-column elementor-col-50 elementor-inner-column elementor-element elementor-element-aef6ebf\" data-id=\"aef6ebf\" data-element_type=\"column\" data-e-type=\"column\">\n\t\t\t<div class=\"elementor-widget-wrap elementor-element-populated\">\n\t\t\t\t\t\t<div class=\"elementor-element elementor-element-4b19622 elementor-widget elementor-widget-image\" data-id=\"4b19622\" data-element_type=\"widget\" data-e-type=\"widget\" data-widget_type=\"image.default\">\n\t\t\t\t<div class=\"elementor-widget-container\">\n\t\t\t\t\t\t\t\t\t\t\t\t\t\t\t<img decoding=\"async\" width=\"800\" height=\"534\" src=\"https:\/\/thecloud.group\/wp-content\/uploads\/2022\/03\/Tendenciasde-marketing-digital-para-2022-1024x683.jpg\" class=\"elementor-animation-hang attachment-large size-large wp-image-21045\" alt=\"\" srcset=\"https:\/\/thecloud.group\/wp-content\/uploads\/2022\/03\/Tendenciasde-marketing-digital-para-2022-1024x683.jpg 1024w, https:\/\/thecloud.group\/wp-content\/uploads\/2022\/03\/Tendenciasde-marketing-digital-para-2022-300x200.jpg 300w, https:\/\/thecloud.group\/wp-content\/uploads\/2022\/03\/Tendenciasde-marketing-digital-para-2022-768x512.jpg 768w, https:\/\/thecloud.group\/wp-content\/uploads\/2022\/03\/Tendenciasde-marketing-digital-para-2022-1536x1024.jpg 1536w, https:\/\/thecloud.group\/wp-content\/uploads\/2022\/03\/Tendenciasde-marketing-digital-para-2022-2048x1365.jpg 2048w, https:\/\/thecloud.group\/wp-content\/uploads\/2022\/03\/Tendenciasde-marketing-digital-para-2022-18x12.jpg 18w\" sizes=\"(max-width: 800px) 100vw, 800px\" \/>\t\t\t\t\t\t\t\t\t\t\t\t\t\t\t<\/div>\n\t\t\t\t<\/div>\n\t\t\t\t\t<\/div>\n\t\t<\/div>\n\t\t\t\t\t<\/div>\n\t\t<\/section>\n\t\t\t\t<section class=\"elementor-section elementor-inner-section elementor-element elementor-element-9a40141 elementor-section-boxed elementor-section-height-default elementor-section-height-default\" data-id=\"9a40141\" data-element_type=\"section\" data-e-type=\"section\">\n\t\t\t\t\t\t<div class=\"elementor-container elementor-column-gap-default\">\n\t\t\t\t\t<div class=\"elementor-column elementor-col-50 elementor-inner-column elementor-element elementor-element-c50183d\" data-id=\"c50183d\" data-element_type=\"column\" data-e-type=\"column\">\n\t\t\t<div class=\"elementor-widget-wrap elementor-element-populated\">\n\t\t\t\t\t\t<div class=\"elementor-element elementor-element-404dff0 elementor-widget elementor-widget-spacer\" data-id=\"404dff0\" data-element_type=\"widget\" data-e-type=\"widget\" data-widget_type=\"spacer.default\">\n\t\t\t\t<div class=\"elementor-widget-container\">\n\t\t\t\t\t\t\t<div class=\"elementor-spacer\">\n\t\t\t<div class=\"elementor-spacer-inner\"><\/div>\n\t\t<\/div>\n\t\t\t\t\t\t<\/div>\n\t\t\t\t<\/div>\n\t\t\t\t<div class=\"elementor-element elementor-element-ec08ddf elementor-widget elementor-widget-text-editor\" data-id=\"ec08ddf\" data-element_type=\"widget\" data-e-type=\"widget\" data-widget_type=\"text-editor.default\">\n\t\t\t\t<div class=\"elementor-widget-container\">\n\t\t\t\t\t\t\t\t\t<p><span style=\"font-weight: 400;\">Wir sind bestens vorbereitet, mit Ihnen zusammenzuarbeiten und all Ihre Designprojekte in die Realit\u00e4t umzusetzen. <\/span><a href=\"https:\/\/thecloud.group\/de\/e-learning-experten\/\"><span style=\"font-weight: 400;\">Sie k\u00f6nnen auf uns z\u00e4hlen.<\/span><\/a><b>.<\/b><\/p>\t\t\t\t\t\t\t\t<\/div>\n\t\t\t\t<\/div>\n\t\t\t\t\t<\/div>\n\t\t<\/div>\n\t\t\t\t<div class=\"elementor-column elementor-col-50 elementor-inner-column elementor-element elementor-element-1dadf68\" data-id=\"1dadf68\" data-element_type=\"column\" data-e-type=\"column\">\n\t\t\t<div class=\"elementor-widget-wrap elementor-element-populated\">\n\t\t\t\t\t\t<div class=\"elementor-element elementor-element-be25952 elementor-widget elementor-widget-video\" data-id=\"be25952\" data-element_type=\"widget\" data-e-type=\"widget\" data-settings=\"{&quot;youtube_url&quot;:&quot;https:\\\/\\\/youtu.be\\\/B1mx6rI1RjU&quot;,&quot;video_type&quot;:&quot;youtube&quot;,&quot;controls&quot;:&quot;yes&quot;}\" data-widget_type=\"video.default\">\n\t\t\t\t<div class=\"elementor-widget-container\">\n\t\t\t\t\t\t\t<div class=\"elementor-wrapper elementor-open-inline\">\n\t\t\t<div class=\"elementor-video\"><\/div>\t\t<\/div>\n\t\t\t\t\t\t<\/div>\n\t\t\t\t<\/div>\n\t\t\t\t\t<\/div>\n\t\t<\/div>\n\t\t\t\t\t<\/div>\n\t\t<\/section>\n\t\t\t\t\t<\/div>\n\t\t<\/div>\n\t\t\t\t\t<\/div>\n\t\t<\/section>\n\t\t\t\t<\/div>","protected":false},"excerpt":{"rendered":"<p>Tendencias de marketing digital para 2022 A medida que transcurren los d\u00edas, notamos cu\u00e1n \u00fatil y necesario es comercializar nuestros productos o servicios a trav\u00e9s de los canales digitales. Y es por eso que el marketing digital Barcelona es esencial en lo que respecta al crecimiento de las pymes en Espa\u00f1a.\u00a0Pues bien, digitalizar nuestra publicidad [&hellip;]<\/p>\n","protected":false},"author":20,"featured_media":21043,"comment_status":"closed","ping_status":"closed","sticky":false,"template":"elementor_header_footer","format":"standard","meta":{"footnotes":""},"categories":[1],"tags":[770,736],"class_list":["post-21032","post","type-post","status-publish","format-standard","has-post-thumbnail","hentry","category-sin-categoria","tag-barcelona","tag-marketing-digital"],"yoast_head":"<!-- This site is optimized with the Yoast SEO Premium plugin v27.4 (Yoast SEO v27.5) - https:\/\/yoast.com\/product\/yoast-seo-premium-wordpress\/ -->\n<title>Tendencias de marketing digital para 2022 | The Cloud Group<\/title>\n<meta name=\"robots\" content=\"index, follow, max-snippet:-1, max-image-preview:large, max-video-preview:-1\" \/>\n<link rel=\"canonical\" href=\"https:\/\/thecloud.group\/de\/digitale-marketingtrends-in-barcelona-fur-2022\/\" \/>\n<meta property=\"og:locale\" content=\"de_DE\" \/>\n<meta property=\"og:type\" content=\"article\" \/>\n<meta property=\"og:title\" content=\"Tendencias de marketing digital para 2022\" \/>\n<meta property=\"og:description\" content=\"Tendencias de marketing digital para 2022 A medida que transcurren los d\u00edas, notamos cu\u00e1n \u00fatil y necesario es comercializar nuestros productos o servicios a trav\u00e9s de los canales digitales. Y es por eso que el marketing digital Barcelona es esencial en lo que respecta al crecimiento de las pymes en Espa\u00f1a.\u00a0Pues bien, digitalizar nuestra publicidad [&hellip;]\" \/>\n<meta property=\"og:url\" content=\"https:\/\/thecloud.group\/de\/digitale-marketingtrends-in-barcelona-fur-2022\/\" \/>\n<meta property=\"og:site_name\" content=\"The Cloud Group\" \/>\n<meta property=\"article:publisher\" content=\"https:\/\/www.facebook.com\/thecloudgroupglobal\" \/>\n<meta property=\"article:published_time\" content=\"2022-04-18T01:00:00+00:00\" \/>\n<meta property=\"article:modified_time\" content=\"2022-04-19T15:16:13+00:00\" \/>\n<meta property=\"og:image\" content=\"https:\/\/thecloud.group\/wp-content\/uploads\/2022\/03\/Tendencias-de-marketing-digital-para-2022-scaled.jpg\" \/>\n\t<meta property=\"og:image:width\" content=\"2560\" \/>\n\t<meta property=\"og:image:height\" content=\"1707\" \/>\n\t<meta property=\"og:image:type\" content=\"image\/jpeg\" \/>\n<meta name=\"author\" content=\"Paula Franco\" \/>\n<meta name=\"twitter:card\" content=\"summary_large_image\" \/>\n<meta name=\"twitter:label1\" content=\"Verfasst von\" \/>\n\t<meta name=\"twitter:data1\" content=\"Paula Franco\" \/>\n\t<meta name=\"twitter:label2\" content=\"Gesch\u00e4tzte Lesezeit\" \/>\n\t<meta name=\"twitter:data2\" content=\"4\u00a0Minuten\" \/>\n<script type=\"application\/ld+json\" class=\"yoast-schema-graph\">{\"@context\":\"https:\\\/\\\/schema.org\",\"@graph\":[{\"@type\":\"Article\",\"@id\":\"https:\\\/\\\/thecloud.group\\\/en\\\/tendencias-de-marketing-digital-barcelona-para-2022\\\/#article\",\"isPartOf\":{\"@id\":\"https:\\\/\\\/thecloud.group\\\/en\\\/tendencias-de-marketing-digital-barcelona-para-2022\\\/\"},\"author\":{\"name\":\"Paula Franco\",\"@id\":\"https:\\\/\\\/thecloud.group\\\/#\\\/schema\\\/person\\\/9292d905a1c98ea7345e5e71a5fe341f\"},\"headline\":\"Tendencias de marketing digital para 2022\",\"datePublished\":\"2022-04-18T01:00:00+00:00\",\"dateModified\":\"2022-04-19T15:16:13+00:00\",\"mainEntityOfPage\":{\"@id\":\"https:\\\/\\\/thecloud.group\\\/en\\\/tendencias-de-marketing-digital-barcelona-para-2022\\\/\"},\"wordCount\":837,\"publisher\":{\"@id\":\"https:\\\/\\\/thecloud.group\\\/#organization\"},\"image\":{\"@id\":\"https:\\\/\\\/thecloud.group\\\/en\\\/tendencias-de-marketing-digital-barcelona-para-2022\\\/#primaryimage\"},\"thumbnailUrl\":\"https:\\\/\\\/thecloud.group\\\/wp-content\\\/uploads\\\/2022\\\/03\\\/Tendencias-de-marketing-digital-para-2022-scaled.jpg\",\"keywords\":[\"barcelona\",\"marketing digital\"],\"articleSection\":[\"Sin categor\u00eda\"],\"inLanguage\":\"de\"},{\"@type\":\"WebPage\",\"@id\":\"https:\\\/\\\/thecloud.group\\\/en\\\/tendencias-de-marketing-digital-barcelona-para-2022\\\/\",\"url\":\"https:\\\/\\\/thecloud.group\\\/en\\\/tendencias-de-marketing-digital-barcelona-para-2022\\\/\",\"name\":\"Tendencias de marketing digital para 2022 | The Cloud Group\",\"isPartOf\":{\"@id\":\"https:\\\/\\\/thecloud.group\\\/#website\"},\"primaryImageOfPage\":{\"@id\":\"https:\\\/\\\/thecloud.group\\\/en\\\/tendencias-de-marketing-digital-barcelona-para-2022\\\/#primaryimage\"},\"image\":{\"@id\":\"https:\\\/\\\/thecloud.group\\\/en\\\/tendencias-de-marketing-digital-barcelona-para-2022\\\/#primaryimage\"},\"thumbnailUrl\":\"https:\\\/\\\/thecloud.group\\\/wp-content\\\/uploads\\\/2022\\\/03\\\/Tendencias-de-marketing-digital-para-2022-scaled.jpg\",\"datePublished\":\"2022-04-18T01:00:00+00:00\",\"dateModified\":\"2022-04-19T15:16:13+00:00\",\"breadcrumb\":{\"@id\":\"https:\\\/\\\/thecloud.group\\\/en\\\/tendencias-de-marketing-digital-barcelona-para-2022\\\/#breadcrumb\"},\"inLanguage\":\"de\",\"potentialAction\":[{\"@type\":\"ReadAction\",\"target\":[\"https:\\\/\\\/thecloud.group\\\/en\\\/tendencias-de-marketing-digital-barcelona-para-2022\\\/\"]}]},{\"@type\":\"ImageObject\",\"inLanguage\":\"de\",\"@id\":\"https:\\\/\\\/thecloud.group\\\/en\\\/tendencias-de-marketing-digital-barcelona-para-2022\\\/#primaryimage\",\"url\":\"https:\\\/\\\/thecloud.group\\\/wp-content\\\/uploads\\\/2022\\\/03\\\/Tendencias-de-marketing-digital-para-2022-scaled.jpg\",\"contentUrl\":\"https:\\\/\\\/thecloud.group\\\/wp-content\\\/uploads\\\/2022\\\/03\\\/Tendencias-de-marketing-digital-para-2022-scaled.jpg\",\"width\":2560,\"height\":1707,\"caption\":\"marketing digital\"},{\"@type\":\"BreadcrumbList\",\"@id\":\"https:\\\/\\\/thecloud.group\\\/en\\\/tendencias-de-marketing-digital-barcelona-para-2022\\\/#breadcrumb\",\"itemListElement\":[{\"@type\":\"ListItem\",\"position\":1,\"name\":\"Home\",\"item\":\"https:\\\/\\\/thecloud.group\\\/\"},{\"@type\":\"ListItem\",\"position\":2,\"name\":\"Tendencias de marketing digital para 2022\"}]},{\"@type\":\"WebSite\",\"@id\":\"https:\\\/\\\/thecloud.group\\\/#website\",\"url\":\"https:\\\/\\\/thecloud.group\\\/\",\"name\":\"The Cloud Group\",\"description\":\"|\u00a0Holding Internacional de Servicios\",\"publisher\":{\"@id\":\"https:\\\/\\\/thecloud.group\\\/#organization\"},\"potentialAction\":[{\"@type\":\"SearchAction\",\"target\":{\"@type\":\"EntryPoint\",\"urlTemplate\":\"https:\\\/\\\/thecloud.group\\\/?s={search_term_string}\"},\"query-input\":{\"@type\":\"PropertyValueSpecification\",\"valueRequired\":true,\"valueName\":\"search_term_string\"}}],\"inLanguage\":\"de\"},{\"@type\":\"Organization\",\"@id\":\"https:\\\/\\\/thecloud.group\\\/#organization\",\"name\":\"The Cloud Group - Holding International de Servicios\",\"url\":\"https:\\\/\\\/thecloud.group\\\/\",\"logo\":{\"@type\":\"ImageObject\",\"inLanguage\":\"de\",\"@id\":\"https:\\\/\\\/thecloud.group\\\/#\\\/schema\\\/logo\\\/image\\\/\",\"url\":\"https:\\\/\\\/thecloud.group\\\/wp-content\\\/uploads\\\/2020\\\/05\\\/logoSmallFirmaCorreo.png\",\"contentUrl\":\"https:\\\/\\\/thecloud.group\\\/wp-content\\\/uploads\\\/2020\\\/05\\\/logoSmallFirmaCorreo.png\",\"width\":300,\"height\":190,\"caption\":\"The Cloud Group - Holding International de Servicios\"},\"image\":{\"@id\":\"https:\\\/\\\/thecloud.group\\\/#\\\/schema\\\/logo\\\/image\\\/\"},\"sameAs\":[\"https:\\\/\\\/www.facebook.com\\\/thecloudgroupglobal\"]},{\"@type\":\"Person\",\"@id\":\"https:\\\/\\\/thecloud.group\\\/#\\\/schema\\\/person\\\/9292d905a1c98ea7345e5e71a5fe341f\",\"name\":\"Paula Franco\",\"image\":{\"@type\":\"ImageObject\",\"inLanguage\":\"de\",\"@id\":\"https:\\\/\\\/secure.gravatar.com\\\/avatar\\\/8622dc6801e07daa51e09fd706fb55b2bdf9cada1ade4ab996fb3b4549e9214c?s=96&d=mm&r=g\",\"url\":\"https:\\\/\\\/secure.gravatar.com\\\/avatar\\\/8622dc6801e07daa51e09fd706fb55b2bdf9cada1ade4ab996fb3b4549e9214c?s=96&d=mm&r=g\",\"contentUrl\":\"https:\\\/\\\/secure.gravatar.com\\\/avatar\\\/8622dc6801e07daa51e09fd706fb55b2bdf9cada1ade4ab996fb3b4549e9214c?s=96&d=mm&r=g\",\"caption\":\"Paula Franco\"}}]}<\/script>\n<!-- \/ Yoast SEO Premium plugin. -->","yoast_head_json":{"title":"Digitale Marketingtrends f\u00fcr 2022 | The Cloud Group","robots":{"index":"index","follow":"follow","max-snippet":"max-snippet:-1","max-image-preview":"max-image-preview:large","max-video-preview":"max-video-preview:-1"},"canonical":"https:\/\/thecloud.group\/de\/digitale-marketingtrends-in-barcelona-fur-2022\/","og_locale":"de_DE","og_type":"article","og_title":"Tendencias de marketing digital para 2022","og_description":"Tendencias de marketing digital para 2022 A medida que transcurren los d\u00edas, notamos cu\u00e1n \u00fatil y necesario es comercializar nuestros productos o servicios a trav\u00e9s de los canales digitales. Y es por eso que el marketing digital Barcelona es esencial en lo que respecta al crecimiento de las pymes en Espa\u00f1a.\u00a0Pues bien, digitalizar nuestra publicidad [&hellip;]","og_url":"https:\/\/thecloud.group\/de\/digitale-marketingtrends-in-barcelona-fur-2022\/","og_site_name":"The Cloud Group","article_publisher":"https:\/\/www.facebook.com\/thecloudgroupglobal","article_published_time":"2022-04-18T01:00:00+00:00","article_modified_time":"2022-04-19T15:16:13+00:00","og_image":[{"width":2560,"height":1707,"url":"https:\/\/thecloud.group\/wp-content\/uploads\/2022\/03\/Tendencias-de-marketing-digital-para-2022-scaled.jpg","type":"image\/jpeg"}],"author":"Paula Franco","twitter_card":"summary_large_image","twitter_misc":{"Verfasst von":"Paula Franco","Gesch\u00e4tzte Lesezeit":"4\u00a0Minuten"},"schema":{"@context":"https:\/\/schema.org","@graph":[{"@type":"Article","@id":"https:\/\/thecloud.group\/en\/tendencias-de-marketing-digital-barcelona-para-2022\/#article","isPartOf":{"@id":"https:\/\/thecloud.group\/en\/tendencias-de-marketing-digital-barcelona-para-2022\/"},"author":{"name":"Paula Franco","@id":"https:\/\/thecloud.group\/#\/schema\/person\/9292d905a1c98ea7345e5e71a5fe341f"},"headline":"Tendencias de marketing digital para 2022","datePublished":"2022-04-18T01:00:00+00:00","dateModified":"2022-04-19T15:16:13+00:00","mainEntityOfPage":{"@id":"https:\/\/thecloud.group\/en\/tendencias-de-marketing-digital-barcelona-para-2022\/"},"wordCount":837,"publisher":{"@id":"https:\/\/thecloud.group\/#organization"},"image":{"@id":"https:\/\/thecloud.group\/en\/tendencias-de-marketing-digital-barcelona-para-2022\/#primaryimage"},"thumbnailUrl":"https:\/\/thecloud.group\/wp-content\/uploads\/2022\/03\/Tendencias-de-marketing-digital-para-2022-scaled.jpg","keywords":["barcelona","marketing digital"],"articleSection":["Sin categor\u00eda"],"inLanguage":"de"},{"@type":"WebPage","@id":"https:\/\/thecloud.group\/en\/tendencias-de-marketing-digital-barcelona-para-2022\/","url":"https:\/\/thecloud.group\/en\/tendencias-de-marketing-digital-barcelona-para-2022\/","name":"Digitale Marketingtrends f\u00fcr 2022 | The Cloud Group","isPartOf":{"@id":"https:\/\/thecloud.group\/#website"},"primaryImageOfPage":{"@id":"https:\/\/thecloud.group\/en\/tendencias-de-marketing-digital-barcelona-para-2022\/#primaryimage"},"image":{"@id":"https:\/\/thecloud.group\/en\/tendencias-de-marketing-digital-barcelona-para-2022\/#primaryimage"},"thumbnailUrl":"https:\/\/thecloud.group\/wp-content\/uploads\/2022\/03\/Tendencias-de-marketing-digital-para-2022-scaled.jpg","datePublished":"2022-04-18T01:00:00+00:00","dateModified":"2022-04-19T15:16:13+00:00","breadcrumb":{"@id":"https:\/\/thecloud.group\/en\/tendencias-de-marketing-digital-barcelona-para-2022\/#breadcrumb"},"inLanguage":"de","potentialAction":[{"@type":"ReadAction","target":["https:\/\/thecloud.group\/en\/tendencias-de-marketing-digital-barcelona-para-2022\/"]}]},{"@type":"ImageObject","inLanguage":"de","@id":"https:\/\/thecloud.group\/en\/tendencias-de-marketing-digital-barcelona-para-2022\/#primaryimage","url":"https:\/\/thecloud.group\/wp-content\/uploads\/2022\/03\/Tendencias-de-marketing-digital-para-2022-scaled.jpg","contentUrl":"https:\/\/thecloud.group\/wp-content\/uploads\/2022\/03\/Tendencias-de-marketing-digital-para-2022-scaled.jpg","width":2560,"height":1707,"caption":"marketing digital"},{"@type":"BreadcrumbList","@id":"https:\/\/thecloud.group\/en\/tendencias-de-marketing-digital-barcelona-para-2022\/#breadcrumb","itemListElement":[{"@type":"ListItem","position":1,"name":"Home","item":"https:\/\/thecloud.group\/"},{"@type":"ListItem","position":2,"name":"Tendencias de marketing digital para 2022"}]},{"@type":"WebSite","@id":"https:\/\/thecloud.group\/#website","url":"https:\/\/thecloud.group\/","name":"Die Cloud-Gruppe","description":"| International Services Holding","publisher":{"@id":"https:\/\/thecloud.group\/#organization"},"potentialAction":[{"@type":"SearchAction","target":{"@type":"EntryPoint","urlTemplate":"https:\/\/thecloud.group\/?s={search_term_string}"},"query-input":{"@type":"PropertyValueSpecification","valueRequired":true,"valueName":"search_term_string"}}],"inLanguage":"de"},{"@type":"Organization","@id":"https:\/\/thecloud.group\/#organization","name":"The Cloud Group \u2013 Internationale Dienstleistungsholding","url":"https:\/\/thecloud.group\/","logo":{"@type":"ImageObject","inLanguage":"de","@id":"https:\/\/thecloud.group\/#\/schema\/logo\/image\/","url":"https:\/\/thecloud.group\/wp-content\/uploads\/2020\/05\/logoSmallFirmaCorreo.png","contentUrl":"https:\/\/thecloud.group\/wp-content\/uploads\/2020\/05\/logoSmallFirmaCorreo.png","width":300,"height":190,"caption":"The Cloud Group - Holding International de Servicios"},"image":{"@id":"https:\/\/thecloud.group\/#\/schema\/logo\/image\/"},"sameAs":["https:\/\/www.facebook.com\/thecloudgroupglobal"]},{"@type":"Person","@id":"https:\/\/thecloud.group\/#\/schema\/person\/9292d905a1c98ea7345e5e71a5fe341f","name":"Paula Franco","image":{"@type":"ImageObject","inLanguage":"de","@id":"https:\/\/secure.gravatar.com\/avatar\/8622dc6801e07daa51e09fd706fb55b2bdf9cada1ade4ab996fb3b4549e9214c?s=96&d=mm&r=g","url":"https:\/\/secure.gravatar.com\/avatar\/8622dc6801e07daa51e09fd706fb55b2bdf9cada1ade4ab996fb3b4549e9214c?s=96&d=mm&r=g","contentUrl":"https:\/\/secure.gravatar.com\/avatar\/8622dc6801e07daa51e09fd706fb55b2bdf9cada1ade4ab996fb3b4549e9214c?s=96&d=mm&r=g","caption":"Paula Franco"}}]}},"_links":{"self":[{"href":"https:\/\/thecloud.group\/de\/wp-json\/wp\/v2\/posts\/21032","targetHints":{"allow":["GET"]}}],"collection":[{"href":"https:\/\/thecloud.group\/de\/wp-json\/wp\/v2\/posts"}],"about":[{"href":"https:\/\/thecloud.group\/de\/wp-json\/wp\/v2\/types\/post"}],"author":[{"embeddable":true,"href":"https:\/\/thecloud.group\/de\/wp-json\/wp\/v2\/users\/20"}],"replies":[{"embeddable":true,"href":"https:\/\/thecloud.group\/de\/wp-json\/wp\/v2\/comments?post=21032"}],"version-history":[{"count":32,"href":"https:\/\/thecloud.group\/de\/wp-json\/wp\/v2\/posts\/21032\/revisions"}],"predecessor-version":[{"id":21426,"href":"https:\/\/thecloud.group\/de\/wp-json\/wp\/v2\/posts\/21032\/revisions\/21426"}],"wp:featuredmedia":[{"embeddable":true,"href":"https:\/\/thecloud.group\/de\/wp-json\/wp\/v2\/media\/21043"}],"wp:attachment":[{"href":"https:\/\/thecloud.group\/de\/wp-json\/wp\/v2\/media?parent=21032"}],"wp:term":[{"taxonomy":"category","embeddable":true,"href":"https:\/\/thecloud.group\/de\/wp-json\/wp\/v2\/categories?post=21032"},{"taxonomy":"post_tag","embeddable":true,"href":"https:\/\/thecloud.group\/de\/wp-json\/wp\/v2\/tags?post=21032"}],"curies":[{"name":"wp","href":"https:\/\/api.w.org\/{rel}","templated":true}]}}