{"id":18785,"date":"2022-01-17T01:00:00","date_gmt":"2022-01-17T01:00:00","guid":{"rendered":"https:\/\/thecloud.group\/?p=18785"},"modified":"2022-01-04T14:39:02","modified_gmt":"2022-01-04T14:39:02","slug":"5-razones-para-trabajar-tu-presencia-digital-ahora","status":"publish","type":"post","link":"https:\/\/thecloud.group\/de\/5-razones-para-trabajar-tu-presencia-digital-ahora\/","title":{"rendered":"5 razones para trabajar tu presencia digital ahora"},"content":{"rendered":"<div data-elementor-type=\"wp-post\" data-elementor-id=\"18785\" class=\"elementor elementor-18785\" data-elementor-post-type=\"post\">\n\t\t\t\t\t\t<section class=\"elementor-section elementor-top-section elementor-element elementor-element-5b1dc52c elementor-section-stretched elementor-section-boxed elementor-section-height-default elementor-section-height-default\" data-id=\"5b1dc52c\" data-element_type=\"section\" data-e-type=\"section\" data-settings=\"{&quot;stretch_section&quot;:&quot;section-stretched&quot;,&quot;background_background&quot;:&quot;classic&quot;}\">\n\t\t\t\t\t\t\t<div class=\"elementor-background-overlay\"><\/div>\n\t\t\t\t\t\t\t<div class=\"elementor-container elementor-column-gap-default\">\n\t\t\t\t\t<div class=\"elementor-column elementor-col-100 elementor-top-column elementor-element elementor-element-47af5b46\" data-id=\"47af5b46\" data-element_type=\"column\" data-e-type=\"column\" data-settings=\"{&quot;background_background&quot;:&quot;classic&quot;}\">\n\t\t\t<div class=\"elementor-widget-wrap elementor-element-populated\">\n\t\t\t\t\t\t<div class=\"elementor-element elementor-element-6bc0c454 elementor-widget elementor-widget-image\" data-id=\"6bc0c454\" data-element_type=\"widget\" data-e-type=\"widget\" data-widget_type=\"image.default\">\n\t\t\t\t<div class=\"elementor-widget-container\">\n\t\t\t\t\t\t\t\t\t\t\t\t\t\t\t<img decoding=\"async\" src=\"https:\/\/thecloud.group\/wp-content\/uploads\/elementor\/thumbs\/logo-pd8scx7e21qrxkwrdlcuh7c8eeq4vmzqsjri81k6ps.png\" title=\"Logo\" alt=\"Logo\" loading=\"lazy\" \/>\t\t\t\t\t\t\t\t\t\t\t\t\t\t\t<\/div>\n\t\t\t\t<\/div>\n\t\t\t\t<section class=\"elementor-section elementor-inner-section elementor-element elementor-element-2ccf1343 elementor-section-boxed elementor-section-height-default elementor-section-height-default\" data-id=\"2ccf1343\" data-element_type=\"section\" data-e-type=\"section\">\n\t\t\t\t\t\t<div class=\"elementor-container elementor-column-gap-default\">\n\t\t\t\t\t<div class=\"elementor-column elementor-col-33 elementor-inner-column elementor-element elementor-element-38e618ad\" data-id=\"38e618ad\" data-element_type=\"column\" data-e-type=\"column\">\n\t\t\t<div class=\"elementor-widget-wrap\">\n\t\t\t\t\t\t\t<\/div>\n\t\t<\/div>\n\t\t\t\t<div class=\"elementor-column elementor-col-33 elementor-inner-column elementor-element elementor-element-7d8eff25\" data-id=\"7d8eff25\" data-element_type=\"column\" data-e-type=\"column\">\n\t\t\t<div class=\"elementor-widget-wrap elementor-element-populated\">\n\t\t\t\t\t\t<div class=\"elementor-element elementor-element-feea69b elementor-widget elementor-widget-heading\" data-id=\"feea69b\" data-element_type=\"widget\" data-e-type=\"widget\" data-widget_type=\"heading.default\">\n\t\t\t\t<div class=\"elementor-widget-container\">\n\t\t\t\t\t<h1 class=\"elementor-heading-title elementor-size-default\"> 5 razones para trabajar tu presencia digital \u00a1ahora!<\/h1>\t\t\t\t<\/div>\n\t\t\t\t<\/div>\n\t\t\t\t\t<\/div>\n\t\t<\/div>\n\t\t\t\t<div class=\"elementor-column elementor-col-33 elementor-inner-column elementor-element elementor-element-526240f\" data-id=\"526240f\" data-element_type=\"column\" data-e-type=\"column\">\n\t\t\t<div class=\"elementor-widget-wrap\">\n\t\t\t\t\t\t\t<\/div>\n\t\t<\/div>\n\t\t\t\t\t<\/div>\n\t\t<\/section>\n\t\t\t\t<section class=\"elementor-section elementor-inner-section elementor-element elementor-element-544b84c4 elementor-section-boxed elementor-section-height-default elementor-section-height-default\" data-id=\"544b84c4\" data-element_type=\"section\" data-e-type=\"section\">\n\t\t\t\t\t\t<div class=\"elementor-container elementor-column-gap-default\">\n\t\t\t\t\t<div class=\"elementor-column elementor-col-25 elementor-inner-column elementor-element elementor-element-7796e859\" data-id=\"7796e859\" data-element_type=\"column\" data-e-type=\"column\">\n\t\t\t<div class=\"elementor-widget-wrap\">\n\t\t\t\t\t\t\t<\/div>\n\t\t<\/div>\n\t\t\t\t<div class=\"elementor-column elementor-col-25 elementor-inner-column elementor-element elementor-element-1726d2f9\" data-id=\"1726d2f9\" data-element_type=\"column\" data-e-type=\"column\">\n\t\t\t<div class=\"elementor-widget-wrap\">\n\t\t\t\t\t\t\t<\/div>\n\t\t<\/div>\n\t\t\t\t<div class=\"elementor-column elementor-col-25 elementor-inner-column elementor-element elementor-element-41da368b\" data-id=\"41da368b\" data-element_type=\"column\" data-e-type=\"column\">\n\t\t\t<div class=\"elementor-widget-wrap\">\n\t\t\t\t\t\t\t<\/div>\n\t\t<\/div>\n\t\t\t\t<div class=\"elementor-column elementor-col-25 elementor-inner-column elementor-element elementor-element-7e8ff17d\" data-id=\"7e8ff17d\" data-element_type=\"column\" data-e-type=\"column\">\n\t\t\t<div class=\"elementor-widget-wrap\">\n\t\t\t\t\t\t\t<\/div>\n\t\t<\/div>\n\t\t\t\t\t<\/div>\n\t\t<\/section>\n\t\t\t\t\t<\/div>\n\t\t<\/div>\n\t\t\t\t\t<\/div>\n\t\t<\/section>\n\t\t\t\t<section class=\"elementor-section elementor-top-section elementor-element elementor-element-6f28b8e4 elementor-section-boxed elementor-section-height-default elementor-section-height-default\" data-id=\"6f28b8e4\" data-element_type=\"section\" data-e-type=\"section\">\n\t\t\t\t\t\t<div class=\"elementor-container elementor-column-gap-default\">\n\t\t\t\t\t<div class=\"elementor-column elementor-col-100 elementor-top-column elementor-element elementor-element-1c2a5590\" data-id=\"1c2a5590\" data-element_type=\"column\" data-e-type=\"column\">\n\t\t\t<div class=\"elementor-widget-wrap elementor-element-populated\">\n\t\t\t\t\t\t<div class=\"elementor-element elementor-element-52a082e elementor-widget elementor-widget-text-editor\" data-id=\"52a082e\" data-element_type=\"widget\" data-e-type=\"widget\" data-widget_type=\"text-editor.default\">\n\t\t\t\t<div class=\"elementor-widget-container\">\n\t\t\t\t\t\t\t\t\t<p><span style=\"font-weight: 400\">Si bien las tiendas f\u00edsicas a\u00fan tienen mucho para ofrecer a los clientes, la realidad global actual nos ha dejado bien claras las tendencias: la <a href=\"https:\/\/blog.hotmart.com\/es\/presencia-digital\/\">presencia digital<\/a> es crucial para cualquier marca, ya sea emergente o con trayectoria. Por tanto, trabajarla es una prioridad, \u00a1y cu\u00e1nto m\u00e1s <\/span><a href=\"https:\/\/thecloud.group\/de\/presencia-digital-7-pasos-para-mejorar-tu-empresa\/\"><span style=\"font-weight: 400\">hacerlo de la manera adecuada<\/span><\/a><span style=\"font-weight: 400\">!<\/span><\/p><p><span style=\"font-weight: 400\">Las redes sociales han evolucionado y ya no solo sirven para compartir memes y conectarnos con personas de otros sitios. Transitar por Facebook e Instagram en estos tiempos es lo equivalente a entrar en un centro comercial sin necesidad de salir de casa o del trabajo. Y esto, de hecho, es bastante ventajoso tanto para los negocios como para los clientes. A continuaci\u00f3n te explicamos por qu\u00e9.<\/span><\/p>\t\t\t\t\t\t\t\t<\/div>\n\t\t\t\t<\/div>\n\t\t\t\t<section class=\"elementor-section elementor-inner-section elementor-element elementor-element-2b932d12 elementor-section-boxed elementor-section-height-default elementor-section-height-default\" data-id=\"2b932d12\" data-element_type=\"section\" data-e-type=\"section\">\n\t\t\t\t\t\t<div class=\"elementor-container elementor-column-gap-default\">\n\t\t\t\t\t<div class=\"elementor-column elementor-col-50 elementor-inner-column elementor-element elementor-element-3c92329\" data-id=\"3c92329\" data-element_type=\"column\" data-e-type=\"column\">\n\t\t\t<div class=\"elementor-widget-wrap elementor-element-populated\">\n\t\t\t\t\t\t<div class=\"elementor-element elementor-element-749f52d elementor-widget elementor-widget-heading\" data-id=\"749f52d\" data-element_type=\"widget\" data-e-type=\"widget\" data-widget_type=\"heading.default\">\n\t\t\t\t<div class=\"elementor-widget-container\">\n\t\t\t\t\t<h2 class=\"elementor-heading-title elementor-size-default\">1. Mejora la visibilidad y reconocimiento de tu marca\n<\/h2>\t\t\t\t<\/div>\n\t\t\t\t<\/div>\n\t\t\t\t<div class=\"elementor-element elementor-element-16dde25 elementor-widget elementor-widget-text-editor\" data-id=\"16dde25\" data-element_type=\"widget\" data-e-type=\"widget\" data-widget_type=\"text-editor.default\">\n\t\t\t\t<div class=\"elementor-widget-container\">\n\t\t\t\t\t\t\t\t\t<p><span style=\"font-weight: 400\">Todo aquel que haya navegado en las controvertidas redes sociales se habr\u00e1 topado con alguna tienda en l\u00ednea, incluso sin intenci\u00f3n de hacerlo. Los algoritmos se han vuelto tan sofisticados que nos llevan a aquellas cuentas que pueden ofrecernos soluciones.<\/span><\/p><p><span style=\"font-weight: 400\">Esta es una de las razones por las que es fundamental trabajar la presencia digital de un negocio. Hacerlo puede acercarte a clientes potenciales sin el esfuerzo que ameritar\u00edan los m\u00e9todos tradicionales. La inversi\u00f3n es m\u00ednima en comparaci\u00f3n con pagar un patrocinador o perseguir prospectos en las calles.<\/span><\/p>\t\t\t\t\t\t\t\t<\/div>\n\t\t\t\t<\/div>\n\t\t\t\t\t<\/div>\n\t\t<\/div>\n\t\t\t\t<div class=\"elementor-column elementor-col-50 elementor-inner-column elementor-element elementor-element-28b57b08\" data-id=\"28b57b08\" data-element_type=\"column\" data-e-type=\"column\">\n\t\t\t<div class=\"elementor-widget-wrap elementor-element-populated\">\n\t\t\t\t\t\t<div class=\"elementor-element elementor-element-4fd82bd0 elementor-widget elementor-widget-image\" data-id=\"4fd82bd0\" data-element_type=\"widget\" data-e-type=\"widget\" data-widget_type=\"image.default\">\n\t\t\t\t<div class=\"elementor-widget-container\">\n\t\t\t\t\t\t\t\t\t\t\t\t\t\t\t\t<a href=\"https:\/\/www.canva.com\/\">\n\t\t\t\t\t\t\t<img fetchpriority=\"high\" decoding=\"async\" width=\"800\" height=\"600\" src=\"https:\/\/thecloud.group\/wp-content\/uploads\/2021\/12\/online-presence-2021-09-03-20-39-33-utc-1024x768.jpg\" class=\"elementor-animation-hang attachment-large size-large wp-image-18797\" alt=\"\" srcset=\"https:\/\/thecloud.group\/wp-content\/uploads\/2021\/12\/online-presence-2021-09-03-20-39-33-utc-1024x768.jpg 1024w, https:\/\/thecloud.group\/wp-content\/uploads\/2021\/12\/online-presence-2021-09-03-20-39-33-utc-300x225.jpg 300w, https:\/\/thecloud.group\/wp-content\/uploads\/2021\/12\/online-presence-2021-09-03-20-39-33-utc-768x576.jpg 768w, https:\/\/thecloud.group\/wp-content\/uploads\/2021\/12\/online-presence-2021-09-03-20-39-33-utc-1536x1152.jpg 1536w, https:\/\/thecloud.group\/wp-content\/uploads\/2021\/12\/online-presence-2021-09-03-20-39-33-utc-2048x1536.jpg 2048w, https:\/\/thecloud.group\/wp-content\/uploads\/2021\/12\/online-presence-2021-09-03-20-39-33-utc-16x12.jpg 16w\" sizes=\"(max-width: 800px) 100vw, 800px\" \/>\t\t\t\t\t\t\t\t<\/a>\n\t\t\t\t\t\t\t\t\t\t\t\t\t\t\t<\/div>\n\t\t\t\t<\/div>\n\t\t\t\t\t<\/div>\n\t\t<\/div>\n\t\t\t\t\t<\/div>\n\t\t<\/section>\n\t\t\t\t<div class=\"elementor-element elementor-element-aa90e84 elementor-widget elementor-widget-heading\" data-id=\"aa90e84\" data-element_type=\"widget\" data-e-type=\"widget\" data-widget_type=\"heading.default\">\n\t\t\t\t<div class=\"elementor-widget-container\">\n\t\t\t\t\t<h2 class=\"elementor-heading-title elementor-size-default\">2. Te permite conectar de forma cercana con prospectos y clientes<\/h2>\t\t\t\t<\/div>\n\t\t\t\t<\/div>\n\t\t\t\t<div class=\"elementor-element elementor-element-3b77994b elementor-widget elementor-widget-text-editor\" data-id=\"3b77994b\" data-element_type=\"widget\" data-e-type=\"widget\" data-widget_type=\"text-editor.default\">\n\t\t\t\t<div class=\"elementor-widget-container\">\n\t\t\t\t\t\t\t\t\t<ul><li><p><span style=\"font-weight: 400\">Aunque suene como una locura, hoy en d\u00eda tener una marca no persigue solo el objetivo de generar ventas. Por supuesto, las ganancias monetarias constituyen la base de la rentabilidad del negocio, pero simplemente vender un producto en seco no es suficiente.<\/span><\/p><p><span style=\"font-weight: 400\">Ahora las personas son mucho m\u00e1s cr\u00edticas respecto a lo que compran. Con la bonanza de informaci\u00f3n que ha supuesto la llegada del Internet, los prospectos pueden hacer clic en cualquier resultado de b\u00fasqueda en Google; pero en pr\u00f3ximas oportunidades visitar\u00e1n directamente aquellos sitios con informaci\u00f3n m\u00e1s \u00fatil y real. Tu marca deber\u00eda figurar entre ellos, lo cual se logra trabajando la presencia digital.\u00a0<\/span><\/p><p><span style=\"font-weight: 400\">Luego tenemos los canales de comunicaci\u00f3n, que deben ser variados y acordes al p\u00fablico objetivo. Por ejemplo, el 75% de los millennials afirma que la presencia en las redes sociales influye significativamente en sus decisiones de compra.<\/span><\/p><p><span style=\"font-weight: 400\">De modo que adem\u00e1s de la fanpage de Facebook y el sitio web, tu marca deber\u00eda poseer n\u00fameros de tel\u00e9fono, direcci\u00f3n de correo, enlace a la cuenta de Instagram u otras redes de inter\u00e9s.<\/span><\/p><\/li><\/ul>\t\t\t\t\t\t\t\t<\/div>\n\t\t\t\t<\/div>\n\t\t\t\t<section class=\"elementor-section elementor-inner-section elementor-element elementor-element-68e2ec73 elementor-section-boxed elementor-section-height-default elementor-section-height-default\" data-id=\"68e2ec73\" data-element_type=\"section\" data-e-type=\"section\">\n\t\t\t\t\t\t<div class=\"elementor-container elementor-column-gap-default\">\n\t\t\t\t\t<div class=\"elementor-column elementor-col-50 elementor-inner-column elementor-element elementor-element-29b16e75\" data-id=\"29b16e75\" data-element_type=\"column\" data-e-type=\"column\">\n\t\t\t<div class=\"elementor-widget-wrap elementor-element-populated\">\n\t\t\t\t\t\t<div class=\"elementor-element elementor-element-47c618a elementor-widget elementor-widget-heading\" data-id=\"47c618a\" data-element_type=\"widget\" data-e-type=\"widget\" data-widget_type=\"heading.default\">\n\t\t\t\t<div class=\"elementor-widget-container\">\n\t\t\t\t\t<h2 class=\"elementor-heading-title elementor-size-default\">3. Aumenta las ventas de tu marca<\/h2>\t\t\t\t<\/div>\n\t\t\t\t<\/div>\n\t\t\t\t<div class=\"elementor-element elementor-element-41071f0 elementor-widget elementor-widget-text-editor\" data-id=\"41071f0\" data-element_type=\"widget\" data-e-type=\"widget\" data-widget_type=\"text-editor.default\">\n\t\t\t\t<div class=\"elementor-widget-container\">\n\t\t\t\t\t\t\t\t\t<p><span style=\"font-weight: 400\">Por supuesto, el aumento de la visibilidad y el reconocimiento de nuestra marca tambi\u00e9n tendr\u00e1 repercusi\u00f3n sobre el <a href=\"https:\/\/www.postedin.com\/blog\/marketing-digital-cuales-son-los-tipos-de-trafico-web-y-como-usarlos-a-tu-favor\/\">tr\u00e1fico<\/a> en las cuentas y <a href=\"https:\/\/softwarelab.org\/es\/sitio-web\/\">sitio web<\/a>. Esto, junto a una interfaz amena e intuitiva, contenido \u00fatil que resuelva intenciones de b\u00fasqueda (como un blog) y una atenci\u00f3n de calidad motivar\u00e1 a muchos a aventurarse a comprar.<\/span><\/p>\t\t\t\t\t\t\t\t<\/div>\n\t\t\t\t<\/div>\n\t\t\t\t\t<\/div>\n\t\t<\/div>\n\t\t\t\t<div class=\"elementor-column elementor-col-50 elementor-inner-column elementor-element elementor-element-93b60fd\" data-id=\"93b60fd\" data-element_type=\"column\" data-e-type=\"column\">\n\t\t\t<div class=\"elementor-widget-wrap elementor-element-populated\">\n\t\t\t\t\t\t<div class=\"elementor-element elementor-element-f91df96 elementor-widget elementor-widget-heading\" data-id=\"f91df96\" data-element_type=\"widget\" data-e-type=\"widget\" data-widget_type=\"heading.default\">\n\t\t\t\t<div class=\"elementor-widget-container\">\n\t\t\t\t\t<h2 class=\"elementor-heading-title elementor-size-default\">4. Trabajar tu presencia digital promueve la fidelizaci\u00f3n de los clientes<\/h2>\t\t\t\t<\/div>\n\t\t\t\t<\/div>\n\t\t\t\t<div class=\"elementor-element elementor-element-a56d676 elementor-widget elementor-widget-text-editor\" data-id=\"a56d676\" data-element_type=\"widget\" data-e-type=\"widget\" data-widget_type=\"text-editor.default\">\n\t\t\t\t<div class=\"elementor-widget-container\">\n\t\t\t\t\t\t\t\t\t<p><span style=\"font-weight: 400\">La conexi\u00f3n cercana puede convertir a prospectos o aventureros de las compras en clientes fieles que recomendar\u00e1n tu marca a otras personas. Como ya dijimos: no se trata solo de vender, sino de hacer sentir (y ver) al p\u00fablico que hay preocupaci\u00f3n real por solventar sus necesidades. Recuerda que siempre volvemos a donde nos tratan bien.<\/span><\/p><p><span style=\"font-weight: 400\"><br><\/span><\/p>\t\t\t\t\t\t\t\t<\/div>\n\t\t\t\t<\/div>\n\t\t\t\t\t<\/div>\n\t\t<\/div>\n\t\t\t\t\t<\/div>\n\t\t<\/section>\n\t\t\t\t<section class=\"elementor-section elementor-inner-section elementor-element elementor-element-344d79c elementor-section-boxed elementor-section-height-default elementor-section-height-default\" data-id=\"344d79c\" data-element_type=\"section\" data-e-type=\"section\">\n\t\t\t\t\t\t<div class=\"elementor-container elementor-column-gap-default\">\n\t\t\t\t\t<div class=\"elementor-column elementor-col-50 elementor-inner-column elementor-element elementor-element-f1bd5b4\" data-id=\"f1bd5b4\" data-element_type=\"column\" data-e-type=\"column\">\n\t\t\t<div class=\"elementor-widget-wrap elementor-element-populated\">\n\t\t\t\t\t\t<div class=\"elementor-element elementor-element-9a3b793 elementor-widget elementor-widget-image\" data-id=\"9a3b793\" data-element_type=\"widget\" data-e-type=\"widget\" data-widget_type=\"image.default\">\n\t\t\t\t<div class=\"elementor-widget-container\">\n\t\t\t\t\t\t\t\t\t\t\t\t\t\t\t<img decoding=\"async\" width=\"800\" height=\"534\" src=\"https:\/\/thecloud.group\/wp-content\/uploads\/2021\/12\/businessman-showing-digital-tablet-to-colleagues-2021-08-26-16-28-55-utc-1024x683.jpg\" class=\"elementor-animation-hang attachment-large size-large wp-image-18798\" alt=\"\" srcset=\"https:\/\/thecloud.group\/wp-content\/uploads\/2021\/12\/businessman-showing-digital-tablet-to-colleagues-2021-08-26-16-28-55-utc-1024x683.jpg 1024w, https:\/\/thecloud.group\/wp-content\/uploads\/2021\/12\/businessman-showing-digital-tablet-to-colleagues-2021-08-26-16-28-55-utc-300x200.jpg 300w, https:\/\/thecloud.group\/wp-content\/uploads\/2021\/12\/businessman-showing-digital-tablet-to-colleagues-2021-08-26-16-28-55-utc-768x512.jpg 768w, https:\/\/thecloud.group\/wp-content\/uploads\/2021\/12\/businessman-showing-digital-tablet-to-colleagues-2021-08-26-16-28-55-utc-1536x1024.jpg 1536w, https:\/\/thecloud.group\/wp-content\/uploads\/2021\/12\/businessman-showing-digital-tablet-to-colleagues-2021-08-26-16-28-55-utc-2048x1365.jpg 2048w, https:\/\/thecloud.group\/wp-content\/uploads\/2021\/12\/businessman-showing-digital-tablet-to-colleagues-2021-08-26-16-28-55-utc-18x12.jpg 18w\" sizes=\"(max-width: 800px) 100vw, 800px\" \/>\t\t\t\t\t\t\t\t\t\t\t\t\t\t\t<\/div>\n\t\t\t\t<\/div>\n\t\t\t\t\t<\/div>\n\t\t<\/div>\n\t\t\t\t<div class=\"elementor-column elementor-col-50 elementor-inner-column elementor-element elementor-element-f4f1f86\" data-id=\"f4f1f86\" data-element_type=\"column\" data-e-type=\"column\">\n\t\t\t<div class=\"elementor-widget-wrap elementor-element-populated\">\n\t\t\t\t\t\t<div class=\"elementor-element elementor-element-695a56e elementor-widget elementor-widget-heading\" data-id=\"695a56e\" data-element_type=\"widget\" data-e-type=\"widget\" data-widget_type=\"heading.default\">\n\t\t\t\t<div class=\"elementor-widget-container\">\n\t\t\t\t\t<h2 class=\"elementor-heading-title elementor-size-default\">5. Te conecta con las nuevas tendencias del mercado<\/h2>\t\t\t\t<\/div>\n\t\t\t\t<\/div>\n\t\t\t\t<div class=\"elementor-element elementor-element-2e7cf3e elementor-widget elementor-widget-text-editor\" data-id=\"2e7cf3e\" data-element_type=\"widget\" data-e-type=\"widget\" data-widget_type=\"text-editor.default\">\n\t\t\t\t<div class=\"elementor-widget-container\">\n\t\t\t\t\t\t\t\t\t<p><span style=\"font-weight: 400\">En la actualidad, no basta simplemente con llenar el cat\u00e1logo con precios, colores disponibles, materiales y tiempos de entrega. Los compradores quieren saber qu\u00e9 diferencia a cada producto o servicio que ofrecemos.<\/span><\/p><p><span style=\"font-weight: 400\">El p\u00fablico quiere saber incluso c\u00f3mo beneficiar\u00eda su decisi\u00f3n a sus intereses; por ejemplo, la lucha contra la crueldad animal, contra el cambio clim\u00e1tico, contra el racismo y en los esfuerzos actuales de inclusi\u00f3n.<\/span><\/p><p><span style=\"font-weight: 400\">A ello sumamos las interacciones con los usuarios de la plataforma. Estas no solo generan confianza en la comunidad y mejoran el posicionamiento en funci\u00f3n de los algoritmos, sino que tambi\u00e9n nos adentran en las necesidades actuales: expandir los m\u00e9todos de pago, mejorar los tiempos de env\u00edos u optimizar la atenci\u00f3n al cliente.<\/span><\/p>\t\t\t\t\t\t\t\t<\/div>\n\t\t\t\t<\/div>\n\t\t\t\t\t<\/div>\n\t\t<\/div>\n\t\t\t\t\t<\/div>\n\t\t<\/section>\n\t\t\t\t<div class=\"elementor-element elementor-element-1049424 elementor-widget elementor-widget-text-editor\" data-id=\"1049424\" data-element_type=\"widget\" data-e-type=\"widget\" data-widget_type=\"text-editor.default\">\n\t\t\t\t<div class=\"elementor-widget-container\">\n\t\t\t\t\t\t\t\t\t<p><span style=\"font-weight: 400\">Saber todo esto nos gu\u00eda en el arduo pero satisfactorio objetivo de convertirnos en la referencia en el mercado. Arduo porque amerita dedicaci\u00f3n, conocimiento de las redes sociales y extensos estudios de mercado y no todos est\u00e1n preparados para ello.<\/span><\/p>\t\t\t\t\t\t\t\t<\/div>\n\t\t\t\t<\/div>\n\t\t\t\t<section class=\"elementor-section elementor-inner-section elementor-element elementor-element-f6cca9e elementor-section-boxed elementor-section-height-default elementor-section-height-default\" data-id=\"f6cca9e\" data-element_type=\"section\" data-e-type=\"section\">\n\t\t\t\t\t\t<div class=\"elementor-container elementor-column-gap-default\">\n\t\t\t\t\t<div class=\"elementor-column elementor-col-50 elementor-inner-column elementor-element elementor-element-f05e1b7\" data-id=\"f05e1b7\" data-element_type=\"column\" data-e-type=\"column\">\n\t\t\t<div class=\"elementor-widget-wrap elementor-element-populated\">\n\t\t\t\t\t\t<div class=\"elementor-element elementor-element-1ad129c elementor-widget elementor-widget-text-editor\" data-id=\"1ad129c\" data-element_type=\"widget\" data-e-type=\"widget\" data-widget_type=\"text-editor.default\">\n\t\t\t\t<div class=\"elementor-widget-container\">\n\t\t\t\t\t\t\t\t\t<p><span style=\"font-weight: 400\">Por fortuna, en The Cloud Group contamos con un equipo especializado en el \u00e1rea que puede trazar la estrategia a seguir para mejorar tu alcance en las redes. <\/span><a href=\"https:\/\/thecloud.group\/de\/agencia-de-marketing-digital-integral\/\"><span style=\"font-weight: 400\">Haz clic aqu\u00ed<\/span><\/a><span style=\"font-weight: 400\">, no dudes en contactarnos.\u00a0<\/span><\/p>\t\t\t\t\t\t\t\t<\/div>\n\t\t\t\t<\/div>\n\t\t\t\t<div class=\"elementor-element elementor-element-e4396df elementor-widget elementor-widget-image\" data-id=\"e4396df\" data-element_type=\"widget\" data-e-type=\"widget\" data-widget_type=\"image.default\">\n\t\t\t\t<div class=\"elementor-widget-container\">\n\t\t\t\t\t\t\t\t\t\t\t\t\t\t\t<img decoding=\"async\" width=\"768\" height=\"432\" src=\"https:\/\/thecloud.group\/wp-content\/uploads\/2021\/12\/conceptual-image-of-customer-service-and-social-me-2021-08-29-15-33-11-utc-768x432.jpg\" class=\"elementor-animation-hang attachment-medium_large size-medium_large wp-image-18799\" alt=\"\" srcset=\"https:\/\/thecloud.group\/wp-content\/uploads\/2021\/12\/conceptual-image-of-customer-service-and-social-me-2021-08-29-15-33-11-utc-768x432.jpg 768w, https:\/\/thecloud.group\/wp-content\/uploads\/2021\/12\/conceptual-image-of-customer-service-and-social-me-2021-08-29-15-33-11-utc-300x169.jpg 300w, https:\/\/thecloud.group\/wp-content\/uploads\/2021\/12\/conceptual-image-of-customer-service-and-social-me-2021-08-29-15-33-11-utc-1024x576.jpg 1024w, https:\/\/thecloud.group\/wp-content\/uploads\/2021\/12\/conceptual-image-of-customer-service-and-social-me-2021-08-29-15-33-11-utc-1536x864.jpg 1536w, https:\/\/thecloud.group\/wp-content\/uploads\/2021\/12\/conceptual-image-of-customer-service-and-social-me-2021-08-29-15-33-11-utc-2048x1152.jpg 2048w, https:\/\/thecloud.group\/wp-content\/uploads\/2021\/12\/conceptual-image-of-customer-service-and-social-me-2021-08-29-15-33-11-utc-18x10.jpg 18w\" sizes=\"(max-width: 768px) 100vw, 768px\" \/>\t\t\t\t\t\t\t\t\t\t\t\t\t\t\t<\/div>\n\t\t\t\t<\/div>\n\t\t\t\t\t<\/div>\n\t\t<\/div>\n\t\t\t\t<div class=\"elementor-column elementor-col-50 elementor-inner-column elementor-element elementor-element-dcbeebb\" data-id=\"dcbeebb\" data-element_type=\"column\" data-e-type=\"column\">\n\t\t\t<div class=\"elementor-widget-wrap elementor-element-populated\">\n\t\t\t\t\t\t<div class=\"elementor-element elementor-element-b35f398 elementor-widget elementor-widget-video\" data-id=\"b35f398\" data-element_type=\"widget\" data-e-type=\"widget\" data-settings=\"{&quot;youtube_url&quot;:&quot;https:\\\/\\\/youtu.be\\\/yQRCwL_H15w&quot;,&quot;video_type&quot;:&quot;youtube&quot;,&quot;controls&quot;:&quot;yes&quot;}\" data-widget_type=\"video.default\">\n\t\t\t\t<div class=\"elementor-widget-container\">\n\t\t\t\t\t\t\t<div class=\"elementor-wrapper elementor-open-inline\">\n\t\t\t<div class=\"elementor-video\"><\/div>\t\t<\/div>\n\t\t\t\t\t\t<\/div>\n\t\t\t\t<\/div>\n\t\t\t\t<div class=\"elementor-element elementor-element-f63c316 elementor-widget elementor-widget-heading\" data-id=\"f63c316\" data-element_type=\"widget\" data-e-type=\"widget\" data-widget_type=\"heading.default\">\n\t\t\t\t<div class=\"elementor-widget-container\">\n\t\t\t\t\t<h2 class=\"elementor-heading-title elementor-size-default\"><a href=\"https:\/\/thecloud.group\/de\/\">Es hora de transformar tu empresa <\/a><\/h2>\t\t\t\t<\/div>\n\t\t\t\t<\/div>\n\t\t\t\t\t<\/div>\n\t\t<\/div>\n\t\t\t\t\t<\/div>\n\t\t<\/section>\n\t\t\t\t\t<\/div>\n\t\t<\/div>\n\t\t\t\t\t<\/div>\n\t\t<\/section>\n\t\t\t\t<section class=\"elementor-section elementor-top-section elementor-element elementor-element-395e5acb elementor-section-boxed elementor-section-height-default elementor-section-height-default\" data-id=\"395e5acb\" data-element_type=\"section\" data-e-type=\"section\" data-settings=\"{&quot;background_background&quot;:&quot;classic&quot;}\">\n\t\t\t\t\t\t<div class=\"elementor-container elementor-column-gap-default\">\n\t\t\t\t\t<div class=\"elementor-column elementor-col-100 elementor-top-column elementor-element elementor-element-9775eb8\" data-id=\"9775eb8\" data-element_type=\"column\" data-e-type=\"column\" data-settings=\"{&quot;background_background&quot;:&quot;classic&quot;}\">\n\t\t\t<div class=\"elementor-widget-wrap\">\n\t\t\t\t\t\t\t<\/div>\n\t\t<\/div>\n\t\t\t\t\t<\/div>\n\t\t<\/section>\n\t\t\t\t<\/div>","protected":false},"excerpt":{"rendered":"<p>5 razones para trabajar tu presencia digital \u00a1ahora! Si bien las tiendas f\u00edsicas a\u00fan tienen mucho para ofrecer a los clientes, la realidad global actual nos ha dejado bien claras las tendencias: la presencia digital es crucial para cualquier marca, ya sea emergente o con trayectoria. Por tanto, trabajarla es una prioridad, \u00a1y cu\u00e1nto m\u00e1s [&hellip;]<\/p>\n","protected":false},"author":20,"featured_media":18797,"comment_status":"closed","ping_status":"closed","sticky":false,"template":"elementor_header_footer","format":"standard","meta":{"footnotes":""},"categories":[1],"tags":[750],"class_list":["post-18785","post","type-post","status-publish","format-standard","has-post-thumbnail","hentry","category-sin-categoria","tag-presencia-digital"],"yoast_head":"<!-- This site is optimized with the Yoast SEO Premium plugin v27.4 (Yoast SEO v27.5) - https:\/\/yoast.com\/product\/yoast-seo-premium-wordpress\/ -->\n<title>5 razones para trabajar tu presencia digital ahora | The Cloud Group<\/title>\n<meta name=\"robots\" content=\"index, follow, max-snippet:-1, max-image-preview:large, max-video-preview:-1\" \/>\n<link rel=\"canonical\" href=\"https:\/\/thecloud.group\/de\/5-razones-para-trabajar-tu-presencia-digital-ahora\/\" \/>\n<meta property=\"og:locale\" content=\"de_DE\" \/>\n<meta property=\"og:type\" content=\"article\" \/>\n<meta property=\"og:title\" content=\"5 razones para trabajar tu presencia digital ahora\" \/>\n<meta property=\"og:description\" content=\"5 razones para trabajar tu presencia digital \u00a1ahora! Si bien las tiendas f\u00edsicas a\u00fan tienen mucho para ofrecer a los clientes, la realidad global actual nos ha dejado bien claras las tendencias: la presencia digital es crucial para cualquier marca, ya sea emergente o con trayectoria. Por tanto, trabajarla es una prioridad, \u00a1y cu\u00e1nto m\u00e1s [&hellip;]\" \/>\n<meta property=\"og:url\" content=\"https:\/\/thecloud.group\/de\/5-razones-para-trabajar-tu-presencia-digital-ahora\/\" \/>\n<meta property=\"og:site_name\" content=\"The Cloud Group\" \/>\n<meta property=\"article:publisher\" content=\"https:\/\/www.facebook.com\/thecloudgroupglobal\" \/>\n<meta property=\"article:published_time\" content=\"2022-01-17T01:00:00+00:00\" \/>\n<meta property=\"og:image\" content=\"https:\/\/thecloud.group\/wp-content\/uploads\/2021\/12\/online-presence-2021-09-03-20-39-33-utc-scaled.jpg\" \/>\n\t<meta property=\"og:image:width\" content=\"2560\" \/>\n\t<meta property=\"og:image:height\" content=\"1920\" \/>\n\t<meta property=\"og:image:type\" content=\"image\/jpeg\" \/>\n<meta name=\"author\" content=\"Paula Franco\" \/>\n<meta name=\"twitter:card\" content=\"summary_large_image\" \/>\n<meta name=\"twitter:label1\" content=\"Verfasst von\" \/>\n\t<meta name=\"twitter:data1\" content=\"Paula Franco\" \/>\n\t<meta name=\"twitter:label2\" content=\"Gesch\u00e4tzte Lesezeit\" \/>\n\t<meta name=\"twitter:data2\" content=\"4\u00a0Minuten\" \/>\n<script type=\"application\/ld+json\" class=\"yoast-schema-graph\">{\"@context\":\"https:\\\/\\\/schema.org\",\"@graph\":[{\"@type\":\"Article\",\"@id\":\"https:\\\/\\\/thecloud.group\\\/5-razones-para-trabajar-tu-presencia-digital-ahora\\\/#article\",\"isPartOf\":{\"@id\":\"https:\\\/\\\/thecloud.group\\\/5-razones-para-trabajar-tu-presencia-digital-ahora\\\/\"},\"author\":{\"name\":\"Paula Franco\",\"@id\":\"https:\\\/\\\/thecloud.group\\\/#\\\/schema\\\/person\\\/9292d905a1c98ea7345e5e71a5fe341f\"},\"headline\":\"5 razones para trabajar tu presencia digital ahora\",\"datePublished\":\"2022-01-17T01:00:00+00:00\",\"mainEntityOfPage\":{\"@id\":\"https:\\\/\\\/thecloud.group\\\/5-razones-para-trabajar-tu-presencia-digital-ahora\\\/\"},\"wordCount\":811,\"publisher\":{\"@id\":\"https:\\\/\\\/thecloud.group\\\/#organization\"},\"image\":{\"@id\":\"https:\\\/\\\/thecloud.group\\\/5-razones-para-trabajar-tu-presencia-digital-ahora\\\/#primaryimage\"},\"thumbnailUrl\":\"https:\\\/\\\/thecloud.group\\\/wp-content\\\/uploads\\\/2021\\\/12\\\/online-presence-2021-09-03-20-39-33-utc-scaled.jpg\",\"keywords\":[\"presencia digital\"],\"articleSection\":[\"Sin categor\u00eda\"],\"inLanguage\":\"de\"},{\"@type\":\"WebPage\",\"@id\":\"https:\\\/\\\/thecloud.group\\\/5-razones-para-trabajar-tu-presencia-digital-ahora\\\/\",\"url\":\"https:\\\/\\\/thecloud.group\\\/5-razones-para-trabajar-tu-presencia-digital-ahora\\\/\",\"name\":\"5 razones para trabajar tu presencia digital ahora | The Cloud Group\",\"isPartOf\":{\"@id\":\"https:\\\/\\\/thecloud.group\\\/#website\"},\"primaryImageOfPage\":{\"@id\":\"https:\\\/\\\/thecloud.group\\\/5-razones-para-trabajar-tu-presencia-digital-ahora\\\/#primaryimage\"},\"image\":{\"@id\":\"https:\\\/\\\/thecloud.group\\\/5-razones-para-trabajar-tu-presencia-digital-ahora\\\/#primaryimage\"},\"thumbnailUrl\":\"https:\\\/\\\/thecloud.group\\\/wp-content\\\/uploads\\\/2021\\\/12\\\/online-presence-2021-09-03-20-39-33-utc-scaled.jpg\",\"datePublished\":\"2022-01-17T01:00:00+00:00\",\"breadcrumb\":{\"@id\":\"https:\\\/\\\/thecloud.group\\\/5-razones-para-trabajar-tu-presencia-digital-ahora\\\/#breadcrumb\"},\"inLanguage\":\"de\",\"potentialAction\":[{\"@type\":\"ReadAction\",\"target\":[\"https:\\\/\\\/thecloud.group\\\/5-razones-para-trabajar-tu-presencia-digital-ahora\\\/\"]}]},{\"@type\":\"ImageObject\",\"inLanguage\":\"de\",\"@id\":\"https:\\\/\\\/thecloud.group\\\/5-razones-para-trabajar-tu-presencia-digital-ahora\\\/#primaryimage\",\"url\":\"https:\\\/\\\/thecloud.group\\\/wp-content\\\/uploads\\\/2021\\\/12\\\/online-presence-2021-09-03-20-39-33-utc-scaled.jpg\",\"contentUrl\":\"https:\\\/\\\/thecloud.group\\\/wp-content\\\/uploads\\\/2021\\\/12\\\/online-presence-2021-09-03-20-39-33-utc-scaled.jpg\",\"width\":2560,\"height\":1920},{\"@type\":\"BreadcrumbList\",\"@id\":\"https:\\\/\\\/thecloud.group\\\/5-razones-para-trabajar-tu-presencia-digital-ahora\\\/#breadcrumb\",\"itemListElement\":[{\"@type\":\"ListItem\",\"position\":1,\"name\":\"Home\",\"item\":\"https:\\\/\\\/thecloud.group\\\/\"},{\"@type\":\"ListItem\",\"position\":2,\"name\":\"5 razones para trabajar tu presencia digital ahora\"}]},{\"@type\":\"WebSite\",\"@id\":\"https:\\\/\\\/thecloud.group\\\/#website\",\"url\":\"https:\\\/\\\/thecloud.group\\\/\",\"name\":\"The Cloud Group\",\"description\":\"|\u00a0Holding Internacional de Servicios\",\"publisher\":{\"@id\":\"https:\\\/\\\/thecloud.group\\\/#organization\"},\"potentialAction\":[{\"@type\":\"SearchAction\",\"target\":{\"@type\":\"EntryPoint\",\"urlTemplate\":\"https:\\\/\\\/thecloud.group\\\/?s={search_term_string}\"},\"query-input\":{\"@type\":\"PropertyValueSpecification\",\"valueRequired\":true,\"valueName\":\"search_term_string\"}}],\"inLanguage\":\"de\"},{\"@type\":\"Organization\",\"@id\":\"https:\\\/\\\/thecloud.group\\\/#organization\",\"name\":\"The Cloud Group - Holding International de Servicios\",\"url\":\"https:\\\/\\\/thecloud.group\\\/\",\"logo\":{\"@type\":\"ImageObject\",\"inLanguage\":\"de\",\"@id\":\"https:\\\/\\\/thecloud.group\\\/#\\\/schema\\\/logo\\\/image\\\/\",\"url\":\"https:\\\/\\\/thecloud.group\\\/wp-content\\\/uploads\\\/2020\\\/05\\\/logoSmallFirmaCorreo.png\",\"contentUrl\":\"https:\\\/\\\/thecloud.group\\\/wp-content\\\/uploads\\\/2020\\\/05\\\/logoSmallFirmaCorreo.png\",\"width\":300,\"height\":190,\"caption\":\"The Cloud Group - Holding International de Servicios\"},\"image\":{\"@id\":\"https:\\\/\\\/thecloud.group\\\/#\\\/schema\\\/logo\\\/image\\\/\"},\"sameAs\":[\"https:\\\/\\\/www.facebook.com\\\/thecloudgroupglobal\"]},{\"@type\":\"Person\",\"@id\":\"https:\\\/\\\/thecloud.group\\\/#\\\/schema\\\/person\\\/9292d905a1c98ea7345e5e71a5fe341f\",\"name\":\"Paula Franco\",\"image\":{\"@type\":\"ImageObject\",\"inLanguage\":\"de\",\"@id\":\"https:\\\/\\\/secure.gravatar.com\\\/avatar\\\/8622dc6801e07daa51e09fd706fb55b2bdf9cada1ade4ab996fb3b4549e9214c?s=96&d=mm&r=g\",\"url\":\"https:\\\/\\\/secure.gravatar.com\\\/avatar\\\/8622dc6801e07daa51e09fd706fb55b2bdf9cada1ade4ab996fb3b4549e9214c?s=96&d=mm&r=g\",\"contentUrl\":\"https:\\\/\\\/secure.gravatar.com\\\/avatar\\\/8622dc6801e07daa51e09fd706fb55b2bdf9cada1ade4ab996fb3b4549e9214c?s=96&d=mm&r=g\",\"caption\":\"Paula Franco\"}}]}<\/script>\n<!-- \/ Yoast SEO Premium plugin. -->","yoast_head_json":{"title":"5 razones para trabajar tu presencia digital ahora | The Cloud Group","robots":{"index":"index","follow":"follow","max-snippet":"max-snippet:-1","max-image-preview":"max-image-preview:large","max-video-preview":"max-video-preview:-1"},"canonical":"https:\/\/thecloud.group\/de\/5-razones-para-trabajar-tu-presencia-digital-ahora\/","og_locale":"de_DE","og_type":"article","og_title":"5 razones para trabajar tu presencia digital ahora","og_description":"5 razones para trabajar tu presencia digital \u00a1ahora! Si bien las tiendas f\u00edsicas a\u00fan tienen mucho para ofrecer a los clientes, la realidad global actual nos ha dejado bien claras las tendencias: la presencia digital es crucial para cualquier marca, ya sea emergente o con trayectoria. Por tanto, trabajarla es una prioridad, \u00a1y cu\u00e1nto m\u00e1s [&hellip;]","og_url":"https:\/\/thecloud.group\/de\/5-razones-para-trabajar-tu-presencia-digital-ahora\/","og_site_name":"The Cloud Group","article_publisher":"https:\/\/www.facebook.com\/thecloudgroupglobal","article_published_time":"2022-01-17T01:00:00+00:00","og_image":[{"width":2560,"height":1920,"url":"https:\/\/thecloud.group\/wp-content\/uploads\/2021\/12\/online-presence-2021-09-03-20-39-33-utc-scaled.jpg","type":"image\/jpeg"}],"author":"Paula Franco","twitter_card":"summary_large_image","twitter_misc":{"Verfasst von":"Paula Franco","Gesch\u00e4tzte Lesezeit":"4\u00a0Minuten"},"schema":{"@context":"https:\/\/schema.org","@graph":[{"@type":"Article","@id":"https:\/\/thecloud.group\/5-razones-para-trabajar-tu-presencia-digital-ahora\/#article","isPartOf":{"@id":"https:\/\/thecloud.group\/5-razones-para-trabajar-tu-presencia-digital-ahora\/"},"author":{"name":"Paula Franco","@id":"https:\/\/thecloud.group\/#\/schema\/person\/9292d905a1c98ea7345e5e71a5fe341f"},"headline":"5 razones para trabajar tu presencia digital ahora","datePublished":"2022-01-17T01:00:00+00:00","mainEntityOfPage":{"@id":"https:\/\/thecloud.group\/5-razones-para-trabajar-tu-presencia-digital-ahora\/"},"wordCount":811,"publisher":{"@id":"https:\/\/thecloud.group\/#organization"},"image":{"@id":"https:\/\/thecloud.group\/5-razones-para-trabajar-tu-presencia-digital-ahora\/#primaryimage"},"thumbnailUrl":"https:\/\/thecloud.group\/wp-content\/uploads\/2021\/12\/online-presence-2021-09-03-20-39-33-utc-scaled.jpg","keywords":["presencia digital"],"articleSection":["Sin categor\u00eda"],"inLanguage":"de"},{"@type":"WebPage","@id":"https:\/\/thecloud.group\/5-razones-para-trabajar-tu-presencia-digital-ahora\/","url":"https:\/\/thecloud.group\/5-razones-para-trabajar-tu-presencia-digital-ahora\/","name":"5 razones para trabajar tu presencia digital ahora | The Cloud Group","isPartOf":{"@id":"https:\/\/thecloud.group\/#website"},"primaryImageOfPage":{"@id":"https:\/\/thecloud.group\/5-razones-para-trabajar-tu-presencia-digital-ahora\/#primaryimage"},"image":{"@id":"https:\/\/thecloud.group\/5-razones-para-trabajar-tu-presencia-digital-ahora\/#primaryimage"},"thumbnailUrl":"https:\/\/thecloud.group\/wp-content\/uploads\/2021\/12\/online-presence-2021-09-03-20-39-33-utc-scaled.jpg","datePublished":"2022-01-17T01:00:00+00:00","breadcrumb":{"@id":"https:\/\/thecloud.group\/5-razones-para-trabajar-tu-presencia-digital-ahora\/#breadcrumb"},"inLanguage":"de","potentialAction":[{"@type":"ReadAction","target":["https:\/\/thecloud.group\/5-razones-para-trabajar-tu-presencia-digital-ahora\/"]}]},{"@type":"ImageObject","inLanguage":"de","@id":"https:\/\/thecloud.group\/5-razones-para-trabajar-tu-presencia-digital-ahora\/#primaryimage","url":"https:\/\/thecloud.group\/wp-content\/uploads\/2021\/12\/online-presence-2021-09-03-20-39-33-utc-scaled.jpg","contentUrl":"https:\/\/thecloud.group\/wp-content\/uploads\/2021\/12\/online-presence-2021-09-03-20-39-33-utc-scaled.jpg","width":2560,"height":1920},{"@type":"BreadcrumbList","@id":"https:\/\/thecloud.group\/5-razones-para-trabajar-tu-presencia-digital-ahora\/#breadcrumb","itemListElement":[{"@type":"ListItem","position":1,"name":"Home","item":"https:\/\/thecloud.group\/"},{"@type":"ListItem","position":2,"name":"5 razones para trabajar tu presencia digital ahora"}]},{"@type":"WebSite","@id":"https:\/\/thecloud.group\/#website","url":"https:\/\/thecloud.group\/","name":"Die Cloud-Gruppe","description":"| International Services Holding","publisher":{"@id":"https:\/\/thecloud.group\/#organization"},"potentialAction":[{"@type":"SearchAction","target":{"@type":"EntryPoint","urlTemplate":"https:\/\/thecloud.group\/?s={search_term_string}"},"query-input":{"@type":"PropertyValueSpecification","valueRequired":true,"valueName":"search_term_string"}}],"inLanguage":"de"},{"@type":"Organization","@id":"https:\/\/thecloud.group\/#organization","name":"The Cloud Group \u2013 Internationale Dienstleistungsholding","url":"https:\/\/thecloud.group\/","logo":{"@type":"ImageObject","inLanguage":"de","@id":"https:\/\/thecloud.group\/#\/schema\/logo\/image\/","url":"https:\/\/thecloud.group\/wp-content\/uploads\/2020\/05\/logoSmallFirmaCorreo.png","contentUrl":"https:\/\/thecloud.group\/wp-content\/uploads\/2020\/05\/logoSmallFirmaCorreo.png","width":300,"height":190,"caption":"The Cloud Group - Holding International de Servicios"},"image":{"@id":"https:\/\/thecloud.group\/#\/schema\/logo\/image\/"},"sameAs":["https:\/\/www.facebook.com\/thecloudgroupglobal"]},{"@type":"Person","@id":"https:\/\/thecloud.group\/#\/schema\/person\/9292d905a1c98ea7345e5e71a5fe341f","name":"Paula Franco","image":{"@type":"ImageObject","inLanguage":"de","@id":"https:\/\/secure.gravatar.com\/avatar\/8622dc6801e07daa51e09fd706fb55b2bdf9cada1ade4ab996fb3b4549e9214c?s=96&d=mm&r=g","url":"https:\/\/secure.gravatar.com\/avatar\/8622dc6801e07daa51e09fd706fb55b2bdf9cada1ade4ab996fb3b4549e9214c?s=96&d=mm&r=g","contentUrl":"https:\/\/secure.gravatar.com\/avatar\/8622dc6801e07daa51e09fd706fb55b2bdf9cada1ade4ab996fb3b4549e9214c?s=96&d=mm&r=g","caption":"Paula Franco"}}]}},"_links":{"self":[{"href":"https:\/\/thecloud.group\/de\/wp-json\/wp\/v2\/posts\/18785","targetHints":{"allow":["GET"]}}],"collection":[{"href":"https:\/\/thecloud.group\/de\/wp-json\/wp\/v2\/posts"}],"about":[{"href":"https:\/\/thecloud.group\/de\/wp-json\/wp\/v2\/types\/post"}],"author":[{"embeddable":true,"href":"https:\/\/thecloud.group\/de\/wp-json\/wp\/v2\/users\/20"}],"replies":[{"embeddable":true,"href":"https:\/\/thecloud.group\/de\/wp-json\/wp\/v2\/comments?post=18785"}],"version-history":[{"count":49,"href":"https:\/\/thecloud.group\/de\/wp-json\/wp\/v2\/posts\/18785\/revisions"}],"predecessor-version":[{"id":19275,"href":"https:\/\/thecloud.group\/de\/wp-json\/wp\/v2\/posts\/18785\/revisions\/19275"}],"wp:featuredmedia":[{"embeddable":true,"href":"https:\/\/thecloud.group\/de\/wp-json\/wp\/v2\/media\/18797"}],"wp:attachment":[{"href":"https:\/\/thecloud.group\/de\/wp-json\/wp\/v2\/media?parent=18785"}],"wp:term":[{"taxonomy":"category","embeddable":true,"href":"https:\/\/thecloud.group\/de\/wp-json\/wp\/v2\/categories?post=18785"},{"taxonomy":"post_tag","embeddable":true,"href":"https:\/\/thecloud.group\/de\/wp-json\/wp\/v2\/tags?post=18785"}],"curies":[{"name":"wp","href":"https:\/\/api.w.org\/{rel}","templated":true}]}}