{"id":11689,"date":"2020-10-28T10:00:00","date_gmt":"2020-10-28T10:00:00","guid":{"rendered":"https:\/\/thecloud.group\/?p=11689"},"modified":"2020-12-10T16:09:01","modified_gmt":"2020-12-10T16:09:01","slug":"grafikdesign-8-grunde-die-sie-uberzeugen-werden","status":"publish","type":"post","link":"https:\/\/thecloud.group\/de\/diseno-grafico-8-razones-que-te-convenceran\/","title":{"rendered":"Grafikdesign: 8 Gr\u00fcnde, die Sie davon \u00fcberzeugen werden, dass Sie es brauchen"},"content":{"rendered":"<div data-elementor-type=\"wp-post\" data-elementor-id=\"11689\" class=\"elementor elementor-11689\" data-elementor-post-type=\"post\">\n\t\t\t\t\t\t<section class=\"elementor-section elementor-top-section elementor-element elementor-element-41a57ec9 elementor-section-stretched elementor-section-boxed elementor-section-height-default elementor-section-height-default\" data-id=\"41a57ec9\" data-element_type=\"section\" data-e-type=\"section\" data-settings=\"{&quot;stretch_section&quot;:&quot;section-stretched&quot;,&quot;background_background&quot;:&quot;classic&quot;}\">\n\t\t\t\t\t\t\t<div class=\"elementor-background-overlay\"><\/div>\n\t\t\t\t\t\t\t<div class=\"elementor-container elementor-column-gap-default\">\n\t\t\t\t\t<div class=\"elementor-column elementor-col-100 elementor-top-column elementor-element elementor-element-226b43a6\" data-id=\"226b43a6\" data-element_type=\"column\" data-e-type=\"column\" data-settings=\"{&quot;background_background&quot;:&quot;classic&quot;}\">\n\t\t\t<div class=\"elementor-widget-wrap elementor-element-populated\">\n\t\t\t\t\t\t<div class=\"elementor-element elementor-element-481d637f elementor-widget elementor-widget-image\" data-id=\"481d637f\" data-element_type=\"widget\" data-e-type=\"widget\" data-widget_type=\"image.default\">\n\t\t\t\t<div class=\"elementor-widget-container\">\n\t\t\t\t\t\t\t\t\t\t\t\t\t\t\t<img decoding=\"async\" src=\"https:\/\/thecloud.group\/wp-content\/uploads\/elementor\/thumbs\/LogoHor-osf66wqrs0q6z5scsi4c0cpaz4hmv3cdo16ybda1og.png\" title=\"Bildlogo The Cloud Group\" alt=\"Die Cloud Group ist eine Unternehmensholding mit Fokus auf die globale digitale Transformation.\" loading=\"lazy\" \/>\t\t\t\t\t\t\t\t\t\t\t\t\t\t\t<\/div>\n\t\t\t\t<\/div>\n\t\t\t\t<section class=\"elementor-section elementor-inner-section elementor-element elementor-element-4e980991 elementor-section-boxed elementor-section-height-default elementor-section-height-default\" data-id=\"4e980991\" data-element_type=\"section\" data-e-type=\"section\">\n\t\t\t\t\t\t<div class=\"elementor-container elementor-column-gap-default\">\n\t\t\t\t\t<div class=\"elementor-column elementor-col-33 elementor-inner-column elementor-element elementor-element-13b3a734\" data-id=\"13b3a734\" data-element_type=\"column\" data-e-type=\"column\">\n\t\t\t<div class=\"elementor-widget-wrap\">\n\t\t\t\t\t\t\t<\/div>\n\t\t<\/div>\n\t\t\t\t<div class=\"elementor-column elementor-col-33 elementor-inner-column elementor-element elementor-element-7f25a6bf\" data-id=\"7f25a6bf\" data-element_type=\"column\" data-e-type=\"column\">\n\t\t\t<div class=\"elementor-widget-wrap elementor-element-populated\">\n\t\t\t\t\t\t<div class=\"elementor-element elementor-element-2671031 elementor-widget elementor-widget-heading\" data-id=\"2671031\" data-element_type=\"widget\" data-e-type=\"widget\" data-widget_type=\"heading.default\">\n\t\t\t\t<div class=\"elementor-widget-container\">\n\t\t\t\t\t<h1 class=\"elementor-heading-title elementor-size-default\">Grafikdesign: 8 Gr\u00fcnde, die Sie davon \u00fcberzeugen werden, dass Sie es brauchen<\/h1>\t\t\t\t<\/div>\n\t\t\t\t<\/div>\n\t\t\t\t\t<\/div>\n\t\t<\/div>\n\t\t\t\t<div class=\"elementor-column elementor-col-33 elementor-inner-column elementor-element elementor-element-680ee111\" data-id=\"680ee111\" data-element_type=\"column\" data-e-type=\"column\">\n\t\t\t<div class=\"elementor-widget-wrap\">\n\t\t\t\t\t\t\t<\/div>\n\t\t<\/div>\n\t\t\t\t\t<\/div>\n\t\t<\/section>\n\t\t\t\t<section class=\"elementor-section elementor-inner-section elementor-element elementor-element-cf112af elementor-section-boxed elementor-section-height-default elementor-section-height-default\" data-id=\"cf112af\" data-element_type=\"section\" data-e-type=\"section\">\n\t\t\t\t\t\t<div class=\"elementor-container elementor-column-gap-default\">\n\t\t\t\t\t<div class=\"elementor-column elementor-col-25 elementor-inner-column elementor-element elementor-element-697faab7\" data-id=\"697faab7\" data-element_type=\"column\" data-e-type=\"column\">\n\t\t\t<div class=\"elementor-widget-wrap\">\n\t\t\t\t\t\t\t<\/div>\n\t\t<\/div>\n\t\t\t\t<div class=\"elementor-column elementor-col-25 elementor-inner-column elementor-element elementor-element-66e02f9f\" data-id=\"66e02f9f\" data-element_type=\"column\" data-e-type=\"column\">\n\t\t\t<div class=\"elementor-widget-wrap\">\n\t\t\t\t\t\t\t<\/div>\n\t\t<\/div>\n\t\t\t\t<div class=\"elementor-column elementor-col-25 elementor-inner-column elementor-element elementor-element-31f74d24\" data-id=\"31f74d24\" data-element_type=\"column\" data-e-type=\"column\">\n\t\t\t<div class=\"elementor-widget-wrap\">\n\t\t\t\t\t\t\t<\/div>\n\t\t<\/div>\n\t\t\t\t<div class=\"elementor-column elementor-col-25 elementor-inner-column elementor-element elementor-element-2043ba45\" data-id=\"2043ba45\" data-element_type=\"column\" data-e-type=\"column\">\n\t\t\t<div class=\"elementor-widget-wrap\">\n\t\t\t\t\t\t\t<\/div>\n\t\t<\/div>\n\t\t\t\t\t<\/div>\n\t\t<\/section>\n\t\t\t\t\t<\/div>\n\t\t<\/div>\n\t\t\t\t\t<\/div>\n\t\t<\/section>\n\t\t\t\t<section class=\"elementor-section elementor-top-section elementor-element elementor-element-27c5e19a elementor-section-boxed elementor-section-height-default elementor-section-height-default\" data-id=\"27c5e19a\" data-element_type=\"section\" data-e-type=\"section\">\n\t\t\t\t\t\t<div class=\"elementor-container elementor-column-gap-default\">\n\t\t\t\t\t<div class=\"elementor-column elementor-col-100 elementor-top-column elementor-element elementor-element-4bea878a\" data-id=\"4bea878a\" data-element_type=\"column\" data-e-type=\"column\">\n\t\t\t<div class=\"elementor-widget-wrap elementor-element-populated\">\n\t\t\t\t\t\t<div class=\"elementor-element elementor-element-68562ec5 elementor-widget elementor-widget-text-editor\" data-id=\"68562ec5\" data-element_type=\"widget\" data-e-type=\"widget\" data-widget_type=\"text-editor.default\">\n\t\t\t\t<div class=\"elementor-widget-container\">\n\t\t\t\t\t\t\t\t\t<p>Vielleicht haben Sie sich bisher noch nie Gedanken \u00fcber Grafikdesign f\u00fcr Ihr Unternehmen gemacht. \u201cWozu der Aufwand?\u201d, fragen Sie sich vielleicht. Die Wahrheit ist: Dieses Thema sollte Ihnen wichtig sein, unabh\u00e4ngig von Ihrer Branche. Wir erkl\u00e4ren Ihnen, warum, und sind sicher, dass Sie nach diesem Artikel von der Bedeutung visueller Elemente f\u00fcr jedes Projekt und jedes Unternehmen \u00fcberzeugt sein werden.<\/p>\t\t\t\t\t\t\t\t<\/div>\n\t\t\t\t<\/div>\n\t\t\t\t<section class=\"elementor-section elementor-inner-section elementor-element elementor-element-10e7854f elementor-section-boxed elementor-section-height-default elementor-section-height-default\" data-id=\"10e7854f\" data-element_type=\"section\" data-e-type=\"section\">\n\t\t\t\t\t\t<div class=\"elementor-container elementor-column-gap-default\">\n\t\t\t\t\t<div class=\"elementor-column elementor-col-50 elementor-inner-column elementor-element elementor-element-52d929dd\" data-id=\"52d929dd\" data-element_type=\"column\" data-e-type=\"column\">\n\t\t\t<div class=\"elementor-widget-wrap elementor-element-populated\">\n\t\t\t\t\t\t<div class=\"elementor-element elementor-element-4a8381c5 elementor-widget elementor-widget-heading\" data-id=\"4a8381c5\" data-element_type=\"widget\" data-e-type=\"widget\" data-widget_type=\"heading.default\">\n\t\t\t\t<div class=\"elementor-widget-container\">\n\t\t\t\t\t<h2 class=\"elementor-heading-title elementor-size-default\">1. Unterst\u00fctzung bei der Verbesserung des Unternehmensrufs<\/h2>\t\t\t\t<\/div>\n\t\t\t\t<\/div>\n\t\t\t\t<div class=\"elementor-element elementor-element-27e52eab elementor-widget elementor-widget-text-editor\" data-id=\"27e52eab\" data-element_type=\"widget\" data-e-type=\"widget\" data-widget_type=\"text-editor.default\">\n\t\t\t\t<div class=\"elementor-widget-container\">\n\t\t\t\t\t\t\t\t\t<p>Unabh\u00e4ngig von der Gr\u00f6\u00dfe Ihres Unternehmens ist Ihr Ruf einer seiner wichtigsten Werte. Er ist Teil Ihrer Identit\u00e4t, genau wie ein Logo.<\/p>\t\t\t\t\t\t\t\t<\/div>\n\t\t\t\t<\/div>\n\t\t\t\t<div class=\"elementor-element elementor-element-11f1806e elementor-widget elementor-widget-text-editor\" data-id=\"11f1806e\" data-element_type=\"widget\" data-e-type=\"widget\" data-widget_type=\"text-editor.default\">\n\t\t\t\t<div class=\"elementor-widget-container\">\n\t\t\t\t\t\t\t\t\t<p>Das Logo ist das wichtigste visuelle Element Ihrer Marke, und gutes Grafikdesign sollte die Werte und die Botschaft des Logos durch die verwendeten Farben, Typografie und visuellen Elemente vermitteln.<\/p>\t\t\t\t\t\t\t\t<\/div>\n\t\t\t\t<\/div>\n\t\t\t\t\t<\/div>\n\t\t<\/div>\n\t\t\t\t<div class=\"elementor-column elementor-col-50 elementor-inner-column elementor-element elementor-element-19f7be93\" data-id=\"19f7be93\" data-element_type=\"column\" data-e-type=\"column\">\n\t\t\t<div class=\"elementor-widget-wrap elementor-element-populated\">\n\t\t\t\t\t\t<div class=\"elementor-element elementor-element-781121a2 elementor-widget elementor-widget-image\" data-id=\"781121a2\" data-element_type=\"widget\" data-e-type=\"widget\" data-widget_type=\"image.default\">\n\t\t\t\t<div class=\"elementor-widget-container\">\n\t\t\t\t\t\t\t\t\t\t\t\t\t\t\t<img fetchpriority=\"high\" decoding=\"async\" width=\"800\" height=\"536\" src=\"https:\/\/thecloud.group\/wp-content\/uploads\/2020\/10\/disenoGraficoEmpresas.jpg\" class=\"elementor-animation-hang attachment-large size-large wp-image-11691\" alt=\"Grafikdesign f\u00fcr Ihr Unternehmen\" srcset=\"https:\/\/thecloud.group\/wp-content\/uploads\/2020\/10\/disenoGraficoEmpresas.jpg 950w, https:\/\/thecloud.group\/wp-content\/uploads\/2020\/10\/disenoGraficoEmpresas-300x201.jpg 300w, https:\/\/thecloud.group\/wp-content\/uploads\/2020\/10\/disenoGraficoEmpresas-768x515.jpg 768w\" sizes=\"(max-width: 800px) 100vw, 800px\" \/>\t\t\t\t\t\t\t\t\t\t\t\t\t\t\t<\/div>\n\t\t\t\t<\/div>\n\t\t\t\t\t<\/div>\n\t\t<\/div>\n\t\t\t\t\t<\/div>\n\t\t<\/section>\n\t\t\t\t<div class=\"elementor-element elementor-element-63116440 elementor-widget elementor-widget-heading\" data-id=\"63116440\" data-element_type=\"widget\" data-e-type=\"widget\" data-widget_type=\"heading.default\">\n\t\t\t\t<div class=\"elementor-widget-container\">\n\t\t\t\t\t<h2 class=\"elementor-heading-title elementor-size-default\">2. Unternehmensidentit\u00e4t<\/h2>\t\t\t\t<\/div>\n\t\t\t\t<\/div>\n\t\t\t\t<div class=\"elementor-element elementor-element-1dc3a341 elementor-widget elementor-widget-text-editor\" data-id=\"1dc3a341\" data-element_type=\"widget\" data-e-type=\"widget\" data-widget_type=\"text-editor.default\">\n\t\t\t\t<div class=\"elementor-widget-container\">\n\t\t\t\t\t\t\t\t\t<p>Grafikdesign ist nicht nur f\u00fcr die Entwicklung einer Unternehmensmarke unerl\u00e4sslich, sondern auch entscheidend f\u00fcr die Etablierung einer Corporate Identity. Ein Weg dorthin f\u00fchrt \u00fcber ein Markenhandbuch, das die korrekte Verwendung grafischer Elemente f\u00fcr alle Gesch\u00e4ftsbereiche erl\u00e4utert und definiert. Dazu geh\u00f6ren beispielsweise der richtige Einsatz von Logo, Farben, Schriftarten, Bildern f\u00fcr soziale Medien und vielem mehr.<\/p>\t\t\t\t\t\t\t\t<\/div>\n\t\t\t\t<\/div>\n\t\t\t\t<div class=\"elementor-element elementor-element-3bf2ab4 elementor-widget elementor-widget-heading\" data-id=\"3bf2ab4\" data-element_type=\"widget\" data-e-type=\"widget\" data-widget_type=\"heading.default\">\n\t\t\t\t<div class=\"elementor-widget-container\">\n\t\t\t\t\t<h2 class=\"elementor-heading-title elementor-size-default\">3. Die Aufmerksamkeit potenzieller Kunden gewinnen<\/h2>\t\t\t\t<\/div>\n\t\t\t\t<\/div>\n\t\t\t\t<div class=\"elementor-element elementor-element-e7460f6 elementor-widget elementor-widget-text-editor\" data-id=\"e7460f6\" data-element_type=\"widget\" data-e-type=\"widget\" data-widget_type=\"text-editor.default\">\n\t\t\t\t<div class=\"elementor-widget-container\">\n\t\t\t\t\t\t\t\t\t<p>Grafikdesign hilft dabei, die Aufmerksamkeit potenzieller Kunden zu gewinnen. Durch kreative und visuell ansprechende Designs in sozialen Medien, auf POS-Materialien, Websites usw. k\u00f6nnen Sie die Aufmerksamkeit der Menschen auf sich ziehen und sich von der Konkurrenz abheben.<\/p>\t\t\t\t\t\t\t\t<\/div>\n\t\t\t\t<\/div>\n\t\t\t\t<div class=\"elementor-element elementor-element-a64e5a4 elementor-widget elementor-widget-heading\" data-id=\"a64e5a4\" data-element_type=\"widget\" data-e-type=\"widget\" data-widget_type=\"heading.default\">\n\t\t\t\t<div class=\"elementor-widget-container\">\n\t\t\t\t\t<h2 class=\"elementor-heading-title elementor-size-default\">4. Verbessert die Marktpositionierung<\/h2>\t\t\t\t<\/div>\n\t\t\t\t<\/div>\n\t\t\t\t<div class=\"elementor-element elementor-element-46616d1 elementor-widget elementor-widget-text-editor\" data-id=\"46616d1\" data-element_type=\"widget\" data-e-type=\"widget\" data-widget_type=\"text-editor.default\">\n\t\t\t\t<div class=\"elementor-widget-container\">\n\t\t\t\t\t\t\t\t\t<p>Gutes Grafikdesign wird Ihren Umsatz deutlich steigern. Der Hauptgrund daf\u00fcr ist, dass gutes Design Vertrauen schafft, w\u00e4hrend schlechtes Design potenzielle Kunden an der Seriosit\u00e4t und Transparenz Ihres Unternehmens zweifeln l\u00e4sst.<\/p>\t\t\t\t\t\t\t\t<\/div>\n\t\t\t\t<\/div>\n\t\t\t\t<div class=\"elementor-element elementor-element-129e856 elementor-widget elementor-widget-heading\" data-id=\"129e856\" data-element_type=\"widget\" data-e-type=\"widget\" data-widget_type=\"heading.default\">\n\t\t\t\t<div class=\"elementor-widget-container\">\n\t\t\t\t\t<h2 class=\"elementor-heading-title elementor-size-default\">5. Eine h\u00fcbsche Verpackung<\/h2>\t\t\t\t<\/div>\n\t\t\t\t<\/div>\n\t\t\t\t<div class=\"elementor-element elementor-element-201c200 elementor-widget elementor-widget-text-editor\" data-id=\"201c200\" data-element_type=\"widget\" data-e-type=\"widget\" data-widget_type=\"text-editor.default\">\n\t\t\t\t<div class=\"elementor-widget-container\">\n\t\t\t\t\t\t\t\t\t<p>Beim Produktverkauf ist eine ansprechende Verpackung unerl\u00e4sslich. Dies l\u00e4sst sich am besten durch professionelles Grafikdesign erreichen. Online umfasst eine attraktive Verpackung Ihre Website, Ihre Social-Media-Profile und Ihr Logo. Auch hier ist die Unterst\u00fctzung durch einen erfahrenen Grafikdesigner der beste Weg, dies zu realisieren.<\/p>\t\t\t\t\t\t\t\t<\/div>\n\t\t\t\t<\/div>\n\t\t\t\t<div class=\"elementor-element elementor-element-8d3b77b elementor-widget elementor-widget-heading\" data-id=\"8d3b77b\" data-element_type=\"widget\" data-e-type=\"widget\" data-widget_type=\"heading.default\">\n\t\t\t\t<div class=\"elementor-widget-container\">\n\t\t\t\t\t<h2 class=\"elementor-heading-title elementor-size-default\">6. Verbesserung der Marktposition<\/h2>\t\t\t\t<\/div>\n\t\t\t\t<\/div>\n\t\t\t\t<div class=\"elementor-element elementor-element-261cb2c6 elementor-widget elementor-widget-text-editor\" data-id=\"261cb2c6\" data-element_type=\"widget\" data-e-type=\"widget\" data-widget_type=\"text-editor.default\">\n\t\t\t\t<div class=\"elementor-widget-container\">\n\t\t\t\t\t\t\t\t\t<p>Ihre Marke kann ihre Marktposition verbessern, wenn Sie mehr Produkte verkaufen, was auch durch gutes Grafikdesign bedingt sein kann. Wenn Ihr Unternehmen mehr Produkte als die Konkurrenz absetzt, steigt es in den Beliebtheitsrankings.<\/p>\t\t\t\t\t\t\t\t<\/div>\n\t\t\t\t<\/div>\n\t\t\t\t<div class=\"elementor-element elementor-element-40a0490 elementor-widget elementor-widget-heading\" data-id=\"40a0490\" data-element_type=\"widget\" data-e-type=\"widget\" data-widget_type=\"heading.default\">\n\t\t\t\t<div class=\"elementor-widget-container\">\n\t\t\t\t\t<h2 class=\"elementor-heading-title elementor-size-default\">7. Es handelt sich um eine strategische Investition.<\/h2>\t\t\t\t<\/div>\n\t\t\t\t<\/div>\n\t\t\t\t<div class=\"elementor-element elementor-element-e33ee79 elementor-widget elementor-widget-text-editor\" data-id=\"e33ee79\" data-element_type=\"widget\" data-e-type=\"widget\" data-widget_type=\"text-editor.default\">\n\t\t\t\t<div class=\"elementor-widget-container\">\n\t\t\t\t\t\t\t\t\t<p>Die heutige Welt ist zunehmend visuell gepr\u00e4gt, und es ist sehr schwierig geworden, sich von der Masse abzuheben. Gutes Grafikdesign erm\u00f6glicht es uns, uns im Markt zu positionieren und zu verhindern, dass unsere Marke in der Informationsflut untergeht.<\/p>\t\t\t\t\t\t\t\t<\/div>\n\t\t\t\t<\/div>\n\t\t\t\t<section class=\"elementor-section elementor-inner-section elementor-element elementor-element-140e0770 elementor-section-boxed elementor-section-height-default elementor-section-height-default\" data-id=\"140e0770\" data-element_type=\"section\" data-e-type=\"section\">\n\t\t\t\t\t\t<div class=\"elementor-container elementor-column-gap-default\">\n\t\t\t\t\t<div class=\"elementor-column elementor-col-50 elementor-inner-column elementor-element elementor-element-6582a6c\" data-id=\"6582a6c\" data-element_type=\"column\" data-e-type=\"column\">\n\t\t\t<div class=\"elementor-widget-wrap elementor-element-populated\">\n\t\t\t\t\t\t<div class=\"elementor-element elementor-element-3cf7e386 elementor-widget elementor-widget-heading\" data-id=\"3cf7e386\" data-element_type=\"widget\" data-e-type=\"widget\" data-widget_type=\"heading.default\">\n\t\t\t\t<div class=\"elementor-widget-container\">\n\t\t\t\t\t<h2 class=\"elementor-heading-title elementor-size-default\">8. Verbessern Sie die Loyalit\u00e4t Ihres Arbeitsteams<\/h2>\t\t\t\t<\/div>\n\t\t\t\t<\/div>\n\t\t\t\t<div class=\"elementor-element elementor-element-5d3db3b7 elementor-widget elementor-widget-text-editor\" data-id=\"5d3db3b7\" data-element_type=\"widget\" data-e-type=\"widget\" data-widget_type=\"text-editor.default\">\n\t\t\t\t<div class=\"elementor-widget-container\">\n\t\t\t\t\t\t\t\t\t<p>Es mag unglaublich klingen, aber das Grafikdesign Ihrer Marke hat Einfluss auf Ihr Team. Ein sch\u00f6nes und gut gestaltetes B\u00fcro sorgt daf\u00fcr, dass sich die Mitarbeiter wohlf\u00fchlen und gerne in den Arbeitstag starten.<\/p>\t\t\t\t\t\t\t\t<\/div>\n\t\t\t\t<\/div>\n\t\t\t\t<div class=\"elementor-element elementor-element-e3abfe6 elementor-widget elementor-widget-text-editor\" data-id=\"e3abfe6\" data-element_type=\"widget\" data-e-type=\"widget\" data-widget_type=\"text-editor.default\">\n\t\t\t\t<div class=\"elementor-widget-container\">\n\t\t\t\t\t\t\t\t\t<p>Die verwendeten Farben k\u00f6nnen zudem die Konzentration f\u00f6rdern und jeden Einzelnen zu H\u00f6chstleistungen anspornen. Dar\u00fcber hinaus erm\u00f6glichen sie es den Mitarbeitern, sich mit dem Image des Unternehmens zu identifizieren und sich als Teil eines Ganzen zu f\u00fchlen, was zum Erfolg beitr\u00e4gt.<\/p>\t\t\t\t\t\t\t\t<\/div>\n\t\t\t\t<\/div>\n\t\t\t\t\t<\/div>\n\t\t<\/div>\n\t\t\t\t<div class=\"elementor-column elementor-col-50 elementor-inner-column elementor-element elementor-element-34c5ddce\" data-id=\"34c5ddce\" data-element_type=\"column\" data-e-type=\"column\">\n\t\t\t<div class=\"elementor-widget-wrap elementor-element-populated\">\n\t\t\t\t\t\t<div class=\"elementor-element elementor-element-64b4172e elementor-widget elementor-widget-image\" data-id=\"64b4172e\" data-element_type=\"widget\" data-e-type=\"widget\" data-widget_type=\"image.default\">\n\t\t\t\t<div class=\"elementor-widget-container\">\n\t\t\t\t\t\t\t\t\t\t\t\t\t\t\t<img decoding=\"async\" width=\"800\" height=\"533\" src=\"https:\/\/thecloud.group\/wp-content\/uploads\/2020\/10\/disEmpresas.jpg\" class=\"elementor-animation-hang attachment-large size-large wp-image-11694\" alt=\"Grafikdesign und die Gr\u00fcnde f\u00fcr Ihr Unternehmen\" srcset=\"https:\/\/thecloud.group\/wp-content\/uploads\/2020\/10\/disEmpresas.jpg 950w, https:\/\/thecloud.group\/wp-content\/uploads\/2020\/10\/disEmpresas-300x200.jpg 300w, https:\/\/thecloud.group\/wp-content\/uploads\/2020\/10\/disEmpresas-768x512.jpg 768w\" sizes=\"(max-width: 800px) 100vw, 800px\" \/>\t\t\t\t\t\t\t\t\t\t\t\t\t\t\t<\/div>\n\t\t\t\t<\/div>\n\t\t\t\t\t<\/div>\n\t\t<\/div>\n\t\t\t\t\t<\/div>\n\t\t<\/section>\n\t\t\t\t<div class=\"elementor-element elementor-element-35400728 elementor-widget elementor-widget-text-editor\" data-id=\"35400728\" data-element_type=\"widget\" data-e-type=\"widget\" data-widget_type=\"text-editor.default\">\n\t\t\t\t<div class=\"elementor-widget-container\">\n\t\t\t\t\t\t\t\t\t<p>Wenn Sie mehr Tipps erfahren m\u00f6chten, die wir f\u00fcr Sie zusammengestellt haben, um Ihnen zum Erfolg mit Ihrem Unternehmen zu verhelfen, lesen Sie weiter. <a href=\"https:\/\/thecloud.group\/de\/blog\/\">unser Blog<\/a> Hier teilen wir w\u00f6chentlich interessante Artikel, von denen Sie sicherlich f\u00fcr Ihre eigenen Projekte profitieren k\u00f6nnen.<\/p>\t\t\t\t\t\t\t\t<\/div>\n\t\t\t\t<\/div>\n\t\t\t\t<div class=\"elementor-element elementor-element-3b63a924 elementor-widget elementor-widget-text-editor\" data-id=\"3b63a924\" data-element_type=\"widget\" data-e-type=\"widget\" data-widget_type=\"text-editor.default\">\n\t\t\t\t<div class=\"elementor-widget-container\">\n\t\t\t\t\t\t\t\t\t<p>Vergessen Sie nicht: Wenn Sie Unterst\u00fctzung von einer Marketingagentur mit Expertise im Grafikdesign suchen, <a href=\"https:\/\/thecloud.group\/de\/\">Die Cloud-Gruppe<\/a> Wir sind bereit, Sie zu bedienen. Wir erwarten Sie!<\/p>\t\t\t\t\t\t\t\t<\/div>\n\t\t\t\t<\/div>\n\t\t\t\t\t<\/div>\n\t\t<\/div>\n\t\t\t\t\t<\/div>\n\t\t<\/section>\n\t\t\t\t<section class=\"elementor-section elementor-top-section elementor-element elementor-element-76619795 elementor-section-boxed elementor-section-height-default elementor-section-height-default\" data-id=\"76619795\" data-element_type=\"section\" data-e-type=\"section\" data-settings=\"{&quot;background_background&quot;:&quot;classic&quot;}\">\n\t\t\t\t\t\t<div class=\"elementor-container elementor-column-gap-default\">\n\t\t\t\t\t<div class=\"elementor-column elementor-col-100 elementor-top-column elementor-element elementor-element-77e4d1ef\" data-id=\"77e4d1ef\" data-element_type=\"column\" data-e-type=\"column\" data-settings=\"{&quot;background_background&quot;:&quot;classic&quot;}\">\n\t\t\t<div class=\"elementor-widget-wrap\">\n\t\t\t\t\t\t\t<\/div>\n\t\t<\/div>\n\t\t\t\t\t<\/div>\n\t\t<\/section>\n\t\t\t\t<\/div>","protected":false},"excerpt":{"rendered":"<p>Seit einigen Jahren ist k\u00fcnstliche Intelligenz (KI) immer st\u00e4rker in unseren Alltag eingedrungen, oft unbemerkt. Sie hat sogar begonnen, einige Arbeitspl\u00e4tze zu ersetzen, die zuvor von Menschen besetzt waren. Ein sehr verbreitetes Beispiel sind Chatbots, mit denen Unternehmen Kundendienstmitarbeiter durch Roboter ersetzen, die kleinere Probleme und Fragen bearbeiten. Angesichts all dessen fragen Sie sich vielleicht, ob auch andere Berufe durch KI bedroht sind.<\/p>","protected":false},"author":1,"featured_media":11691,"comment_status":"closed","ping_status":"closed","sticky":false,"template":"elementor_header_footer","format":"standard","meta":{"footnotes":""},"categories":[162],"tags":[],"class_list":["post-11689","post","type-post","status-publish","format-standard","has-post-thumbnail","hentry","category-sin-categorizar"],"yoast_head":"<!-- This site is optimized with the Yoast SEO Premium plugin v27.4 (Yoast SEO v27.5) - https:\/\/yoast.com\/product\/yoast-seo-premium-wordpress\/ -->\n<title>Dise\u00f1o gr\u00e1fico: 8 razones que te convencer\u00e1n de que lo necesitas | The Cloud Group<\/title>\n<meta name=\"robots\" content=\"index, follow, max-snippet:-1, max-image-preview:large, max-video-preview:-1\" \/>\n<link rel=\"canonical\" href=\"https:\/\/thecloud.group\/de\/grafikdesign-8-grunde-die-sie-uberzeugen-werden\/\" \/>\n<meta property=\"og:locale\" content=\"de_DE\" \/>\n<meta property=\"og:type\" content=\"article\" \/>\n<meta property=\"og:title\" content=\"Dise\u00f1o gr\u00e1fico: 8 razones que te convencer\u00e1n de que lo necesitas\" \/>\n<meta property=\"og:description\" content=\"Desde hace ya varios a\u00f1os la inteligencia artificial est\u00e1 cada vez m\u00e1s presente en nuestro d\u00eda a d\u00eda, quiz\u00e1s sin que te hayas dado cuenta de ello. Incluso ya han llegado a sustituir algunos puestos de trabajo que antes realizaban personas. Una implementaci\u00f3n muy popular hoy en d\u00eda es el de los chatbots, por ejemplo, a trav\u00e9s del cual las empresas han sustituido al personal de atenci\u00f3n al cliente por un robot para atender incidencias y preguntas menores. Dado todo esto, quiz\u00e1s te est\u00e9s preguntando si otros empleos est\u00e1n en peligro tambi\u00e9n por la inteligencia artificial.\" \/>\n<meta property=\"og:url\" content=\"https:\/\/thecloud.group\/de\/grafikdesign-8-grunde-die-sie-uberzeugen-werden\/\" \/>\n<meta property=\"og:site_name\" content=\"The Cloud Group\" \/>\n<meta property=\"article:publisher\" content=\"https:\/\/www.facebook.com\/thecloudgroupglobal\" \/>\n<meta property=\"article:published_time\" content=\"2020-10-28T10:00:00+00:00\" \/>\n<meta property=\"article:modified_time\" content=\"2020-12-10T16:09:01+00:00\" \/>\n<meta property=\"og:image\" content=\"https:\/\/thecloud.group\/wp-content\/uploads\/2020\/10\/disenoGraficoEmpresas.jpg\" \/>\n\t<meta property=\"og:image:width\" content=\"950\" \/>\n\t<meta property=\"og:image:height\" content=\"637\" \/>\n\t<meta property=\"og:image:type\" content=\"image\/jpeg\" \/>\n<meta name=\"author\" content=\"admin\" \/>\n<meta name=\"twitter:card\" content=\"summary_large_image\" \/>\n<meta name=\"twitter:label1\" content=\"Verfasst von\" \/>\n\t<meta name=\"twitter:data1\" content=\"admin\" \/>\n\t<meta name=\"twitter:label2\" content=\"Gesch\u00e4tzte Lesezeit\" \/>\n\t<meta name=\"twitter:data2\" content=\"4\u00a0Minuten\" \/>\n<script type=\"application\/ld+json\" class=\"yoast-schema-graph\">{\"@context\":\"https:\\\/\\\/schema.org\",\"@graph\":[{\"@type\":\"Article\",\"@id\":\"https:\\\/\\\/thecloud.group\\\/diseno-grafico-8-razones-que-te-convenceran\\\/#article\",\"isPartOf\":{\"@id\":\"https:\\\/\\\/thecloud.group\\\/diseno-grafico-8-razones-que-te-convenceran\\\/\"},\"author\":{\"name\":\"admin\",\"@id\":\"https:\\\/\\\/thecloud.group\\\/#\\\/schema\\\/person\\\/96af9c910256c8762bee808ba76fc3b3\"},\"headline\":\"Dise\u00f1o gr\u00e1fico: 8 razones que te convencer\u00e1n de que lo necesitas\",\"datePublished\":\"2020-10-28T10:00:00+00:00\",\"dateModified\":\"2020-12-10T16:09:01+00:00\",\"mainEntityOfPage\":{\"@id\":\"https:\\\/\\\/thecloud.group\\\/diseno-grafico-8-razones-que-te-convenceran\\\/\"},\"wordCount\":759,\"publisher\":{\"@id\":\"https:\\\/\\\/thecloud.group\\\/#organization\"},\"image\":{\"@id\":\"https:\\\/\\\/thecloud.group\\\/diseno-grafico-8-razones-que-te-convenceran\\\/#primaryimage\"},\"thumbnailUrl\":\"https:\\\/\\\/thecloud.group\\\/wp-content\\\/uploads\\\/2020\\\/10\\\/disenoGraficoEmpresas.jpg\",\"articleSection\":[\"Sin categorizar\"],\"inLanguage\":\"de\"},{\"@type\":\"WebPage\",\"@id\":\"https:\\\/\\\/thecloud.group\\\/diseno-grafico-8-razones-que-te-convenceran\\\/\",\"url\":\"https:\\\/\\\/thecloud.group\\\/diseno-grafico-8-razones-que-te-convenceran\\\/\",\"name\":\"Dise\u00f1o gr\u00e1fico: 8 razones que te convencer\u00e1n de que lo necesitas | The Cloud Group\",\"isPartOf\":{\"@id\":\"https:\\\/\\\/thecloud.group\\\/#website\"},\"primaryImageOfPage\":{\"@id\":\"https:\\\/\\\/thecloud.group\\\/diseno-grafico-8-razones-que-te-convenceran\\\/#primaryimage\"},\"image\":{\"@id\":\"https:\\\/\\\/thecloud.group\\\/diseno-grafico-8-razones-que-te-convenceran\\\/#primaryimage\"},\"thumbnailUrl\":\"https:\\\/\\\/thecloud.group\\\/wp-content\\\/uploads\\\/2020\\\/10\\\/disenoGraficoEmpresas.jpg\",\"datePublished\":\"2020-10-28T10:00:00+00:00\",\"dateModified\":\"2020-12-10T16:09:01+00:00\",\"breadcrumb\":{\"@id\":\"https:\\\/\\\/thecloud.group\\\/diseno-grafico-8-razones-que-te-convenceran\\\/#breadcrumb\"},\"inLanguage\":\"de\",\"potentialAction\":[{\"@type\":\"ReadAction\",\"target\":[\"https:\\\/\\\/thecloud.group\\\/diseno-grafico-8-razones-que-te-convenceran\\\/\"]}]},{\"@type\":\"ImageObject\",\"inLanguage\":\"de\",\"@id\":\"https:\\\/\\\/thecloud.group\\\/diseno-grafico-8-razones-que-te-convenceran\\\/#primaryimage\",\"url\":\"https:\\\/\\\/thecloud.group\\\/wp-content\\\/uploads\\\/2020\\\/10\\\/disenoGraficoEmpresas.jpg\",\"contentUrl\":\"https:\\\/\\\/thecloud.group\\\/wp-content\\\/uploads\\\/2020\\\/10\\\/disenoGraficoEmpresas.jpg\",\"width\":950,\"height\":637,\"caption\":\"Quiz\u00e1s nunca le hayas dado importancia al dise\u00f1o gr\u00e1fico en tu empresa.\"},{\"@type\":\"BreadcrumbList\",\"@id\":\"https:\\\/\\\/thecloud.group\\\/diseno-grafico-8-razones-que-te-convenceran\\\/#breadcrumb\",\"itemListElement\":[{\"@type\":\"ListItem\",\"position\":1,\"name\":\"Home\",\"item\":\"https:\\\/\\\/thecloud.group\\\/\"},{\"@type\":\"ListItem\",\"position\":2,\"name\":\"Dise\u00f1o gr\u00e1fico: 8 razones que te convencer\u00e1n de que lo necesitas\"}]},{\"@type\":\"WebSite\",\"@id\":\"https:\\\/\\\/thecloud.group\\\/#website\",\"url\":\"https:\\\/\\\/thecloud.group\\\/\",\"name\":\"The Cloud Group\",\"description\":\"|\u00a0Holding Internacional de Servicios\",\"publisher\":{\"@id\":\"https:\\\/\\\/thecloud.group\\\/#organization\"},\"potentialAction\":[{\"@type\":\"SearchAction\",\"target\":{\"@type\":\"EntryPoint\",\"urlTemplate\":\"https:\\\/\\\/thecloud.group\\\/?s={search_term_string}\"},\"query-input\":{\"@type\":\"PropertyValueSpecification\",\"valueRequired\":true,\"valueName\":\"search_term_string\"}}],\"inLanguage\":\"de\"},{\"@type\":\"Organization\",\"@id\":\"https:\\\/\\\/thecloud.group\\\/#organization\",\"name\":\"The Cloud Group - Holding International de Servicios\",\"url\":\"https:\\\/\\\/thecloud.group\\\/\",\"logo\":{\"@type\":\"ImageObject\",\"inLanguage\":\"de\",\"@id\":\"https:\\\/\\\/thecloud.group\\\/#\\\/schema\\\/logo\\\/image\\\/\",\"url\":\"https:\\\/\\\/thecloud.group\\\/wp-content\\\/uploads\\\/2020\\\/05\\\/logoSmallFirmaCorreo.png\",\"contentUrl\":\"https:\\\/\\\/thecloud.group\\\/wp-content\\\/uploads\\\/2020\\\/05\\\/logoSmallFirmaCorreo.png\",\"width\":300,\"height\":190,\"caption\":\"The Cloud Group - Holding International de Servicios\"},\"image\":{\"@id\":\"https:\\\/\\\/thecloud.group\\\/#\\\/schema\\\/logo\\\/image\\\/\"},\"sameAs\":[\"https:\\\/\\\/www.facebook.com\\\/thecloudgroupglobal\"]},{\"@type\":\"Person\",\"@id\":\"https:\\\/\\\/thecloud.group\\\/#\\\/schema\\\/person\\\/96af9c910256c8762bee808ba76fc3b3\",\"name\":\"admin\",\"image\":{\"@type\":\"ImageObject\",\"inLanguage\":\"de\",\"@id\":\"https:\\\/\\\/secure.gravatar.com\\\/avatar\\\/4907ac288f1c97f319a5c5097e9024eb489ee94179b3b92b6fa7716b303cdc86?s=96&d=mm&r=g\",\"url\":\"https:\\\/\\\/secure.gravatar.com\\\/avatar\\\/4907ac288f1c97f319a5c5097e9024eb489ee94179b3b92b6fa7716b303cdc86?s=96&d=mm&r=g\",\"contentUrl\":\"https:\\\/\\\/secure.gravatar.com\\\/avatar\\\/4907ac288f1c97f319a5c5097e9024eb489ee94179b3b92b6fa7716b303cdc86?s=96&d=mm&r=g\",\"caption\":\"admin\"},\"sameAs\":[\"https:\\\/\\\/thecloud.group\"]}]}<\/script>\n<!-- \/ Yoast SEO Premium plugin. -->","yoast_head_json":{"title":"Grafikdesign: 8 Gr\u00fcnde, die Sie davon \u00fcberzeugen werden, dass Sie es brauchen | The Cloud Group","robots":{"index":"index","follow":"follow","max-snippet":"max-snippet:-1","max-image-preview":"max-image-preview:large","max-video-preview":"max-video-preview:-1"},"canonical":"https:\/\/thecloud.group\/de\/grafikdesign-8-grunde-die-sie-uberzeugen-werden\/","og_locale":"de_DE","og_type":"article","og_title":"Dise\u00f1o gr\u00e1fico: 8 razones que te convencer\u00e1n de que lo necesitas","og_description":"Desde hace ya varios a\u00f1os la inteligencia artificial est\u00e1 cada vez m\u00e1s presente en nuestro d\u00eda a d\u00eda, quiz\u00e1s sin que te hayas dado cuenta de ello. Incluso ya han llegado a sustituir algunos puestos de trabajo que antes realizaban personas. Una implementaci\u00f3n muy popular hoy en d\u00eda es el de los chatbots, por ejemplo, a trav\u00e9s del cual las empresas han sustituido al personal de atenci\u00f3n al cliente por un robot para atender incidencias y preguntas menores. Dado todo esto, quiz\u00e1s te est\u00e9s preguntando si otros empleos est\u00e1n en peligro tambi\u00e9n por la inteligencia artificial.","og_url":"https:\/\/thecloud.group\/de\/grafikdesign-8-grunde-die-sie-uberzeugen-werden\/","og_site_name":"The Cloud Group","article_publisher":"https:\/\/www.facebook.com\/thecloudgroupglobal","article_published_time":"2020-10-28T10:00:00+00:00","article_modified_time":"2020-12-10T16:09:01+00:00","og_image":[{"width":950,"height":637,"url":"https:\/\/thecloud.group\/wp-content\/uploads\/2020\/10\/disenoGraficoEmpresas.jpg","type":"image\/jpeg"}],"author":"admin","twitter_card":"summary_large_image","twitter_misc":{"Verfasst von":"admin","Gesch\u00e4tzte Lesezeit":"4\u00a0Minuten"},"schema":{"@context":"https:\/\/schema.org","@graph":[{"@type":"Article","@id":"https:\/\/thecloud.group\/diseno-grafico-8-razones-que-te-convenceran\/#article","isPartOf":{"@id":"https:\/\/thecloud.group\/diseno-grafico-8-razones-que-te-convenceran\/"},"author":{"name":"admin","@id":"https:\/\/thecloud.group\/#\/schema\/person\/96af9c910256c8762bee808ba76fc3b3"},"headline":"Dise\u00f1o gr\u00e1fico: 8 razones que te convencer\u00e1n de que lo necesitas","datePublished":"2020-10-28T10:00:00+00:00","dateModified":"2020-12-10T16:09:01+00:00","mainEntityOfPage":{"@id":"https:\/\/thecloud.group\/diseno-grafico-8-razones-que-te-convenceran\/"},"wordCount":759,"publisher":{"@id":"https:\/\/thecloud.group\/#organization"},"image":{"@id":"https:\/\/thecloud.group\/diseno-grafico-8-razones-que-te-convenceran\/#primaryimage"},"thumbnailUrl":"https:\/\/thecloud.group\/wp-content\/uploads\/2020\/10\/disenoGraficoEmpresas.jpg","articleSection":["Sin categorizar"],"inLanguage":"de"},{"@type":"WebPage","@id":"https:\/\/thecloud.group\/diseno-grafico-8-razones-que-te-convenceran\/","url":"https:\/\/thecloud.group\/diseno-grafico-8-razones-que-te-convenceran\/","name":"Grafikdesign: 8 Gr\u00fcnde, die Sie davon \u00fcberzeugen werden, dass Sie es brauchen | The Cloud Group","isPartOf":{"@id":"https:\/\/thecloud.group\/#website"},"primaryImageOfPage":{"@id":"https:\/\/thecloud.group\/diseno-grafico-8-razones-que-te-convenceran\/#primaryimage"},"image":{"@id":"https:\/\/thecloud.group\/diseno-grafico-8-razones-que-te-convenceran\/#primaryimage"},"thumbnailUrl":"https:\/\/thecloud.group\/wp-content\/uploads\/2020\/10\/disenoGraficoEmpresas.jpg","datePublished":"2020-10-28T10:00:00+00:00","dateModified":"2020-12-10T16:09:01+00:00","breadcrumb":{"@id":"https:\/\/thecloud.group\/diseno-grafico-8-razones-que-te-convenceran\/#breadcrumb"},"inLanguage":"de","potentialAction":[{"@type":"ReadAction","target":["https:\/\/thecloud.group\/diseno-grafico-8-razones-que-te-convenceran\/"]}]},{"@type":"ImageObject","inLanguage":"de","@id":"https:\/\/thecloud.group\/diseno-grafico-8-razones-que-te-convenceran\/#primaryimage","url":"https:\/\/thecloud.group\/wp-content\/uploads\/2020\/10\/disenoGraficoEmpresas.jpg","contentUrl":"https:\/\/thecloud.group\/wp-content\/uploads\/2020\/10\/disenoGraficoEmpresas.jpg","width":950,"height":637,"caption":"Quiz\u00e1s nunca le hayas dado importancia al dise\u00f1o gr\u00e1fico en tu empresa."},{"@type":"BreadcrumbList","@id":"https:\/\/thecloud.group\/diseno-grafico-8-razones-que-te-convenceran\/#breadcrumb","itemListElement":[{"@type":"ListItem","position":1,"name":"Home","item":"https:\/\/thecloud.group\/"},{"@type":"ListItem","position":2,"name":"Dise\u00f1o gr\u00e1fico: 8 razones que te convencer\u00e1n de que lo necesitas"}]},{"@type":"WebSite","@id":"https:\/\/thecloud.group\/#website","url":"https:\/\/thecloud.group\/","name":"Die Cloud-Gruppe","description":"| International Services Holding","publisher":{"@id":"https:\/\/thecloud.group\/#organization"},"potentialAction":[{"@type":"SearchAction","target":{"@type":"EntryPoint","urlTemplate":"https:\/\/thecloud.group\/?s={search_term_string}"},"query-input":{"@type":"PropertyValueSpecification","valueRequired":true,"valueName":"search_term_string"}}],"inLanguage":"de"},{"@type":"Organization","@id":"https:\/\/thecloud.group\/#organization","name":"The Cloud Group \u2013 Internationale Dienstleistungsholding","url":"https:\/\/thecloud.group\/","logo":{"@type":"ImageObject","inLanguage":"de","@id":"https:\/\/thecloud.group\/#\/schema\/logo\/image\/","url":"https:\/\/thecloud.group\/wp-content\/uploads\/2020\/05\/logoSmallFirmaCorreo.png","contentUrl":"https:\/\/thecloud.group\/wp-content\/uploads\/2020\/05\/logoSmallFirmaCorreo.png","width":300,"height":190,"caption":"The Cloud Group - Holding International de Servicios"},"image":{"@id":"https:\/\/thecloud.group\/#\/schema\/logo\/image\/"},"sameAs":["https:\/\/www.facebook.com\/thecloudgroupglobal"]},{"@type":"Person","@id":"https:\/\/thecloud.group\/#\/schema\/person\/96af9c910256c8762bee808ba76fc3b3","name":"Administrator","image":{"@type":"ImageObject","inLanguage":"de","@id":"https:\/\/secure.gravatar.com\/avatar\/4907ac288f1c97f319a5c5097e9024eb489ee94179b3b92b6fa7716b303cdc86?s=96&d=mm&r=g","url":"https:\/\/secure.gravatar.com\/avatar\/4907ac288f1c97f319a5c5097e9024eb489ee94179b3b92b6fa7716b303cdc86?s=96&d=mm&r=g","contentUrl":"https:\/\/secure.gravatar.com\/avatar\/4907ac288f1c97f319a5c5097e9024eb489ee94179b3b92b6fa7716b303cdc86?s=96&d=mm&r=g","caption":"admin"},"sameAs":["https:\/\/thecloud.group"]}]}},"_links":{"self":[{"href":"https:\/\/thecloud.group\/de\/wp-json\/wp\/v2\/posts\/11689","targetHints":{"allow":["GET"]}}],"collection":[{"href":"https:\/\/thecloud.group\/de\/wp-json\/wp\/v2\/posts"}],"about":[{"href":"https:\/\/thecloud.group\/de\/wp-json\/wp\/v2\/types\/post"}],"author":[{"embeddable":true,"href":"https:\/\/thecloud.group\/de\/wp-json\/wp\/v2\/users\/1"}],"replies":[{"embeddable":true,"href":"https:\/\/thecloud.group\/de\/wp-json\/wp\/v2\/comments?post=11689"}],"version-history":[{"count":10,"href":"https:\/\/thecloud.group\/de\/wp-json\/wp\/v2\/posts\/11689\/revisions"}],"predecessor-version":[{"id":13190,"href":"https:\/\/thecloud.group\/de\/wp-json\/wp\/v2\/posts\/11689\/revisions\/13190"}],"wp:featuredmedia":[{"embeddable":true,"href":"https:\/\/thecloud.group\/de\/wp-json\/wp\/v2\/media\/11691"}],"wp:attachment":[{"href":"https:\/\/thecloud.group\/de\/wp-json\/wp\/v2\/media?parent=11689"}],"wp:term":[{"taxonomy":"category","embeddable":true,"href":"https:\/\/thecloud.group\/de\/wp-json\/wp\/v2\/categories?post=11689"},{"taxonomy":"post_tag","embeddable":true,"href":"https:\/\/thecloud.group\/de\/wp-json\/wp\/v2\/tags?post=11689"}],"curies":[{"name":"wp","href":"https:\/\/api.w.org\/{rel}","templated":true}]}}